{"id":10532,"date":"2021-03-17T21:03:58","date_gmt":"2021-03-17T20:03:58","guid":{"rendered":"https:\/\/encompaniastj.org\/a-verdadeira-imagem-de-jesus-de-nazare-2\/"},"modified":"2025-07-07T16:22:25","modified_gmt":"2025-07-07T14:22:25","slug":"a-verdadeira-imagem-de-jesus-de-nazare-2","status":"publish","type":"post","link":"https:\/\/encompaniastj.org\/pt-pt\/a-verdadeira-imagem-de-jesus-de-nazare-2\/","title":{"rendered":"A verdadeira Imagem de Jesus de Nazar\u00e9"},"content":{"rendered":"\n<p>Em tempo de quaresma, paix\u00e3o e ressurrei\u00e7\u00e3o, n\u00e3o faltam \u201cimagens\u201d de Cristo expostas em Igrejas, altares, nichos, ou em \u201cPassos\u201d das\nruas da cidade.<\/p>\n\n\n\n<p>Olho \u00e1 minha volta, olho o mundo, olho os homens, as mulheres e as crian\u00e7as e escuto S. Teresa\nde \u00c1vila no seu livro, Caminho de Perfei\u00e7\u00e3o, 26,3.5: <strong>&nbsp;\u201cS\u00f3 pe\u00e7o que olheis para ELE\u201d<\/strong><\/p>\n\n\n\n<p>Para onde queres\nque olhe Senhor?<\/p>\n\n\n\n<p>E pergunto-me: Qual a tua verdadeira imagem, Senhor? Aquela que devo adorar, beijar e amar? E, c\u00e1 dentro no cora\u00e7\u00e3o, uma voz, suave, sussurra: <strong>V\u00ea a Minha imagem de Jesus<\/strong>, o Galileu, que calcorreou caminhos, que sujou os p\u00e9s, pelas sendas da Palestina, que experimentou fracassos\nao tentar um mundo novo.<\/p>\n\n\n\n<p><strong>V\u00ea a Minha imagem,<\/strong> escondida na <strong>Minha Palavra <\/strong>que. ainda hoje, comove as consci\u00eancias e modifique os pensamentos.  V\u00ea, para al\u00e9m dessas <strong>\u201cimagens\u201d <\/strong>esculpidas em madeira, em bronze ou marfim\u2026 encerradas nas igrejas, nas capelas e nos conventos, ou, apenas, nas casas das fam\u00edlias a presidir \u00e0s ora\u00e7\u00f5es\u2026 <\/p>\n\n\n\n<p>Essas <strong>\u201cimagens\u201d<\/strong> h\u00e3o - de servir-te para ver mais al\u00e9m, desinquietar o teu cora\u00e7\u00e3o, e fazer-te <strong>\u201csair\u201d<\/strong> \u00e0 procura da minha <strong>IMAGEM\nviva, de carne e osso,<\/strong>onde <strong>Eu hoje\nvivo,<\/strong> morro e ressuscito.<\/p>\n\n\n\n<p>A minha verdadeira <strong>IMAGEM <\/strong>vagueia pelas ruas e faz-se presen\u00e7a nas mulheres maltratadas, nas crian\u00e7as sem\nfam\u00edlia e nos jovens marginalizados.<\/p>\n\n\n\n<p>A minha <strong>IMAGEM<\/strong> est\u00e1 nos centros de acolhimento onde vivem os idosos, crian\u00e7as especiais\ne os jovens vulner\u00e1veis.<\/p>\n\n\n\n<p><strong>Busca -ME<\/strong> nos hospitais, na solid\u00e3o dos doentes, nas pessoas sem emprego, entre pessoas sem teto\u2026 <strong>Busca -ME<\/strong> no homem sofrendo marginalizado e sem abrigo, no faminto e exclu\u00eddo, no imigrante e refugiado, nas v\u00edtimas, das formas contempor\u00e2neas, de escravatura e de tortura e em todas as\npessoas com a dignidade em risco.<\/p>\n\n\n\n<p>Se n\u00e3o puderes fazer mais, n\u00e3o passes adiante, balbucia uma prece, oferece um sorriso, um olhar terno, pr\u00f3ximo e cheio de compaix\u00e3o <\/p>\n\n\n\n<p>A minha<strong> IMAGEM<\/strong> \u00e9s tu, ele, n\u00f3s\u2026 Quando, vazia de\nego\u00edsmos, transpareces o AMOR e a PAZ que EU vim trazer \u00e0 terra. <\/p>\n\n\n\n<p>E por tudo o que fizeres um dia ouvir\u00e1s: <strong><em>\u201cFOI A\nMIM\u201d<\/em><\/strong>\n(Mateus 25)<\/p>\n\n\n\n<p>&nbsp;&nbsp;&nbsp;&nbsp;&nbsp;&nbsp;&nbsp;&nbsp;&nbsp;&nbsp;&nbsp;&nbsp;&nbsp;&nbsp;&nbsp;&nbsp;&nbsp;&nbsp;&nbsp;&nbsp;&nbsp;&nbsp;&nbsp;&nbsp;&nbsp;&nbsp;&nbsp;&nbsp;&nbsp;&nbsp;&nbsp;&nbsp;&nbsp;&nbsp;&nbsp;&nbsp;&nbsp;&nbsp;&nbsp;&nbsp;&nbsp;&nbsp;&nbsp;&nbsp;&nbsp;&nbsp;&nbsp;&nbsp;&nbsp;&nbsp;&nbsp;&nbsp;&nbsp;&nbsp;&nbsp;&nbsp;&nbsp;&nbsp;&nbsp;&nbsp;&nbsp;&nbsp;&nbsp;&nbsp;&nbsp;&nbsp;&nbsp;&nbsp;&nbsp;&nbsp; &nbsp;&nbsp; <strong>Maria\nde F\u00e1tima Magalh\u00e3es stj<\/strong><\/p>\n\n\n<p><!--EndFragment--><br>\n<br>\n<\/p>","protected":false},"excerpt":{"rendered":"<p>Em tempo de quaresma, paix\u00e3o e ressurrei\u00e7\u00e3o, n\u00e3o faltam \u201cimagens\u201d de Cristo expostas em Igrejas, altares, nichos, ou em \u201cPassos\u201d das ruas da cidade. Olho \u00e1 minha volta, olho o [&hellip;]<\/p>\n","protected":false},"author":1,"featured_media":7700,"comment_status":"open","ping_status":"open","sticky":false,"template":"","format":"standard","meta":{"_acf_changed":false,"footnotes":""},"categories":[61,68],"tags":[],"class_list":["post-10532","post","type-post","status-publish","format-standard","has-post-thumbnail","hentry","category-noticias","category-outras"],"acf":[],"yoast_head":"<!-- This site is optimized with the Yoast SEO plugin v27.5 - https:\/\/yoast.com\/product\/yoast-seo-wordpress\/ -->\n<title>A verdadeira Imagem de Jesus de Nazar\u00e9 - En Compa\u00f1\u00eda STJ<\/title>\n<meta name=\"robots\" content=\"index, follow, max-snippet:-1, max-image-preview:large, max-video-preview:-1\" \/>\n<link rel=\"canonical\" href=\"https:\/\/encompaniastj.org\/pt-pt\/a-verdadeira-imagem-de-jesus-de-nazare-2\/\" \/>\n<meta property=\"og:locale\" content=\"pt_PT\" \/>\n<meta property=\"og:type\" content=\"article\" \/>\n<meta property=\"og:title\" content=\"A verdadeira Imagem de Jesus de Nazar\u00e9 - En Compa\u00f1\u00eda STJ\" \/>\n<meta property=\"og:description\" content=\"Em tempo de quaresma, paix\u00e3o e ressurrei\u00e7\u00e3o, n\u00e3o faltam \u201cimagens\u201d de Cristo expostas em Igrejas, altares, nichos, ou em \u201cPassos\u201d das ruas da cidade. Olho \u00e1 minha volta, olho o [&hellip;]\" \/>\n<meta property=\"og:url\" content=\"https:\/\/encompaniastj.org\/pt-pt\/a-verdadeira-imagem-de-jesus-de-nazare-2\/\" \/>\n<meta property=\"og:site_name\" content=\"En Compa\u00f1\u00eda STJ\" \/>\n<meta property=\"article:published_time\" content=\"2021-03-17T20:03:58+00:00\" \/>\n<meta property=\"article:modified_time\" content=\"2025-07-07T14:22:25+00:00\" \/>\n<meta property=\"og:image\" content=\"https:\/\/encompaniastj.org\/wp-content\/uploads\/2025\/05\/venancio-blanco-1.png\" \/>\n\t<meta property=\"og:image:width\" content=\"275\" \/>\n\t<meta property=\"og:image:height\" content=\"408\" \/>\n\t<meta property=\"og:image:type\" content=\"image\/png\" \/>\n<meta name=\"author\" content=\"admin\" \/>\n<meta name=\"twitter:card\" content=\"summary_large_image\" \/>\n<meta name=\"twitter:label1\" content=\"Escrito por\" \/>\n\t<meta name=\"twitter:data1\" content=\"admin\" \/>\n\t<meta name=\"twitter:label2\" content=\"Tempo estimado de leitura\" \/>\n\t<meta name=\"twitter:data2\" content=\"2 minutos\" \/>\n<script type=\"application\/ld+json\" class=\"yoast-schema-graph\">{\"@context\":\"https:\\\/\\\/schema.org\",\"@graph\":[{\"@type\":\"Article\",\"@id\":\"https:\\\/\\\/encompaniastj.org\\\/pt-pt\\\/a-verdadeira-imagem-de-jesus-de-nazare-2\\\/#article\",\"isPartOf\":{\"@id\":\"https:\\\/\\\/encompaniastj.org\\\/pt-pt\\\/a-verdadeira-imagem-de-jesus-de-nazare-2\\\/\"},\"author\":{\"name\":\"admin\",\"@id\":\"https:\\\/\\\/encompaniastj.org\\\/pt-pt\\\/#\\\/schema\\\/person\\\/520e7ecc314793d40091993c2a02b651\"},\"headline\":\"A verdadeira Imagem de Jesus de Nazar\u00e9\",\"datePublished\":\"2021-03-17T20:03:58+00:00\",\"dateModified\":\"2025-07-07T14:22:25+00:00\",\"mainEntityOfPage\":{\"@id\":\"https:\\\/\\\/encompaniastj.org\\\/pt-pt\\\/a-verdadeira-imagem-de-jesus-de-nazare-2\\\/\"},\"wordCount\":461,\"commentCount\":0,\"publisher\":{\"@id\":\"https:\\\/\\\/encompaniastj.org\\\/pt-pt\\\/#organization\"},\"image\":{\"@id\":\"https:\\\/\\\/encompaniastj.org\\\/pt-pt\\\/a-verdadeira-imagem-de-jesus-de-nazare-2\\\/#primaryimage\"},\"thumbnailUrl\":\"https:\\\/\\\/encompaniastj.org\\\/wp-content\\\/uploads\\\/2025\\\/05\\\/venancio-blanco-1.png\",\"articleSection\":[\"Noticias\",\"Outras\"],\"inLanguage\":\"pt-PT\",\"potentialAction\":[{\"@type\":\"CommentAction\",\"name\":\"Comment\",\"target\":[\"https:\\\/\\\/encompaniastj.org\\\/pt-pt\\\/a-verdadeira-imagem-de-jesus-de-nazare-2\\\/#respond\"]}]},{\"@type\":\"WebPage\",\"@id\":\"https:\\\/\\\/encompaniastj.org\\\/pt-pt\\\/a-verdadeira-imagem-de-jesus-de-nazare-2\\\/\",\"url\":\"https:\\\/\\\/encompaniastj.org\\\/pt-pt\\\/a-verdadeira-imagem-de-jesus-de-nazare-2\\\/\",\"name\":\"A verdadeira Imagem de Jesus de Nazar\u00e9 - En Compa\u00f1\u00eda STJ\",\"isPartOf\":{\"@id\":\"https:\\\/\\\/encompaniastj.org\\\/pt-pt\\\/#website\"},\"primaryImageOfPage\":{\"@id\":\"https:\\\/\\\/encompaniastj.org\\\/pt-pt\\\/a-verdadeira-imagem-de-jesus-de-nazare-2\\\/#primaryimage\"},\"image\":{\"@id\":\"https:\\\/\\\/encompaniastj.org\\\/pt-pt\\\/a-verdadeira-imagem-de-jesus-de-nazare-2\\\/#primaryimage\"},\"thumbnailUrl\":\"https:\\\/\\\/encompaniastj.org\\\/wp-content\\\/uploads\\\/2025\\\/05\\\/venancio-blanco-1.png\",\"datePublished\":\"2021-03-17T20:03:58+00:00\",\"dateModified\":\"2025-07-07T14:22:25+00:00\",\"breadcrumb\":{\"@id\":\"https:\\\/\\\/encompaniastj.org\\\/pt-pt\\\/a-verdadeira-imagem-de-jesus-de-nazare-2\\\/#breadcrumb\"},\"inLanguage\":\"pt-PT\",\"potentialAction\":[{\"@type\":\"ReadAction\",\"target\":[\"https:\\\/\\\/encompaniastj.org\\\/pt-pt\\\/a-verdadeira-imagem-de-jesus-de-nazare-2\\\/\"]}]},{\"@type\":\"ImageObject\",\"inLanguage\":\"pt-PT\",\"@id\":\"https:\\\/\\\/encompaniastj.org\\\/pt-pt\\\/a-verdadeira-imagem-de-jesus-de-nazare-2\\\/#primaryimage\",\"url\":\"https:\\\/\\\/encompaniastj.org\\\/wp-content\\\/uploads\\\/2025\\\/05\\\/venancio-blanco-1.png\",\"contentUrl\":\"https:\\\/\\\/encompaniastj.org\\\/wp-content\\\/uploads\\\/2025\\\/05\\\/venancio-blanco-1.png\",\"width\":275,\"height\":408},{\"@type\":\"BreadcrumbList\",\"@id\":\"https:\\\/\\\/encompaniastj.org\\\/pt-pt\\\/a-verdadeira-imagem-de-jesus-de-nazare-2\\\/#breadcrumb\",\"itemListElement\":[{\"@type\":\"ListItem\",\"position\":1,\"name\":\"Portada\",\"item\":\"https:\\\/\\\/encompaniastj.org\\\/pt-pt\\\/\"},{\"@type\":\"ListItem\",\"position\":2,\"name\":\"A verdadeira Imagem de Jesus de Nazar\u00e9\"}]},{\"@type\":\"WebSite\",\"@id\":\"https:\\\/\\\/encompaniastj.org\\\/pt-pt\\\/#website\",\"url\":\"https:\\\/\\\/encompaniastj.org\\\/pt-pt\\\/\",\"name\":\"En Compa\u00f1\u00eda STJ\",\"description\":\"Bolet\u00edn de la Compa\u00f1\u00eda de Santa Teresa de Jes\u00fas\",\"publisher\":{\"@id\":\"https:\\\/\\\/encompaniastj.org\\\/pt-pt\\\/#organization\"},\"potentialAction\":[{\"@type\":\"SearchAction\",\"target\":{\"@type\":\"EntryPoint\",\"urlTemplate\":\"https:\\\/\\\/encompaniastj.org\\\/pt-pt\\\/?s={search_term_string}\"},\"query-input\":{\"@type\":\"PropertyValueSpecification\",\"valueRequired\":true,\"valueName\":\"search_term_string\"}}],\"inLanguage\":\"pt-PT\"},{\"@type\":\"Organization\",\"@id\":\"https:\\\/\\\/encompaniastj.org\\\/pt-pt\\\/#organization\",\"name\":\"Compa\u00f1\u00eda de Santa Teresa de Jes\u00fas\",\"url\":\"https:\\\/\\\/encompaniastj.org\\\/pt-pt\\\/\",\"logo\":{\"@type\":\"ImageObject\",\"inLanguage\":\"pt-PT\",\"@id\":\"https:\\\/\\\/encompaniastj.org\\\/pt-pt\\\/#\\\/schema\\\/logo\\\/image\\\/\",\"url\":\"https:\\\/\\\/encompaniastj.org\\\/wp-content\\\/uploads\\\/2025\\\/04\\\/logo_provincias02-1-3.png\",\"contentUrl\":\"https:\\\/\\\/encompaniastj.org\\\/wp-content\\\/uploads\\\/2025\\\/04\\\/logo_provincias02-1-3.png\",\"width\":2368,\"height\":825,\"caption\":\"Compa\u00f1\u00eda de Santa Teresa de Jes\u00fas\"},\"image\":{\"@id\":\"https:\\\/\\\/encompaniastj.org\\\/pt-pt\\\/#\\\/schema\\\/logo\\\/image\\\/\"}},{\"@type\":\"Person\",\"@id\":\"https:\\\/\\\/encompaniastj.org\\\/pt-pt\\\/#\\\/schema\\\/person\\\/520e7ecc314793d40091993c2a02b651\",\"name\":\"admin\",\"image\":{\"@type\":\"ImageObject\",\"inLanguage\":\"pt-PT\",\"@id\":\"https:\\\/\\\/secure.gravatar.com\\\/avatar\\\/948b492cce32b586ac2db0eaa926ee87024f7afe218d73b397ea5ddfc5f43ea1?s=96&d=mm&r=g\",\"url\":\"https:\\\/\\\/secure.gravatar.com\\\/avatar\\\/948b492cce32b586ac2db0eaa926ee87024f7afe218d73b397ea5ddfc5f43ea1?s=96&d=mm&r=g\",\"contentUrl\":\"https:\\\/\\\/secure.gravatar.com\\\/avatar\\\/948b492cce32b586ac2db0eaa926ee87024f7afe218d73b397ea5ddfc5f43ea1?s=96&d=mm&r=g\",\"caption\":\"admin\"},\"sameAs\":[\"https:\\\/\\\/encompaniastj.org\"],\"url\":\"https:\\\/\\\/encompaniastj.org\\\/pt-pt\\\/author\\\/sjdigital\\\/\"}]}<\/script>\n<!-- \/ Yoast SEO plugin. -->","yoast_head_json":{"title":"A verdadeira Imagem de Jesus de Nazar\u00e9 - En Compa\u00f1\u00eda STJ","robots":{"index":"index","follow":"follow","max-snippet":"max-snippet:-1","max-image-preview":"max-image-preview:large","max-video-preview":"max-video-preview:-1"},"canonical":"https:\/\/encompaniastj.org\/pt-pt\/a-verdadeira-imagem-de-jesus-de-nazare-2\/","og_locale":"pt_PT","og_type":"article","og_title":"A verdadeira Imagem de Jesus de Nazar\u00e9 - En Compa\u00f1\u00eda STJ","og_description":"Em tempo de quaresma, paix\u00e3o e ressurrei\u00e7\u00e3o, n\u00e3o faltam \u201cimagens\u201d de Cristo expostas em Igrejas, altares, nichos, ou em \u201cPassos\u201d das ruas da cidade. Olho \u00e1 minha volta, olho o [&hellip;]","og_url":"https:\/\/encompaniastj.org\/pt-pt\/a-verdadeira-imagem-de-jesus-de-nazare-2\/","og_site_name":"En Compa\u00f1\u00eda STJ","article_published_time":"2021-03-17T20:03:58+00:00","article_modified_time":"2025-07-07T14:22:25+00:00","og_image":[{"width":275,"height":408,"url":"https:\/\/encompaniastj.org\/wp-content\/uploads\/2025\/05\/venancio-blanco-1.png","type":"image\/png"}],"author":"admin","twitter_card":"summary_large_image","twitter_misc":{"Escrito por":"admin","Tempo estimado de leitura":"2 minutos"},"schema":{"@context":"https:\/\/schema.org","@graph":[{"@type":"Article","@id":"https:\/\/encompaniastj.org\/pt-pt\/a-verdadeira-imagem-de-jesus-de-nazare-2\/#article","isPartOf":{"@id":"https:\/\/encompaniastj.org\/pt-pt\/a-verdadeira-imagem-de-jesus-de-nazare-2\/"},"author":{"name":"admin","@id":"https:\/\/encompaniastj.org\/pt-pt\/#\/schema\/person\/520e7ecc314793d40091993c2a02b651"},"headline":"A verdadeira Imagem de Jesus de Nazar\u00e9","datePublished":"2021-03-17T20:03:58+00:00","dateModified":"2025-07-07T14:22:25+00:00","mainEntityOfPage":{"@id":"https:\/\/encompaniastj.org\/pt-pt\/a-verdadeira-imagem-de-jesus-de-nazare-2\/"},"wordCount":461,"commentCount":0,"publisher":{"@id":"https:\/\/encompaniastj.org\/pt-pt\/#organization"},"image":{"@id":"https:\/\/encompaniastj.org\/pt-pt\/a-verdadeira-imagem-de-jesus-de-nazare-2\/#primaryimage"},"thumbnailUrl":"https:\/\/encompaniastj.org\/wp-content\/uploads\/2025\/05\/venancio-blanco-1.png","articleSection":["Noticias","Outras"],"inLanguage":"pt-PT","potentialAction":[{"@type":"CommentAction","name":"Comment","target":["https:\/\/encompaniastj.org\/pt-pt\/a-verdadeira-imagem-de-jesus-de-nazare-2\/#respond"]}]},{"@type":"WebPage","@id":"https:\/\/encompaniastj.org\/pt-pt\/a-verdadeira-imagem-de-jesus-de-nazare-2\/","url":"https:\/\/encompaniastj.org\/pt-pt\/a-verdadeira-imagem-de-jesus-de-nazare-2\/","name":"A verdadeira Imagem de Jesus de Nazar\u00e9 - En Compa\u00f1\u00eda STJ","isPartOf":{"@id":"https:\/\/encompaniastj.org\/pt-pt\/#website"},"primaryImageOfPage":{"@id":"https:\/\/encompaniastj.org\/pt-pt\/a-verdadeira-imagem-de-jesus-de-nazare-2\/#primaryimage"},"image":{"@id":"https:\/\/encompaniastj.org\/pt-pt\/a-verdadeira-imagem-de-jesus-de-nazare-2\/#primaryimage"},"thumbnailUrl":"https:\/\/encompaniastj.org\/wp-content\/uploads\/2025\/05\/venancio-blanco-1.png","datePublished":"2021-03-17T20:03:58+00:00","dateModified":"2025-07-07T14:22:25+00:00","breadcrumb":{"@id":"https:\/\/encompaniastj.org\/pt-pt\/a-verdadeira-imagem-de-jesus-de-nazare-2\/#breadcrumb"},"inLanguage":"pt-PT","potentialAction":[{"@type":"ReadAction","target":["https:\/\/encompaniastj.org\/pt-pt\/a-verdadeira-imagem-de-jesus-de-nazare-2\/"]}]},{"@type":"ImageObject","inLanguage":"pt-PT","@id":"https:\/\/encompaniastj.org\/pt-pt\/a-verdadeira-imagem-de-jesus-de-nazare-2\/#primaryimage","url":"https:\/\/encompaniastj.org\/wp-content\/uploads\/2025\/05\/venancio-blanco-1.png","contentUrl":"https:\/\/encompaniastj.org\/wp-content\/uploads\/2025\/05\/venancio-blanco-1.png","width":275,"height":408},{"@type":"BreadcrumbList","@id":"https:\/\/encompaniastj.org\/pt-pt\/a-verdadeira-imagem-de-jesus-de-nazare-2\/#breadcrumb","itemListElement":[{"@type":"ListItem","position":1,"name":"Portada","item":"https:\/\/encompaniastj.org\/pt-pt\/"},{"@type":"ListItem","position":2,"name":"A verdadeira Imagem de Jesus de Nazar\u00e9"}]},{"@type":"WebSite","@id":"https:\/\/encompaniastj.org\/pt-pt\/#website","url":"https:\/\/encompaniastj.org\/pt-pt\/","name":"En Compa\u00f1\u00eda STJ","description":"Bolet\u00edn de la Compa\u00f1\u00eda de Santa Teresa de Jes\u00fas","publisher":{"@id":"https:\/\/encompaniastj.org\/pt-pt\/#organization"},"potentialAction":[{"@type":"SearchAction","target":{"@type":"EntryPoint","urlTemplate":"https:\/\/encompaniastj.org\/pt-pt\/?s={search_term_string}"},"query-input":{"@type":"PropertyValueSpecification","valueRequired":true,"valueName":"search_term_string"}}],"inLanguage":"pt-PT"},{"@type":"Organization","@id":"https:\/\/encompaniastj.org\/pt-pt\/#organization","name":"Compa\u00f1\u00eda de Santa Teresa de Jes\u00fas","url":"https:\/\/encompaniastj.org\/pt-pt\/","logo":{"@type":"ImageObject","inLanguage":"pt-PT","@id":"https:\/\/encompaniastj.org\/pt-pt\/#\/schema\/logo\/image\/","url":"https:\/\/encompaniastj.org\/wp-content\/uploads\/2025\/04\/logo_provincias02-1-3.png","contentUrl":"https:\/\/encompaniastj.org\/wp-content\/uploads\/2025\/04\/logo_provincias02-1-3.png","width":2368,"height":825,"caption":"Compa\u00f1\u00eda de Santa Teresa de Jes\u00fas"},"image":{"@id":"https:\/\/encompaniastj.org\/pt-pt\/#\/schema\/logo\/image\/"}},{"@type":"Person","@id":"https:\/\/encompaniastj.org\/pt-pt\/#\/schema\/person\/520e7ecc314793d40091993c2a02b651","name":"admin","image":{"@type":"ImageObject","inLanguage":"pt-PT","@id":"https:\/\/secure.gravatar.com\/avatar\/948b492cce32b586ac2db0eaa926ee87024f7afe218d73b397ea5ddfc5f43ea1?s=96&d=mm&r=g","url":"https:\/\/secure.gravatar.com\/avatar\/948b492cce32b586ac2db0eaa926ee87024f7afe218d73b397ea5ddfc5f43ea1?s=96&d=mm&r=g","contentUrl":"https:\/\/secure.gravatar.com\/avatar\/948b492cce32b586ac2db0eaa926ee87024f7afe218d73b397ea5ddfc5f43ea1?s=96&d=mm&r=g","caption":"admin"},"sameAs":["https:\/\/encompaniastj.org"],"url":"https:\/\/encompaniastj.org\/pt-pt\/author\/sjdigital\/"}]}},"_links":{"self":[{"href":"https:\/\/encompaniastj.org\/pt-pt\/wp-json\/wp\/v2\/posts\/10532","targetHints":{"allow":["GET"]}}],"collection":[{"href":"https:\/\/encompaniastj.org\/pt-pt\/wp-json\/wp\/v2\/posts"}],"about":[{"href":"https:\/\/encompaniastj.org\/pt-pt\/wp-json\/wp\/v2\/types\/post"}],"author":[{"embeddable":true,"href":"https:\/\/encompaniastj.org\/pt-pt\/wp-json\/wp\/v2\/users\/1"}],"replies":[{"embeddable":true,"href":"https:\/\/encompaniastj.org\/pt-pt\/wp-json\/wp\/v2\/comments?post=10532"}],"version-history":[{"count":1,"href":"https:\/\/encompaniastj.org\/pt-pt\/wp-json\/wp\/v2\/posts\/10532\/revisions"}],"predecessor-version":[{"id":10533,"href":"https:\/\/encompaniastj.org\/pt-pt\/wp-json\/wp\/v2\/posts\/10532\/revisions\/10533"}],"wp:featuredmedia":[{"embeddable":true,"href":"https:\/\/encompaniastj.org\/pt-pt\/wp-json\/wp\/v2\/media\/7700"}],"wp:attachment":[{"href":"https:\/\/encompaniastj.org\/pt-pt\/wp-json\/wp\/v2\/media?parent=10532"}],"wp:term":[{"taxonomy":"category","embeddable":true,"href":"https:\/\/encompaniastj.org\/pt-pt\/wp-json\/wp\/v2\/categories?post=10532"},{"taxonomy":"post_tag","embeddable":true,"href":"https:\/\/encompaniastj.org\/pt-pt\/wp-json\/wp\/v2\/tags?post=10532"}],"curies":[{"name":"wp","href":"https:\/\/api.w.org\/{rel}","templated":true}]}}