{"id":10526,"date":"2021-03-18T11:04:29","date_gmt":"2021-03-18T10:04:29","guid":{"rendered":"https:\/\/encompaniastj.org\/robustecer-as-raizes\/"},"modified":"2025-07-07T16:22:23","modified_gmt":"2025-07-07T14:22:23","slug":"robustecer-as-raizes","status":"publish","type":"post","link":"https:\/\/encompaniastj.org\/pt-pt\/robustecer-as-raizes\/","title":{"rendered":"ROBUSTECER AS RA\u00cdZES"},"content":{"rendered":"\n<p>Tenho a certeza que esta imagem ainda est\u00e1 viva nas nossas retinas, pelo\nque vivemos h\u00e1 pouco tempo em Espanha com a presen\u00e7a de \u201cFilomena\u201d. Indo no\nmetro, quando ele sobe \u00e0 superf\u00edcie entre as paragens do Lago e Bat\u00e1n, fiquei\nimpressionada de ver n\u00e3o s\u00f3 uma \u00e1rvore ca\u00edda, mas tamb\u00e9m de ver muitas \u00e1rvores\narrancadas pela raiz e centenas de troncos e galhos rachados ou quebrados na\nCasa de Campo de Madrid. Que pena ver essa paisagem devastadora! Longos minutos\nse passaram entre essas duas paragens nas quais n\u00e3o deixaram de me surpreender tantos\ndanos da natureza ...<\/p>\n\n\n\n<p>E veio-me \u00e0 mente esta imagem com as palavras do presidente da Funda\u00e7\u00e3o S\u00e3o\nCamilo, no seu boletim informativo, falando da resili\u00eancia como a arte de <em>ficar\nmais fortes com as adversidades, crescer quando elas surgem<\/em>... algo mais do\nque resistir, dizia ele. Nos seus escritos, convidava-nos a <em>sermos, uns para\nos outros, tutores de resili\u00eancia, referentes da positividade e do\ndesenvolvimento humano e espiritual. <\/em>E terminava dizendo: <em>Penso nos\nnossos mais velhos, nos cuidadores, no que estamos aprendendo com a pausa da\nagita\u00e7\u00e3o e desejo, para todos n\u00f3s, que isto nos sirva nalgum recanto da nossa\nvida, que aproveitemos para<\/em> <strong>fortalecer as ra\u00edzes<\/strong> <em>do nosso ser\nhumano, onde est\u00e3o os valores mais nobres e capazes de nos fazer felizes. Oxal\u00e1\nsaiamos resilientes!<\/em><\/p>\n\n\n\n<p>Como <strong>fortalecer as ra\u00edzes<\/strong>? Essas quedas\nde \u00e1rvores, podem ser evitadas? E encontro numa p\u00e1gina de jardinagem:<\/p>\n\n\n\n<p>\u201c\u00c0 primeira vista pode parecer que os fatores\nclim\u00e1ticos s\u00e3o os que causam as quedas, mas os motivos pelos quais uma \u00e1rvore\ncolapsa s\u00e3o outros diferentes. Temos que partir da ideia de que uma \u00e1rvore sadia\nest\u00e1 adaptada para enfrentar fortes ventos e chuvas. <\/p>\n\n\n\n<p>Devemos ter em conta fatores como:<\/p>\n\n\n\n<ul class=\"wp-block-list\"><li>Cavar um <strong>buraco fundo<\/strong> e chegar ao subsolo\nnatural.<\/li><li>Comprovar que&nbsp;<strong>a \u00e1gua corra<\/strong>&nbsp;para\nevitar a putrefa\u00e7\u00e3o das ra\u00edzes.<\/li><li>Certificar-se de que o <strong>substrato \u00e9 de qualidade<\/strong>\n(90% terra) e sem pedras e sobras de trabalho. <\/li><li>Escolher uma \u00e1rvore bem cultivada com um sistema de <strong>enraizamento\nbem mantido<\/strong>.<\/li><li>Realizar uma <strong>poda&nbsp;correta<\/strong>.<\/li><li>Procurar que as ra\u00edzes maiores <strong>n\u00e3o fiquem dobradas ou esmagadas<\/strong>.<\/li><li>Comprovar que <strong>a irriga\u00e7\u00e3o<\/strong> atinja <strong>grande\nprofundidade<\/strong>. <strong><\/strong><\/li><\/ul>\n\n\n\n<p>Sim. Existem formas de impedir que as \u00e1rvores caiam devido\nao forte vento, chuva ou neve. E tudo passa por&nbsp;<strong>ajudar a\nque o sistema de ra\u00edzes seja forte e resistente<\/strong>. \u00c0s vezes, as suas\nra\u00edzes s\u00e3o insuficientes\u201d.<\/p>\n\n\n\n<p>Volto ent\u00e3o ao que dizia Jos\u00e9 Carlos Bermejo: <strong>fortalecer\nas ra\u00edzes<\/strong> <em>do nosso ser humano, onde est\u00e3o os valores mais nobres e\ncapazes de nos fazer felizes<\/em>. E quero tirar um tempo para \u201cadaptar\u201d esses conselhos\nde jardinagem na minha vida: cave fundo, deixe a \u00e1gua escorrer, que o substrato\nseja de qualidade, que as ra\u00edzes estejam em bom estado, fazer uma poda correta,\ncuidar para que as ra\u00edzes &nbsp;n\u00e3o fiquem\nesmagadas, e que a irriga\u00e7\u00e3o chegue ao fundo ... para que \"minha\n\u00e1rvore\" viva s\u00e3, se <strong>fortale\u00e7am as suas ra\u00edzes<\/strong> e possam oferecer essa\nsombra que agradecemos, renovar esse oxig\u00eanio que necessitamos e partilhar essa\nbeleza que recebemos e &nbsp;est\u00e1 chamada a\ncontinuar a crescer.<\/p>\n","protected":false},"excerpt":{"rendered":"<p>Tenho a certeza que esta imagem ainda est\u00e1 viva nas nossas retinas, pelo que vivemos h\u00e1 pouco tempo em Espanha com a presen\u00e7a de \u201cFilomena\u201d. Indo no metro, quando ele [&hellip;]<\/p>\n","protected":false},"author":1,"featured_media":7699,"comment_status":"open","ping_status":"open","sticky":false,"template":"","format":"standard","meta":{"_acf_changed":false,"footnotes":""},"categories":[77],"tags":[],"class_list":["post-10526","post","type-post","status-publish","format-standard","has-post-thumbnail","hentry","category-palabras"],"acf":[],"yoast_head":"<!-- This site is optimized with the Yoast SEO plugin v27.5 - https:\/\/yoast.com\/product\/yoast-seo-wordpress\/ -->\n<title>ROBUSTECER AS RA\u00cdZES - En Compa\u00f1\u00eda STJ<\/title>\n<meta name=\"robots\" content=\"index, follow, max-snippet:-1, max-image-preview:large, max-video-preview:-1\" \/>\n<link rel=\"canonical\" href=\"https:\/\/encompaniastj.org\/pt-pt\/robustecer-as-raizes\/\" \/>\n<meta property=\"og:locale\" content=\"pt_PT\" \/>\n<meta property=\"og:type\" content=\"article\" \/>\n<meta property=\"og:title\" content=\"ROBUSTECER AS RA\u00cdZES - En Compa\u00f1\u00eda STJ\" \/>\n<meta property=\"og:description\" content=\"Tenho a certeza que esta imagem ainda est\u00e1 viva nas nossas retinas, pelo que vivemos h\u00e1 pouco tempo em Espanha com a presen\u00e7a de \u201cFilomena\u201d. Indo no metro, quando ele [&hellip;]\" \/>\n<meta property=\"og:url\" content=\"https:\/\/encompaniastj.org\/pt-pt\/robustecer-as-raizes\/\" \/>\n<meta property=\"og:site_name\" content=\"En Compa\u00f1\u00eda STJ\" \/>\n<meta property=\"article:published_time\" content=\"2021-03-18T10:04:29+00:00\" \/>\n<meta property=\"article:modified_time\" content=\"2025-07-07T14:22:23+00:00\" \/>\n<meta property=\"og:image\" content=\"https:\/\/encompaniastj.org\/wp-content\/uploads\/2025\/05\/ARBOL-Y-NIEVE.jpg\" \/>\n\t<meta property=\"og:image:width\" content=\"1300\" \/>\n\t<meta property=\"og:image:height\" content=\"975\" \/>\n\t<meta property=\"og:image:type\" content=\"image\/jpeg\" \/>\n<meta name=\"author\" content=\"admin\" \/>\n<meta name=\"twitter:card\" content=\"summary_large_image\" \/>\n<meta name=\"twitter:label1\" content=\"Escrito por\" \/>\n\t<meta name=\"twitter:data1\" content=\"admin\" \/>\n\t<meta name=\"twitter:label2\" content=\"Tempo estimado de leitura\" \/>\n\t<meta name=\"twitter:data2\" content=\"3 minutos\" \/>\n<script type=\"application\/ld+json\" class=\"yoast-schema-graph\">{\"@context\":\"https:\\\/\\\/schema.org\",\"@graph\":[{\"@type\":\"Article\",\"@id\":\"https:\\\/\\\/encompaniastj.org\\\/pt-pt\\\/robustecer-as-raizes\\\/#article\",\"isPartOf\":{\"@id\":\"https:\\\/\\\/encompaniastj.org\\\/pt-pt\\\/robustecer-as-raizes\\\/\"},\"author\":{\"name\":\"admin\",\"@id\":\"https:\\\/\\\/encompaniastj.org\\\/pt-pt\\\/#\\\/schema\\\/person\\\/520e7ecc314793d40091993c2a02b651\"},\"headline\":\"ROBUSTECER AS RA\u00cdZES\",\"datePublished\":\"2021-03-18T10:04:29+00:00\",\"dateModified\":\"2025-07-07T14:22:23+00:00\",\"mainEntityOfPage\":{\"@id\":\"https:\\\/\\\/encompaniastj.org\\\/pt-pt\\\/robustecer-as-raizes\\\/\"},\"wordCount\":554,\"commentCount\":0,\"publisher\":{\"@id\":\"https:\\\/\\\/encompaniastj.org\\\/pt-pt\\\/#organization\"},\"image\":{\"@id\":\"https:\\\/\\\/encompaniastj.org\\\/pt-pt\\\/robustecer-as-raizes\\\/#primaryimage\"},\"thumbnailUrl\":\"https:\\\/\\\/encompaniastj.org\\\/wp-content\\\/uploads\\\/2025\\\/05\\\/ARBOL-Y-NIEVE.jpg\",\"articleSection\":[\"Palabras\"],\"inLanguage\":\"pt-PT\",\"potentialAction\":[{\"@type\":\"CommentAction\",\"name\":\"Comment\",\"target\":[\"https:\\\/\\\/encompaniastj.org\\\/pt-pt\\\/robustecer-as-raizes\\\/#respond\"]}]},{\"@type\":\"WebPage\",\"@id\":\"https:\\\/\\\/encompaniastj.org\\\/pt-pt\\\/robustecer-as-raizes\\\/\",\"url\":\"https:\\\/\\\/encompaniastj.org\\\/pt-pt\\\/robustecer-as-raizes\\\/\",\"name\":\"ROBUSTECER AS RA\u00cdZES - En Compa\u00f1\u00eda STJ\",\"isPartOf\":{\"@id\":\"https:\\\/\\\/encompaniastj.org\\\/pt-pt\\\/#website\"},\"primaryImageOfPage\":{\"@id\":\"https:\\\/\\\/encompaniastj.org\\\/pt-pt\\\/robustecer-as-raizes\\\/#primaryimage\"},\"image\":{\"@id\":\"https:\\\/\\\/encompaniastj.org\\\/pt-pt\\\/robustecer-as-raizes\\\/#primaryimage\"},\"thumbnailUrl\":\"https:\\\/\\\/encompaniastj.org\\\/wp-content\\\/uploads\\\/2025\\\/05\\\/ARBOL-Y-NIEVE.jpg\",\"datePublished\":\"2021-03-18T10:04:29+00:00\",\"dateModified\":\"2025-07-07T14:22:23+00:00\",\"breadcrumb\":{\"@id\":\"https:\\\/\\\/encompaniastj.org\\\/pt-pt\\\/robustecer-as-raizes\\\/#breadcrumb\"},\"inLanguage\":\"pt-PT\",\"potentialAction\":[{\"@type\":\"ReadAction\",\"target\":[\"https:\\\/\\\/encompaniastj.org\\\/pt-pt\\\/robustecer-as-raizes\\\/\"]}]},{\"@type\":\"ImageObject\",\"inLanguage\":\"pt-PT\",\"@id\":\"https:\\\/\\\/encompaniastj.org\\\/pt-pt\\\/robustecer-as-raizes\\\/#primaryimage\",\"url\":\"https:\\\/\\\/encompaniastj.org\\\/wp-content\\\/uploads\\\/2025\\\/05\\\/ARBOL-Y-NIEVE.jpg\",\"contentUrl\":\"https:\\\/\\\/encompaniastj.org\\\/wp-content\\\/uploads\\\/2025\\\/05\\\/ARBOL-Y-NIEVE.jpg\",\"width\":1300,\"height\":975},{\"@type\":\"BreadcrumbList\",\"@id\":\"https:\\\/\\\/encompaniastj.org\\\/pt-pt\\\/robustecer-as-raizes\\\/#breadcrumb\",\"itemListElement\":[{\"@type\":\"ListItem\",\"position\":1,\"name\":\"Portada\",\"item\":\"https:\\\/\\\/encompaniastj.org\\\/pt-pt\\\/\"},{\"@type\":\"ListItem\",\"position\":2,\"name\":\"ROBUSTECER AS RA\u00cdZES\"}]},{\"@type\":\"WebSite\",\"@id\":\"https:\\\/\\\/encompaniastj.org\\\/pt-pt\\\/#website\",\"url\":\"https:\\\/\\\/encompaniastj.org\\\/pt-pt\\\/\",\"name\":\"En Compa\u00f1\u00eda STJ\",\"description\":\"Bolet\u00edn de la Compa\u00f1\u00eda de Santa Teresa de Jes\u00fas\",\"publisher\":{\"@id\":\"https:\\\/\\\/encompaniastj.org\\\/pt-pt\\\/#organization\"},\"potentialAction\":[{\"@type\":\"SearchAction\",\"target\":{\"@type\":\"EntryPoint\",\"urlTemplate\":\"https:\\\/\\\/encompaniastj.org\\\/pt-pt\\\/?s={search_term_string}\"},\"query-input\":{\"@type\":\"PropertyValueSpecification\",\"valueRequired\":true,\"valueName\":\"search_term_string\"}}],\"inLanguage\":\"pt-PT\"},{\"@type\":\"Organization\",\"@id\":\"https:\\\/\\\/encompaniastj.org\\\/pt-pt\\\/#organization\",\"name\":\"Compa\u00f1\u00eda de Santa Teresa de Jes\u00fas\",\"url\":\"https:\\\/\\\/encompaniastj.org\\\/pt-pt\\\/\",\"logo\":{\"@type\":\"ImageObject\",\"inLanguage\":\"pt-PT\",\"@id\":\"https:\\\/\\\/encompaniastj.org\\\/pt-pt\\\/#\\\/schema\\\/logo\\\/image\\\/\",\"url\":\"https:\\\/\\\/encompaniastj.org\\\/wp-content\\\/uploads\\\/2025\\\/04\\\/logo_provincias02-1-3.png\",\"contentUrl\":\"https:\\\/\\\/encompaniastj.org\\\/wp-content\\\/uploads\\\/2025\\\/04\\\/logo_provincias02-1-3.png\",\"width\":2368,\"height\":825,\"caption\":\"Compa\u00f1\u00eda de Santa Teresa de Jes\u00fas\"},\"image\":{\"@id\":\"https:\\\/\\\/encompaniastj.org\\\/pt-pt\\\/#\\\/schema\\\/logo\\\/image\\\/\"}},{\"@type\":\"Person\",\"@id\":\"https:\\\/\\\/encompaniastj.org\\\/pt-pt\\\/#\\\/schema\\\/person\\\/520e7ecc314793d40091993c2a02b651\",\"name\":\"admin\",\"image\":{\"@type\":\"ImageObject\",\"inLanguage\":\"pt-PT\",\"@id\":\"https:\\\/\\\/secure.gravatar.com\\\/avatar\\\/948b492cce32b586ac2db0eaa926ee87024f7afe218d73b397ea5ddfc5f43ea1?s=96&d=mm&r=g\",\"url\":\"https:\\\/\\\/secure.gravatar.com\\\/avatar\\\/948b492cce32b586ac2db0eaa926ee87024f7afe218d73b397ea5ddfc5f43ea1?s=96&d=mm&r=g\",\"contentUrl\":\"https:\\\/\\\/secure.gravatar.com\\\/avatar\\\/948b492cce32b586ac2db0eaa926ee87024f7afe218d73b397ea5ddfc5f43ea1?s=96&d=mm&r=g\",\"caption\":\"admin\"},\"sameAs\":[\"https:\\\/\\\/encompaniastj.org\"],\"url\":\"https:\\\/\\\/encompaniastj.org\\\/pt-pt\\\/author\\\/sjdigital\\\/\"}]}<\/script>\n<!-- \/ Yoast SEO plugin. -->","yoast_head_json":{"title":"ROBUSTECER AS RA\u00cdZES - En Compa\u00f1\u00eda STJ","robots":{"index":"index","follow":"follow","max-snippet":"max-snippet:-1","max-image-preview":"max-image-preview:large","max-video-preview":"max-video-preview:-1"},"canonical":"https:\/\/encompaniastj.org\/pt-pt\/robustecer-as-raizes\/","og_locale":"pt_PT","og_type":"article","og_title":"ROBUSTECER AS RA\u00cdZES - En Compa\u00f1\u00eda STJ","og_description":"Tenho a certeza que esta imagem ainda est\u00e1 viva nas nossas retinas, pelo que vivemos h\u00e1 pouco tempo em Espanha com a presen\u00e7a de \u201cFilomena\u201d. Indo no metro, quando ele [&hellip;]","og_url":"https:\/\/encompaniastj.org\/pt-pt\/robustecer-as-raizes\/","og_site_name":"En Compa\u00f1\u00eda STJ","article_published_time":"2021-03-18T10:04:29+00:00","article_modified_time":"2025-07-07T14:22:23+00:00","og_image":[{"width":1300,"height":975,"url":"https:\/\/encompaniastj.org\/wp-content\/uploads\/2025\/05\/ARBOL-Y-NIEVE.jpg","type":"image\/jpeg"}],"author":"admin","twitter_card":"summary_large_image","twitter_misc":{"Escrito por":"admin","Tempo estimado de leitura":"3 minutos"},"schema":{"@context":"https:\/\/schema.org","@graph":[{"@type":"Article","@id":"https:\/\/encompaniastj.org\/pt-pt\/robustecer-as-raizes\/#article","isPartOf":{"@id":"https:\/\/encompaniastj.org\/pt-pt\/robustecer-as-raizes\/"},"author":{"name":"admin","@id":"https:\/\/encompaniastj.org\/pt-pt\/#\/schema\/person\/520e7ecc314793d40091993c2a02b651"},"headline":"ROBUSTECER AS RA\u00cdZES","datePublished":"2021-03-18T10:04:29+00:00","dateModified":"2025-07-07T14:22:23+00:00","mainEntityOfPage":{"@id":"https:\/\/encompaniastj.org\/pt-pt\/robustecer-as-raizes\/"},"wordCount":554,"commentCount":0,"publisher":{"@id":"https:\/\/encompaniastj.org\/pt-pt\/#organization"},"image":{"@id":"https:\/\/encompaniastj.org\/pt-pt\/robustecer-as-raizes\/#primaryimage"},"thumbnailUrl":"https:\/\/encompaniastj.org\/wp-content\/uploads\/2025\/05\/ARBOL-Y-NIEVE.jpg","articleSection":["Palabras"],"inLanguage":"pt-PT","potentialAction":[{"@type":"CommentAction","name":"Comment","target":["https:\/\/encompaniastj.org\/pt-pt\/robustecer-as-raizes\/#respond"]}]},{"@type":"WebPage","@id":"https:\/\/encompaniastj.org\/pt-pt\/robustecer-as-raizes\/","url":"https:\/\/encompaniastj.org\/pt-pt\/robustecer-as-raizes\/","name":"ROBUSTECER AS RA\u00cdZES - En Compa\u00f1\u00eda STJ","isPartOf":{"@id":"https:\/\/encompaniastj.org\/pt-pt\/#website"},"primaryImageOfPage":{"@id":"https:\/\/encompaniastj.org\/pt-pt\/robustecer-as-raizes\/#primaryimage"},"image":{"@id":"https:\/\/encompaniastj.org\/pt-pt\/robustecer-as-raizes\/#primaryimage"},"thumbnailUrl":"https:\/\/encompaniastj.org\/wp-content\/uploads\/2025\/05\/ARBOL-Y-NIEVE.jpg","datePublished":"2021-03-18T10:04:29+00:00","dateModified":"2025-07-07T14:22:23+00:00","breadcrumb":{"@id":"https:\/\/encompaniastj.org\/pt-pt\/robustecer-as-raizes\/#breadcrumb"},"inLanguage":"pt-PT","potentialAction":[{"@type":"ReadAction","target":["https:\/\/encompaniastj.org\/pt-pt\/robustecer-as-raizes\/"]}]},{"@type":"ImageObject","inLanguage":"pt-PT","@id":"https:\/\/encompaniastj.org\/pt-pt\/robustecer-as-raizes\/#primaryimage","url":"https:\/\/encompaniastj.org\/wp-content\/uploads\/2025\/05\/ARBOL-Y-NIEVE.jpg","contentUrl":"https:\/\/encompaniastj.org\/wp-content\/uploads\/2025\/05\/ARBOL-Y-NIEVE.jpg","width":1300,"height":975},{"@type":"BreadcrumbList","@id":"https:\/\/encompaniastj.org\/pt-pt\/robustecer-as-raizes\/#breadcrumb","itemListElement":[{"@type":"ListItem","position":1,"name":"Portada","item":"https:\/\/encompaniastj.org\/pt-pt\/"},{"@type":"ListItem","position":2,"name":"ROBUSTECER AS RA\u00cdZES"}]},{"@type":"WebSite","@id":"https:\/\/encompaniastj.org\/pt-pt\/#website","url":"https:\/\/encompaniastj.org\/pt-pt\/","name":"En Compa\u00f1\u00eda STJ","description":"Bolet\u00edn de la Compa\u00f1\u00eda de Santa Teresa de Jes\u00fas","publisher":{"@id":"https:\/\/encompaniastj.org\/pt-pt\/#organization"},"potentialAction":[{"@type":"SearchAction","target":{"@type":"EntryPoint","urlTemplate":"https:\/\/encompaniastj.org\/pt-pt\/?s={search_term_string}"},"query-input":{"@type":"PropertyValueSpecification","valueRequired":true,"valueName":"search_term_string"}}],"inLanguage":"pt-PT"},{"@type":"Organization","@id":"https:\/\/encompaniastj.org\/pt-pt\/#organization","name":"Compa\u00f1\u00eda de Santa Teresa de Jes\u00fas","url":"https:\/\/encompaniastj.org\/pt-pt\/","logo":{"@type":"ImageObject","inLanguage":"pt-PT","@id":"https:\/\/encompaniastj.org\/pt-pt\/#\/schema\/logo\/image\/","url":"https:\/\/encompaniastj.org\/wp-content\/uploads\/2025\/04\/logo_provincias02-1-3.png","contentUrl":"https:\/\/encompaniastj.org\/wp-content\/uploads\/2025\/04\/logo_provincias02-1-3.png","width":2368,"height":825,"caption":"Compa\u00f1\u00eda de Santa Teresa de Jes\u00fas"},"image":{"@id":"https:\/\/encompaniastj.org\/pt-pt\/#\/schema\/logo\/image\/"}},{"@type":"Person","@id":"https:\/\/encompaniastj.org\/pt-pt\/#\/schema\/person\/520e7ecc314793d40091993c2a02b651","name":"admin","image":{"@type":"ImageObject","inLanguage":"pt-PT","@id":"https:\/\/secure.gravatar.com\/avatar\/948b492cce32b586ac2db0eaa926ee87024f7afe218d73b397ea5ddfc5f43ea1?s=96&d=mm&r=g","url":"https:\/\/secure.gravatar.com\/avatar\/948b492cce32b586ac2db0eaa926ee87024f7afe218d73b397ea5ddfc5f43ea1?s=96&d=mm&r=g","contentUrl":"https:\/\/secure.gravatar.com\/avatar\/948b492cce32b586ac2db0eaa926ee87024f7afe218d73b397ea5ddfc5f43ea1?s=96&d=mm&r=g","caption":"admin"},"sameAs":["https:\/\/encompaniastj.org"],"url":"https:\/\/encompaniastj.org\/pt-pt\/author\/sjdigital\/"}]}},"_links":{"self":[{"href":"https:\/\/encompaniastj.org\/pt-pt\/wp-json\/wp\/v2\/posts\/10526","targetHints":{"allow":["GET"]}}],"collection":[{"href":"https:\/\/encompaniastj.org\/pt-pt\/wp-json\/wp\/v2\/posts"}],"about":[{"href":"https:\/\/encompaniastj.org\/pt-pt\/wp-json\/wp\/v2\/types\/post"}],"author":[{"embeddable":true,"href":"https:\/\/encompaniastj.org\/pt-pt\/wp-json\/wp\/v2\/users\/1"}],"replies":[{"embeddable":true,"href":"https:\/\/encompaniastj.org\/pt-pt\/wp-json\/wp\/v2\/comments?post=10526"}],"version-history":[{"count":1,"href":"https:\/\/encompaniastj.org\/pt-pt\/wp-json\/wp\/v2\/posts\/10526\/revisions"}],"predecessor-version":[{"id":10527,"href":"https:\/\/encompaniastj.org\/pt-pt\/wp-json\/wp\/v2\/posts\/10526\/revisions\/10527"}],"wp:featuredmedia":[{"embeddable":true,"href":"https:\/\/encompaniastj.org\/pt-pt\/wp-json\/wp\/v2\/media\/7699"}],"wp:attachment":[{"href":"https:\/\/encompaniastj.org\/pt-pt\/wp-json\/wp\/v2\/media?parent=10526"}],"wp:term":[{"taxonomy":"category","embeddable":true,"href":"https:\/\/encompaniastj.org\/pt-pt\/wp-json\/wp\/v2\/categories?post=10526"},{"taxonomy":"post_tag","embeddable":true,"href":"https:\/\/encompaniastj.org\/pt-pt\/wp-json\/wp\/v2\/tags?post=10526"}],"curies":[{"name":"wp","href":"https:\/\/api.w.org\/{rel}","templated":true}]}}