{"id":10516,"date":"2021-03-17T10:01:39","date_gmt":"2021-03-17T09:01:39","guid":{"rendered":"https:\/\/encompaniastj.org\/ma-pilar-feliu-loriente-17-de-marzo-de-2021-torrent-el-vedat-residencia-2\/"},"modified":"2025-07-07T16:22:23","modified_gmt":"2025-07-07T14:22:23","slug":"ma-pilar-feliu-loriente-17-de-marzo-de-2021-torrent-el-vedat-residencia-2","status":"publish","type":"post","link":"https:\/\/encompaniastj.org\/pt-pt\/ma-pilar-feliu-loriente-17-de-marzo-de-2021-torrent-el-vedat-residencia-2\/","title":{"rendered":"M\u00aa Pilar Feli\u00fa Loriente. 17 de marzo de 2021 (Torrent, El Vedat-Residencia)"},"content":{"rendered":"\n<p>N\u00f3s, irm\u00e3s, n\u00e3o\nprecisamos de muitas palavras para saber quem era Pilar Feli\u00fa. Todos conhecemos\nbem o seu amor pela Companhia e a sua disponibilidade e dedica\u00e7\u00e3o a todos os\nservi\u00e7os que lhe foram pedidos em diferentes momentos da sua vida.<\/p>\n\n\n\n<p>Aragonesa de\nnascimento, mas tamb\u00e9m porque era filha de um militar, valenciana e ex-aluna do\ncol\u00e9gio de Val\u00eancia. Daqui ela entrou no noviciado. A seguir ela come\u00e7ou a ser uma\n\"cidad\u00e3 do mundo\".<\/p>\n\n\n\n<p>O Covid foi\ndiminuindo-lhe as for\u00e7as, debilitadas pela sua doen\u00e7a dos br\u00f4nquios e, apesar\ndos cuidados e do grande esfor\u00e7o para viver, deixou-nos para ir para o c\u00e9u.<\/p>\n\n\n\n<p>E foi de uma maneira\nsilenciosa. Deus Pai veio busc\u00e1-la em um sono tranquilo e sereno\u2026<\/p>\n\n\n\n<p>H\u00e1 quatro anos foi destinada\na esta comunidade da Resid\u00eancia de El Vedat. Ela, que tinha vivido com grandes\nresponsabilidades na Companhia, soube acomodar-se, sem causar problemas, \u00e0 vida\ntranquila da Resid\u00eancia, gozando do sol, da natureza e dos longos momentos de\nleitura e ora\u00e7\u00e3o. Nunca deixou de se interessar e acompanhar de perto os\nProjetos FundEO e o processo de reorganiza\u00e7\u00e3o da Companhia.<\/p>\n\n\n\n<p>Participou da vida\ncomunit\u00e1ria com muito interesse, agradecendo todos os gestos de proximidade e\ncarinho que recebia. Procurava momentos para os passar na capela e aproximava-se\ncom muito carinho das irm\u00e3s mais dependentes. Vivia com alegria serena, gostava\nde comentar a Fratelli Tutti com o desejo de que fossemos boas samaritanas umas\npara as outras. \u201cAqui temos muitas\noportunidades\u201d, dizia-nos.<\/p>\n\n\n\n<p>Certamente que a sua\nVirgem do Pilar, j\u00e1 a tem muito perto de Jesus. Descanse em paz. <\/p>\n","protected":false},"excerpt":{"rendered":"<p>N\u00f3s, irm\u00e3s, n\u00e3o precisamos de muitas palavras para saber quem era Pilar Feli\u00fa. Todos conhecemos bem o seu amor pela Companhia e a sua disponibilidade e dedica\u00e7\u00e3o a todos os [&hellip;]<\/p>\n","protected":false},"author":1,"featured_media":7696,"comment_status":"open","ping_status":"open","sticky":false,"template":"","format":"standard","meta":{"_acf_changed":false,"footnotes":""},"categories":[69],"tags":[],"class_list":["post-10516","post","type-post","status-publish","format-standard","has-post-thumbnail","hentry","category-falecimentos"],"acf":[],"yoast_head":"<!-- This site is optimized with the Yoast SEO plugin v27.5 - https:\/\/yoast.com\/product\/yoast-seo-wordpress\/ -->\n<title>M\u00aa Pilar Feli\u00fa Loriente. 17 de marzo de 2021 (Torrent, El Vedat-Residencia) - En Compa\u00f1\u00eda STJ<\/title>\n<meta name=\"robots\" content=\"index, follow, max-snippet:-1, max-image-preview:large, max-video-preview:-1\" \/>\n<link rel=\"canonical\" href=\"https:\/\/encompaniastj.org\/pt-pt\/ma-pilar-feliu-loriente-17-de-marzo-de-2021-torrent-el-vedat-residencia-2\/\" \/>\n<meta property=\"og:locale\" content=\"pt_PT\" \/>\n<meta property=\"og:type\" content=\"article\" \/>\n<meta property=\"og:title\" content=\"M\u00aa Pilar Feli\u00fa Loriente. 17 de marzo de 2021 (Torrent, El Vedat-Residencia) - En Compa\u00f1\u00eda STJ\" \/>\n<meta property=\"og:description\" content=\"N\u00f3s, irm\u00e3s, n\u00e3o precisamos de muitas palavras para saber quem era Pilar Feli\u00fa. Todos conhecemos bem o seu amor pela Companhia e a sua disponibilidade e dedica\u00e7\u00e3o a todos os [&hellip;]\" \/>\n<meta property=\"og:url\" content=\"https:\/\/encompaniastj.org\/pt-pt\/ma-pilar-feliu-loriente-17-de-marzo-de-2021-torrent-el-vedat-residencia-2\/\" \/>\n<meta property=\"og:site_name\" content=\"En Compa\u00f1\u00eda STJ\" \/>\n<meta property=\"article:published_time\" content=\"2021-03-17T09:01:39+00:00\" \/>\n<meta property=\"article:modified_time\" content=\"2025-07-07T14:22:23+00:00\" \/>\n<meta property=\"og:image\" content=\"https:\/\/encompaniastj.org\/wp-content\/uploads\/2025\/05\/apple-blossom-1368187_640.jpg\" \/>\n\t<meta property=\"og:image:width\" content=\"640\" \/>\n\t<meta property=\"og:image:height\" content=\"379\" \/>\n\t<meta property=\"og:image:type\" content=\"image\/jpeg\" \/>\n<meta name=\"author\" content=\"admin\" \/>\n<meta name=\"twitter:card\" content=\"summary_large_image\" \/>\n<meta name=\"twitter:label1\" content=\"Escrito por\" \/>\n\t<meta name=\"twitter:data1\" content=\"admin\" \/>\n\t<meta name=\"twitter:label2\" content=\"Tempo estimado de leitura\" \/>\n\t<meta name=\"twitter:data2\" content=\"1 minuto\" \/>\n<script type=\"application\/ld+json\" class=\"yoast-schema-graph\">{\"@context\":\"https:\\\/\\\/schema.org\",\"@graph\":[{\"@type\":\"Article\",\"@id\":\"https:\\\/\\\/encompaniastj.org\\\/pt-pt\\\/ma-pilar-feliu-loriente-17-de-marzo-de-2021-torrent-el-vedat-residencia-2\\\/#article\",\"isPartOf\":{\"@id\":\"https:\\\/\\\/encompaniastj.org\\\/pt-pt\\\/ma-pilar-feliu-loriente-17-de-marzo-de-2021-torrent-el-vedat-residencia-2\\\/\"},\"author\":{\"name\":\"admin\",\"@id\":\"https:\\\/\\\/encompaniastj.org\\\/pt-pt\\\/#\\\/schema\\\/person\\\/520e7ecc314793d40091993c2a02b651\"},\"headline\":\"M\u00aa Pilar Feli\u00fa Loriente. 17 de marzo de 2021 (Torrent, El Vedat-Residencia)\",\"datePublished\":\"2021-03-17T09:01:39+00:00\",\"dateModified\":\"2025-07-07T14:22:23+00:00\",\"mainEntityOfPage\":{\"@id\":\"https:\\\/\\\/encompaniastj.org\\\/pt-pt\\\/ma-pilar-feliu-loriente-17-de-marzo-de-2021-torrent-el-vedat-residencia-2\\\/\"},\"wordCount\":289,\"commentCount\":0,\"publisher\":{\"@id\":\"https:\\\/\\\/encompaniastj.org\\\/pt-pt\\\/#organization\"},\"image\":{\"@id\":\"https:\\\/\\\/encompaniastj.org\\\/pt-pt\\\/ma-pilar-feliu-loriente-17-de-marzo-de-2021-torrent-el-vedat-residencia-2\\\/#primaryimage\"},\"thumbnailUrl\":\"https:\\\/\\\/encompaniastj.org\\\/wp-content\\\/uploads\\\/2025\\\/05\\\/apple-blossom-1368187_640.jpg\",\"articleSection\":[\"Falecimentos\"],\"inLanguage\":\"pt-PT\",\"potentialAction\":[{\"@type\":\"CommentAction\",\"name\":\"Comment\",\"target\":[\"https:\\\/\\\/encompaniastj.org\\\/pt-pt\\\/ma-pilar-feliu-loriente-17-de-marzo-de-2021-torrent-el-vedat-residencia-2\\\/#respond\"]}]},{\"@type\":\"WebPage\",\"@id\":\"https:\\\/\\\/encompaniastj.org\\\/pt-pt\\\/ma-pilar-feliu-loriente-17-de-marzo-de-2021-torrent-el-vedat-residencia-2\\\/\",\"url\":\"https:\\\/\\\/encompaniastj.org\\\/pt-pt\\\/ma-pilar-feliu-loriente-17-de-marzo-de-2021-torrent-el-vedat-residencia-2\\\/\",\"name\":\"M\u00aa Pilar Feli\u00fa Loriente. 17 de marzo de 2021 (Torrent, El Vedat-Residencia) - En Compa\u00f1\u00eda STJ\",\"isPartOf\":{\"@id\":\"https:\\\/\\\/encompaniastj.org\\\/pt-pt\\\/#website\"},\"primaryImageOfPage\":{\"@id\":\"https:\\\/\\\/encompaniastj.org\\\/pt-pt\\\/ma-pilar-feliu-loriente-17-de-marzo-de-2021-torrent-el-vedat-residencia-2\\\/#primaryimage\"},\"image\":{\"@id\":\"https:\\\/\\\/encompaniastj.org\\\/pt-pt\\\/ma-pilar-feliu-loriente-17-de-marzo-de-2021-torrent-el-vedat-residencia-2\\\/#primaryimage\"},\"thumbnailUrl\":\"https:\\\/\\\/encompaniastj.org\\\/wp-content\\\/uploads\\\/2025\\\/05\\\/apple-blossom-1368187_640.jpg\",\"datePublished\":\"2021-03-17T09:01:39+00:00\",\"dateModified\":\"2025-07-07T14:22:23+00:00\",\"breadcrumb\":{\"@id\":\"https:\\\/\\\/encompaniastj.org\\\/pt-pt\\\/ma-pilar-feliu-loriente-17-de-marzo-de-2021-torrent-el-vedat-residencia-2\\\/#breadcrumb\"},\"inLanguage\":\"pt-PT\",\"potentialAction\":[{\"@type\":\"ReadAction\",\"target\":[\"https:\\\/\\\/encompaniastj.org\\\/pt-pt\\\/ma-pilar-feliu-loriente-17-de-marzo-de-2021-torrent-el-vedat-residencia-2\\\/\"]}]},{\"@type\":\"ImageObject\",\"inLanguage\":\"pt-PT\",\"@id\":\"https:\\\/\\\/encompaniastj.org\\\/pt-pt\\\/ma-pilar-feliu-loriente-17-de-marzo-de-2021-torrent-el-vedat-residencia-2\\\/#primaryimage\",\"url\":\"https:\\\/\\\/encompaniastj.org\\\/wp-content\\\/uploads\\\/2025\\\/05\\\/apple-blossom-1368187_640.jpg\",\"contentUrl\":\"https:\\\/\\\/encompaniastj.org\\\/wp-content\\\/uploads\\\/2025\\\/05\\\/apple-blossom-1368187_640.jpg\",\"width\":640,\"height\":379},{\"@type\":\"BreadcrumbList\",\"@id\":\"https:\\\/\\\/encompaniastj.org\\\/pt-pt\\\/ma-pilar-feliu-loriente-17-de-marzo-de-2021-torrent-el-vedat-residencia-2\\\/#breadcrumb\",\"itemListElement\":[{\"@type\":\"ListItem\",\"position\":1,\"name\":\"Portada\",\"item\":\"https:\\\/\\\/encompaniastj.org\\\/pt-pt\\\/\"},{\"@type\":\"ListItem\",\"position\":2,\"name\":\"M\u00aa Pilar Feli\u00fa Loriente. 17 de marzo de 2021 (Torrent, El Vedat-Residencia)\"}]},{\"@type\":\"WebSite\",\"@id\":\"https:\\\/\\\/encompaniastj.org\\\/pt-pt\\\/#website\",\"url\":\"https:\\\/\\\/encompaniastj.org\\\/pt-pt\\\/\",\"name\":\"En Compa\u00f1\u00eda STJ\",\"description\":\"Bolet\u00edn de la Compa\u00f1\u00eda de Santa Teresa de Jes\u00fas\",\"publisher\":{\"@id\":\"https:\\\/\\\/encompaniastj.org\\\/pt-pt\\\/#organization\"},\"potentialAction\":[{\"@type\":\"SearchAction\",\"target\":{\"@type\":\"EntryPoint\",\"urlTemplate\":\"https:\\\/\\\/encompaniastj.org\\\/pt-pt\\\/?s={search_term_string}\"},\"query-input\":{\"@type\":\"PropertyValueSpecification\",\"valueRequired\":true,\"valueName\":\"search_term_string\"}}],\"inLanguage\":\"pt-PT\"},{\"@type\":\"Organization\",\"@id\":\"https:\\\/\\\/encompaniastj.org\\\/pt-pt\\\/#organization\",\"name\":\"Compa\u00f1\u00eda de Santa Teresa de Jes\u00fas\",\"url\":\"https:\\\/\\\/encompaniastj.org\\\/pt-pt\\\/\",\"logo\":{\"@type\":\"ImageObject\",\"inLanguage\":\"pt-PT\",\"@id\":\"https:\\\/\\\/encompaniastj.org\\\/pt-pt\\\/#\\\/schema\\\/logo\\\/image\\\/\",\"url\":\"https:\\\/\\\/encompaniastj.org\\\/wp-content\\\/uploads\\\/2025\\\/04\\\/logo_provincias02-1-3.png\",\"contentUrl\":\"https:\\\/\\\/encompaniastj.org\\\/wp-content\\\/uploads\\\/2025\\\/04\\\/logo_provincias02-1-3.png\",\"width\":2368,\"height\":825,\"caption\":\"Compa\u00f1\u00eda de Santa Teresa de Jes\u00fas\"},\"image\":{\"@id\":\"https:\\\/\\\/encompaniastj.org\\\/pt-pt\\\/#\\\/schema\\\/logo\\\/image\\\/\"}},{\"@type\":\"Person\",\"@id\":\"https:\\\/\\\/encompaniastj.org\\\/pt-pt\\\/#\\\/schema\\\/person\\\/520e7ecc314793d40091993c2a02b651\",\"name\":\"admin\",\"image\":{\"@type\":\"ImageObject\",\"inLanguage\":\"pt-PT\",\"@id\":\"https:\\\/\\\/secure.gravatar.com\\\/avatar\\\/948b492cce32b586ac2db0eaa926ee87024f7afe218d73b397ea5ddfc5f43ea1?s=96&d=mm&r=g\",\"url\":\"https:\\\/\\\/secure.gravatar.com\\\/avatar\\\/948b492cce32b586ac2db0eaa926ee87024f7afe218d73b397ea5ddfc5f43ea1?s=96&d=mm&r=g\",\"contentUrl\":\"https:\\\/\\\/secure.gravatar.com\\\/avatar\\\/948b492cce32b586ac2db0eaa926ee87024f7afe218d73b397ea5ddfc5f43ea1?s=96&d=mm&r=g\",\"caption\":\"admin\"},\"sameAs\":[\"https:\\\/\\\/encompaniastj.org\"],\"url\":\"https:\\\/\\\/encompaniastj.org\\\/pt-pt\\\/author\\\/sjdigital\\\/\"}]}<\/script>\n<!-- \/ Yoast SEO plugin. -->","yoast_head_json":{"title":"M\u00aa Pilar Feli\u00fa Loriente. 17 de marzo de 2021 (Torrent, El Vedat-Residencia) - En Compa\u00f1\u00eda STJ","robots":{"index":"index","follow":"follow","max-snippet":"max-snippet:-1","max-image-preview":"max-image-preview:large","max-video-preview":"max-video-preview:-1"},"canonical":"https:\/\/encompaniastj.org\/pt-pt\/ma-pilar-feliu-loriente-17-de-marzo-de-2021-torrent-el-vedat-residencia-2\/","og_locale":"pt_PT","og_type":"article","og_title":"M\u00aa Pilar Feli\u00fa Loriente. 17 de marzo de 2021 (Torrent, El Vedat-Residencia) - En Compa\u00f1\u00eda STJ","og_description":"N\u00f3s, irm\u00e3s, n\u00e3o precisamos de muitas palavras para saber quem era Pilar Feli\u00fa. Todos conhecemos bem o seu amor pela Companhia e a sua disponibilidade e dedica\u00e7\u00e3o a todos os [&hellip;]","og_url":"https:\/\/encompaniastj.org\/pt-pt\/ma-pilar-feliu-loriente-17-de-marzo-de-2021-torrent-el-vedat-residencia-2\/","og_site_name":"En Compa\u00f1\u00eda STJ","article_published_time":"2021-03-17T09:01:39+00:00","article_modified_time":"2025-07-07T14:22:23+00:00","og_image":[{"width":640,"height":379,"url":"https:\/\/encompaniastj.org\/wp-content\/uploads\/2025\/05\/apple-blossom-1368187_640.jpg","type":"image\/jpeg"}],"author":"admin","twitter_card":"summary_large_image","twitter_misc":{"Escrito por":"admin","Tempo estimado de leitura":"1 minuto"},"schema":{"@context":"https:\/\/schema.org","@graph":[{"@type":"Article","@id":"https:\/\/encompaniastj.org\/pt-pt\/ma-pilar-feliu-loriente-17-de-marzo-de-2021-torrent-el-vedat-residencia-2\/#article","isPartOf":{"@id":"https:\/\/encompaniastj.org\/pt-pt\/ma-pilar-feliu-loriente-17-de-marzo-de-2021-torrent-el-vedat-residencia-2\/"},"author":{"name":"admin","@id":"https:\/\/encompaniastj.org\/pt-pt\/#\/schema\/person\/520e7ecc314793d40091993c2a02b651"},"headline":"M\u00aa Pilar Feli\u00fa Loriente. 17 de marzo de 2021 (Torrent, El Vedat-Residencia)","datePublished":"2021-03-17T09:01:39+00:00","dateModified":"2025-07-07T14:22:23+00:00","mainEntityOfPage":{"@id":"https:\/\/encompaniastj.org\/pt-pt\/ma-pilar-feliu-loriente-17-de-marzo-de-2021-torrent-el-vedat-residencia-2\/"},"wordCount":289,"commentCount":0,"publisher":{"@id":"https:\/\/encompaniastj.org\/pt-pt\/#organization"},"image":{"@id":"https:\/\/encompaniastj.org\/pt-pt\/ma-pilar-feliu-loriente-17-de-marzo-de-2021-torrent-el-vedat-residencia-2\/#primaryimage"},"thumbnailUrl":"https:\/\/encompaniastj.org\/wp-content\/uploads\/2025\/05\/apple-blossom-1368187_640.jpg","articleSection":["Falecimentos"],"inLanguage":"pt-PT","potentialAction":[{"@type":"CommentAction","name":"Comment","target":["https:\/\/encompaniastj.org\/pt-pt\/ma-pilar-feliu-loriente-17-de-marzo-de-2021-torrent-el-vedat-residencia-2\/#respond"]}]},{"@type":"WebPage","@id":"https:\/\/encompaniastj.org\/pt-pt\/ma-pilar-feliu-loriente-17-de-marzo-de-2021-torrent-el-vedat-residencia-2\/","url":"https:\/\/encompaniastj.org\/pt-pt\/ma-pilar-feliu-loriente-17-de-marzo-de-2021-torrent-el-vedat-residencia-2\/","name":"M\u00aa Pilar Feli\u00fa Loriente. 17 de marzo de 2021 (Torrent, El Vedat-Residencia) - En Compa\u00f1\u00eda STJ","isPartOf":{"@id":"https:\/\/encompaniastj.org\/pt-pt\/#website"},"primaryImageOfPage":{"@id":"https:\/\/encompaniastj.org\/pt-pt\/ma-pilar-feliu-loriente-17-de-marzo-de-2021-torrent-el-vedat-residencia-2\/#primaryimage"},"image":{"@id":"https:\/\/encompaniastj.org\/pt-pt\/ma-pilar-feliu-loriente-17-de-marzo-de-2021-torrent-el-vedat-residencia-2\/#primaryimage"},"thumbnailUrl":"https:\/\/encompaniastj.org\/wp-content\/uploads\/2025\/05\/apple-blossom-1368187_640.jpg","datePublished":"2021-03-17T09:01:39+00:00","dateModified":"2025-07-07T14:22:23+00:00","breadcrumb":{"@id":"https:\/\/encompaniastj.org\/pt-pt\/ma-pilar-feliu-loriente-17-de-marzo-de-2021-torrent-el-vedat-residencia-2\/#breadcrumb"},"inLanguage":"pt-PT","potentialAction":[{"@type":"ReadAction","target":["https:\/\/encompaniastj.org\/pt-pt\/ma-pilar-feliu-loriente-17-de-marzo-de-2021-torrent-el-vedat-residencia-2\/"]}]},{"@type":"ImageObject","inLanguage":"pt-PT","@id":"https:\/\/encompaniastj.org\/pt-pt\/ma-pilar-feliu-loriente-17-de-marzo-de-2021-torrent-el-vedat-residencia-2\/#primaryimage","url":"https:\/\/encompaniastj.org\/wp-content\/uploads\/2025\/05\/apple-blossom-1368187_640.jpg","contentUrl":"https:\/\/encompaniastj.org\/wp-content\/uploads\/2025\/05\/apple-blossom-1368187_640.jpg","width":640,"height":379},{"@type":"BreadcrumbList","@id":"https:\/\/encompaniastj.org\/pt-pt\/ma-pilar-feliu-loriente-17-de-marzo-de-2021-torrent-el-vedat-residencia-2\/#breadcrumb","itemListElement":[{"@type":"ListItem","position":1,"name":"Portada","item":"https:\/\/encompaniastj.org\/pt-pt\/"},{"@type":"ListItem","position":2,"name":"M\u00aa Pilar Feli\u00fa Loriente. 17 de marzo de 2021 (Torrent, El Vedat-Residencia)"}]},{"@type":"WebSite","@id":"https:\/\/encompaniastj.org\/pt-pt\/#website","url":"https:\/\/encompaniastj.org\/pt-pt\/","name":"En Compa\u00f1\u00eda STJ","description":"Bolet\u00edn de la Compa\u00f1\u00eda de Santa Teresa de Jes\u00fas","publisher":{"@id":"https:\/\/encompaniastj.org\/pt-pt\/#organization"},"potentialAction":[{"@type":"SearchAction","target":{"@type":"EntryPoint","urlTemplate":"https:\/\/encompaniastj.org\/pt-pt\/?s={search_term_string}"},"query-input":{"@type":"PropertyValueSpecification","valueRequired":true,"valueName":"search_term_string"}}],"inLanguage":"pt-PT"},{"@type":"Organization","@id":"https:\/\/encompaniastj.org\/pt-pt\/#organization","name":"Compa\u00f1\u00eda de Santa Teresa de Jes\u00fas","url":"https:\/\/encompaniastj.org\/pt-pt\/","logo":{"@type":"ImageObject","inLanguage":"pt-PT","@id":"https:\/\/encompaniastj.org\/pt-pt\/#\/schema\/logo\/image\/","url":"https:\/\/encompaniastj.org\/wp-content\/uploads\/2025\/04\/logo_provincias02-1-3.png","contentUrl":"https:\/\/encompaniastj.org\/wp-content\/uploads\/2025\/04\/logo_provincias02-1-3.png","width":2368,"height":825,"caption":"Compa\u00f1\u00eda de Santa Teresa de Jes\u00fas"},"image":{"@id":"https:\/\/encompaniastj.org\/pt-pt\/#\/schema\/logo\/image\/"}},{"@type":"Person","@id":"https:\/\/encompaniastj.org\/pt-pt\/#\/schema\/person\/520e7ecc314793d40091993c2a02b651","name":"admin","image":{"@type":"ImageObject","inLanguage":"pt-PT","@id":"https:\/\/secure.gravatar.com\/avatar\/948b492cce32b586ac2db0eaa926ee87024f7afe218d73b397ea5ddfc5f43ea1?s=96&d=mm&r=g","url":"https:\/\/secure.gravatar.com\/avatar\/948b492cce32b586ac2db0eaa926ee87024f7afe218d73b397ea5ddfc5f43ea1?s=96&d=mm&r=g","contentUrl":"https:\/\/secure.gravatar.com\/avatar\/948b492cce32b586ac2db0eaa926ee87024f7afe218d73b397ea5ddfc5f43ea1?s=96&d=mm&r=g","caption":"admin"},"sameAs":["https:\/\/encompaniastj.org"],"url":"https:\/\/encompaniastj.org\/pt-pt\/author\/sjdigital\/"}]}},"_links":{"self":[{"href":"https:\/\/encompaniastj.org\/pt-pt\/wp-json\/wp\/v2\/posts\/10516","targetHints":{"allow":["GET"]}}],"collection":[{"href":"https:\/\/encompaniastj.org\/pt-pt\/wp-json\/wp\/v2\/posts"}],"about":[{"href":"https:\/\/encompaniastj.org\/pt-pt\/wp-json\/wp\/v2\/types\/post"}],"author":[{"embeddable":true,"href":"https:\/\/encompaniastj.org\/pt-pt\/wp-json\/wp\/v2\/users\/1"}],"replies":[{"embeddable":true,"href":"https:\/\/encompaniastj.org\/pt-pt\/wp-json\/wp\/v2\/comments?post=10516"}],"version-history":[{"count":1,"href":"https:\/\/encompaniastj.org\/pt-pt\/wp-json\/wp\/v2\/posts\/10516\/revisions"}],"predecessor-version":[{"id":10517,"href":"https:\/\/encompaniastj.org\/pt-pt\/wp-json\/wp\/v2\/posts\/10516\/revisions\/10517"}],"wp:featuredmedia":[{"embeddable":true,"href":"https:\/\/encompaniastj.org\/pt-pt\/wp-json\/wp\/v2\/media\/7696"}],"wp:attachment":[{"href":"https:\/\/encompaniastj.org\/pt-pt\/wp-json\/wp\/v2\/media?parent=10516"}],"wp:term":[{"taxonomy":"category","embeddable":true,"href":"https:\/\/encompaniastj.org\/pt-pt\/wp-json\/wp\/v2\/categories?post=10516"},{"taxonomy":"post_tag","embeddable":true,"href":"https:\/\/encompaniastj.org\/pt-pt\/wp-json\/wp\/v2\/tags?post=10516"}],"curies":[{"name":"wp","href":"https:\/\/api.w.org\/{rel}","templated":true}]}}