{"id":10498,"date":"2021-03-02T15:22:31","date_gmt":"2021-03-02T14:22:31","guid":{"rendered":"https:\/\/encompaniastj.org\/comunidade-de-echavacoiz-pamplona\/"},"modified":"2025-07-07T16:22:20","modified_gmt":"2025-07-07T14:22:20","slug":"comunidade-de-echavacoiz-pamplona","status":"publish","type":"post","link":"https:\/\/encompaniastj.org\/pt-pt\/comunidade-de-echavacoiz-pamplona\/","title":{"rendered":"Comunidade de Echavacoiz - Pamplona"},"content":{"rendered":"\n<p>A nossa comunidade Echavacoiz \u00e9 formada por cinco irm\u00e3s: Margarita\nBartolom\u00e9, Ros\u00e1rio Armend\u00e1riz, Ana Montserrat, Elisa Erro e Esperan\u00e7a Sanju\u00e1n.<\/p>\n\n\n\n<p>O nosso bairro \u00e9 modesto e muito familiar, dir\u00edamos que estamos numa\npequena aldeia onde quase todos nos conhecemos. Nele vivemos 62 nacionalidades.\nOs imigrantes procuram esta zona por ser a mais econ\u00f3mica. Facilmente, duas ou\ntr\u00eas fam\u00edlias e \u00e0s vezes at\u00e9 15 imigrantes vivem em casas de 47 m\u00b2.<\/p>\n\n\n\n<p>A nossa miss\u00e3o est\u00e1 muito centrada na Par\u00f3quia, na Escola P\u00fablica\ne na casa de acolhimento da Rua Mayor, al\u00e9m de cuidar de um familiar doente.<\/p>\n\n\n\n<p>Ferem-nos as pobrezas profundas e tentamos colaborar e implicar-nos\nem sermos samaritanas com os nossos irm\u00e3os e irm\u00e3s mais vulner\u00e1veis.<\/p>\n\n\n\n<p>Sab\u00edamos pela experi\u00eancia de v\u00e1rios anos que vivemos numa\nrealidade diferente, onde fomos mergulhando, n\u00e3o por uma mudan\u00e7a de mentalidade,\nmas por causa da experi\u00eancia vivida. Estes 21 anos marcaram-nos e, sem d\u00favida,\naproximaram-nos do Jesus compassivo, pr\u00f3ximo, irm\u00e3o.<\/p>\n\n\n\n<p>Anos que nos fizeram crescer e irmos abrindo-nos a iniciativas que\nsem d\u00favida nos ajudaram a melhorar a nossa forma de interven\u00e7\u00e3o e aproxima\u00e7\u00e3o.\nSentimos que a nossa presen\u00e7a aqui desperta a sensibilidade de muitas pessoas e\nisso satisfaz-nos.<\/p>\n\n\n\n<p>Sentimo-nos muito confort\u00e1veis \u200b\u200bno bairro. Amamo-los e sentimo-nos\namadas. Estar com a gente simples, descobrir os seus valores, acompanh\u00e1-los nos\nseus momentos de tristeza e de alegria preenche-nos interiormente. Ficamos\nfelizes em partilhar, em sentirmo-nos pr\u00f3ximas. A todas as pobrezas, juntamos\ntamb\u00e9m as nossas.<\/p>\n\n\n\n<p>O nosso ser, viver e fazer aqui e agora faz-nos felizes. Essas\npessoas simples fazem parte da nossa vida e da nossa ora\u00e7\u00e3o di\u00e1ria.<\/p>\n\n\n\n<p><strong>CASA DE ACOLHIMENTO<\/strong><\/p>\n\n\n\n<p>Casa de acolhimento urgente e tempor\u00e1rio para mulheres sozinhas ou\ncom menores a seu cargo que se encontram em situa\u00e7\u00e3o de extrema vulnerabilidade\ne \/ ou sem prote\u00e7\u00e3o. O projeto conta com duas irm\u00e3s, Elisa e Esperan\u00e7a, que\nmoram permanentemente nas duas casas geminadas da rua Mayor de Pamplona, \u200b\u200bn\u00bas\n67 e 69, e tem como objetivo ACOLHER, ESCUTAR E ACOMPANHAR essas mulheres no\nseu processo de adapta\u00e7\u00e3o, cura e autonomia. Elas trabalham em coordena\u00e7\u00e3o com\nprofissionais do Servi\u00e7o Social (TS e educadores). Tem\ncapacidade para oito pessoas entre mulheres e menores.<\/p>\n\n\n\n<p>S\u00e3o mulheres que se encontram em situa\u00e7\u00f5es extremas e precisam de\num espa\u00e7o tranquilo para tomar contato com o melhor delas mesmas e acompanhamento\npara fazer uma leitura das suas vidas a partir das suas ideias e cren\u00e7as. O RESPEITO,\na TOLER\u00c2NCIA e a DIFEREN\u00c7A acontecem diariamente. <em>Ningu\u00e9m ensina ningu\u00e9m<\/em>,\n<em>porque todas caminhamos JUNTAS, para um horizonte comum.<\/em><\/p>\n\n\n\n<p>A coexist\u00eancia de diferentes culturas, ra\u00e7as e credos \u00e9 uma grande\nriqueza. Juntas fazem o caminho, reconhecendo tudo de bom e de belo que existe\nna diferen\u00e7a.<\/p>\n\n\n\n<ul class=\"wp-block-gallery columns-2 is-cropped wp-block-gallery-1 is-layout-flex wp-block-gallery-is-layout-flex\"><li class=\"blocks-gallery-item\"><figure><img decoding=\"async\" src=\"https:\/\/encompaniastj.org\/wp-content\/uploads\/2025\/05\/Echav2.jpg\" alt=\"\" data-id=\"7584\" data-link=\"https:\/\/encompaniastj.org\/pt-pt\/echav2-2\/\" class=\"wp-image-7584\"\/><\/figure><\/li><li class=\"blocks-gallery-item\"><figure><img decoding=\"async\" src=\"https:\/\/encompaniastj.org\/wp-content\/uploads\/2025\/05\/Echav1.jpg\" alt=\"\" data-id=\"7582\" data-link=\"https:\/\/encompaniastj.org\/pt-pt\/echav1-2\/\" class=\"wp-image-7582\"\/><\/figure><\/li><\/ul>\n","protected":false},"excerpt":{"rendered":"<p>A nossa comunidade Echavacoiz \u00e9 formada por cinco irm\u00e3s: Margarita Bartolom\u00e9, Ros\u00e1rio Armend\u00e1riz, Ana Montserrat, Elisa Erro e Esperan\u00e7a Sanju\u00e1n. O nosso bairro \u00e9 modesto e muito familiar, dir\u00edamos que [&hellip;]<\/p>\n","protected":false},"author":1,"featured_media":7680,"comment_status":"open","ping_status":"open","sticky":false,"template":"","format":"standard","meta":{"_acf_changed":false,"footnotes":""},"categories":[67,66],"tags":[],"class_list":["post-10498","post","type-post","status-publish","format-standard","has-post-thumbnail","hentry","category-comunidades-conhecemo-nos","category-conhecemo-nos"],"acf":[],"yoast_head":"<!-- This site is optimized with the Yoast SEO plugin v27.5 - https:\/\/yoast.com\/product\/yoast-seo-wordpress\/ -->\n<title>Comunidade de Echavacoiz - Pamplona - En Compa\u00f1\u00eda STJ<\/title>\n<meta name=\"robots\" content=\"index, follow, max-snippet:-1, max-image-preview:large, max-video-preview:-1\" \/>\n<link rel=\"canonical\" href=\"https:\/\/encompaniastj.org\/pt-pt\/comunidade-de-echavacoiz-pamplona\/\" \/>\n<meta property=\"og:locale\" content=\"pt_PT\" \/>\n<meta property=\"og:type\" content=\"article\" \/>\n<meta property=\"og:title\" content=\"Comunidade de Echavacoiz - Pamplona - En Compa\u00f1\u00eda STJ\" \/>\n<meta property=\"og:description\" content=\"A nossa comunidade Echavacoiz \u00e9 formada por cinco irm\u00e3s: Margarita Bartolom\u00e9, Ros\u00e1rio Armend\u00e1riz, Ana Montserrat, Elisa Erro e Esperan\u00e7a Sanju\u00e1n. O nosso bairro \u00e9 modesto e muito familiar, dir\u00edamos que [&hellip;]\" \/>\n<meta property=\"og:url\" content=\"https:\/\/encompaniastj.org\/pt-pt\/comunidade-de-echavacoiz-pamplona\/\" \/>\n<meta property=\"og:site_name\" content=\"En Compa\u00f1\u00eda STJ\" \/>\n<meta property=\"article:published_time\" content=\"2021-03-02T14:22:31+00:00\" \/>\n<meta property=\"article:modified_time\" content=\"2025-07-07T14:22:20+00:00\" \/>\n<meta property=\"og:image\" content=\"https:\/\/encompaniastj.org\/wp-content\/uploads\/2025\/05\/Echav2.jpg\" \/>\n\t<meta property=\"og:image:width\" content=\"248\" \/>\n\t<meta property=\"og:image:height\" content=\"186\" \/>\n\t<meta property=\"og:image:type\" content=\"image\/jpeg\" \/>\n<meta name=\"author\" content=\"admin\" \/>\n<meta name=\"twitter:card\" content=\"summary_large_image\" \/>\n<meta name=\"twitter:label1\" content=\"Escrito por\" \/>\n\t<meta name=\"twitter:data1\" content=\"admin\" \/>\n\t<meta name=\"twitter:label2\" content=\"Tempo estimado de leitura\" \/>\n\t<meta name=\"twitter:data2\" content=\"2 minutos\" \/>\n<script type=\"application\/ld+json\" class=\"yoast-schema-graph\">{\"@context\":\"https:\\\/\\\/schema.org\",\"@graph\":[{\"@type\":\"Article\",\"@id\":\"https:\\\/\\\/encompaniastj.org\\\/pt-pt\\\/comunidade-de-echavacoiz-pamplona\\\/#article\",\"isPartOf\":{\"@id\":\"https:\\\/\\\/encompaniastj.org\\\/pt-pt\\\/comunidade-de-echavacoiz-pamplona\\\/\"},\"author\":{\"name\":\"admin\",\"@id\":\"https:\\\/\\\/encompaniastj.org\\\/pt-pt\\\/#\\\/schema\\\/person\\\/520e7ecc314793d40091993c2a02b651\"},\"headline\":\"Comunidade de Echavacoiz - Pamplona\",\"datePublished\":\"2021-03-02T14:22:31+00:00\",\"dateModified\":\"2025-07-07T14:22:20+00:00\",\"mainEntityOfPage\":{\"@id\":\"https:\\\/\\\/encompaniastj.org\\\/pt-pt\\\/comunidade-de-echavacoiz-pamplona\\\/\"},\"wordCount\":492,\"commentCount\":0,\"publisher\":{\"@id\":\"https:\\\/\\\/encompaniastj.org\\\/pt-pt\\\/#organization\"},\"image\":{\"@id\":\"https:\\\/\\\/encompaniastj.org\\\/pt-pt\\\/comunidade-de-echavacoiz-pamplona\\\/#primaryimage\"},\"thumbnailUrl\":\"https:\\\/\\\/encompaniastj.org\\\/wp-content\\\/uploads\\\/2025\\\/05\\\/Echav2.jpg\",\"articleSection\":[\"Comunidades\",\"Conhecemo-nos\"],\"inLanguage\":\"pt-PT\",\"potentialAction\":[{\"@type\":\"CommentAction\",\"name\":\"Comment\",\"target\":[\"https:\\\/\\\/encompaniastj.org\\\/pt-pt\\\/comunidade-de-echavacoiz-pamplona\\\/#respond\"]}]},{\"@type\":\"WebPage\",\"@id\":\"https:\\\/\\\/encompaniastj.org\\\/pt-pt\\\/comunidade-de-echavacoiz-pamplona\\\/\",\"url\":\"https:\\\/\\\/encompaniastj.org\\\/pt-pt\\\/comunidade-de-echavacoiz-pamplona\\\/\",\"name\":\"Comunidade de Echavacoiz - Pamplona - En Compa\u00f1\u00eda STJ\",\"isPartOf\":{\"@id\":\"https:\\\/\\\/encompaniastj.org\\\/pt-pt\\\/#website\"},\"primaryImageOfPage\":{\"@id\":\"https:\\\/\\\/encompaniastj.org\\\/pt-pt\\\/comunidade-de-echavacoiz-pamplona\\\/#primaryimage\"},\"image\":{\"@id\":\"https:\\\/\\\/encompaniastj.org\\\/pt-pt\\\/comunidade-de-echavacoiz-pamplona\\\/#primaryimage\"},\"thumbnailUrl\":\"https:\\\/\\\/encompaniastj.org\\\/wp-content\\\/uploads\\\/2025\\\/05\\\/Echav2.jpg\",\"datePublished\":\"2021-03-02T14:22:31+00:00\",\"dateModified\":\"2025-07-07T14:22:20+00:00\",\"breadcrumb\":{\"@id\":\"https:\\\/\\\/encompaniastj.org\\\/pt-pt\\\/comunidade-de-echavacoiz-pamplona\\\/#breadcrumb\"},\"inLanguage\":\"pt-PT\",\"potentialAction\":[{\"@type\":\"ReadAction\",\"target\":[\"https:\\\/\\\/encompaniastj.org\\\/pt-pt\\\/comunidade-de-echavacoiz-pamplona\\\/\"]}]},{\"@type\":\"ImageObject\",\"inLanguage\":\"pt-PT\",\"@id\":\"https:\\\/\\\/encompaniastj.org\\\/pt-pt\\\/comunidade-de-echavacoiz-pamplona\\\/#primaryimage\",\"url\":\"https:\\\/\\\/encompaniastj.org\\\/wp-content\\\/uploads\\\/2025\\\/05\\\/Echav2.jpg\",\"contentUrl\":\"https:\\\/\\\/encompaniastj.org\\\/wp-content\\\/uploads\\\/2025\\\/05\\\/Echav2.jpg\",\"width\":248,\"height\":186},{\"@type\":\"BreadcrumbList\",\"@id\":\"https:\\\/\\\/encompaniastj.org\\\/pt-pt\\\/comunidade-de-echavacoiz-pamplona\\\/#breadcrumb\",\"itemListElement\":[{\"@type\":\"ListItem\",\"position\":1,\"name\":\"Portada\",\"item\":\"https:\\\/\\\/encompaniastj.org\\\/pt-pt\\\/\"},{\"@type\":\"ListItem\",\"position\":2,\"name\":\"Comunidade de Echavacoiz - Pamplona\"}]},{\"@type\":\"WebSite\",\"@id\":\"https:\\\/\\\/encompaniastj.org\\\/pt-pt\\\/#website\",\"url\":\"https:\\\/\\\/encompaniastj.org\\\/pt-pt\\\/\",\"name\":\"En Compa\u00f1\u00eda STJ\",\"description\":\"Bolet\u00edn de la Compa\u00f1\u00eda de Santa Teresa de Jes\u00fas\",\"publisher\":{\"@id\":\"https:\\\/\\\/encompaniastj.org\\\/pt-pt\\\/#organization\"},\"potentialAction\":[{\"@type\":\"SearchAction\",\"target\":{\"@type\":\"EntryPoint\",\"urlTemplate\":\"https:\\\/\\\/encompaniastj.org\\\/pt-pt\\\/?s={search_term_string}\"},\"query-input\":{\"@type\":\"PropertyValueSpecification\",\"valueRequired\":true,\"valueName\":\"search_term_string\"}}],\"inLanguage\":\"pt-PT\"},{\"@type\":\"Organization\",\"@id\":\"https:\\\/\\\/encompaniastj.org\\\/pt-pt\\\/#organization\",\"name\":\"Compa\u00f1\u00eda de Santa Teresa de Jes\u00fas\",\"url\":\"https:\\\/\\\/encompaniastj.org\\\/pt-pt\\\/\",\"logo\":{\"@type\":\"ImageObject\",\"inLanguage\":\"pt-PT\",\"@id\":\"https:\\\/\\\/encompaniastj.org\\\/pt-pt\\\/#\\\/schema\\\/logo\\\/image\\\/\",\"url\":\"https:\\\/\\\/encompaniastj.org\\\/wp-content\\\/uploads\\\/2025\\\/04\\\/logo_provincias02-1-3.png\",\"contentUrl\":\"https:\\\/\\\/encompaniastj.org\\\/wp-content\\\/uploads\\\/2025\\\/04\\\/logo_provincias02-1-3.png\",\"width\":2368,\"height\":825,\"caption\":\"Compa\u00f1\u00eda de Santa Teresa de Jes\u00fas\"},\"image\":{\"@id\":\"https:\\\/\\\/encompaniastj.org\\\/pt-pt\\\/#\\\/schema\\\/logo\\\/image\\\/\"}},{\"@type\":\"Person\",\"@id\":\"https:\\\/\\\/encompaniastj.org\\\/pt-pt\\\/#\\\/schema\\\/person\\\/520e7ecc314793d40091993c2a02b651\",\"name\":\"admin\",\"image\":{\"@type\":\"ImageObject\",\"inLanguage\":\"pt-PT\",\"@id\":\"https:\\\/\\\/secure.gravatar.com\\\/avatar\\\/948b492cce32b586ac2db0eaa926ee87024f7afe218d73b397ea5ddfc5f43ea1?s=96&d=mm&r=g\",\"url\":\"https:\\\/\\\/secure.gravatar.com\\\/avatar\\\/948b492cce32b586ac2db0eaa926ee87024f7afe218d73b397ea5ddfc5f43ea1?s=96&d=mm&r=g\",\"contentUrl\":\"https:\\\/\\\/secure.gravatar.com\\\/avatar\\\/948b492cce32b586ac2db0eaa926ee87024f7afe218d73b397ea5ddfc5f43ea1?s=96&d=mm&r=g\",\"caption\":\"admin\"},\"sameAs\":[\"https:\\\/\\\/encompaniastj.org\"],\"url\":\"https:\\\/\\\/encompaniastj.org\\\/pt-pt\\\/author\\\/sjdigital\\\/\"}]}<\/script>\n<!-- \/ Yoast SEO plugin. -->","yoast_head_json":{"title":"Comunidade de Echavacoiz - Pamplona - En Compa\u00f1\u00eda STJ","robots":{"index":"index","follow":"follow","max-snippet":"max-snippet:-1","max-image-preview":"max-image-preview:large","max-video-preview":"max-video-preview:-1"},"canonical":"https:\/\/encompaniastj.org\/pt-pt\/comunidade-de-echavacoiz-pamplona\/","og_locale":"pt_PT","og_type":"article","og_title":"Comunidade de Echavacoiz - Pamplona - En Compa\u00f1\u00eda STJ","og_description":"A nossa comunidade Echavacoiz \u00e9 formada por cinco irm\u00e3s: Margarita Bartolom\u00e9, Ros\u00e1rio Armend\u00e1riz, Ana Montserrat, Elisa Erro e Esperan\u00e7a Sanju\u00e1n. O nosso bairro \u00e9 modesto e muito familiar, dir\u00edamos que [&hellip;]","og_url":"https:\/\/encompaniastj.org\/pt-pt\/comunidade-de-echavacoiz-pamplona\/","og_site_name":"En Compa\u00f1\u00eda STJ","article_published_time":"2021-03-02T14:22:31+00:00","article_modified_time":"2025-07-07T14:22:20+00:00","og_image":[{"width":248,"height":186,"url":"https:\/\/encompaniastj.org\/wp-content\/uploads\/2025\/05\/Echav2.jpg","type":"image\/jpeg"}],"author":"admin","twitter_card":"summary_large_image","twitter_misc":{"Escrito por":"admin","Tempo estimado de leitura":"2 minutos"},"schema":{"@context":"https:\/\/schema.org","@graph":[{"@type":"Article","@id":"https:\/\/encompaniastj.org\/pt-pt\/comunidade-de-echavacoiz-pamplona\/#article","isPartOf":{"@id":"https:\/\/encompaniastj.org\/pt-pt\/comunidade-de-echavacoiz-pamplona\/"},"author":{"name":"admin","@id":"https:\/\/encompaniastj.org\/pt-pt\/#\/schema\/person\/520e7ecc314793d40091993c2a02b651"},"headline":"Comunidade de Echavacoiz - Pamplona","datePublished":"2021-03-02T14:22:31+00:00","dateModified":"2025-07-07T14:22:20+00:00","mainEntityOfPage":{"@id":"https:\/\/encompaniastj.org\/pt-pt\/comunidade-de-echavacoiz-pamplona\/"},"wordCount":492,"commentCount":0,"publisher":{"@id":"https:\/\/encompaniastj.org\/pt-pt\/#organization"},"image":{"@id":"https:\/\/encompaniastj.org\/pt-pt\/comunidade-de-echavacoiz-pamplona\/#primaryimage"},"thumbnailUrl":"https:\/\/encompaniastj.org\/wp-content\/uploads\/2025\/05\/Echav2.jpg","articleSection":["Comunidades","Conhecemo-nos"],"inLanguage":"pt-PT","potentialAction":[{"@type":"CommentAction","name":"Comment","target":["https:\/\/encompaniastj.org\/pt-pt\/comunidade-de-echavacoiz-pamplona\/#respond"]}]},{"@type":"WebPage","@id":"https:\/\/encompaniastj.org\/pt-pt\/comunidade-de-echavacoiz-pamplona\/","url":"https:\/\/encompaniastj.org\/pt-pt\/comunidade-de-echavacoiz-pamplona\/","name":"Comunidade de Echavacoiz - Pamplona - En Compa\u00f1\u00eda STJ","isPartOf":{"@id":"https:\/\/encompaniastj.org\/pt-pt\/#website"},"primaryImageOfPage":{"@id":"https:\/\/encompaniastj.org\/pt-pt\/comunidade-de-echavacoiz-pamplona\/#primaryimage"},"image":{"@id":"https:\/\/encompaniastj.org\/pt-pt\/comunidade-de-echavacoiz-pamplona\/#primaryimage"},"thumbnailUrl":"https:\/\/encompaniastj.org\/wp-content\/uploads\/2025\/05\/Echav2.jpg","datePublished":"2021-03-02T14:22:31+00:00","dateModified":"2025-07-07T14:22:20+00:00","breadcrumb":{"@id":"https:\/\/encompaniastj.org\/pt-pt\/comunidade-de-echavacoiz-pamplona\/#breadcrumb"},"inLanguage":"pt-PT","potentialAction":[{"@type":"ReadAction","target":["https:\/\/encompaniastj.org\/pt-pt\/comunidade-de-echavacoiz-pamplona\/"]}]},{"@type":"ImageObject","inLanguage":"pt-PT","@id":"https:\/\/encompaniastj.org\/pt-pt\/comunidade-de-echavacoiz-pamplona\/#primaryimage","url":"https:\/\/encompaniastj.org\/wp-content\/uploads\/2025\/05\/Echav2.jpg","contentUrl":"https:\/\/encompaniastj.org\/wp-content\/uploads\/2025\/05\/Echav2.jpg","width":248,"height":186},{"@type":"BreadcrumbList","@id":"https:\/\/encompaniastj.org\/pt-pt\/comunidade-de-echavacoiz-pamplona\/#breadcrumb","itemListElement":[{"@type":"ListItem","position":1,"name":"Portada","item":"https:\/\/encompaniastj.org\/pt-pt\/"},{"@type":"ListItem","position":2,"name":"Comunidade de Echavacoiz - Pamplona"}]},{"@type":"WebSite","@id":"https:\/\/encompaniastj.org\/pt-pt\/#website","url":"https:\/\/encompaniastj.org\/pt-pt\/","name":"En Compa\u00f1\u00eda STJ","description":"Bolet\u00edn de la Compa\u00f1\u00eda de Santa Teresa de Jes\u00fas","publisher":{"@id":"https:\/\/encompaniastj.org\/pt-pt\/#organization"},"potentialAction":[{"@type":"SearchAction","target":{"@type":"EntryPoint","urlTemplate":"https:\/\/encompaniastj.org\/pt-pt\/?s={search_term_string}"},"query-input":{"@type":"PropertyValueSpecification","valueRequired":true,"valueName":"search_term_string"}}],"inLanguage":"pt-PT"},{"@type":"Organization","@id":"https:\/\/encompaniastj.org\/pt-pt\/#organization","name":"Compa\u00f1\u00eda de Santa Teresa de Jes\u00fas","url":"https:\/\/encompaniastj.org\/pt-pt\/","logo":{"@type":"ImageObject","inLanguage":"pt-PT","@id":"https:\/\/encompaniastj.org\/pt-pt\/#\/schema\/logo\/image\/","url":"https:\/\/encompaniastj.org\/wp-content\/uploads\/2025\/04\/logo_provincias02-1-3.png","contentUrl":"https:\/\/encompaniastj.org\/wp-content\/uploads\/2025\/04\/logo_provincias02-1-3.png","width":2368,"height":825,"caption":"Compa\u00f1\u00eda de Santa Teresa de Jes\u00fas"},"image":{"@id":"https:\/\/encompaniastj.org\/pt-pt\/#\/schema\/logo\/image\/"}},{"@type":"Person","@id":"https:\/\/encompaniastj.org\/pt-pt\/#\/schema\/person\/520e7ecc314793d40091993c2a02b651","name":"admin","image":{"@type":"ImageObject","inLanguage":"pt-PT","@id":"https:\/\/secure.gravatar.com\/avatar\/948b492cce32b586ac2db0eaa926ee87024f7afe218d73b397ea5ddfc5f43ea1?s=96&d=mm&r=g","url":"https:\/\/secure.gravatar.com\/avatar\/948b492cce32b586ac2db0eaa926ee87024f7afe218d73b397ea5ddfc5f43ea1?s=96&d=mm&r=g","contentUrl":"https:\/\/secure.gravatar.com\/avatar\/948b492cce32b586ac2db0eaa926ee87024f7afe218d73b397ea5ddfc5f43ea1?s=96&d=mm&r=g","caption":"admin"},"sameAs":["https:\/\/encompaniastj.org"],"url":"https:\/\/encompaniastj.org\/pt-pt\/author\/sjdigital\/"}]}},"_links":{"self":[{"href":"https:\/\/encompaniastj.org\/pt-pt\/wp-json\/wp\/v2\/posts\/10498","targetHints":{"allow":["GET"]}}],"collection":[{"href":"https:\/\/encompaniastj.org\/pt-pt\/wp-json\/wp\/v2\/posts"}],"about":[{"href":"https:\/\/encompaniastj.org\/pt-pt\/wp-json\/wp\/v2\/types\/post"}],"author":[{"embeddable":true,"href":"https:\/\/encompaniastj.org\/pt-pt\/wp-json\/wp\/v2\/users\/1"}],"replies":[{"embeddable":true,"href":"https:\/\/encompaniastj.org\/pt-pt\/wp-json\/wp\/v2\/comments?post=10498"}],"version-history":[{"count":1,"href":"https:\/\/encompaniastj.org\/pt-pt\/wp-json\/wp\/v2\/posts\/10498\/revisions"}],"predecessor-version":[{"id":10499,"href":"https:\/\/encompaniastj.org\/pt-pt\/wp-json\/wp\/v2\/posts\/10498\/revisions\/10499"}],"wp:featuredmedia":[{"embeddable":true,"href":"https:\/\/encompaniastj.org\/pt-pt\/wp-json\/wp\/v2\/media\/7680"}],"wp:attachment":[{"href":"https:\/\/encompaniastj.org\/pt-pt\/wp-json\/wp\/v2\/media?parent=10498"}],"wp:term":[{"taxonomy":"category","embeddable":true,"href":"https:\/\/encompaniastj.org\/pt-pt\/wp-json\/wp\/v2\/categories?post=10498"},{"taxonomy":"post_tag","embeddable":true,"href":"https:\/\/encompaniastj.org\/pt-pt\/wp-json\/wp\/v2\/tags?post=10498"}],"curies":[{"name":"wp","href":"https:\/\/api.w.org\/{rel}","templated":true}]}}