{"id":10488,"date":"2021-02-28T12:40:15","date_gmt":"2021-02-28T11:40:15","guid":{"rendered":"https:\/\/encompaniastj.org\/benita-rodriguez-28-de-febrero-de-2021-barcelona-casa-madre-residencia\/"},"modified":"2025-07-07T16:22:18","modified_gmt":"2025-07-07T14:22:18","slug":"benita-rodriguez-28-de-febrero-de-2021-barcelona-casa-madre-residencia","status":"publish","type":"post","link":"https:\/\/encompaniastj.org\/pt-pt\/benita-rodriguez-28-de-febrero-de-2021-barcelona-casa-madre-residencia\/","title":{"rendered":"Benita Rodr\u00edguez Rodr\u00edguez. 28 de febrero de 2021. (Barcelona, Casa Madre-Residencia)"},"content":{"rendered":"\n<p>Santa Teresa exprimia a enorme confian\u00e7a que sentia ao pensar na morte,\nporque iria ao encontro de Jesus, a quem ela tinha amado acima de tudo. Esta \u00e9\na confian\u00e7a de toda a teresiana, e esta foi a que Benita viveu e que a animou\nao longo da sua vida<\/p>\n\n\n\n<p>Nasceu em Mora de Toledo em 1936, pouco antes do\nin\u00edcio da guerra em Espanha, da qual ela n\u00e3o se podia recordar, mas cujas\nconsequ\u00eancias teve que viver plenamente naquela \u00e9poca de racionamento de\nalimentos e acerto de contas na vida pol\u00edtica e social. Amava a sua fam\u00edlia e\nsempre viveu muito unida a ela. Passou um tempo em Mora cuidando da sua m\u00e3e e,\nquando teve dificuldades em visit\u00e1-los, vinham as suas irm\u00e3s a Barcelona para\nse encontrarem.<\/p>\n\n\n\n<p>Entrou na Companhia em 1958 e, no final do\nnoviciado em Tortosa, foi destinada a Barcelona, Ganduxer. Nunca teve outro\ndestino e sempre se encarregou da portaria at\u00e9 \u00e0 sua reforma; por isso e pelo\nseu car\u00e1ter atencioso e acolhedor, conquistou a amizade de gera\u00e7\u00f5es e gera\u00e7\u00f5es\nde fam\u00edlias, para as quais foi uma forte refer\u00eancia da sua vida de col\u00e9gio, e\nque todos ainda a lembram com carinho. Ela era tamb\u00e9m uma motorista experiente\ne ach\u00e1vamos admir\u00e1vel que uma pessoa t\u00e3o pequena pudesse dirigir uma carrinha\nt\u00e3o grande.<\/p>\n\n\n\n<p>Damos gra\u00e7as a Deus pela sua vida. Descanse em\npaz. <\/p>\n","protected":false},"excerpt":{"rendered":"<p>Santa Teresa exprimia a enorme confian\u00e7a que sentia ao pensar na morte, porque iria ao encontro de Jesus, a quem ela tinha amado acima de tudo. Esta \u00e9 a confian\u00e7a [&hellip;]<\/p>\n","protected":false},"author":1,"featured_media":7677,"comment_status":"open","ping_status":"open","sticky":false,"template":"","format":"standard","meta":{"_acf_changed":false,"footnotes":""},"categories":[69],"tags":[],"class_list":["post-10488","post","type-post","status-publish","format-standard","has-post-thumbnail","hentry","category-falecimentos"],"acf":[],"yoast_head":"<!-- This site is optimized with the Yoast SEO plugin v27.5 - https:\/\/yoast.com\/product\/yoast-seo-wordpress\/ -->\n<title>Benita Rodr\u00edguez Rodr\u00edguez. 28 de febrero de 2021. (Barcelona, Casa Madre-Residencia) - En Compa\u00f1\u00eda STJ<\/title>\n<meta name=\"robots\" content=\"index, follow, max-snippet:-1, max-image-preview:large, max-video-preview:-1\" \/>\n<link rel=\"canonical\" href=\"https:\/\/encompaniastj.org\/pt-pt\/benita-rodriguez-28-de-febrero-de-2021-barcelona-casa-madre-residencia\/\" \/>\n<meta property=\"og:locale\" content=\"pt_PT\" \/>\n<meta property=\"og:type\" content=\"article\" \/>\n<meta property=\"og:title\" content=\"Benita Rodr\u00edguez Rodr\u00edguez. 28 de febrero de 2021. (Barcelona, Casa Madre-Residencia) - En Compa\u00f1\u00eda STJ\" \/>\n<meta property=\"og:description\" content=\"Santa Teresa exprimia a enorme confian\u00e7a que sentia ao pensar na morte, porque iria ao encontro de Jesus, a quem ela tinha amado acima de tudo. Esta \u00e9 a confian\u00e7a [&hellip;]\" \/>\n<meta property=\"og:url\" content=\"https:\/\/encompaniastj.org\/pt-pt\/benita-rodriguez-28-de-febrero-de-2021-barcelona-casa-madre-residencia\/\" \/>\n<meta property=\"og:site_name\" content=\"En Compa\u00f1\u00eda STJ\" \/>\n<meta property=\"article:published_time\" content=\"2021-02-28T11:40:15+00:00\" \/>\n<meta property=\"article:modified_time\" content=\"2025-07-07T14:22:18+00:00\" \/>\n<meta property=\"og:image\" content=\"https:\/\/encompaniastj.org\/wp-content\/uploads\/2025\/05\/almond-blossoms-1229138_640.jpg\" \/>\n\t<meta property=\"og:image:width\" content=\"640\" \/>\n\t<meta property=\"og:image:height\" content=\"480\" \/>\n\t<meta property=\"og:image:type\" content=\"image\/jpeg\" \/>\n<meta name=\"author\" content=\"admin\" \/>\n<meta name=\"twitter:card\" content=\"summary_large_image\" \/>\n<meta name=\"twitter:label1\" content=\"Escrito por\" \/>\n\t<meta name=\"twitter:data1\" content=\"admin\" \/>\n\t<meta name=\"twitter:label2\" content=\"Tempo estimado de leitura\" \/>\n\t<meta name=\"twitter:data2\" content=\"1 minuto\" \/>\n<script type=\"application\/ld+json\" class=\"yoast-schema-graph\">{\"@context\":\"https:\\\/\\\/schema.org\",\"@graph\":[{\"@type\":\"Article\",\"@id\":\"https:\\\/\\\/encompaniastj.org\\\/pt-pt\\\/benita-rodriguez-28-de-febrero-de-2021-barcelona-casa-madre-residencia\\\/#article\",\"isPartOf\":{\"@id\":\"https:\\\/\\\/encompaniastj.org\\\/pt-pt\\\/benita-rodriguez-28-de-febrero-de-2021-barcelona-casa-madre-residencia\\\/\"},\"author\":{\"name\":\"admin\",\"@id\":\"https:\\\/\\\/encompaniastj.org\\\/pt-pt\\\/#\\\/schema\\\/person\\\/520e7ecc314793d40091993c2a02b651\"},\"headline\":\"Benita Rodr\u00edguez Rodr\u00edguez. 28 de febrero de 2021. (Barcelona, Casa Madre-Residencia)\",\"datePublished\":\"2021-02-28T11:40:15+00:00\",\"dateModified\":\"2025-07-07T14:22:18+00:00\",\"mainEntityOfPage\":{\"@id\":\"https:\\\/\\\/encompaniastj.org\\\/pt-pt\\\/benita-rodriguez-28-de-febrero-de-2021-barcelona-casa-madre-residencia\\\/\"},\"wordCount\":257,\"commentCount\":0,\"publisher\":{\"@id\":\"https:\\\/\\\/encompaniastj.org\\\/pt-pt\\\/#organization\"},\"image\":{\"@id\":\"https:\\\/\\\/encompaniastj.org\\\/pt-pt\\\/benita-rodriguez-28-de-febrero-de-2021-barcelona-casa-madre-residencia\\\/#primaryimage\"},\"thumbnailUrl\":\"https:\\\/\\\/encompaniastj.org\\\/wp-content\\\/uploads\\\/2025\\\/05\\\/almond-blossoms-1229138_640.jpg\",\"articleSection\":[\"Falecimentos\"],\"inLanguage\":\"pt-PT\",\"potentialAction\":[{\"@type\":\"CommentAction\",\"name\":\"Comment\",\"target\":[\"https:\\\/\\\/encompaniastj.org\\\/pt-pt\\\/benita-rodriguez-28-de-febrero-de-2021-barcelona-casa-madre-residencia\\\/#respond\"]}]},{\"@type\":\"WebPage\",\"@id\":\"https:\\\/\\\/encompaniastj.org\\\/pt-pt\\\/benita-rodriguez-28-de-febrero-de-2021-barcelona-casa-madre-residencia\\\/\",\"url\":\"https:\\\/\\\/encompaniastj.org\\\/pt-pt\\\/benita-rodriguez-28-de-febrero-de-2021-barcelona-casa-madre-residencia\\\/\",\"name\":\"Benita Rodr\u00edguez Rodr\u00edguez. 28 de febrero de 2021. (Barcelona, Casa Madre-Residencia) - En Compa\u00f1\u00eda STJ\",\"isPartOf\":{\"@id\":\"https:\\\/\\\/encompaniastj.org\\\/pt-pt\\\/#website\"},\"primaryImageOfPage\":{\"@id\":\"https:\\\/\\\/encompaniastj.org\\\/pt-pt\\\/benita-rodriguez-28-de-febrero-de-2021-barcelona-casa-madre-residencia\\\/#primaryimage\"},\"image\":{\"@id\":\"https:\\\/\\\/encompaniastj.org\\\/pt-pt\\\/benita-rodriguez-28-de-febrero-de-2021-barcelona-casa-madre-residencia\\\/#primaryimage\"},\"thumbnailUrl\":\"https:\\\/\\\/encompaniastj.org\\\/wp-content\\\/uploads\\\/2025\\\/05\\\/almond-blossoms-1229138_640.jpg\",\"datePublished\":\"2021-02-28T11:40:15+00:00\",\"dateModified\":\"2025-07-07T14:22:18+00:00\",\"breadcrumb\":{\"@id\":\"https:\\\/\\\/encompaniastj.org\\\/pt-pt\\\/benita-rodriguez-28-de-febrero-de-2021-barcelona-casa-madre-residencia\\\/#breadcrumb\"},\"inLanguage\":\"pt-PT\",\"potentialAction\":[{\"@type\":\"ReadAction\",\"target\":[\"https:\\\/\\\/encompaniastj.org\\\/pt-pt\\\/benita-rodriguez-28-de-febrero-de-2021-barcelona-casa-madre-residencia\\\/\"]}]},{\"@type\":\"ImageObject\",\"inLanguage\":\"pt-PT\",\"@id\":\"https:\\\/\\\/encompaniastj.org\\\/pt-pt\\\/benita-rodriguez-28-de-febrero-de-2021-barcelona-casa-madre-residencia\\\/#primaryimage\",\"url\":\"https:\\\/\\\/encompaniastj.org\\\/wp-content\\\/uploads\\\/2025\\\/05\\\/almond-blossoms-1229138_640.jpg\",\"contentUrl\":\"https:\\\/\\\/encompaniastj.org\\\/wp-content\\\/uploads\\\/2025\\\/05\\\/almond-blossoms-1229138_640.jpg\",\"width\":640,\"height\":480},{\"@type\":\"BreadcrumbList\",\"@id\":\"https:\\\/\\\/encompaniastj.org\\\/pt-pt\\\/benita-rodriguez-28-de-febrero-de-2021-barcelona-casa-madre-residencia\\\/#breadcrumb\",\"itemListElement\":[{\"@type\":\"ListItem\",\"position\":1,\"name\":\"Portada\",\"item\":\"https:\\\/\\\/encompaniastj.org\\\/pt-pt\\\/\"},{\"@type\":\"ListItem\",\"position\":2,\"name\":\"Benita Rodr\u00edguez Rodr\u00edguez. 28 de febrero de 2021. (Barcelona, Casa Madre-Residencia)\"}]},{\"@type\":\"WebSite\",\"@id\":\"https:\\\/\\\/encompaniastj.org\\\/pt-pt\\\/#website\",\"url\":\"https:\\\/\\\/encompaniastj.org\\\/pt-pt\\\/\",\"name\":\"En Compa\u00f1\u00eda STJ\",\"description\":\"Bolet\u00edn de la Compa\u00f1\u00eda de Santa Teresa de Jes\u00fas\",\"publisher\":{\"@id\":\"https:\\\/\\\/encompaniastj.org\\\/pt-pt\\\/#organization\"},\"potentialAction\":[{\"@type\":\"SearchAction\",\"target\":{\"@type\":\"EntryPoint\",\"urlTemplate\":\"https:\\\/\\\/encompaniastj.org\\\/pt-pt\\\/?s={search_term_string}\"},\"query-input\":{\"@type\":\"PropertyValueSpecification\",\"valueRequired\":true,\"valueName\":\"search_term_string\"}}],\"inLanguage\":\"pt-PT\"},{\"@type\":\"Organization\",\"@id\":\"https:\\\/\\\/encompaniastj.org\\\/pt-pt\\\/#organization\",\"name\":\"Compa\u00f1\u00eda de Santa Teresa de Jes\u00fas\",\"url\":\"https:\\\/\\\/encompaniastj.org\\\/pt-pt\\\/\",\"logo\":{\"@type\":\"ImageObject\",\"inLanguage\":\"pt-PT\",\"@id\":\"https:\\\/\\\/encompaniastj.org\\\/pt-pt\\\/#\\\/schema\\\/logo\\\/image\\\/\",\"url\":\"https:\\\/\\\/encompaniastj.org\\\/wp-content\\\/uploads\\\/2025\\\/04\\\/logo_provincias02-1-3.png\",\"contentUrl\":\"https:\\\/\\\/encompaniastj.org\\\/wp-content\\\/uploads\\\/2025\\\/04\\\/logo_provincias02-1-3.png\",\"width\":2368,\"height\":825,\"caption\":\"Compa\u00f1\u00eda de Santa Teresa de Jes\u00fas\"},\"image\":{\"@id\":\"https:\\\/\\\/encompaniastj.org\\\/pt-pt\\\/#\\\/schema\\\/logo\\\/image\\\/\"}},{\"@type\":\"Person\",\"@id\":\"https:\\\/\\\/encompaniastj.org\\\/pt-pt\\\/#\\\/schema\\\/person\\\/520e7ecc314793d40091993c2a02b651\",\"name\":\"admin\",\"image\":{\"@type\":\"ImageObject\",\"inLanguage\":\"pt-PT\",\"@id\":\"https:\\\/\\\/secure.gravatar.com\\\/avatar\\\/948b492cce32b586ac2db0eaa926ee87024f7afe218d73b397ea5ddfc5f43ea1?s=96&d=mm&r=g\",\"url\":\"https:\\\/\\\/secure.gravatar.com\\\/avatar\\\/948b492cce32b586ac2db0eaa926ee87024f7afe218d73b397ea5ddfc5f43ea1?s=96&d=mm&r=g\",\"contentUrl\":\"https:\\\/\\\/secure.gravatar.com\\\/avatar\\\/948b492cce32b586ac2db0eaa926ee87024f7afe218d73b397ea5ddfc5f43ea1?s=96&d=mm&r=g\",\"caption\":\"admin\"},\"sameAs\":[\"https:\\\/\\\/encompaniastj.org\"],\"url\":\"https:\\\/\\\/encompaniastj.org\\\/pt-pt\\\/author\\\/sjdigital\\\/\"}]}<\/script>\n<!-- \/ Yoast SEO plugin. -->","yoast_head_json":{"title":"Benita Rodr\u00edguez Rodr\u00edguez. 28 de febrero de 2021. (Barcelona, Casa Madre-Residencia) - En Compa\u00f1\u00eda STJ","robots":{"index":"index","follow":"follow","max-snippet":"max-snippet:-1","max-image-preview":"max-image-preview:large","max-video-preview":"max-video-preview:-1"},"canonical":"https:\/\/encompaniastj.org\/pt-pt\/benita-rodriguez-28-de-febrero-de-2021-barcelona-casa-madre-residencia\/","og_locale":"pt_PT","og_type":"article","og_title":"Benita Rodr\u00edguez Rodr\u00edguez. 28 de febrero de 2021. (Barcelona, Casa Madre-Residencia) - En Compa\u00f1\u00eda STJ","og_description":"Santa Teresa exprimia a enorme confian\u00e7a que sentia ao pensar na morte, porque iria ao encontro de Jesus, a quem ela tinha amado acima de tudo. Esta \u00e9 a confian\u00e7a [&hellip;]","og_url":"https:\/\/encompaniastj.org\/pt-pt\/benita-rodriguez-28-de-febrero-de-2021-barcelona-casa-madre-residencia\/","og_site_name":"En Compa\u00f1\u00eda STJ","article_published_time":"2021-02-28T11:40:15+00:00","article_modified_time":"2025-07-07T14:22:18+00:00","og_image":[{"width":640,"height":480,"url":"https:\/\/encompaniastj.org\/wp-content\/uploads\/2025\/05\/almond-blossoms-1229138_640.jpg","type":"image\/jpeg"}],"author":"admin","twitter_card":"summary_large_image","twitter_misc":{"Escrito por":"admin","Tempo estimado de leitura":"1 minuto"},"schema":{"@context":"https:\/\/schema.org","@graph":[{"@type":"Article","@id":"https:\/\/encompaniastj.org\/pt-pt\/benita-rodriguez-28-de-febrero-de-2021-barcelona-casa-madre-residencia\/#article","isPartOf":{"@id":"https:\/\/encompaniastj.org\/pt-pt\/benita-rodriguez-28-de-febrero-de-2021-barcelona-casa-madre-residencia\/"},"author":{"name":"admin","@id":"https:\/\/encompaniastj.org\/pt-pt\/#\/schema\/person\/520e7ecc314793d40091993c2a02b651"},"headline":"Benita Rodr\u00edguez Rodr\u00edguez. 28 de febrero de 2021. (Barcelona, Casa Madre-Residencia)","datePublished":"2021-02-28T11:40:15+00:00","dateModified":"2025-07-07T14:22:18+00:00","mainEntityOfPage":{"@id":"https:\/\/encompaniastj.org\/pt-pt\/benita-rodriguez-28-de-febrero-de-2021-barcelona-casa-madre-residencia\/"},"wordCount":257,"commentCount":0,"publisher":{"@id":"https:\/\/encompaniastj.org\/pt-pt\/#organization"},"image":{"@id":"https:\/\/encompaniastj.org\/pt-pt\/benita-rodriguez-28-de-febrero-de-2021-barcelona-casa-madre-residencia\/#primaryimage"},"thumbnailUrl":"https:\/\/encompaniastj.org\/wp-content\/uploads\/2025\/05\/almond-blossoms-1229138_640.jpg","articleSection":["Falecimentos"],"inLanguage":"pt-PT","potentialAction":[{"@type":"CommentAction","name":"Comment","target":["https:\/\/encompaniastj.org\/pt-pt\/benita-rodriguez-28-de-febrero-de-2021-barcelona-casa-madre-residencia\/#respond"]}]},{"@type":"WebPage","@id":"https:\/\/encompaniastj.org\/pt-pt\/benita-rodriguez-28-de-febrero-de-2021-barcelona-casa-madre-residencia\/","url":"https:\/\/encompaniastj.org\/pt-pt\/benita-rodriguez-28-de-febrero-de-2021-barcelona-casa-madre-residencia\/","name":"Benita Rodr\u00edguez Rodr\u00edguez. 28 de febrero de 2021. (Barcelona, Casa Madre-Residencia) - En Compa\u00f1\u00eda STJ","isPartOf":{"@id":"https:\/\/encompaniastj.org\/pt-pt\/#website"},"primaryImageOfPage":{"@id":"https:\/\/encompaniastj.org\/pt-pt\/benita-rodriguez-28-de-febrero-de-2021-barcelona-casa-madre-residencia\/#primaryimage"},"image":{"@id":"https:\/\/encompaniastj.org\/pt-pt\/benita-rodriguez-28-de-febrero-de-2021-barcelona-casa-madre-residencia\/#primaryimage"},"thumbnailUrl":"https:\/\/encompaniastj.org\/wp-content\/uploads\/2025\/05\/almond-blossoms-1229138_640.jpg","datePublished":"2021-02-28T11:40:15+00:00","dateModified":"2025-07-07T14:22:18+00:00","breadcrumb":{"@id":"https:\/\/encompaniastj.org\/pt-pt\/benita-rodriguez-28-de-febrero-de-2021-barcelona-casa-madre-residencia\/#breadcrumb"},"inLanguage":"pt-PT","potentialAction":[{"@type":"ReadAction","target":["https:\/\/encompaniastj.org\/pt-pt\/benita-rodriguez-28-de-febrero-de-2021-barcelona-casa-madre-residencia\/"]}]},{"@type":"ImageObject","inLanguage":"pt-PT","@id":"https:\/\/encompaniastj.org\/pt-pt\/benita-rodriguez-28-de-febrero-de-2021-barcelona-casa-madre-residencia\/#primaryimage","url":"https:\/\/encompaniastj.org\/wp-content\/uploads\/2025\/05\/almond-blossoms-1229138_640.jpg","contentUrl":"https:\/\/encompaniastj.org\/wp-content\/uploads\/2025\/05\/almond-blossoms-1229138_640.jpg","width":640,"height":480},{"@type":"BreadcrumbList","@id":"https:\/\/encompaniastj.org\/pt-pt\/benita-rodriguez-28-de-febrero-de-2021-barcelona-casa-madre-residencia\/#breadcrumb","itemListElement":[{"@type":"ListItem","position":1,"name":"Portada","item":"https:\/\/encompaniastj.org\/pt-pt\/"},{"@type":"ListItem","position":2,"name":"Benita Rodr\u00edguez Rodr\u00edguez. 28 de febrero de 2021. (Barcelona, Casa Madre-Residencia)"}]},{"@type":"WebSite","@id":"https:\/\/encompaniastj.org\/pt-pt\/#website","url":"https:\/\/encompaniastj.org\/pt-pt\/","name":"En Compa\u00f1\u00eda STJ","description":"Bolet\u00edn de la Compa\u00f1\u00eda de Santa Teresa de Jes\u00fas","publisher":{"@id":"https:\/\/encompaniastj.org\/pt-pt\/#organization"},"potentialAction":[{"@type":"SearchAction","target":{"@type":"EntryPoint","urlTemplate":"https:\/\/encompaniastj.org\/pt-pt\/?s={search_term_string}"},"query-input":{"@type":"PropertyValueSpecification","valueRequired":true,"valueName":"search_term_string"}}],"inLanguage":"pt-PT"},{"@type":"Organization","@id":"https:\/\/encompaniastj.org\/pt-pt\/#organization","name":"Compa\u00f1\u00eda de Santa Teresa de Jes\u00fas","url":"https:\/\/encompaniastj.org\/pt-pt\/","logo":{"@type":"ImageObject","inLanguage":"pt-PT","@id":"https:\/\/encompaniastj.org\/pt-pt\/#\/schema\/logo\/image\/","url":"https:\/\/encompaniastj.org\/wp-content\/uploads\/2025\/04\/logo_provincias02-1-3.png","contentUrl":"https:\/\/encompaniastj.org\/wp-content\/uploads\/2025\/04\/logo_provincias02-1-3.png","width":2368,"height":825,"caption":"Compa\u00f1\u00eda de Santa Teresa de Jes\u00fas"},"image":{"@id":"https:\/\/encompaniastj.org\/pt-pt\/#\/schema\/logo\/image\/"}},{"@type":"Person","@id":"https:\/\/encompaniastj.org\/pt-pt\/#\/schema\/person\/520e7ecc314793d40091993c2a02b651","name":"admin","image":{"@type":"ImageObject","inLanguage":"pt-PT","@id":"https:\/\/secure.gravatar.com\/avatar\/948b492cce32b586ac2db0eaa926ee87024f7afe218d73b397ea5ddfc5f43ea1?s=96&d=mm&r=g","url":"https:\/\/secure.gravatar.com\/avatar\/948b492cce32b586ac2db0eaa926ee87024f7afe218d73b397ea5ddfc5f43ea1?s=96&d=mm&r=g","contentUrl":"https:\/\/secure.gravatar.com\/avatar\/948b492cce32b586ac2db0eaa926ee87024f7afe218d73b397ea5ddfc5f43ea1?s=96&d=mm&r=g","caption":"admin"},"sameAs":["https:\/\/encompaniastj.org"],"url":"https:\/\/encompaniastj.org\/pt-pt\/author\/sjdigital\/"}]}},"_links":{"self":[{"href":"https:\/\/encompaniastj.org\/pt-pt\/wp-json\/wp\/v2\/posts\/10488","targetHints":{"allow":["GET"]}}],"collection":[{"href":"https:\/\/encompaniastj.org\/pt-pt\/wp-json\/wp\/v2\/posts"}],"about":[{"href":"https:\/\/encompaniastj.org\/pt-pt\/wp-json\/wp\/v2\/types\/post"}],"author":[{"embeddable":true,"href":"https:\/\/encompaniastj.org\/pt-pt\/wp-json\/wp\/v2\/users\/1"}],"replies":[{"embeddable":true,"href":"https:\/\/encompaniastj.org\/pt-pt\/wp-json\/wp\/v2\/comments?post=10488"}],"version-history":[{"count":1,"href":"https:\/\/encompaniastj.org\/pt-pt\/wp-json\/wp\/v2\/posts\/10488\/revisions"}],"predecessor-version":[{"id":10489,"href":"https:\/\/encompaniastj.org\/pt-pt\/wp-json\/wp\/v2\/posts\/10488\/revisions\/10489"}],"wp:featuredmedia":[{"embeddable":true,"href":"https:\/\/encompaniastj.org\/pt-pt\/wp-json\/wp\/v2\/media\/7677"}],"wp:attachment":[{"href":"https:\/\/encompaniastj.org\/pt-pt\/wp-json\/wp\/v2\/media?parent=10488"}],"wp:term":[{"taxonomy":"category","embeddable":true,"href":"https:\/\/encompaniastj.org\/pt-pt\/wp-json\/wp\/v2\/categories?post=10488"},{"taxonomy":"post_tag","embeddable":true,"href":"https:\/\/encompaniastj.org\/pt-pt\/wp-json\/wp\/v2\/tags?post=10488"}],"curies":[{"name":"wp","href":"https:\/\/api.w.org\/{rel}","templated":true}]}}