{"id":10476,"date":"2021-02-23T07:07:25","date_gmt":"2021-02-23T06:07:25","guid":{"rendered":"https:\/\/encompaniastj.org\/pastoral-juvenil-vocacional-teresiana\/"},"modified":"2025-07-07T16:22:18","modified_gmt":"2025-07-07T14:22:18","slug":"pastoral-juvenil-vocacional-teresiana","status":"publish","type":"post","link":"https:\/\/encompaniastj.org\/pt-pt\/pastoral-juvenil-vocacional-teresiana\/","title":{"rendered":"Pastoral Juvenil Vocacional Teresiana"},"content":{"rendered":"\n<p>Chegou o momento\nde nos apresentarmos! Somos o grupo da <strong>Pastoral\nJuvenil Vocacional Teresiana<\/strong> (PJVT) da Prov\u00edncia Teresiana da Europa, que\niniciou o seu caminho h\u00e1 alguns meses.<\/p>\n\n\n\n<p>&nbsp;&nbsp;&nbsp;&nbsp;&nbsp;&nbsp;&nbsp;&nbsp;&nbsp; Como todas as equipas quando nascem,\ntemos muitos <strong>DESEJOS<\/strong> (desejos\ngrandes, \u201cpara que tamb\u00e9m o sejam as obras\u201d), <strong>PERGUNTAS<\/strong> que nos impulsionam a procurar com outros, e a firme <strong>CONVIC\u00c7\u00c3O<\/strong> de que \u201c<strong>OS JOVENS S\u00c3O A FOR\u00c7A RENOVADORA DO CARISMA<\/strong>\u201d<sup>1<\/sup>.<\/p>\n\n\n\n<p>&nbsp;&nbsp;&nbsp;&nbsp;&nbsp;&nbsp;&nbsp;&nbsp;&nbsp; Sabemos que a miss\u00e3o que partilhamos \u00e9\napaixonante e urgente. Que bom ser\u00e1 se, como fruto dessa procura, acertarmos\nnaquilo que mais ajude, mais acompanhe, mais motive... os jovens na sua busca\ndo <strong>sonho de Deus para as suas vidas<\/strong>,\nno <strong>conhecimento de Jesus<\/strong> e no <strong>compromisso conm o Evangelho<\/strong>, a partir\ndo nosso carisma! Que maravilha poder faz\u00ea-lo juntos, com a riqueza que se\noferece a cada um. Tudo nos convida a crer, a confiar e a celebrar esta sede\nque nos guia.<\/p>\n\n\n\n<p>&nbsp;&nbsp;&nbsp;&nbsp;&nbsp;&nbsp;&nbsp;&nbsp;&nbsp; Passamos a apresentar-nos:<\/p>\n\n\n\n<p>. <strong>CRISTINA MOLINA<\/strong> \u2013 estudante\nuniversit\u00e1ria e ex-aluna do Col\u00e9gio Jes\u00fas Maestro de Madrid. Comprometida, sem pensar,\nem qualquer projecto que implique ajudar os outros e transformar a sociedade.\nCriativa publicit\u00e1ria, desejosa de difundir o carismo teresiano a todos os\njovens que sejam parte ou queiram integrar desta maravilhosa comunidade.<\/p>\n\n\n\n<p>. <strong>DIEGO MART\u00cdN<\/strong> \u2013 estudante da USAL e da\nCOSCYL, e antigo aluno do Col\u00e9gio Santa Teresa de Jes\u00fasu em Salamaca. Decidido\ne envolvido em conseguir um mundo melhor e transformar a sociedade. Herdeiro e\neducado nos valores de Teresa de Jesus e entusiasmado em continuar a contagiar\nesta esperan\u00e7a a todos os jovens.<\/p>\n\n\n\n<p>. <strong>RITA MALPIQUE<\/strong> \u2013 Ex-aluna do col\u00e9gio de\nElvas e eterna teresiana. Trabalha na Embaixada Argentina em Portugal, mas\nsente-se cidad\u00e3 do mundo. Vive com o desejo de ser apostola no pr\u00f3prio\nambiente, e tenta cada dia dar o melhor de si mesma e viver a f\u00e9 em comunidade.<\/p>\n\n\n\n<p>. <strong>EVA CAZALLA<\/strong> \u2013 Educadora teresiana no\nCol\u00e9gio Santa Teresa de Jes\u00fas em Salamanca- Apaixonada por rEvolucionar a\neduca\u00e7\u00e3o atrav\u00e9s de projectos que capacitem os alunos e os convertem em\ntransformadores sociais. Sente-se chamada a acompanhar os jovens pela m\u00e3o de\nTeresa de Jesus, e com eles aprender a pensar, sentir e amar como Jesus.<\/p>\n\n\n\n<p>. <strong>PEPI GARC\u00cdA STJ<\/strong> \u2013 Teresiana que quer\nseguir Jesus em comunidade. Agradecida por partilhar o caminho com irm\u00e3s e\nlaicos que acreditam no poder transformador e humanizador da educa\u00e7\u00e3o\nteresiana. Confia no dom que s\u00e3o os jovens para tornar realidade a\npossibilidade de outro mundo.<\/p>\n\n\n\n<p>. <strong>MAUGE ARANDA STJ<\/strong> \u2013 Teresiana.\nApaixonada platonicamente por Teresa de Jesus. Feliz por viver como educadora\nno Col\u00e9gio Enrique de Oss\u00f3 em Telde (Grandes Can\u00e1rias). EnTERESA-se e vibra com\na espiritualidade, as migra\u00e7\u00f5es e os direitos humanos, a literatura...\nConsidera-se aprendiz de um projecto apaixonante: a m\u00edstica da educa\u00e7\u00e3o\nteresiana.<\/p>\n\n\n\n<p>&nbsp;&nbsp;&nbsp;&nbsp;&nbsp;&nbsp;&nbsp;&nbsp;&nbsp; Contamos, tamb\u00e9m, com uma <strong>equipa de liga\u00e7\u00f5es<\/strong> que impulsionam a\nPJVT localmente. E tamb\u00e9m convosco, desde onde est\u00e3o: com a vossa ora\u00e7\u00e3o e\napoio.<\/p>\n\n\n\n<p>Aqui nos t\u00eam,\nhoje de maneira virutal, com um grande abra\u00e7o que chegue a cada um.<\/p>\n\n\n\n<p>Cristina, Rita, Diego, Eva, Pepi STJ e Mauge STJ<\/p>\n\n\n\n<ul class=\"wp-block-gallery columns-1 is-cropped wp-block-gallery-1 is-layout-flex wp-block-gallery-is-layout-flex\"><li class=\"blocks-gallery-item\"><figure><img decoding=\"async\" src=\"https:\/\/encompaniastj.org\/wp-content\/uploads\/2025\/05\/WhatsApp-Image-2021-02-20-at-20.32.11.jpeg\" alt=\"\" data-id=\"7529\" data-link=\"https:\/\/encompaniastj.org\/pt-pt\/whatsapp-image-2021-02-20-at-20-32-11-2\/\" class=\"wp-image-7529\"\/><\/figure><\/li><\/ul>\n","protected":false},"excerpt":{"rendered":"<p>Chegou o momento de nos apresentarmos! Somos o grupo da Pastoral Juvenil Vocacional Teresiana (PJVT) da Prov\u00edncia Teresiana da Europa, que iniciou o seu caminho h\u00e1 alguns meses. &nbsp;&nbsp;&nbsp;&nbsp;&nbsp;&nbsp;&nbsp;&nbsp;&nbsp; Como [&hellip;]<\/p>\n","protected":false},"author":1,"featured_media":7672,"comment_status":"open","ping_status":"open","sticky":false,"template":"","format":"standard","meta":{"_acf_changed":false,"footnotes":""},"categories":[61,64],"tags":[],"class_list":["post-10476","post","type-post","status-publish","format-standard","has-post-thumbnail","hentry","category-noticias","category-pjvt"],"acf":[],"yoast_head":"<!-- This site is optimized with the Yoast SEO plugin v27.5 - https:\/\/yoast.com\/product\/yoast-seo-wordpress\/ -->\n<title>Pastoral Juvenil Vocacional Teresiana - En Compa\u00f1\u00eda STJ<\/title>\n<meta name=\"robots\" content=\"index, follow, max-snippet:-1, max-image-preview:large, max-video-preview:-1\" \/>\n<link rel=\"canonical\" href=\"https:\/\/encompaniastj.org\/pt-pt\/pastoral-juvenil-vocacional-teresiana\/\" \/>\n<meta property=\"og:locale\" content=\"pt_PT\" \/>\n<meta property=\"og:type\" content=\"article\" \/>\n<meta property=\"og:title\" content=\"Pastoral Juvenil Vocacional Teresiana - En Compa\u00f1\u00eda STJ\" \/>\n<meta property=\"og:description\" content=\"Chegou o momento de nos apresentarmos! Somos o grupo da Pastoral Juvenil Vocacional Teresiana (PJVT) da Prov\u00edncia Teresiana da Europa, que iniciou o seu caminho h\u00e1 alguns meses. &nbsp;&nbsp;&nbsp;&nbsp;&nbsp;&nbsp;&nbsp;&nbsp;&nbsp; Como [&hellip;]\" \/>\n<meta property=\"og:url\" content=\"https:\/\/encompaniastj.org\/pt-pt\/pastoral-juvenil-vocacional-teresiana\/\" \/>\n<meta property=\"og:site_name\" content=\"En Compa\u00f1\u00eda STJ\" \/>\n<meta property=\"article:published_time\" content=\"2021-02-23T06:07:25+00:00\" \/>\n<meta property=\"article:modified_time\" content=\"2025-07-07T14:22:18+00:00\" \/>\n<meta property=\"og:image\" content=\"https:\/\/encompaniastj.org\/wp-content\/uploads\/2025\/05\/WhatsApp-Image-2021-02-20-at-20.32.11.jpeg\" \/>\n\t<meta property=\"og:image:width\" content=\"1024\" \/>\n\t<meta property=\"og:image:height\" content=\"1024\" \/>\n\t<meta property=\"og:image:type\" content=\"image\/jpeg\" \/>\n<meta name=\"author\" content=\"admin\" \/>\n<meta name=\"twitter:card\" content=\"summary_large_image\" \/>\n<meta name=\"twitter:label1\" content=\"Escrito por\" \/>\n\t<meta name=\"twitter:data1\" content=\"admin\" \/>\n\t<meta name=\"twitter:label2\" content=\"Tempo estimado de leitura\" \/>\n\t<meta name=\"twitter:data2\" content=\"3 minutos\" \/>\n<script type=\"application\/ld+json\" class=\"yoast-schema-graph\">{\"@context\":\"https:\\\/\\\/schema.org\",\"@graph\":[{\"@type\":\"Article\",\"@id\":\"https:\\\/\\\/encompaniastj.org\\\/pt-pt\\\/pastoral-juvenil-vocacional-teresiana\\\/#article\",\"isPartOf\":{\"@id\":\"https:\\\/\\\/encompaniastj.org\\\/pt-pt\\\/pastoral-juvenil-vocacional-teresiana\\\/\"},\"author\":{\"name\":\"admin\",\"@id\":\"https:\\\/\\\/encompaniastj.org\\\/pt-pt\\\/#\\\/schema\\\/person\\\/520e7ecc314793d40091993c2a02b651\"},\"headline\":\"Pastoral Juvenil Vocacional Teresiana\",\"datePublished\":\"2021-02-23T06:07:25+00:00\",\"dateModified\":\"2025-07-07T14:22:18+00:00\",\"mainEntityOfPage\":{\"@id\":\"https:\\\/\\\/encompaniastj.org\\\/pt-pt\\\/pastoral-juvenil-vocacional-teresiana\\\/\"},\"wordCount\":574,\"commentCount\":0,\"publisher\":{\"@id\":\"https:\\\/\\\/encompaniastj.org\\\/pt-pt\\\/#organization\"},\"image\":{\"@id\":\"https:\\\/\\\/encompaniastj.org\\\/pt-pt\\\/pastoral-juvenil-vocacional-teresiana\\\/#primaryimage\"},\"thumbnailUrl\":\"https:\\\/\\\/encompaniastj.org\\\/wp-content\\\/uploads\\\/2025\\\/05\\\/WhatsApp-Image-2021-02-20-at-20.32.11.jpeg\",\"articleSection\":[\"Noticias\",\"PJVT\"],\"inLanguage\":\"pt-PT\",\"potentialAction\":[{\"@type\":\"CommentAction\",\"name\":\"Comment\",\"target\":[\"https:\\\/\\\/encompaniastj.org\\\/pt-pt\\\/pastoral-juvenil-vocacional-teresiana\\\/#respond\"]}]},{\"@type\":\"WebPage\",\"@id\":\"https:\\\/\\\/encompaniastj.org\\\/pt-pt\\\/pastoral-juvenil-vocacional-teresiana\\\/\",\"url\":\"https:\\\/\\\/encompaniastj.org\\\/pt-pt\\\/pastoral-juvenil-vocacional-teresiana\\\/\",\"name\":\"Pastoral Juvenil Vocacional Teresiana - En Compa\u00f1\u00eda STJ\",\"isPartOf\":{\"@id\":\"https:\\\/\\\/encompaniastj.org\\\/pt-pt\\\/#website\"},\"primaryImageOfPage\":{\"@id\":\"https:\\\/\\\/encompaniastj.org\\\/pt-pt\\\/pastoral-juvenil-vocacional-teresiana\\\/#primaryimage\"},\"image\":{\"@id\":\"https:\\\/\\\/encompaniastj.org\\\/pt-pt\\\/pastoral-juvenil-vocacional-teresiana\\\/#primaryimage\"},\"thumbnailUrl\":\"https:\\\/\\\/encompaniastj.org\\\/wp-content\\\/uploads\\\/2025\\\/05\\\/WhatsApp-Image-2021-02-20-at-20.32.11.jpeg\",\"datePublished\":\"2021-02-23T06:07:25+00:00\",\"dateModified\":\"2025-07-07T14:22:18+00:00\",\"breadcrumb\":{\"@id\":\"https:\\\/\\\/encompaniastj.org\\\/pt-pt\\\/pastoral-juvenil-vocacional-teresiana\\\/#breadcrumb\"},\"inLanguage\":\"pt-PT\",\"potentialAction\":[{\"@type\":\"ReadAction\",\"target\":[\"https:\\\/\\\/encompaniastj.org\\\/pt-pt\\\/pastoral-juvenil-vocacional-teresiana\\\/\"]}]},{\"@type\":\"ImageObject\",\"inLanguage\":\"pt-PT\",\"@id\":\"https:\\\/\\\/encompaniastj.org\\\/pt-pt\\\/pastoral-juvenil-vocacional-teresiana\\\/#primaryimage\",\"url\":\"https:\\\/\\\/encompaniastj.org\\\/wp-content\\\/uploads\\\/2025\\\/05\\\/WhatsApp-Image-2021-02-20-at-20.32.11.jpeg\",\"contentUrl\":\"https:\\\/\\\/encompaniastj.org\\\/wp-content\\\/uploads\\\/2025\\\/05\\\/WhatsApp-Image-2021-02-20-at-20.32.11.jpeg\",\"width\":1024,\"height\":1024},{\"@type\":\"BreadcrumbList\",\"@id\":\"https:\\\/\\\/encompaniastj.org\\\/pt-pt\\\/pastoral-juvenil-vocacional-teresiana\\\/#breadcrumb\",\"itemListElement\":[{\"@type\":\"ListItem\",\"position\":1,\"name\":\"Portada\",\"item\":\"https:\\\/\\\/encompaniastj.org\\\/pt-pt\\\/\"},{\"@type\":\"ListItem\",\"position\":2,\"name\":\"Pastoral Juvenil Vocacional Teresiana\"}]},{\"@type\":\"WebSite\",\"@id\":\"https:\\\/\\\/encompaniastj.org\\\/pt-pt\\\/#website\",\"url\":\"https:\\\/\\\/encompaniastj.org\\\/pt-pt\\\/\",\"name\":\"En Compa\u00f1\u00eda STJ\",\"description\":\"Bolet\u00edn de la Compa\u00f1\u00eda de Santa Teresa de Jes\u00fas\",\"publisher\":{\"@id\":\"https:\\\/\\\/encompaniastj.org\\\/pt-pt\\\/#organization\"},\"potentialAction\":[{\"@type\":\"SearchAction\",\"target\":{\"@type\":\"EntryPoint\",\"urlTemplate\":\"https:\\\/\\\/encompaniastj.org\\\/pt-pt\\\/?s={search_term_string}\"},\"query-input\":{\"@type\":\"PropertyValueSpecification\",\"valueRequired\":true,\"valueName\":\"search_term_string\"}}],\"inLanguage\":\"pt-PT\"},{\"@type\":\"Organization\",\"@id\":\"https:\\\/\\\/encompaniastj.org\\\/pt-pt\\\/#organization\",\"name\":\"Compa\u00f1\u00eda de Santa Teresa de Jes\u00fas\",\"url\":\"https:\\\/\\\/encompaniastj.org\\\/pt-pt\\\/\",\"logo\":{\"@type\":\"ImageObject\",\"inLanguage\":\"pt-PT\",\"@id\":\"https:\\\/\\\/encompaniastj.org\\\/pt-pt\\\/#\\\/schema\\\/logo\\\/image\\\/\",\"url\":\"https:\\\/\\\/encompaniastj.org\\\/wp-content\\\/uploads\\\/2025\\\/04\\\/logo_provincias02-1-3.png\",\"contentUrl\":\"https:\\\/\\\/encompaniastj.org\\\/wp-content\\\/uploads\\\/2025\\\/04\\\/logo_provincias02-1-3.png\",\"width\":2368,\"height\":825,\"caption\":\"Compa\u00f1\u00eda de Santa Teresa de Jes\u00fas\"},\"image\":{\"@id\":\"https:\\\/\\\/encompaniastj.org\\\/pt-pt\\\/#\\\/schema\\\/logo\\\/image\\\/\"}},{\"@type\":\"Person\",\"@id\":\"https:\\\/\\\/encompaniastj.org\\\/pt-pt\\\/#\\\/schema\\\/person\\\/520e7ecc314793d40091993c2a02b651\",\"name\":\"admin\",\"image\":{\"@type\":\"ImageObject\",\"inLanguage\":\"pt-PT\",\"@id\":\"https:\\\/\\\/secure.gravatar.com\\\/avatar\\\/948b492cce32b586ac2db0eaa926ee87024f7afe218d73b397ea5ddfc5f43ea1?s=96&d=mm&r=g\",\"url\":\"https:\\\/\\\/secure.gravatar.com\\\/avatar\\\/948b492cce32b586ac2db0eaa926ee87024f7afe218d73b397ea5ddfc5f43ea1?s=96&d=mm&r=g\",\"contentUrl\":\"https:\\\/\\\/secure.gravatar.com\\\/avatar\\\/948b492cce32b586ac2db0eaa926ee87024f7afe218d73b397ea5ddfc5f43ea1?s=96&d=mm&r=g\",\"caption\":\"admin\"},\"sameAs\":[\"https:\\\/\\\/encompaniastj.org\"],\"url\":\"https:\\\/\\\/encompaniastj.org\\\/pt-pt\\\/author\\\/sjdigital\\\/\"}]}<\/script>\n<!-- \/ Yoast SEO plugin. -->","yoast_head_json":{"title":"Pastoral Juvenil Vocacional Teresiana - En Compa\u00f1\u00eda STJ","robots":{"index":"index","follow":"follow","max-snippet":"max-snippet:-1","max-image-preview":"max-image-preview:large","max-video-preview":"max-video-preview:-1"},"canonical":"https:\/\/encompaniastj.org\/pt-pt\/pastoral-juvenil-vocacional-teresiana\/","og_locale":"pt_PT","og_type":"article","og_title":"Pastoral Juvenil Vocacional Teresiana - En Compa\u00f1\u00eda STJ","og_description":"Chegou o momento de nos apresentarmos! Somos o grupo da Pastoral Juvenil Vocacional Teresiana (PJVT) da Prov\u00edncia Teresiana da Europa, que iniciou o seu caminho h\u00e1 alguns meses. &nbsp;&nbsp;&nbsp;&nbsp;&nbsp;&nbsp;&nbsp;&nbsp;&nbsp; Como [&hellip;]","og_url":"https:\/\/encompaniastj.org\/pt-pt\/pastoral-juvenil-vocacional-teresiana\/","og_site_name":"En Compa\u00f1\u00eda STJ","article_published_time":"2021-02-23T06:07:25+00:00","article_modified_time":"2025-07-07T14:22:18+00:00","og_image":[{"width":1024,"height":1024,"url":"https:\/\/encompaniastj.org\/wp-content\/uploads\/2025\/05\/WhatsApp-Image-2021-02-20-at-20.32.11.jpeg","type":"image\/jpeg"}],"author":"admin","twitter_card":"summary_large_image","twitter_misc":{"Escrito por":"admin","Tempo estimado de leitura":"3 minutos"},"schema":{"@context":"https:\/\/schema.org","@graph":[{"@type":"Article","@id":"https:\/\/encompaniastj.org\/pt-pt\/pastoral-juvenil-vocacional-teresiana\/#article","isPartOf":{"@id":"https:\/\/encompaniastj.org\/pt-pt\/pastoral-juvenil-vocacional-teresiana\/"},"author":{"name":"admin","@id":"https:\/\/encompaniastj.org\/pt-pt\/#\/schema\/person\/520e7ecc314793d40091993c2a02b651"},"headline":"Pastoral Juvenil Vocacional Teresiana","datePublished":"2021-02-23T06:07:25+00:00","dateModified":"2025-07-07T14:22:18+00:00","mainEntityOfPage":{"@id":"https:\/\/encompaniastj.org\/pt-pt\/pastoral-juvenil-vocacional-teresiana\/"},"wordCount":574,"commentCount":0,"publisher":{"@id":"https:\/\/encompaniastj.org\/pt-pt\/#organization"},"image":{"@id":"https:\/\/encompaniastj.org\/pt-pt\/pastoral-juvenil-vocacional-teresiana\/#primaryimage"},"thumbnailUrl":"https:\/\/encompaniastj.org\/wp-content\/uploads\/2025\/05\/WhatsApp-Image-2021-02-20-at-20.32.11.jpeg","articleSection":["Noticias","PJVT"],"inLanguage":"pt-PT","potentialAction":[{"@type":"CommentAction","name":"Comment","target":["https:\/\/encompaniastj.org\/pt-pt\/pastoral-juvenil-vocacional-teresiana\/#respond"]}]},{"@type":"WebPage","@id":"https:\/\/encompaniastj.org\/pt-pt\/pastoral-juvenil-vocacional-teresiana\/","url":"https:\/\/encompaniastj.org\/pt-pt\/pastoral-juvenil-vocacional-teresiana\/","name":"Pastoral Juvenil Vocacional Teresiana - En Compa\u00f1\u00eda STJ","isPartOf":{"@id":"https:\/\/encompaniastj.org\/pt-pt\/#website"},"primaryImageOfPage":{"@id":"https:\/\/encompaniastj.org\/pt-pt\/pastoral-juvenil-vocacional-teresiana\/#primaryimage"},"image":{"@id":"https:\/\/encompaniastj.org\/pt-pt\/pastoral-juvenil-vocacional-teresiana\/#primaryimage"},"thumbnailUrl":"https:\/\/encompaniastj.org\/wp-content\/uploads\/2025\/05\/WhatsApp-Image-2021-02-20-at-20.32.11.jpeg","datePublished":"2021-02-23T06:07:25+00:00","dateModified":"2025-07-07T14:22:18+00:00","breadcrumb":{"@id":"https:\/\/encompaniastj.org\/pt-pt\/pastoral-juvenil-vocacional-teresiana\/#breadcrumb"},"inLanguage":"pt-PT","potentialAction":[{"@type":"ReadAction","target":["https:\/\/encompaniastj.org\/pt-pt\/pastoral-juvenil-vocacional-teresiana\/"]}]},{"@type":"ImageObject","inLanguage":"pt-PT","@id":"https:\/\/encompaniastj.org\/pt-pt\/pastoral-juvenil-vocacional-teresiana\/#primaryimage","url":"https:\/\/encompaniastj.org\/wp-content\/uploads\/2025\/05\/WhatsApp-Image-2021-02-20-at-20.32.11.jpeg","contentUrl":"https:\/\/encompaniastj.org\/wp-content\/uploads\/2025\/05\/WhatsApp-Image-2021-02-20-at-20.32.11.jpeg","width":1024,"height":1024},{"@type":"BreadcrumbList","@id":"https:\/\/encompaniastj.org\/pt-pt\/pastoral-juvenil-vocacional-teresiana\/#breadcrumb","itemListElement":[{"@type":"ListItem","position":1,"name":"Portada","item":"https:\/\/encompaniastj.org\/pt-pt\/"},{"@type":"ListItem","position":2,"name":"Pastoral Juvenil Vocacional Teresiana"}]},{"@type":"WebSite","@id":"https:\/\/encompaniastj.org\/pt-pt\/#website","url":"https:\/\/encompaniastj.org\/pt-pt\/","name":"En Compa\u00f1\u00eda STJ","description":"Bolet\u00edn de la Compa\u00f1\u00eda de Santa Teresa de Jes\u00fas","publisher":{"@id":"https:\/\/encompaniastj.org\/pt-pt\/#organization"},"potentialAction":[{"@type":"SearchAction","target":{"@type":"EntryPoint","urlTemplate":"https:\/\/encompaniastj.org\/pt-pt\/?s={search_term_string}"},"query-input":{"@type":"PropertyValueSpecification","valueRequired":true,"valueName":"search_term_string"}}],"inLanguage":"pt-PT"},{"@type":"Organization","@id":"https:\/\/encompaniastj.org\/pt-pt\/#organization","name":"Compa\u00f1\u00eda de Santa Teresa de Jes\u00fas","url":"https:\/\/encompaniastj.org\/pt-pt\/","logo":{"@type":"ImageObject","inLanguage":"pt-PT","@id":"https:\/\/encompaniastj.org\/pt-pt\/#\/schema\/logo\/image\/","url":"https:\/\/encompaniastj.org\/wp-content\/uploads\/2025\/04\/logo_provincias02-1-3.png","contentUrl":"https:\/\/encompaniastj.org\/wp-content\/uploads\/2025\/04\/logo_provincias02-1-3.png","width":2368,"height":825,"caption":"Compa\u00f1\u00eda de Santa Teresa de Jes\u00fas"},"image":{"@id":"https:\/\/encompaniastj.org\/pt-pt\/#\/schema\/logo\/image\/"}},{"@type":"Person","@id":"https:\/\/encompaniastj.org\/pt-pt\/#\/schema\/person\/520e7ecc314793d40091993c2a02b651","name":"admin","image":{"@type":"ImageObject","inLanguage":"pt-PT","@id":"https:\/\/secure.gravatar.com\/avatar\/948b492cce32b586ac2db0eaa926ee87024f7afe218d73b397ea5ddfc5f43ea1?s=96&d=mm&r=g","url":"https:\/\/secure.gravatar.com\/avatar\/948b492cce32b586ac2db0eaa926ee87024f7afe218d73b397ea5ddfc5f43ea1?s=96&d=mm&r=g","contentUrl":"https:\/\/secure.gravatar.com\/avatar\/948b492cce32b586ac2db0eaa926ee87024f7afe218d73b397ea5ddfc5f43ea1?s=96&d=mm&r=g","caption":"admin"},"sameAs":["https:\/\/encompaniastj.org"],"url":"https:\/\/encompaniastj.org\/pt-pt\/author\/sjdigital\/"}]}},"_links":{"self":[{"href":"https:\/\/encompaniastj.org\/pt-pt\/wp-json\/wp\/v2\/posts\/10476","targetHints":{"allow":["GET"]}}],"collection":[{"href":"https:\/\/encompaniastj.org\/pt-pt\/wp-json\/wp\/v2\/posts"}],"about":[{"href":"https:\/\/encompaniastj.org\/pt-pt\/wp-json\/wp\/v2\/types\/post"}],"author":[{"embeddable":true,"href":"https:\/\/encompaniastj.org\/pt-pt\/wp-json\/wp\/v2\/users\/1"}],"replies":[{"embeddable":true,"href":"https:\/\/encompaniastj.org\/pt-pt\/wp-json\/wp\/v2\/comments?post=10476"}],"version-history":[{"count":1,"href":"https:\/\/encompaniastj.org\/pt-pt\/wp-json\/wp\/v2\/posts\/10476\/revisions"}],"predecessor-version":[{"id":10477,"href":"https:\/\/encompaniastj.org\/pt-pt\/wp-json\/wp\/v2\/posts\/10476\/revisions\/10477"}],"wp:featuredmedia":[{"embeddable":true,"href":"https:\/\/encompaniastj.org\/pt-pt\/wp-json\/wp\/v2\/media\/7672"}],"wp:attachment":[{"href":"https:\/\/encompaniastj.org\/pt-pt\/wp-json\/wp\/v2\/media?parent=10476"}],"wp:term":[{"taxonomy":"category","embeddable":true,"href":"https:\/\/encompaniastj.org\/pt-pt\/wp-json\/wp\/v2\/categories?post=10476"},{"taxonomy":"post_tag","embeddable":true,"href":"https:\/\/encompaniastj.org\/pt-pt\/wp-json\/wp\/v2\/tags?post=10476"}],"curies":[{"name":"wp","href":"https:\/\/api.w.org\/{rel}","templated":true}]}}