{"id":10472,"date":"2021-02-22T08:08:12","date_gmt":"2021-02-22T07:08:12","guid":{"rendered":"https:\/\/encompaniastj.org\/amparo-roig-campos-21-de-febrero-2021-jesus-tortosa-2\/"},"modified":"2025-07-07T16:22:18","modified_gmt":"2025-07-07T14:22:18","slug":"amparo-roig-campos-21-de-febrero-2021-jesus-tortosa-2","status":"publish","type":"post","link":"https:\/\/encompaniastj.org\/pt-pt\/amparo-roig-campos-21-de-febrero-2021-jesus-tortosa-2\/","title":{"rendered":"Amparo Roig Campos. 21 de febrero 2021. (Jes\u00fas - Tortosa)"},"content":{"rendered":"\n<p>Amparo, como todos a\nconhec\u00edamos, nasceu em Val\u00eancia no dia 20 de maio de 1935. Ela era a segunda de\nnove irm\u00e3os, a quem amava profundamente. Uma delas, Ana M\u00aa, tamb\u00e9m \u00e9 religiosa\nda Companhia. Come\u00e7ou a Sua vida de teresiana no dia 15 de outubro de 1953,\nfesta de Santa Teresa de Jesus, movida por um grande desejo de seguir Jesus.<\/p>\n\n\n\n<p>No dia 22 de abril\nde 1956 fez os primeiros votos no Noviciado de Jesus-Tortosa e de l\u00e1 partiu\npara a comunidade de Ganduxer para fazer o Juniorado e estudar Pedagogia na\nUniversidade de Barcelona.<\/p>\n\n\n\n<p>Muito jovem, em\nagosto de 1967, foi nomeada Mestra de Junioras da Prov\u00edncia de Santa Teresa.<\/p>\n\n\n\n<p>Muitos foram os seus\ndestinos na Companhia: Tarragona, Zaragoza-Zurita e Zaragoza-Teresiano del\nPilar, San Sebasti\u00e1n-Benta Berri, Tortosa-Col\u00e9gio, Pamplona-Ermitaga\u00f1a e Calle\nMayor, Roma-Casa General\u00edcia, Barcelona- Resid\u00eancia Casa Madre (em duas\nocasi\u00f5es), El Vedat de Torrent, (duas vezes), Barcelona-Gracia, Can Vidalet\n(L'Hospitalet de Llobregat), Jesus -Tortosa-Casa de Espiritualidade e Jesus-Tortosa\n- Resid\u00eancia das Irm\u00e3s.<\/p>\n\n\n\n<p>Tamb\u00e9m lhe foram\npedidos muitos servi\u00e7os e responsabilidades. Ela sempre os aceitou e esfor\u00e7ou-se\npor realiz\u00e1-los da melhor maneira poss\u00edvel. Depois de ser Mestra de Junioras,\nfoi coordenadora em v\u00e1rias comunidades, Mestra da Terceira Prova\u00e7\u00e3o,\nConselheira e Vig\u00e1ria Provincial.<\/p>\n\n\n\n<p>De Amparo podemos\ndizer que ela foi uma boa teresiana e uma boa pessoa, pr\u00f3xima, serena, educada\ne prestativa. Uma mulher criativa, caracter\u00edstica que sem d\u00favida herdou da m\u00e3e\ne que \u00e9 comum a toda a sua fam\u00edlia. Muito celebrativa, ela gostava de organizar\ne decorar a casa para as festas. Era piedosa, apaixonada\npor Jesus.<\/p>\n\n\n\n<p>Muito amiga da sua\nterra e especialmente da Virgem dos Desamparados, a quem se confiou nas suas\n\u00faltimas horas. <\/p>\n\n\n\n<p>Teresiana at\u00e9 \u00e0 medula,\nvibrava com as not\u00edcias que chegavam de toda a Companhia, e ficava feliz quando\nse reencontrava com as Irm\u00e3s com quem tinha convivido ou com as quais havia\npartilhado algum de seu tempo como formadora. Ela era amada por todos. O Senhor a ter\u00e1 recebido com uma\ngrande festa no seu Reino.<\/p>\n","protected":false},"excerpt":{"rendered":"<p>Amparo, como todos a conhec\u00edamos, nasceu em Val\u00eancia no dia 20 de maio de 1935. Ela era a segunda de nove irm\u00e3os, a quem amava profundamente. Uma delas, Ana M\u00aa, [&hellip;]<\/p>\n","protected":false},"author":1,"featured_media":7671,"comment_status":"open","ping_status":"open","sticky":false,"template":"","format":"standard","meta":{"_acf_changed":false,"footnotes":""},"categories":[69],"tags":[],"class_list":["post-10472","post","type-post","status-publish","format-standard","has-post-thumbnail","hentry","category-falecimentos"],"acf":[],"yoast_head":"<!-- This site is optimized with the Yoast SEO plugin v27.5 - https:\/\/yoast.com\/product\/yoast-seo-wordpress\/ -->\n<title>Amparo Roig Campos. 21 de febrero 2021. (Jes\u00fas - Tortosa) - En Compa\u00f1\u00eda STJ<\/title>\n<meta name=\"robots\" content=\"index, follow, max-snippet:-1, max-image-preview:large, max-video-preview:-1\" \/>\n<link rel=\"canonical\" href=\"https:\/\/encompaniastj.org\/pt-pt\/amparo-roig-campos-21-de-febrero-2021-jesus-tortosa-2\/\" \/>\n<meta property=\"og:locale\" content=\"pt_PT\" \/>\n<meta property=\"og:type\" content=\"article\" \/>\n<meta property=\"og:title\" content=\"Amparo Roig Campos. 21 de febrero 2021. (Jes\u00fas - Tortosa) - En Compa\u00f1\u00eda STJ\" \/>\n<meta property=\"og:description\" content=\"Amparo, como todos a conhec\u00edamos, nasceu em Val\u00eancia no dia 20 de maio de 1935. Ela era a segunda de nove irm\u00e3os, a quem amava profundamente. Uma delas, Ana M\u00aa, [&hellip;]\" \/>\n<meta property=\"og:url\" content=\"https:\/\/encompaniastj.org\/pt-pt\/amparo-roig-campos-21-de-febrero-2021-jesus-tortosa-2\/\" \/>\n<meta property=\"og:site_name\" content=\"En Compa\u00f1\u00eda STJ\" \/>\n<meta property=\"article:published_time\" content=\"2021-02-22T07:08:12+00:00\" \/>\n<meta property=\"article:modified_time\" content=\"2025-07-07T14:22:18+00:00\" \/>\n<meta property=\"og:image\" content=\"https:\/\/encompaniastj.org\/wp-content\/uploads\/2025\/05\/plume-2428666_640.jpg\" \/>\n\t<meta property=\"og:image:width\" content=\"640\" \/>\n\t<meta property=\"og:image:height\" content=\"427\" \/>\n\t<meta property=\"og:image:type\" content=\"image\/jpeg\" \/>\n<meta name=\"author\" content=\"admin\" \/>\n<meta name=\"twitter:card\" content=\"summary_large_image\" \/>\n<meta name=\"twitter:label1\" content=\"Escrito por\" \/>\n\t<meta name=\"twitter:data1\" content=\"admin\" \/>\n\t<meta name=\"twitter:label2\" content=\"Tempo estimado de leitura\" \/>\n\t<meta name=\"twitter:data2\" content=\"2 minutos\" \/>\n<script type=\"application\/ld+json\" class=\"yoast-schema-graph\">{\"@context\":\"https:\\\/\\\/schema.org\",\"@graph\":[{\"@type\":\"Article\",\"@id\":\"https:\\\/\\\/encompaniastj.org\\\/pt-pt\\\/amparo-roig-campos-21-de-febrero-2021-jesus-tortosa-2\\\/#article\",\"isPartOf\":{\"@id\":\"https:\\\/\\\/encompaniastj.org\\\/pt-pt\\\/amparo-roig-campos-21-de-febrero-2021-jesus-tortosa-2\\\/\"},\"author\":{\"name\":\"admin\",\"@id\":\"https:\\\/\\\/encompaniastj.org\\\/pt-pt\\\/#\\\/schema\\\/person\\\/520e7ecc314793d40091993c2a02b651\"},\"headline\":\"Amparo Roig Campos. 21 de febrero 2021. (Jes\u00fas - Tortosa)\",\"datePublished\":\"2021-02-22T07:08:12+00:00\",\"dateModified\":\"2025-07-07T14:22:18+00:00\",\"mainEntityOfPage\":{\"@id\":\"https:\\\/\\\/encompaniastj.org\\\/pt-pt\\\/amparo-roig-campos-21-de-febrero-2021-jesus-tortosa-2\\\/\"},\"wordCount\":364,\"commentCount\":0,\"publisher\":{\"@id\":\"https:\\\/\\\/encompaniastj.org\\\/pt-pt\\\/#organization\"},\"image\":{\"@id\":\"https:\\\/\\\/encompaniastj.org\\\/pt-pt\\\/amparo-roig-campos-21-de-febrero-2021-jesus-tortosa-2\\\/#primaryimage\"},\"thumbnailUrl\":\"https:\\\/\\\/encompaniastj.org\\\/wp-content\\\/uploads\\\/2025\\\/05\\\/plume-2428666_640.jpg\",\"articleSection\":[\"Falecimentos\"],\"inLanguage\":\"pt-PT\",\"potentialAction\":[{\"@type\":\"CommentAction\",\"name\":\"Comment\",\"target\":[\"https:\\\/\\\/encompaniastj.org\\\/pt-pt\\\/amparo-roig-campos-21-de-febrero-2021-jesus-tortosa-2\\\/#respond\"]}]},{\"@type\":\"WebPage\",\"@id\":\"https:\\\/\\\/encompaniastj.org\\\/pt-pt\\\/amparo-roig-campos-21-de-febrero-2021-jesus-tortosa-2\\\/\",\"url\":\"https:\\\/\\\/encompaniastj.org\\\/pt-pt\\\/amparo-roig-campos-21-de-febrero-2021-jesus-tortosa-2\\\/\",\"name\":\"Amparo Roig Campos. 21 de febrero 2021. (Jes\u00fas - Tortosa) - En Compa\u00f1\u00eda STJ\",\"isPartOf\":{\"@id\":\"https:\\\/\\\/encompaniastj.org\\\/pt-pt\\\/#website\"},\"primaryImageOfPage\":{\"@id\":\"https:\\\/\\\/encompaniastj.org\\\/pt-pt\\\/amparo-roig-campos-21-de-febrero-2021-jesus-tortosa-2\\\/#primaryimage\"},\"image\":{\"@id\":\"https:\\\/\\\/encompaniastj.org\\\/pt-pt\\\/amparo-roig-campos-21-de-febrero-2021-jesus-tortosa-2\\\/#primaryimage\"},\"thumbnailUrl\":\"https:\\\/\\\/encompaniastj.org\\\/wp-content\\\/uploads\\\/2025\\\/05\\\/plume-2428666_640.jpg\",\"datePublished\":\"2021-02-22T07:08:12+00:00\",\"dateModified\":\"2025-07-07T14:22:18+00:00\",\"breadcrumb\":{\"@id\":\"https:\\\/\\\/encompaniastj.org\\\/pt-pt\\\/amparo-roig-campos-21-de-febrero-2021-jesus-tortosa-2\\\/#breadcrumb\"},\"inLanguage\":\"pt-PT\",\"potentialAction\":[{\"@type\":\"ReadAction\",\"target\":[\"https:\\\/\\\/encompaniastj.org\\\/pt-pt\\\/amparo-roig-campos-21-de-febrero-2021-jesus-tortosa-2\\\/\"]}]},{\"@type\":\"ImageObject\",\"inLanguage\":\"pt-PT\",\"@id\":\"https:\\\/\\\/encompaniastj.org\\\/pt-pt\\\/amparo-roig-campos-21-de-febrero-2021-jesus-tortosa-2\\\/#primaryimage\",\"url\":\"https:\\\/\\\/encompaniastj.org\\\/wp-content\\\/uploads\\\/2025\\\/05\\\/plume-2428666_640.jpg\",\"contentUrl\":\"https:\\\/\\\/encompaniastj.org\\\/wp-content\\\/uploads\\\/2025\\\/05\\\/plume-2428666_640.jpg\",\"width\":640,\"height\":427},{\"@type\":\"BreadcrumbList\",\"@id\":\"https:\\\/\\\/encompaniastj.org\\\/pt-pt\\\/amparo-roig-campos-21-de-febrero-2021-jesus-tortosa-2\\\/#breadcrumb\",\"itemListElement\":[{\"@type\":\"ListItem\",\"position\":1,\"name\":\"Portada\",\"item\":\"https:\\\/\\\/encompaniastj.org\\\/pt-pt\\\/\"},{\"@type\":\"ListItem\",\"position\":2,\"name\":\"Amparo Roig Campos. 21 de febrero 2021. (Jes\u00fas - Tortosa)\"}]},{\"@type\":\"WebSite\",\"@id\":\"https:\\\/\\\/encompaniastj.org\\\/pt-pt\\\/#website\",\"url\":\"https:\\\/\\\/encompaniastj.org\\\/pt-pt\\\/\",\"name\":\"En Compa\u00f1\u00eda STJ\",\"description\":\"Bolet\u00edn de la Compa\u00f1\u00eda de Santa Teresa de Jes\u00fas\",\"publisher\":{\"@id\":\"https:\\\/\\\/encompaniastj.org\\\/pt-pt\\\/#organization\"},\"potentialAction\":[{\"@type\":\"SearchAction\",\"target\":{\"@type\":\"EntryPoint\",\"urlTemplate\":\"https:\\\/\\\/encompaniastj.org\\\/pt-pt\\\/?s={search_term_string}\"},\"query-input\":{\"@type\":\"PropertyValueSpecification\",\"valueRequired\":true,\"valueName\":\"search_term_string\"}}],\"inLanguage\":\"pt-PT\"},{\"@type\":\"Organization\",\"@id\":\"https:\\\/\\\/encompaniastj.org\\\/pt-pt\\\/#organization\",\"name\":\"Compa\u00f1\u00eda de Santa Teresa de Jes\u00fas\",\"url\":\"https:\\\/\\\/encompaniastj.org\\\/pt-pt\\\/\",\"logo\":{\"@type\":\"ImageObject\",\"inLanguage\":\"pt-PT\",\"@id\":\"https:\\\/\\\/encompaniastj.org\\\/pt-pt\\\/#\\\/schema\\\/logo\\\/image\\\/\",\"url\":\"https:\\\/\\\/encompaniastj.org\\\/wp-content\\\/uploads\\\/2025\\\/04\\\/logo_provincias02-1-3.png\",\"contentUrl\":\"https:\\\/\\\/encompaniastj.org\\\/wp-content\\\/uploads\\\/2025\\\/04\\\/logo_provincias02-1-3.png\",\"width\":2368,\"height\":825,\"caption\":\"Compa\u00f1\u00eda de Santa Teresa de Jes\u00fas\"},\"image\":{\"@id\":\"https:\\\/\\\/encompaniastj.org\\\/pt-pt\\\/#\\\/schema\\\/logo\\\/image\\\/\"}},{\"@type\":\"Person\",\"@id\":\"https:\\\/\\\/encompaniastj.org\\\/pt-pt\\\/#\\\/schema\\\/person\\\/520e7ecc314793d40091993c2a02b651\",\"name\":\"admin\",\"image\":{\"@type\":\"ImageObject\",\"inLanguage\":\"pt-PT\",\"@id\":\"https:\\\/\\\/secure.gravatar.com\\\/avatar\\\/948b492cce32b586ac2db0eaa926ee87024f7afe218d73b397ea5ddfc5f43ea1?s=96&d=mm&r=g\",\"url\":\"https:\\\/\\\/secure.gravatar.com\\\/avatar\\\/948b492cce32b586ac2db0eaa926ee87024f7afe218d73b397ea5ddfc5f43ea1?s=96&d=mm&r=g\",\"contentUrl\":\"https:\\\/\\\/secure.gravatar.com\\\/avatar\\\/948b492cce32b586ac2db0eaa926ee87024f7afe218d73b397ea5ddfc5f43ea1?s=96&d=mm&r=g\",\"caption\":\"admin\"},\"sameAs\":[\"https:\\\/\\\/encompaniastj.org\"],\"url\":\"https:\\\/\\\/encompaniastj.org\\\/pt-pt\\\/author\\\/sjdigital\\\/\"}]}<\/script>\n<!-- \/ Yoast SEO plugin. -->","yoast_head_json":{"title":"Amparo Roig Campos. 21 de febrero 2021. (Jes\u00fas - Tortosa) - En Compa\u00f1\u00eda STJ","robots":{"index":"index","follow":"follow","max-snippet":"max-snippet:-1","max-image-preview":"max-image-preview:large","max-video-preview":"max-video-preview:-1"},"canonical":"https:\/\/encompaniastj.org\/pt-pt\/amparo-roig-campos-21-de-febrero-2021-jesus-tortosa-2\/","og_locale":"pt_PT","og_type":"article","og_title":"Amparo Roig Campos. 21 de febrero 2021. (Jes\u00fas - Tortosa) - En Compa\u00f1\u00eda STJ","og_description":"Amparo, como todos a conhec\u00edamos, nasceu em Val\u00eancia no dia 20 de maio de 1935. Ela era a segunda de nove irm\u00e3os, a quem amava profundamente. Uma delas, Ana M\u00aa, [&hellip;]","og_url":"https:\/\/encompaniastj.org\/pt-pt\/amparo-roig-campos-21-de-febrero-2021-jesus-tortosa-2\/","og_site_name":"En Compa\u00f1\u00eda STJ","article_published_time":"2021-02-22T07:08:12+00:00","article_modified_time":"2025-07-07T14:22:18+00:00","og_image":[{"width":640,"height":427,"url":"https:\/\/encompaniastj.org\/wp-content\/uploads\/2025\/05\/plume-2428666_640.jpg","type":"image\/jpeg"}],"author":"admin","twitter_card":"summary_large_image","twitter_misc":{"Escrito por":"admin","Tempo estimado de leitura":"2 minutos"},"schema":{"@context":"https:\/\/schema.org","@graph":[{"@type":"Article","@id":"https:\/\/encompaniastj.org\/pt-pt\/amparo-roig-campos-21-de-febrero-2021-jesus-tortosa-2\/#article","isPartOf":{"@id":"https:\/\/encompaniastj.org\/pt-pt\/amparo-roig-campos-21-de-febrero-2021-jesus-tortosa-2\/"},"author":{"name":"admin","@id":"https:\/\/encompaniastj.org\/pt-pt\/#\/schema\/person\/520e7ecc314793d40091993c2a02b651"},"headline":"Amparo Roig Campos. 21 de febrero 2021. (Jes\u00fas - Tortosa)","datePublished":"2021-02-22T07:08:12+00:00","dateModified":"2025-07-07T14:22:18+00:00","mainEntityOfPage":{"@id":"https:\/\/encompaniastj.org\/pt-pt\/amparo-roig-campos-21-de-febrero-2021-jesus-tortosa-2\/"},"wordCount":364,"commentCount":0,"publisher":{"@id":"https:\/\/encompaniastj.org\/pt-pt\/#organization"},"image":{"@id":"https:\/\/encompaniastj.org\/pt-pt\/amparo-roig-campos-21-de-febrero-2021-jesus-tortosa-2\/#primaryimage"},"thumbnailUrl":"https:\/\/encompaniastj.org\/wp-content\/uploads\/2025\/05\/plume-2428666_640.jpg","articleSection":["Falecimentos"],"inLanguage":"pt-PT","potentialAction":[{"@type":"CommentAction","name":"Comment","target":["https:\/\/encompaniastj.org\/pt-pt\/amparo-roig-campos-21-de-febrero-2021-jesus-tortosa-2\/#respond"]}]},{"@type":"WebPage","@id":"https:\/\/encompaniastj.org\/pt-pt\/amparo-roig-campos-21-de-febrero-2021-jesus-tortosa-2\/","url":"https:\/\/encompaniastj.org\/pt-pt\/amparo-roig-campos-21-de-febrero-2021-jesus-tortosa-2\/","name":"Amparo Roig Campos. 21 de febrero 2021. (Jes\u00fas - Tortosa) - En Compa\u00f1\u00eda STJ","isPartOf":{"@id":"https:\/\/encompaniastj.org\/pt-pt\/#website"},"primaryImageOfPage":{"@id":"https:\/\/encompaniastj.org\/pt-pt\/amparo-roig-campos-21-de-febrero-2021-jesus-tortosa-2\/#primaryimage"},"image":{"@id":"https:\/\/encompaniastj.org\/pt-pt\/amparo-roig-campos-21-de-febrero-2021-jesus-tortosa-2\/#primaryimage"},"thumbnailUrl":"https:\/\/encompaniastj.org\/wp-content\/uploads\/2025\/05\/plume-2428666_640.jpg","datePublished":"2021-02-22T07:08:12+00:00","dateModified":"2025-07-07T14:22:18+00:00","breadcrumb":{"@id":"https:\/\/encompaniastj.org\/pt-pt\/amparo-roig-campos-21-de-febrero-2021-jesus-tortosa-2\/#breadcrumb"},"inLanguage":"pt-PT","potentialAction":[{"@type":"ReadAction","target":["https:\/\/encompaniastj.org\/pt-pt\/amparo-roig-campos-21-de-febrero-2021-jesus-tortosa-2\/"]}]},{"@type":"ImageObject","inLanguage":"pt-PT","@id":"https:\/\/encompaniastj.org\/pt-pt\/amparo-roig-campos-21-de-febrero-2021-jesus-tortosa-2\/#primaryimage","url":"https:\/\/encompaniastj.org\/wp-content\/uploads\/2025\/05\/plume-2428666_640.jpg","contentUrl":"https:\/\/encompaniastj.org\/wp-content\/uploads\/2025\/05\/plume-2428666_640.jpg","width":640,"height":427},{"@type":"BreadcrumbList","@id":"https:\/\/encompaniastj.org\/pt-pt\/amparo-roig-campos-21-de-febrero-2021-jesus-tortosa-2\/#breadcrumb","itemListElement":[{"@type":"ListItem","position":1,"name":"Portada","item":"https:\/\/encompaniastj.org\/pt-pt\/"},{"@type":"ListItem","position":2,"name":"Amparo Roig Campos. 21 de febrero 2021. (Jes\u00fas - Tortosa)"}]},{"@type":"WebSite","@id":"https:\/\/encompaniastj.org\/pt-pt\/#website","url":"https:\/\/encompaniastj.org\/pt-pt\/","name":"En Compa\u00f1\u00eda STJ","description":"Bolet\u00edn de la Compa\u00f1\u00eda de Santa Teresa de Jes\u00fas","publisher":{"@id":"https:\/\/encompaniastj.org\/pt-pt\/#organization"},"potentialAction":[{"@type":"SearchAction","target":{"@type":"EntryPoint","urlTemplate":"https:\/\/encompaniastj.org\/pt-pt\/?s={search_term_string}"},"query-input":{"@type":"PropertyValueSpecification","valueRequired":true,"valueName":"search_term_string"}}],"inLanguage":"pt-PT"},{"@type":"Organization","@id":"https:\/\/encompaniastj.org\/pt-pt\/#organization","name":"Compa\u00f1\u00eda de Santa Teresa de Jes\u00fas","url":"https:\/\/encompaniastj.org\/pt-pt\/","logo":{"@type":"ImageObject","inLanguage":"pt-PT","@id":"https:\/\/encompaniastj.org\/pt-pt\/#\/schema\/logo\/image\/","url":"https:\/\/encompaniastj.org\/wp-content\/uploads\/2025\/04\/logo_provincias02-1-3.png","contentUrl":"https:\/\/encompaniastj.org\/wp-content\/uploads\/2025\/04\/logo_provincias02-1-3.png","width":2368,"height":825,"caption":"Compa\u00f1\u00eda de Santa Teresa de Jes\u00fas"},"image":{"@id":"https:\/\/encompaniastj.org\/pt-pt\/#\/schema\/logo\/image\/"}},{"@type":"Person","@id":"https:\/\/encompaniastj.org\/pt-pt\/#\/schema\/person\/520e7ecc314793d40091993c2a02b651","name":"admin","image":{"@type":"ImageObject","inLanguage":"pt-PT","@id":"https:\/\/secure.gravatar.com\/avatar\/948b492cce32b586ac2db0eaa926ee87024f7afe218d73b397ea5ddfc5f43ea1?s=96&d=mm&r=g","url":"https:\/\/secure.gravatar.com\/avatar\/948b492cce32b586ac2db0eaa926ee87024f7afe218d73b397ea5ddfc5f43ea1?s=96&d=mm&r=g","contentUrl":"https:\/\/secure.gravatar.com\/avatar\/948b492cce32b586ac2db0eaa926ee87024f7afe218d73b397ea5ddfc5f43ea1?s=96&d=mm&r=g","caption":"admin"},"sameAs":["https:\/\/encompaniastj.org"],"url":"https:\/\/encompaniastj.org\/pt-pt\/author\/sjdigital\/"}]}},"_links":{"self":[{"href":"https:\/\/encompaniastj.org\/pt-pt\/wp-json\/wp\/v2\/posts\/10472","targetHints":{"allow":["GET"]}}],"collection":[{"href":"https:\/\/encompaniastj.org\/pt-pt\/wp-json\/wp\/v2\/posts"}],"about":[{"href":"https:\/\/encompaniastj.org\/pt-pt\/wp-json\/wp\/v2\/types\/post"}],"author":[{"embeddable":true,"href":"https:\/\/encompaniastj.org\/pt-pt\/wp-json\/wp\/v2\/users\/1"}],"replies":[{"embeddable":true,"href":"https:\/\/encompaniastj.org\/pt-pt\/wp-json\/wp\/v2\/comments?post=10472"}],"version-history":[{"count":1,"href":"https:\/\/encompaniastj.org\/pt-pt\/wp-json\/wp\/v2\/posts\/10472\/revisions"}],"predecessor-version":[{"id":10473,"href":"https:\/\/encompaniastj.org\/pt-pt\/wp-json\/wp\/v2\/posts\/10472\/revisions\/10473"}],"wp:featuredmedia":[{"embeddable":true,"href":"https:\/\/encompaniastj.org\/pt-pt\/wp-json\/wp\/v2\/media\/7671"}],"wp:attachment":[{"href":"https:\/\/encompaniastj.org\/pt-pt\/wp-json\/wp\/v2\/media?parent=10472"}],"wp:term":[{"taxonomy":"category","embeddable":true,"href":"https:\/\/encompaniastj.org\/pt-pt\/wp-json\/wp\/v2\/categories?post=10472"},{"taxonomy":"post_tag","embeddable":true,"href":"https:\/\/encompaniastj.org\/pt-pt\/wp-json\/wp\/v2\/tags?post=10472"}],"curies":[{"name":"wp","href":"https:\/\/api.w.org\/{rel}","templated":true}]}}