{"id":10464,"date":"2021-02-06T12:55:04","date_gmt":"2021-02-06T11:55:04","guid":{"rendered":"https:\/\/encompaniastj.org\/carmen-perez-fernandez-5-de-febrero-del-2021-jesus-tortosa-2\/"},"modified":"2025-07-07T16:22:16","modified_gmt":"2025-07-07T14:22:16","slug":"carmen-perez-fernandez-5-de-febrero-del-2021-jesus-tortosa-2","status":"publish","type":"post","link":"https:\/\/encompaniastj.org\/pt-pt\/carmen-perez-fernandez-5-de-febrero-del-2021-jesus-tortosa-2\/","title":{"rendered":"Carmen P\u00e9rez Fern\u00e1ndez. 5 de febrero del 2021. (Jes\u00fas-Tortosa)"},"content":{"rendered":"\n<p>C\u00e1rmen nasceu no dia\n27 de fevereiro de 1927 na cidade de Valladolid, que sempre levou no cora\u00e7\u00e3o. Entrou\nno Noviciado de Jesus-Tortosa no dia 18 de mar\u00e7o de 1954, v\u00e9spera de S\u00e3o Jos\u00e9,\nsanto a quem professou grande devo\u00e7\u00e3o ao longo de sua vida.<\/p>\n\n\n\n<p>No dia 22 de\nsetembro de 1956, fez os seus primeiros votos em Jesus -Tortosa. O seu primeiro\ndestino foi Madrid-Goya, onde viveu apenas um ano, pois foi convidada a\nregressar ao Noviciado de Jesus, onde celebrou os seus votos perp\u00e9tuos no dia\n22 de setembro de 1961.<\/p>\n\n\n\n<p>Permaneceu no\nnoviciado at\u00e9 1984, quando foi transferida para Valladolid - Resid\u00eancia por\ncinco anos. Ap\u00f3s esta data, os seus destinos foram Barcelona-Gracia, Tarragona\ne novamente Jesus-Tortosa.<\/p>\n\n\n\n<p>C\u00e1rmen viveu grande parte de sua vida na casa de\nJesus, primeiro noviciado e atualmente uma resid\u00eancia para irm\u00e3s e uma casa de\nespiritualidade.<\/p>\n\n\n\n<p>Sempre foi uma mulher dedicada e austera, generosa no\nservi\u00e7o, de poucas palavras, mas com muito amor manifestado na quantidade de\ngestos para todas as pessoas, ajudando nos trabalhos de casa ou na enfermaria\nnas comunidades onde viveu. Ela agradecia qualquer demonstra\u00e7\u00e3o de afeto e\nnunca pedia nada. Deus a recompensar\u00e1 por todo o bem que fez, pela sua vida doada\nno sil\u00eancio e na humildade.<\/p>\n\n\n\n<p>Descanse em paz nos bra\u00e7os do Divino Pastor.<\/p>\n","protected":false},"excerpt":{"rendered":"<p>C\u00e1rmen nasceu no dia 27 de fevereiro de 1927 na cidade de Valladolid, que sempre levou no cora\u00e7\u00e3o. Entrou no Noviciado de Jesus-Tortosa no dia 18 de mar\u00e7o de 1954, [&hellip;]<\/p>\n","protected":false},"author":1,"featured_media":7669,"comment_status":"open","ping_status":"open","sticky":false,"template":"","format":"standard","meta":{"_acf_changed":false,"footnotes":""},"categories":[69],"tags":[],"class_list":["post-10464","post","type-post","status-publish","format-standard","has-post-thumbnail","hentry","category-falecimentos"],"acf":[],"yoast_head":"<!-- This site is optimized with the Yoast SEO plugin v27.5 - https:\/\/yoast.com\/product\/yoast-seo-wordpress\/ -->\n<title>Carmen P\u00e9rez Fern\u00e1ndez. 5 de febrero del 2021. (Jes\u00fas-Tortosa) - En Compa\u00f1\u00eda STJ<\/title>\n<meta name=\"robots\" content=\"index, follow, max-snippet:-1, max-image-preview:large, max-video-preview:-1\" \/>\n<link rel=\"canonical\" href=\"https:\/\/encompaniastj.org\/pt-pt\/carmen-perez-fernandez-5-de-febrero-del-2021-jesus-tortosa-2\/\" \/>\n<meta property=\"og:locale\" content=\"pt_PT\" \/>\n<meta property=\"og:type\" content=\"article\" \/>\n<meta property=\"og:title\" content=\"Carmen P\u00e9rez Fern\u00e1ndez. 5 de febrero del 2021. (Jes\u00fas-Tortosa) - En Compa\u00f1\u00eda STJ\" \/>\n<meta property=\"og:description\" content=\"C\u00e1rmen nasceu no dia 27 de fevereiro de 1927 na cidade de Valladolid, que sempre levou no cora\u00e7\u00e3o. Entrou no Noviciado de Jesus-Tortosa no dia 18 de mar\u00e7o de 1954, [&hellip;]\" \/>\n<meta property=\"og:url\" content=\"https:\/\/encompaniastj.org\/pt-pt\/carmen-perez-fernandez-5-de-febrero-del-2021-jesus-tortosa-2\/\" \/>\n<meta property=\"og:site_name\" content=\"En Compa\u00f1\u00eda STJ\" \/>\n<meta property=\"article:published_time\" content=\"2021-02-06T11:55:04+00:00\" \/>\n<meta property=\"article:modified_time\" content=\"2025-07-07T14:22:16+00:00\" \/>\n<meta property=\"og:image\" content=\"https:\/\/encompaniastj.org\/wp-content\/uploads\/2025\/05\/autumn-2923309_640.jpg\" \/>\n\t<meta property=\"og:image:width\" content=\"640\" \/>\n\t<meta property=\"og:image:height\" content=\"426\" \/>\n\t<meta property=\"og:image:type\" content=\"image\/jpeg\" \/>\n<meta name=\"author\" content=\"admin\" \/>\n<meta name=\"twitter:card\" content=\"summary_large_image\" \/>\n<meta name=\"twitter:label1\" content=\"Escrito por\" \/>\n\t<meta name=\"twitter:data1\" content=\"admin\" \/>\n\t<meta name=\"twitter:label2\" content=\"Tempo estimado de leitura\" \/>\n\t<meta name=\"twitter:data2\" content=\"1 minuto\" \/>\n<script type=\"application\/ld+json\" class=\"yoast-schema-graph\">{\"@context\":\"https:\\\/\\\/schema.org\",\"@graph\":[{\"@type\":\"Article\",\"@id\":\"https:\\\/\\\/encompaniastj.org\\\/pt-pt\\\/carmen-perez-fernandez-5-de-febrero-del-2021-jesus-tortosa-2\\\/#article\",\"isPartOf\":{\"@id\":\"https:\\\/\\\/encompaniastj.org\\\/pt-pt\\\/carmen-perez-fernandez-5-de-febrero-del-2021-jesus-tortosa-2\\\/\"},\"author\":{\"name\":\"admin\",\"@id\":\"https:\\\/\\\/encompaniastj.org\\\/pt-pt\\\/#\\\/schema\\\/person\\\/520e7ecc314793d40091993c2a02b651\"},\"headline\":\"Carmen P\u00e9rez Fern\u00e1ndez. 5 de febrero del 2021. (Jes\u00fas-Tortosa)\",\"datePublished\":\"2021-02-06T11:55:04+00:00\",\"dateModified\":\"2025-07-07T14:22:16+00:00\",\"mainEntityOfPage\":{\"@id\":\"https:\\\/\\\/encompaniastj.org\\\/pt-pt\\\/carmen-perez-fernandez-5-de-febrero-del-2021-jesus-tortosa-2\\\/\"},\"wordCount\":235,\"commentCount\":0,\"publisher\":{\"@id\":\"https:\\\/\\\/encompaniastj.org\\\/pt-pt\\\/#organization\"},\"image\":{\"@id\":\"https:\\\/\\\/encompaniastj.org\\\/pt-pt\\\/carmen-perez-fernandez-5-de-febrero-del-2021-jesus-tortosa-2\\\/#primaryimage\"},\"thumbnailUrl\":\"https:\\\/\\\/encompaniastj.org\\\/wp-content\\\/uploads\\\/2025\\\/05\\\/autumn-2923309_640.jpg\",\"articleSection\":[\"Falecimentos\"],\"inLanguage\":\"pt-PT\",\"potentialAction\":[{\"@type\":\"CommentAction\",\"name\":\"Comment\",\"target\":[\"https:\\\/\\\/encompaniastj.org\\\/pt-pt\\\/carmen-perez-fernandez-5-de-febrero-del-2021-jesus-tortosa-2\\\/#respond\"]}]},{\"@type\":\"WebPage\",\"@id\":\"https:\\\/\\\/encompaniastj.org\\\/pt-pt\\\/carmen-perez-fernandez-5-de-febrero-del-2021-jesus-tortosa-2\\\/\",\"url\":\"https:\\\/\\\/encompaniastj.org\\\/pt-pt\\\/carmen-perez-fernandez-5-de-febrero-del-2021-jesus-tortosa-2\\\/\",\"name\":\"Carmen P\u00e9rez Fern\u00e1ndez. 5 de febrero del 2021. (Jes\u00fas-Tortosa) - En Compa\u00f1\u00eda STJ\",\"isPartOf\":{\"@id\":\"https:\\\/\\\/encompaniastj.org\\\/pt-pt\\\/#website\"},\"primaryImageOfPage\":{\"@id\":\"https:\\\/\\\/encompaniastj.org\\\/pt-pt\\\/carmen-perez-fernandez-5-de-febrero-del-2021-jesus-tortosa-2\\\/#primaryimage\"},\"image\":{\"@id\":\"https:\\\/\\\/encompaniastj.org\\\/pt-pt\\\/carmen-perez-fernandez-5-de-febrero-del-2021-jesus-tortosa-2\\\/#primaryimage\"},\"thumbnailUrl\":\"https:\\\/\\\/encompaniastj.org\\\/wp-content\\\/uploads\\\/2025\\\/05\\\/autumn-2923309_640.jpg\",\"datePublished\":\"2021-02-06T11:55:04+00:00\",\"dateModified\":\"2025-07-07T14:22:16+00:00\",\"breadcrumb\":{\"@id\":\"https:\\\/\\\/encompaniastj.org\\\/pt-pt\\\/carmen-perez-fernandez-5-de-febrero-del-2021-jesus-tortosa-2\\\/#breadcrumb\"},\"inLanguage\":\"pt-PT\",\"potentialAction\":[{\"@type\":\"ReadAction\",\"target\":[\"https:\\\/\\\/encompaniastj.org\\\/pt-pt\\\/carmen-perez-fernandez-5-de-febrero-del-2021-jesus-tortosa-2\\\/\"]}]},{\"@type\":\"ImageObject\",\"inLanguage\":\"pt-PT\",\"@id\":\"https:\\\/\\\/encompaniastj.org\\\/pt-pt\\\/carmen-perez-fernandez-5-de-febrero-del-2021-jesus-tortosa-2\\\/#primaryimage\",\"url\":\"https:\\\/\\\/encompaniastj.org\\\/wp-content\\\/uploads\\\/2025\\\/05\\\/autumn-2923309_640.jpg\",\"contentUrl\":\"https:\\\/\\\/encompaniastj.org\\\/wp-content\\\/uploads\\\/2025\\\/05\\\/autumn-2923309_640.jpg\",\"width\":640,\"height\":426},{\"@type\":\"BreadcrumbList\",\"@id\":\"https:\\\/\\\/encompaniastj.org\\\/pt-pt\\\/carmen-perez-fernandez-5-de-febrero-del-2021-jesus-tortosa-2\\\/#breadcrumb\",\"itemListElement\":[{\"@type\":\"ListItem\",\"position\":1,\"name\":\"Portada\",\"item\":\"https:\\\/\\\/encompaniastj.org\\\/pt-pt\\\/\"},{\"@type\":\"ListItem\",\"position\":2,\"name\":\"Carmen P\u00e9rez Fern\u00e1ndez. 5 de febrero del 2021. (Jes\u00fas-Tortosa)\"}]},{\"@type\":\"WebSite\",\"@id\":\"https:\\\/\\\/encompaniastj.org\\\/pt-pt\\\/#website\",\"url\":\"https:\\\/\\\/encompaniastj.org\\\/pt-pt\\\/\",\"name\":\"En Compa\u00f1\u00eda STJ\",\"description\":\"Bolet\u00edn de la Compa\u00f1\u00eda de Santa Teresa de Jes\u00fas\",\"publisher\":{\"@id\":\"https:\\\/\\\/encompaniastj.org\\\/pt-pt\\\/#organization\"},\"potentialAction\":[{\"@type\":\"SearchAction\",\"target\":{\"@type\":\"EntryPoint\",\"urlTemplate\":\"https:\\\/\\\/encompaniastj.org\\\/pt-pt\\\/?s={search_term_string}\"},\"query-input\":{\"@type\":\"PropertyValueSpecification\",\"valueRequired\":true,\"valueName\":\"search_term_string\"}}],\"inLanguage\":\"pt-PT\"},{\"@type\":\"Organization\",\"@id\":\"https:\\\/\\\/encompaniastj.org\\\/pt-pt\\\/#organization\",\"name\":\"Compa\u00f1\u00eda de Santa Teresa de Jes\u00fas\",\"url\":\"https:\\\/\\\/encompaniastj.org\\\/pt-pt\\\/\",\"logo\":{\"@type\":\"ImageObject\",\"inLanguage\":\"pt-PT\",\"@id\":\"https:\\\/\\\/encompaniastj.org\\\/pt-pt\\\/#\\\/schema\\\/logo\\\/image\\\/\",\"url\":\"https:\\\/\\\/encompaniastj.org\\\/wp-content\\\/uploads\\\/2025\\\/04\\\/logo_provincias02-1-3.png\",\"contentUrl\":\"https:\\\/\\\/encompaniastj.org\\\/wp-content\\\/uploads\\\/2025\\\/04\\\/logo_provincias02-1-3.png\",\"width\":2368,\"height\":825,\"caption\":\"Compa\u00f1\u00eda de Santa Teresa de Jes\u00fas\"},\"image\":{\"@id\":\"https:\\\/\\\/encompaniastj.org\\\/pt-pt\\\/#\\\/schema\\\/logo\\\/image\\\/\"}},{\"@type\":\"Person\",\"@id\":\"https:\\\/\\\/encompaniastj.org\\\/pt-pt\\\/#\\\/schema\\\/person\\\/520e7ecc314793d40091993c2a02b651\",\"name\":\"admin\",\"image\":{\"@type\":\"ImageObject\",\"inLanguage\":\"pt-PT\",\"@id\":\"https:\\\/\\\/secure.gravatar.com\\\/avatar\\\/948b492cce32b586ac2db0eaa926ee87024f7afe218d73b397ea5ddfc5f43ea1?s=96&d=mm&r=g\",\"url\":\"https:\\\/\\\/secure.gravatar.com\\\/avatar\\\/948b492cce32b586ac2db0eaa926ee87024f7afe218d73b397ea5ddfc5f43ea1?s=96&d=mm&r=g\",\"contentUrl\":\"https:\\\/\\\/secure.gravatar.com\\\/avatar\\\/948b492cce32b586ac2db0eaa926ee87024f7afe218d73b397ea5ddfc5f43ea1?s=96&d=mm&r=g\",\"caption\":\"admin\"},\"sameAs\":[\"https:\\\/\\\/encompaniastj.org\"],\"url\":\"https:\\\/\\\/encompaniastj.org\\\/pt-pt\\\/author\\\/sjdigital\\\/\"}]}<\/script>\n<!-- \/ Yoast SEO plugin. -->","yoast_head_json":{"title":"Carmen P\u00e9rez Fern\u00e1ndez. 5 de febrero del 2021. (Jes\u00fas-Tortosa) - En Compa\u00f1\u00eda STJ","robots":{"index":"index","follow":"follow","max-snippet":"max-snippet:-1","max-image-preview":"max-image-preview:large","max-video-preview":"max-video-preview:-1"},"canonical":"https:\/\/encompaniastj.org\/pt-pt\/carmen-perez-fernandez-5-de-febrero-del-2021-jesus-tortosa-2\/","og_locale":"pt_PT","og_type":"article","og_title":"Carmen P\u00e9rez Fern\u00e1ndez. 5 de febrero del 2021. (Jes\u00fas-Tortosa) - En Compa\u00f1\u00eda STJ","og_description":"C\u00e1rmen nasceu no dia 27 de fevereiro de 1927 na cidade de Valladolid, que sempre levou no cora\u00e7\u00e3o. Entrou no Noviciado de Jesus-Tortosa no dia 18 de mar\u00e7o de 1954, [&hellip;]","og_url":"https:\/\/encompaniastj.org\/pt-pt\/carmen-perez-fernandez-5-de-febrero-del-2021-jesus-tortosa-2\/","og_site_name":"En Compa\u00f1\u00eda STJ","article_published_time":"2021-02-06T11:55:04+00:00","article_modified_time":"2025-07-07T14:22:16+00:00","og_image":[{"width":640,"height":426,"url":"https:\/\/encompaniastj.org\/wp-content\/uploads\/2025\/05\/autumn-2923309_640.jpg","type":"image\/jpeg"}],"author":"admin","twitter_card":"summary_large_image","twitter_misc":{"Escrito por":"admin","Tempo estimado de leitura":"1 minuto"},"schema":{"@context":"https:\/\/schema.org","@graph":[{"@type":"Article","@id":"https:\/\/encompaniastj.org\/pt-pt\/carmen-perez-fernandez-5-de-febrero-del-2021-jesus-tortosa-2\/#article","isPartOf":{"@id":"https:\/\/encompaniastj.org\/pt-pt\/carmen-perez-fernandez-5-de-febrero-del-2021-jesus-tortosa-2\/"},"author":{"name":"admin","@id":"https:\/\/encompaniastj.org\/pt-pt\/#\/schema\/person\/520e7ecc314793d40091993c2a02b651"},"headline":"Carmen P\u00e9rez Fern\u00e1ndez. 5 de febrero del 2021. (Jes\u00fas-Tortosa)","datePublished":"2021-02-06T11:55:04+00:00","dateModified":"2025-07-07T14:22:16+00:00","mainEntityOfPage":{"@id":"https:\/\/encompaniastj.org\/pt-pt\/carmen-perez-fernandez-5-de-febrero-del-2021-jesus-tortosa-2\/"},"wordCount":235,"commentCount":0,"publisher":{"@id":"https:\/\/encompaniastj.org\/pt-pt\/#organization"},"image":{"@id":"https:\/\/encompaniastj.org\/pt-pt\/carmen-perez-fernandez-5-de-febrero-del-2021-jesus-tortosa-2\/#primaryimage"},"thumbnailUrl":"https:\/\/encompaniastj.org\/wp-content\/uploads\/2025\/05\/autumn-2923309_640.jpg","articleSection":["Falecimentos"],"inLanguage":"pt-PT","potentialAction":[{"@type":"CommentAction","name":"Comment","target":["https:\/\/encompaniastj.org\/pt-pt\/carmen-perez-fernandez-5-de-febrero-del-2021-jesus-tortosa-2\/#respond"]}]},{"@type":"WebPage","@id":"https:\/\/encompaniastj.org\/pt-pt\/carmen-perez-fernandez-5-de-febrero-del-2021-jesus-tortosa-2\/","url":"https:\/\/encompaniastj.org\/pt-pt\/carmen-perez-fernandez-5-de-febrero-del-2021-jesus-tortosa-2\/","name":"Carmen P\u00e9rez Fern\u00e1ndez. 5 de febrero del 2021. (Jes\u00fas-Tortosa) - En Compa\u00f1\u00eda STJ","isPartOf":{"@id":"https:\/\/encompaniastj.org\/pt-pt\/#website"},"primaryImageOfPage":{"@id":"https:\/\/encompaniastj.org\/pt-pt\/carmen-perez-fernandez-5-de-febrero-del-2021-jesus-tortosa-2\/#primaryimage"},"image":{"@id":"https:\/\/encompaniastj.org\/pt-pt\/carmen-perez-fernandez-5-de-febrero-del-2021-jesus-tortosa-2\/#primaryimage"},"thumbnailUrl":"https:\/\/encompaniastj.org\/wp-content\/uploads\/2025\/05\/autumn-2923309_640.jpg","datePublished":"2021-02-06T11:55:04+00:00","dateModified":"2025-07-07T14:22:16+00:00","breadcrumb":{"@id":"https:\/\/encompaniastj.org\/pt-pt\/carmen-perez-fernandez-5-de-febrero-del-2021-jesus-tortosa-2\/#breadcrumb"},"inLanguage":"pt-PT","potentialAction":[{"@type":"ReadAction","target":["https:\/\/encompaniastj.org\/pt-pt\/carmen-perez-fernandez-5-de-febrero-del-2021-jesus-tortosa-2\/"]}]},{"@type":"ImageObject","inLanguage":"pt-PT","@id":"https:\/\/encompaniastj.org\/pt-pt\/carmen-perez-fernandez-5-de-febrero-del-2021-jesus-tortosa-2\/#primaryimage","url":"https:\/\/encompaniastj.org\/wp-content\/uploads\/2025\/05\/autumn-2923309_640.jpg","contentUrl":"https:\/\/encompaniastj.org\/wp-content\/uploads\/2025\/05\/autumn-2923309_640.jpg","width":640,"height":426},{"@type":"BreadcrumbList","@id":"https:\/\/encompaniastj.org\/pt-pt\/carmen-perez-fernandez-5-de-febrero-del-2021-jesus-tortosa-2\/#breadcrumb","itemListElement":[{"@type":"ListItem","position":1,"name":"Portada","item":"https:\/\/encompaniastj.org\/pt-pt\/"},{"@type":"ListItem","position":2,"name":"Carmen P\u00e9rez Fern\u00e1ndez. 5 de febrero del 2021. (Jes\u00fas-Tortosa)"}]},{"@type":"WebSite","@id":"https:\/\/encompaniastj.org\/pt-pt\/#website","url":"https:\/\/encompaniastj.org\/pt-pt\/","name":"En Compa\u00f1\u00eda STJ","description":"Bolet\u00edn de la Compa\u00f1\u00eda de Santa Teresa de Jes\u00fas","publisher":{"@id":"https:\/\/encompaniastj.org\/pt-pt\/#organization"},"potentialAction":[{"@type":"SearchAction","target":{"@type":"EntryPoint","urlTemplate":"https:\/\/encompaniastj.org\/pt-pt\/?s={search_term_string}"},"query-input":{"@type":"PropertyValueSpecification","valueRequired":true,"valueName":"search_term_string"}}],"inLanguage":"pt-PT"},{"@type":"Organization","@id":"https:\/\/encompaniastj.org\/pt-pt\/#organization","name":"Compa\u00f1\u00eda de Santa Teresa de Jes\u00fas","url":"https:\/\/encompaniastj.org\/pt-pt\/","logo":{"@type":"ImageObject","inLanguage":"pt-PT","@id":"https:\/\/encompaniastj.org\/pt-pt\/#\/schema\/logo\/image\/","url":"https:\/\/encompaniastj.org\/wp-content\/uploads\/2025\/04\/logo_provincias02-1-3.png","contentUrl":"https:\/\/encompaniastj.org\/wp-content\/uploads\/2025\/04\/logo_provincias02-1-3.png","width":2368,"height":825,"caption":"Compa\u00f1\u00eda de Santa Teresa de Jes\u00fas"},"image":{"@id":"https:\/\/encompaniastj.org\/pt-pt\/#\/schema\/logo\/image\/"}},{"@type":"Person","@id":"https:\/\/encompaniastj.org\/pt-pt\/#\/schema\/person\/520e7ecc314793d40091993c2a02b651","name":"admin","image":{"@type":"ImageObject","inLanguage":"pt-PT","@id":"https:\/\/secure.gravatar.com\/avatar\/948b492cce32b586ac2db0eaa926ee87024f7afe218d73b397ea5ddfc5f43ea1?s=96&d=mm&r=g","url":"https:\/\/secure.gravatar.com\/avatar\/948b492cce32b586ac2db0eaa926ee87024f7afe218d73b397ea5ddfc5f43ea1?s=96&d=mm&r=g","contentUrl":"https:\/\/secure.gravatar.com\/avatar\/948b492cce32b586ac2db0eaa926ee87024f7afe218d73b397ea5ddfc5f43ea1?s=96&d=mm&r=g","caption":"admin"},"sameAs":["https:\/\/encompaniastj.org"],"url":"https:\/\/encompaniastj.org\/pt-pt\/author\/sjdigital\/"}]}},"_links":{"self":[{"href":"https:\/\/encompaniastj.org\/pt-pt\/wp-json\/wp\/v2\/posts\/10464","targetHints":{"allow":["GET"]}}],"collection":[{"href":"https:\/\/encompaniastj.org\/pt-pt\/wp-json\/wp\/v2\/posts"}],"about":[{"href":"https:\/\/encompaniastj.org\/pt-pt\/wp-json\/wp\/v2\/types\/post"}],"author":[{"embeddable":true,"href":"https:\/\/encompaniastj.org\/pt-pt\/wp-json\/wp\/v2\/users\/1"}],"replies":[{"embeddable":true,"href":"https:\/\/encompaniastj.org\/pt-pt\/wp-json\/wp\/v2\/comments?post=10464"}],"version-history":[{"count":1,"href":"https:\/\/encompaniastj.org\/pt-pt\/wp-json\/wp\/v2\/posts\/10464\/revisions"}],"predecessor-version":[{"id":10465,"href":"https:\/\/encompaniastj.org\/pt-pt\/wp-json\/wp\/v2\/posts\/10464\/revisions\/10465"}],"wp:featuredmedia":[{"embeddable":true,"href":"https:\/\/encompaniastj.org\/pt-pt\/wp-json\/wp\/v2\/media\/7669"}],"wp:attachment":[{"href":"https:\/\/encompaniastj.org\/pt-pt\/wp-json\/wp\/v2\/media?parent=10464"}],"wp:term":[{"taxonomy":"category","embeddable":true,"href":"https:\/\/encompaniastj.org\/pt-pt\/wp-json\/wp\/v2\/categories?post=10464"},{"taxonomy":"post_tag","embeddable":true,"href":"https:\/\/encompaniastj.org\/pt-pt\/wp-json\/wp\/v2\/tags?post=10464"}],"curies":[{"name":"wp","href":"https:\/\/api.w.org\/{rel}","templated":true}]}}