{"id":10460,"date":"2021-02-02T14:23:50","date_gmt":"2021-02-02T13:23:50","guid":{"rendered":"https:\/\/encompaniastj.org\/ma-luz-hernandez-prieto-2-de-febrero-de-2021-avila-residencia-2\/"},"modified":"2025-07-07T16:22:16","modified_gmt":"2025-07-07T14:22:16","slug":"ma-luz-hernandez-prieto-2-de-febrero-de-2021-avila-residencia-2","status":"publish","type":"post","link":"https:\/\/encompaniastj.org\/pt-pt\/ma-luz-hernandez-prieto-2-de-febrero-de-2021-avila-residencia-2\/","title":{"rendered":"M\u00aa Luz Hern\u00e1ndez Prieto. 2 de febrero de 2021 (\u00c1vila-Residencia)"},"content":{"rendered":"\n<p>\u201cQuem estiver a sofrer ... QUE VENHA A\nMIM! Assim deixar\u00e1 de sofrer <strong>PARA SEMPRE<\/strong>\u201d. <\/p>\n\n\n\n<p>M\u00aa Luz nasceu em Barreras (Salamanca) em\n1945 e entrou no Noviciado de Tortosa em 1962.<\/p>\n\n\n\n<p>Era a mais nova de uma fam\u00edlia numerosa, com profundas\nra\u00edzes crist\u00e3s, na qual germinou a semente da voca\u00e7\u00e3o consagrada em tr\u00eas dos\nseus membros: Joaquina, tamb\u00e9m teresiana, falecida em agosto de 2018, e um sacerdote,\nCasimiro, que pertencia ao Instituto Nacional das Miss\u00f5es (IEM). <\/p>\n\n\n\n<p>A sua miss\u00e3o como teresiana decorreu\nalternadamente entre Barcelona-Casa Madre e Montpellier. Ela veio para a\ncomunidade da Resid\u00eancia de \u00c1vila em 2016 com o cora\u00e7\u00e3o cheio de nomes que\nagora apresentar\u00e1 ao Senhor. Aqui teve a oportunidade de morar com a sua irm\u00e3\nJoaquina at\u00e9 que esta faleceu, em 2018. <\/p>\n\n\n\n<p>Ela n\u00e3o estava bem de sa\u00fade e j\u00e1 havia sido\nhospitalizada v\u00e1rias vezes, mas no meio das suas fraquezas f\u00edsicas, ela era\nforte, lutadora, animava-se e seguia em frente.<\/p>\n\n\n\n<p>O Senhor n\u00e3o esperou mais. Ele saiu a procur\u00e1-la para\nque n\u2019Ele pudesse descansar e saborear a Alegria e a Paz que tanto ansiava. Era\n\"a sua hora\", a hora do encontro final. Deixa-nos a mem\u00f3ria de uma\nirm\u00e3 am\u00e1vel participativa nos atos comunit\u00e1rios, atenciosa e cordial, que soube\ncuidar das rela\u00e7\u00f5es com carinho. <\/p>\n","protected":false},"excerpt":{"rendered":"<p>\u201cQuem estiver a sofrer &#8230; QUE VENHA A MIM! Assim deixar\u00e1 de sofrer PARA SEMPRE\u201d. M\u00aa Luz nasceu em Barreras (Salamanca) em 1945 e entrou no Noviciado de Tortosa em [&hellip;]<\/p>\n","protected":false},"author":1,"featured_media":7668,"comment_status":"open","ping_status":"open","sticky":false,"template":"","format":"standard","meta":{"_acf_changed":false,"footnotes":""},"categories":[69],"tags":[],"class_list":["post-10460","post","type-post","status-publish","format-standard","has-post-thumbnail","hentry","category-falecimentos"],"acf":[],"yoast_head":"<!-- This site is optimized with the Yoast SEO plugin v27.5 - https:\/\/yoast.com\/product\/yoast-seo-wordpress\/ -->\n<title>M\u00aa Luz Hern\u00e1ndez Prieto. 2 de febrero de 2021 (\u00c1vila-Residencia) - En Compa\u00f1\u00eda STJ<\/title>\n<meta name=\"robots\" content=\"index, follow, max-snippet:-1, max-image-preview:large, max-video-preview:-1\" \/>\n<link rel=\"canonical\" href=\"https:\/\/encompaniastj.org\/pt-pt\/ma-luz-hernandez-prieto-2-de-febrero-de-2021-avila-residencia-2\/\" \/>\n<meta property=\"og:locale\" content=\"pt_PT\" \/>\n<meta property=\"og:type\" content=\"article\" \/>\n<meta property=\"og:title\" content=\"M\u00aa Luz Hern\u00e1ndez Prieto. 2 de febrero de 2021 (\u00c1vila-Residencia) - En Compa\u00f1\u00eda STJ\" \/>\n<meta property=\"og:description\" content=\"\u201cQuem estiver a sofrer &#8230; QUE VENHA A MIM! Assim deixar\u00e1 de sofrer PARA SEMPRE\u201d. M\u00aa Luz nasceu em Barreras (Salamanca) em 1945 e entrou no Noviciado de Tortosa em [&hellip;]\" \/>\n<meta property=\"og:url\" content=\"https:\/\/encompaniastj.org\/pt-pt\/ma-luz-hernandez-prieto-2-de-febrero-de-2021-avila-residencia-2\/\" \/>\n<meta property=\"og:site_name\" content=\"En Compa\u00f1\u00eda STJ\" \/>\n<meta property=\"article:published_time\" content=\"2021-02-02T13:23:50+00:00\" \/>\n<meta property=\"article:modified_time\" content=\"2025-07-07T14:22:16+00:00\" \/>\n<meta property=\"og:image\" content=\"https:\/\/encompaniastj.org\/wp-content\/uploads\/2025\/05\/monument-2186071_640.jpg\" \/>\n\t<meta property=\"og:image:width\" content=\"640\" \/>\n\t<meta property=\"og:image:height\" content=\"468\" \/>\n\t<meta property=\"og:image:type\" content=\"image\/jpeg\" \/>\n<meta name=\"author\" content=\"admin\" \/>\n<meta name=\"twitter:card\" content=\"summary_large_image\" \/>\n<meta name=\"twitter:label1\" content=\"Escrito por\" \/>\n\t<meta name=\"twitter:data1\" content=\"admin\" \/>\n\t<meta name=\"twitter:label2\" content=\"Tempo estimado de leitura\" \/>\n\t<meta name=\"twitter:data2\" content=\"1 minuto\" \/>\n<script type=\"application\/ld+json\" class=\"yoast-schema-graph\">{\"@context\":\"https:\\\/\\\/schema.org\",\"@graph\":[{\"@type\":\"Article\",\"@id\":\"https:\\\/\\\/encompaniastj.org\\\/pt-pt\\\/ma-luz-hernandez-prieto-2-de-febrero-de-2021-avila-residencia-2\\\/#article\",\"isPartOf\":{\"@id\":\"https:\\\/\\\/encompaniastj.org\\\/pt-pt\\\/ma-luz-hernandez-prieto-2-de-febrero-de-2021-avila-residencia-2\\\/\"},\"author\":{\"name\":\"admin\",\"@id\":\"https:\\\/\\\/encompaniastj.org\\\/pt-pt\\\/#\\\/schema\\\/person\\\/520e7ecc314793d40091993c2a02b651\"},\"headline\":\"M\u00aa Luz Hern\u00e1ndez Prieto. 2 de febrero de 2021 (\u00c1vila-Residencia)\",\"datePublished\":\"2021-02-02T13:23:50+00:00\",\"dateModified\":\"2025-07-07T14:22:16+00:00\",\"mainEntityOfPage\":{\"@id\":\"https:\\\/\\\/encompaniastj.org\\\/pt-pt\\\/ma-luz-hernandez-prieto-2-de-febrero-de-2021-avila-residencia-2\\\/\"},\"wordCount\":234,\"commentCount\":0,\"publisher\":{\"@id\":\"https:\\\/\\\/encompaniastj.org\\\/pt-pt\\\/#organization\"},\"image\":{\"@id\":\"https:\\\/\\\/encompaniastj.org\\\/pt-pt\\\/ma-luz-hernandez-prieto-2-de-febrero-de-2021-avila-residencia-2\\\/#primaryimage\"},\"thumbnailUrl\":\"https:\\\/\\\/encompaniastj.org\\\/wp-content\\\/uploads\\\/2025\\\/05\\\/monument-2186071_640.jpg\",\"articleSection\":[\"Falecimentos\"],\"inLanguage\":\"pt-PT\",\"potentialAction\":[{\"@type\":\"CommentAction\",\"name\":\"Comment\",\"target\":[\"https:\\\/\\\/encompaniastj.org\\\/pt-pt\\\/ma-luz-hernandez-prieto-2-de-febrero-de-2021-avila-residencia-2\\\/#respond\"]}]},{\"@type\":\"WebPage\",\"@id\":\"https:\\\/\\\/encompaniastj.org\\\/pt-pt\\\/ma-luz-hernandez-prieto-2-de-febrero-de-2021-avila-residencia-2\\\/\",\"url\":\"https:\\\/\\\/encompaniastj.org\\\/pt-pt\\\/ma-luz-hernandez-prieto-2-de-febrero-de-2021-avila-residencia-2\\\/\",\"name\":\"M\u00aa Luz Hern\u00e1ndez Prieto. 2 de febrero de 2021 (\u00c1vila-Residencia) - En Compa\u00f1\u00eda STJ\",\"isPartOf\":{\"@id\":\"https:\\\/\\\/encompaniastj.org\\\/pt-pt\\\/#website\"},\"primaryImageOfPage\":{\"@id\":\"https:\\\/\\\/encompaniastj.org\\\/pt-pt\\\/ma-luz-hernandez-prieto-2-de-febrero-de-2021-avila-residencia-2\\\/#primaryimage\"},\"image\":{\"@id\":\"https:\\\/\\\/encompaniastj.org\\\/pt-pt\\\/ma-luz-hernandez-prieto-2-de-febrero-de-2021-avila-residencia-2\\\/#primaryimage\"},\"thumbnailUrl\":\"https:\\\/\\\/encompaniastj.org\\\/wp-content\\\/uploads\\\/2025\\\/05\\\/monument-2186071_640.jpg\",\"datePublished\":\"2021-02-02T13:23:50+00:00\",\"dateModified\":\"2025-07-07T14:22:16+00:00\",\"breadcrumb\":{\"@id\":\"https:\\\/\\\/encompaniastj.org\\\/pt-pt\\\/ma-luz-hernandez-prieto-2-de-febrero-de-2021-avila-residencia-2\\\/#breadcrumb\"},\"inLanguage\":\"pt-PT\",\"potentialAction\":[{\"@type\":\"ReadAction\",\"target\":[\"https:\\\/\\\/encompaniastj.org\\\/pt-pt\\\/ma-luz-hernandez-prieto-2-de-febrero-de-2021-avila-residencia-2\\\/\"]}]},{\"@type\":\"ImageObject\",\"inLanguage\":\"pt-PT\",\"@id\":\"https:\\\/\\\/encompaniastj.org\\\/pt-pt\\\/ma-luz-hernandez-prieto-2-de-febrero-de-2021-avila-residencia-2\\\/#primaryimage\",\"url\":\"https:\\\/\\\/encompaniastj.org\\\/wp-content\\\/uploads\\\/2025\\\/05\\\/monument-2186071_640.jpg\",\"contentUrl\":\"https:\\\/\\\/encompaniastj.org\\\/wp-content\\\/uploads\\\/2025\\\/05\\\/monument-2186071_640.jpg\",\"width\":640,\"height\":468},{\"@type\":\"BreadcrumbList\",\"@id\":\"https:\\\/\\\/encompaniastj.org\\\/pt-pt\\\/ma-luz-hernandez-prieto-2-de-febrero-de-2021-avila-residencia-2\\\/#breadcrumb\",\"itemListElement\":[{\"@type\":\"ListItem\",\"position\":1,\"name\":\"Portada\",\"item\":\"https:\\\/\\\/encompaniastj.org\\\/pt-pt\\\/\"},{\"@type\":\"ListItem\",\"position\":2,\"name\":\"M\u00aa Luz Hern\u00e1ndez Prieto. 2 de febrero de 2021 (\u00c1vila-Residencia)\"}]},{\"@type\":\"WebSite\",\"@id\":\"https:\\\/\\\/encompaniastj.org\\\/pt-pt\\\/#website\",\"url\":\"https:\\\/\\\/encompaniastj.org\\\/pt-pt\\\/\",\"name\":\"En Compa\u00f1\u00eda STJ\",\"description\":\"Bolet\u00edn de la Compa\u00f1\u00eda de Santa Teresa de Jes\u00fas\",\"publisher\":{\"@id\":\"https:\\\/\\\/encompaniastj.org\\\/pt-pt\\\/#organization\"},\"potentialAction\":[{\"@type\":\"SearchAction\",\"target\":{\"@type\":\"EntryPoint\",\"urlTemplate\":\"https:\\\/\\\/encompaniastj.org\\\/pt-pt\\\/?s={search_term_string}\"},\"query-input\":{\"@type\":\"PropertyValueSpecification\",\"valueRequired\":true,\"valueName\":\"search_term_string\"}}],\"inLanguage\":\"pt-PT\"},{\"@type\":\"Organization\",\"@id\":\"https:\\\/\\\/encompaniastj.org\\\/pt-pt\\\/#organization\",\"name\":\"Compa\u00f1\u00eda de Santa Teresa de Jes\u00fas\",\"url\":\"https:\\\/\\\/encompaniastj.org\\\/pt-pt\\\/\",\"logo\":{\"@type\":\"ImageObject\",\"inLanguage\":\"pt-PT\",\"@id\":\"https:\\\/\\\/encompaniastj.org\\\/pt-pt\\\/#\\\/schema\\\/logo\\\/image\\\/\",\"url\":\"https:\\\/\\\/encompaniastj.org\\\/wp-content\\\/uploads\\\/2025\\\/04\\\/logo_provincias02-1-3.png\",\"contentUrl\":\"https:\\\/\\\/encompaniastj.org\\\/wp-content\\\/uploads\\\/2025\\\/04\\\/logo_provincias02-1-3.png\",\"width\":2368,\"height\":825,\"caption\":\"Compa\u00f1\u00eda de Santa Teresa de Jes\u00fas\"},\"image\":{\"@id\":\"https:\\\/\\\/encompaniastj.org\\\/pt-pt\\\/#\\\/schema\\\/logo\\\/image\\\/\"}},{\"@type\":\"Person\",\"@id\":\"https:\\\/\\\/encompaniastj.org\\\/pt-pt\\\/#\\\/schema\\\/person\\\/520e7ecc314793d40091993c2a02b651\",\"name\":\"admin\",\"image\":{\"@type\":\"ImageObject\",\"inLanguage\":\"pt-PT\",\"@id\":\"https:\\\/\\\/secure.gravatar.com\\\/avatar\\\/948b492cce32b586ac2db0eaa926ee87024f7afe218d73b397ea5ddfc5f43ea1?s=96&d=mm&r=g\",\"url\":\"https:\\\/\\\/secure.gravatar.com\\\/avatar\\\/948b492cce32b586ac2db0eaa926ee87024f7afe218d73b397ea5ddfc5f43ea1?s=96&d=mm&r=g\",\"contentUrl\":\"https:\\\/\\\/secure.gravatar.com\\\/avatar\\\/948b492cce32b586ac2db0eaa926ee87024f7afe218d73b397ea5ddfc5f43ea1?s=96&d=mm&r=g\",\"caption\":\"admin\"},\"sameAs\":[\"https:\\\/\\\/encompaniastj.org\"],\"url\":\"https:\\\/\\\/encompaniastj.org\\\/pt-pt\\\/author\\\/sjdigital\\\/\"}]}<\/script>\n<!-- \/ Yoast SEO plugin. -->","yoast_head_json":{"title":"M\u00aa Luz Hern\u00e1ndez Prieto. 2 de febrero de 2021 (\u00c1vila-Residencia) - En Compa\u00f1\u00eda STJ","robots":{"index":"index","follow":"follow","max-snippet":"max-snippet:-1","max-image-preview":"max-image-preview:large","max-video-preview":"max-video-preview:-1"},"canonical":"https:\/\/encompaniastj.org\/pt-pt\/ma-luz-hernandez-prieto-2-de-febrero-de-2021-avila-residencia-2\/","og_locale":"pt_PT","og_type":"article","og_title":"M\u00aa Luz Hern\u00e1ndez Prieto. 2 de febrero de 2021 (\u00c1vila-Residencia) - En Compa\u00f1\u00eda STJ","og_description":"\u201cQuem estiver a sofrer &#8230; QUE VENHA A MIM! Assim deixar\u00e1 de sofrer PARA SEMPRE\u201d. M\u00aa Luz nasceu em Barreras (Salamanca) em 1945 e entrou no Noviciado de Tortosa em [&hellip;]","og_url":"https:\/\/encompaniastj.org\/pt-pt\/ma-luz-hernandez-prieto-2-de-febrero-de-2021-avila-residencia-2\/","og_site_name":"En Compa\u00f1\u00eda STJ","article_published_time":"2021-02-02T13:23:50+00:00","article_modified_time":"2025-07-07T14:22:16+00:00","og_image":[{"width":640,"height":468,"url":"https:\/\/encompaniastj.org\/wp-content\/uploads\/2025\/05\/monument-2186071_640.jpg","type":"image\/jpeg"}],"author":"admin","twitter_card":"summary_large_image","twitter_misc":{"Escrito por":"admin","Tempo estimado de leitura":"1 minuto"},"schema":{"@context":"https:\/\/schema.org","@graph":[{"@type":"Article","@id":"https:\/\/encompaniastj.org\/pt-pt\/ma-luz-hernandez-prieto-2-de-febrero-de-2021-avila-residencia-2\/#article","isPartOf":{"@id":"https:\/\/encompaniastj.org\/pt-pt\/ma-luz-hernandez-prieto-2-de-febrero-de-2021-avila-residencia-2\/"},"author":{"name":"admin","@id":"https:\/\/encompaniastj.org\/pt-pt\/#\/schema\/person\/520e7ecc314793d40091993c2a02b651"},"headline":"M\u00aa Luz Hern\u00e1ndez Prieto. 2 de febrero de 2021 (\u00c1vila-Residencia)","datePublished":"2021-02-02T13:23:50+00:00","dateModified":"2025-07-07T14:22:16+00:00","mainEntityOfPage":{"@id":"https:\/\/encompaniastj.org\/pt-pt\/ma-luz-hernandez-prieto-2-de-febrero-de-2021-avila-residencia-2\/"},"wordCount":234,"commentCount":0,"publisher":{"@id":"https:\/\/encompaniastj.org\/pt-pt\/#organization"},"image":{"@id":"https:\/\/encompaniastj.org\/pt-pt\/ma-luz-hernandez-prieto-2-de-febrero-de-2021-avila-residencia-2\/#primaryimage"},"thumbnailUrl":"https:\/\/encompaniastj.org\/wp-content\/uploads\/2025\/05\/monument-2186071_640.jpg","articleSection":["Falecimentos"],"inLanguage":"pt-PT","potentialAction":[{"@type":"CommentAction","name":"Comment","target":["https:\/\/encompaniastj.org\/pt-pt\/ma-luz-hernandez-prieto-2-de-febrero-de-2021-avila-residencia-2\/#respond"]}]},{"@type":"WebPage","@id":"https:\/\/encompaniastj.org\/pt-pt\/ma-luz-hernandez-prieto-2-de-febrero-de-2021-avila-residencia-2\/","url":"https:\/\/encompaniastj.org\/pt-pt\/ma-luz-hernandez-prieto-2-de-febrero-de-2021-avila-residencia-2\/","name":"M\u00aa Luz Hern\u00e1ndez Prieto. 2 de febrero de 2021 (\u00c1vila-Residencia) - En Compa\u00f1\u00eda STJ","isPartOf":{"@id":"https:\/\/encompaniastj.org\/pt-pt\/#website"},"primaryImageOfPage":{"@id":"https:\/\/encompaniastj.org\/pt-pt\/ma-luz-hernandez-prieto-2-de-febrero-de-2021-avila-residencia-2\/#primaryimage"},"image":{"@id":"https:\/\/encompaniastj.org\/pt-pt\/ma-luz-hernandez-prieto-2-de-febrero-de-2021-avila-residencia-2\/#primaryimage"},"thumbnailUrl":"https:\/\/encompaniastj.org\/wp-content\/uploads\/2025\/05\/monument-2186071_640.jpg","datePublished":"2021-02-02T13:23:50+00:00","dateModified":"2025-07-07T14:22:16+00:00","breadcrumb":{"@id":"https:\/\/encompaniastj.org\/pt-pt\/ma-luz-hernandez-prieto-2-de-febrero-de-2021-avila-residencia-2\/#breadcrumb"},"inLanguage":"pt-PT","potentialAction":[{"@type":"ReadAction","target":["https:\/\/encompaniastj.org\/pt-pt\/ma-luz-hernandez-prieto-2-de-febrero-de-2021-avila-residencia-2\/"]}]},{"@type":"ImageObject","inLanguage":"pt-PT","@id":"https:\/\/encompaniastj.org\/pt-pt\/ma-luz-hernandez-prieto-2-de-febrero-de-2021-avila-residencia-2\/#primaryimage","url":"https:\/\/encompaniastj.org\/wp-content\/uploads\/2025\/05\/monument-2186071_640.jpg","contentUrl":"https:\/\/encompaniastj.org\/wp-content\/uploads\/2025\/05\/monument-2186071_640.jpg","width":640,"height":468},{"@type":"BreadcrumbList","@id":"https:\/\/encompaniastj.org\/pt-pt\/ma-luz-hernandez-prieto-2-de-febrero-de-2021-avila-residencia-2\/#breadcrumb","itemListElement":[{"@type":"ListItem","position":1,"name":"Portada","item":"https:\/\/encompaniastj.org\/pt-pt\/"},{"@type":"ListItem","position":2,"name":"M\u00aa Luz Hern\u00e1ndez Prieto. 2 de febrero de 2021 (\u00c1vila-Residencia)"}]},{"@type":"WebSite","@id":"https:\/\/encompaniastj.org\/pt-pt\/#website","url":"https:\/\/encompaniastj.org\/pt-pt\/","name":"En Compa\u00f1\u00eda STJ","description":"Bolet\u00edn de la Compa\u00f1\u00eda de Santa Teresa de Jes\u00fas","publisher":{"@id":"https:\/\/encompaniastj.org\/pt-pt\/#organization"},"potentialAction":[{"@type":"SearchAction","target":{"@type":"EntryPoint","urlTemplate":"https:\/\/encompaniastj.org\/pt-pt\/?s={search_term_string}"},"query-input":{"@type":"PropertyValueSpecification","valueRequired":true,"valueName":"search_term_string"}}],"inLanguage":"pt-PT"},{"@type":"Organization","@id":"https:\/\/encompaniastj.org\/pt-pt\/#organization","name":"Compa\u00f1\u00eda de Santa Teresa de Jes\u00fas","url":"https:\/\/encompaniastj.org\/pt-pt\/","logo":{"@type":"ImageObject","inLanguage":"pt-PT","@id":"https:\/\/encompaniastj.org\/pt-pt\/#\/schema\/logo\/image\/","url":"https:\/\/encompaniastj.org\/wp-content\/uploads\/2025\/04\/logo_provincias02-1-3.png","contentUrl":"https:\/\/encompaniastj.org\/wp-content\/uploads\/2025\/04\/logo_provincias02-1-3.png","width":2368,"height":825,"caption":"Compa\u00f1\u00eda de Santa Teresa de Jes\u00fas"},"image":{"@id":"https:\/\/encompaniastj.org\/pt-pt\/#\/schema\/logo\/image\/"}},{"@type":"Person","@id":"https:\/\/encompaniastj.org\/pt-pt\/#\/schema\/person\/520e7ecc314793d40091993c2a02b651","name":"admin","image":{"@type":"ImageObject","inLanguage":"pt-PT","@id":"https:\/\/secure.gravatar.com\/avatar\/948b492cce32b586ac2db0eaa926ee87024f7afe218d73b397ea5ddfc5f43ea1?s=96&d=mm&r=g","url":"https:\/\/secure.gravatar.com\/avatar\/948b492cce32b586ac2db0eaa926ee87024f7afe218d73b397ea5ddfc5f43ea1?s=96&d=mm&r=g","contentUrl":"https:\/\/secure.gravatar.com\/avatar\/948b492cce32b586ac2db0eaa926ee87024f7afe218d73b397ea5ddfc5f43ea1?s=96&d=mm&r=g","caption":"admin"},"sameAs":["https:\/\/encompaniastj.org"],"url":"https:\/\/encompaniastj.org\/pt-pt\/author\/sjdigital\/"}]}},"_links":{"self":[{"href":"https:\/\/encompaniastj.org\/pt-pt\/wp-json\/wp\/v2\/posts\/10460","targetHints":{"allow":["GET"]}}],"collection":[{"href":"https:\/\/encompaniastj.org\/pt-pt\/wp-json\/wp\/v2\/posts"}],"about":[{"href":"https:\/\/encompaniastj.org\/pt-pt\/wp-json\/wp\/v2\/types\/post"}],"author":[{"embeddable":true,"href":"https:\/\/encompaniastj.org\/pt-pt\/wp-json\/wp\/v2\/users\/1"}],"replies":[{"embeddable":true,"href":"https:\/\/encompaniastj.org\/pt-pt\/wp-json\/wp\/v2\/comments?post=10460"}],"version-history":[{"count":1,"href":"https:\/\/encompaniastj.org\/pt-pt\/wp-json\/wp\/v2\/posts\/10460\/revisions"}],"predecessor-version":[{"id":10461,"href":"https:\/\/encompaniastj.org\/pt-pt\/wp-json\/wp\/v2\/posts\/10460\/revisions\/10461"}],"wp:featuredmedia":[{"embeddable":true,"href":"https:\/\/encompaniastj.org\/pt-pt\/wp-json\/wp\/v2\/media\/7668"}],"wp:attachment":[{"href":"https:\/\/encompaniastj.org\/pt-pt\/wp-json\/wp\/v2\/media?parent=10460"}],"wp:term":[{"taxonomy":"category","embeddable":true,"href":"https:\/\/encompaniastj.org\/pt-pt\/wp-json\/wp\/v2\/categories?post=10460"},{"taxonomy":"post_tag","embeddable":true,"href":"https:\/\/encompaniastj.org\/pt-pt\/wp-json\/wp\/v2\/tags?post=10460"}],"curies":[{"name":"wp","href":"https:\/\/api.w.org\/{rel}","templated":true}]}}