{"id":10450,"date":"2021-01-31T18:04:59","date_gmt":"2021-01-31T17:04:59","guid":{"rendered":"https:\/\/encompaniastj.org\/escola-santa-teresa-de-jesus-de-tarragona\/"},"modified":"2025-07-07T16:22:15","modified_gmt":"2025-07-07T14:22:15","slug":"escola-santa-teresa-de-jesus-de-tarragona","status":"publish","type":"post","link":"https:\/\/encompaniastj.org\/pt-pt\/escola-santa-teresa-de-jesus-de-tarragona\/","title":{"rendered":"Escola Santa Teresa de Jesus de Tarragona"},"content":{"rendered":"\n<p>A Companhia de Santa Teresa de Jesus est\u00e1 presente em\nTarragona desde 1876, e a coloca\u00e7\u00e3o da primeira pedra do atual emblem\u00e1tico\nedif\u00edcio de estilo modernista ocorreu no dia 28 de mar\u00e7o de 1922 na antiga\nRambla de San Juan, que hoje se chama Rambla Nova.<\/p>\n\n\n\n<p>A oferta educativa da escola Santa Teresa de Jesus de\nTarragona vai dos 0 aos 18 anos. O n\u00famero total de alunos oscila \u00e0 volta de 850.\nDesde o ano letivo 2018\/2019, a escola abriu as portas para o primeiro ciclo da\neduca\u00e7\u00e3o infantil (0 a 3 anos), ap\u00f3s a constru\u00e7\u00e3o e inaugura\u00e7\u00e3o de novas instala\u00e7\u00f5es\npara a receber.<\/p>\n\n\n\n<p>Em rela\u00e7\u00e3o ao estilo educativo buscamos a excel\u00eancia, que\nse reflete nos bons resultados acad\u00e9micos que se mant\u00eam ao longo do tempo. O\nprojeto da escola multil\u00edngue aponta nessa dire\u00e7\u00e3o. O referido objetivo est\u00e1\nsempre condicionado por outra das caracter\u00edsticas fundamentais, que \u00e9 ser uma <strong>escola\ninclusiva<\/strong>. O acompanhamento de todos os alunos \u00e9 uma prioridade.<\/p>\n\n\n\n<p>Somos tamb\u00e9m uma escola tecnol\u00f3gica e a digitaliza\u00e7\u00e3o\ndo centro j\u00e1 \u00e9, em grande medida, uma realidade. Cuidar das pessoas n\u00e3o seria\nnada sem cuidar da casa que nos acolhe, e a educa\u00e7\u00e3o para a sustentabilidade\nest\u00e1 sempre presente. A enc\u00edclica Laudato Si \u2019e os objetivos das Na\u00e7\u00f5es Unidas\npara o desenvolvimento sustent\u00e1vel (ODS) s\u00e3o a nossa refer\u00eancia. <\/p>\n\n\n\n<p>Finalmente, ambicionamos ser um centro familiar e que\na proximidade entre alunos, professores e pais seja muito elevada, criando um\nclima escolar adequado. O grande n\u00famero de ex-alunos que escolhem o centro para\na educa\u00e7\u00e3o dos seus filhos faz-nos pensar que est\u00e1 sendo alcan\u00e7ado.\n\nOs\nprincipais objetivos do centro, explicitados no projeto educativo institucional\n(PEI), s\u00e3o promover uma mudan\u00e7a pedag\u00f3gica que transforme a nossa forma de\naprender, ajude a formar pessoas e equipas transformadoras sociais e que possa gerar\numa mudan\u00e7a na nossa pastoral que nos permita desenvolver a intelig\u00eancia\nespiritual segundo o pr\u00f3prio car\u00e1ter da Companhia de Santa Teresa de Jesus.\n\n\n\n<\/p>\n\n\n\n<ul class=\"wp-block-gallery columns-3 is-cropped wp-block-gallery-1 is-layout-flex wp-block-gallery-is-layout-flex\"><li class=\"blocks-gallery-item\"><figure><a href=\"https:\/\/encompaniastj.org\/wp-content\/uploads\/2025\/05\/Tarragona1.jpg\"><img decoding=\"async\" src=\"https:\/\/encompaniastj.org\/wp-content\/uploads\/2025\/05\/Tarragona1.jpg\" alt=\"\" data-id=\"7462\" data-link=\"https:\/\/encompaniastj.org\/pt-pt\/?attachment_id=7462\" class=\"wp-image-7462\"\/><\/a><\/figure><\/li><li class=\"blocks-gallery-item\"><figure><a href=\"https:\/\/encompaniastj.org\/wp-content\/uploads\/2025\/05\/Tarragona2.jpg\"><img decoding=\"async\" src=\"https:\/\/encompaniastj.org\/wp-content\/uploads\/2025\/05\/Tarragona2.jpg\" alt=\"\" data-id=\"7464\" data-link=\"https:\/\/encompaniastj.org\/pt-pt\/?attachment_id=7464\" class=\"wp-image-7464\"\/><\/a><\/figure><\/li><li class=\"blocks-gallery-item\"><figure><a href=\"https:\/\/encompaniastj.org\/wp-content\/uploads\/2025\/05\/Tarragona3.jpg\"><img decoding=\"async\" src=\"https:\/\/encompaniastj.org\/wp-content\/uploads\/2025\/05\/Tarragona3.jpg\" alt=\"\" data-id=\"7466\" data-link=\"https:\/\/encompaniastj.org\/pt-pt\/?attachment_id=7466\" class=\"wp-image-7466\"\/><\/a><\/figure><\/li><li class=\"blocks-gallery-item\"><figure><a href=\"https:\/\/encompaniastj.org\/wp-content\/uploads\/2025\/05\/Tarragona4.jpg\"><img decoding=\"async\" src=\"https:\/\/encompaniastj.org\/wp-content\/uploads\/2025\/05\/Tarragona4.jpg\" alt=\"\" data-id=\"7468\" data-link=\"https:\/\/encompaniastj.org\/pt-pt\/?attachment_id=7468\" class=\"wp-image-7468\"\/><\/a><\/figure><\/li><\/ul>\n","protected":false},"excerpt":{"rendered":"<p>A Companhia de Santa Teresa de Jesus est\u00e1 presente em Tarragona desde 1876, e a coloca\u00e7\u00e3o da primeira pedra do atual emblem\u00e1tico edif\u00edcio de estilo modernista ocorreu no dia 28 [&hellip;]<\/p>\n","protected":false},"author":1,"featured_media":7664,"comment_status":"open","ping_status":"open","sticky":false,"template":"","format":"standard","meta":{"_acf_changed":false,"footnotes":""},"categories":[66,70],"tags":[],"class_list":["post-10450","post","type-post","status-publish","format-standard","has-post-thumbnail","hentry","category-conhecemo-nos","category-projetos"],"acf":[],"yoast_head":"<!-- This site is optimized with the Yoast SEO plugin v27.5 - https:\/\/yoast.com\/product\/yoast-seo-wordpress\/ -->\n<title>Escola Santa Teresa de Jesus de Tarragona - En Compa\u00f1\u00eda STJ<\/title>\n<meta name=\"robots\" content=\"index, follow, max-snippet:-1, max-image-preview:large, max-video-preview:-1\" \/>\n<link rel=\"canonical\" href=\"https:\/\/encompaniastj.org\/pt-pt\/escola-santa-teresa-de-jesus-de-tarragona\/\" \/>\n<meta property=\"og:locale\" content=\"pt_PT\" \/>\n<meta property=\"og:type\" content=\"article\" \/>\n<meta property=\"og:title\" content=\"Escola Santa Teresa de Jesus de Tarragona - En Compa\u00f1\u00eda STJ\" \/>\n<meta property=\"og:description\" content=\"A Companhia de Santa Teresa de Jesus est\u00e1 presente em Tarragona desde 1876, e a coloca\u00e7\u00e3o da primeira pedra do atual emblem\u00e1tico edif\u00edcio de estilo modernista ocorreu no dia 28 [&hellip;]\" \/>\n<meta property=\"og:url\" content=\"https:\/\/encompaniastj.org\/pt-pt\/escola-santa-teresa-de-jesus-de-tarragona\/\" \/>\n<meta property=\"og:site_name\" content=\"En Compa\u00f1\u00eda STJ\" \/>\n<meta property=\"article:published_time\" content=\"2021-01-31T17:04:59+00:00\" \/>\n<meta property=\"article:modified_time\" content=\"2025-07-07T14:22:15+00:00\" \/>\n<meta property=\"og:image\" content=\"https:\/\/encompaniastj.org\/wp-content\/uploads\/2025\/05\/Tarragona2.jpg\" \/>\n\t<meta property=\"og:image:width\" content=\"500\" \/>\n\t<meta property=\"og:image:height\" content=\"208\" \/>\n\t<meta property=\"og:image:type\" content=\"image\/jpeg\" \/>\n<meta name=\"author\" content=\"admin\" \/>\n<meta name=\"twitter:card\" content=\"summary_large_image\" \/>\n<meta name=\"twitter:label1\" content=\"Escrito por\" \/>\n\t<meta name=\"twitter:data1\" content=\"admin\" \/>\n\t<meta name=\"twitter:label2\" content=\"Tempo estimado de leitura\" \/>\n\t<meta name=\"twitter:data2\" content=\"2 minutos\" \/>\n<script type=\"application\/ld+json\" class=\"yoast-schema-graph\">{\"@context\":\"https:\\\/\\\/schema.org\",\"@graph\":[{\"@type\":\"Article\",\"@id\":\"https:\\\/\\\/encompaniastj.org\\\/pt-pt\\\/escola-santa-teresa-de-jesus-de-tarragona\\\/#article\",\"isPartOf\":{\"@id\":\"https:\\\/\\\/encompaniastj.org\\\/pt-pt\\\/escola-santa-teresa-de-jesus-de-tarragona\\\/\"},\"author\":{\"name\":\"admin\",\"@id\":\"https:\\\/\\\/encompaniastj.org\\\/pt-pt\\\/#\\\/schema\\\/person\\\/520e7ecc314793d40091993c2a02b651\"},\"headline\":\"Escola Santa Teresa de Jesus de Tarragona\",\"datePublished\":\"2021-01-31T17:04:59+00:00\",\"dateModified\":\"2025-07-07T14:22:15+00:00\",\"mainEntityOfPage\":{\"@id\":\"https:\\\/\\\/encompaniastj.org\\\/pt-pt\\\/escola-santa-teresa-de-jesus-de-tarragona\\\/\"},\"wordCount\":352,\"commentCount\":0,\"publisher\":{\"@id\":\"https:\\\/\\\/encompaniastj.org\\\/pt-pt\\\/#organization\"},\"image\":{\"@id\":\"https:\\\/\\\/encompaniastj.org\\\/pt-pt\\\/escola-santa-teresa-de-jesus-de-tarragona\\\/#primaryimage\"},\"thumbnailUrl\":\"https:\\\/\\\/encompaniastj.org\\\/wp-content\\\/uploads\\\/2025\\\/05\\\/Tarragona2.jpg\",\"articleSection\":[\"Conhecemo-nos\",\"Projetos\"],\"inLanguage\":\"pt-PT\",\"potentialAction\":[{\"@type\":\"CommentAction\",\"name\":\"Comment\",\"target\":[\"https:\\\/\\\/encompaniastj.org\\\/pt-pt\\\/escola-santa-teresa-de-jesus-de-tarragona\\\/#respond\"]}]},{\"@type\":\"WebPage\",\"@id\":\"https:\\\/\\\/encompaniastj.org\\\/pt-pt\\\/escola-santa-teresa-de-jesus-de-tarragona\\\/\",\"url\":\"https:\\\/\\\/encompaniastj.org\\\/pt-pt\\\/escola-santa-teresa-de-jesus-de-tarragona\\\/\",\"name\":\"Escola Santa Teresa de Jesus de Tarragona - En Compa\u00f1\u00eda STJ\",\"isPartOf\":{\"@id\":\"https:\\\/\\\/encompaniastj.org\\\/pt-pt\\\/#website\"},\"primaryImageOfPage\":{\"@id\":\"https:\\\/\\\/encompaniastj.org\\\/pt-pt\\\/escola-santa-teresa-de-jesus-de-tarragona\\\/#primaryimage\"},\"image\":{\"@id\":\"https:\\\/\\\/encompaniastj.org\\\/pt-pt\\\/escola-santa-teresa-de-jesus-de-tarragona\\\/#primaryimage\"},\"thumbnailUrl\":\"https:\\\/\\\/encompaniastj.org\\\/wp-content\\\/uploads\\\/2025\\\/05\\\/Tarragona2.jpg\",\"datePublished\":\"2021-01-31T17:04:59+00:00\",\"dateModified\":\"2025-07-07T14:22:15+00:00\",\"breadcrumb\":{\"@id\":\"https:\\\/\\\/encompaniastj.org\\\/pt-pt\\\/escola-santa-teresa-de-jesus-de-tarragona\\\/#breadcrumb\"},\"inLanguage\":\"pt-PT\",\"potentialAction\":[{\"@type\":\"ReadAction\",\"target\":[\"https:\\\/\\\/encompaniastj.org\\\/pt-pt\\\/escola-santa-teresa-de-jesus-de-tarragona\\\/\"]}]},{\"@type\":\"ImageObject\",\"inLanguage\":\"pt-PT\",\"@id\":\"https:\\\/\\\/encompaniastj.org\\\/pt-pt\\\/escola-santa-teresa-de-jesus-de-tarragona\\\/#primaryimage\",\"url\":\"https:\\\/\\\/encompaniastj.org\\\/wp-content\\\/uploads\\\/2025\\\/05\\\/Tarragona2.jpg\",\"contentUrl\":\"https:\\\/\\\/encompaniastj.org\\\/wp-content\\\/uploads\\\/2025\\\/05\\\/Tarragona2.jpg\",\"width\":500,\"height\":208},{\"@type\":\"BreadcrumbList\",\"@id\":\"https:\\\/\\\/encompaniastj.org\\\/pt-pt\\\/escola-santa-teresa-de-jesus-de-tarragona\\\/#breadcrumb\",\"itemListElement\":[{\"@type\":\"ListItem\",\"position\":1,\"name\":\"Portada\",\"item\":\"https:\\\/\\\/encompaniastj.org\\\/pt-pt\\\/\"},{\"@type\":\"ListItem\",\"position\":2,\"name\":\"Escola Santa Teresa de Jesus de Tarragona\"}]},{\"@type\":\"WebSite\",\"@id\":\"https:\\\/\\\/encompaniastj.org\\\/pt-pt\\\/#website\",\"url\":\"https:\\\/\\\/encompaniastj.org\\\/pt-pt\\\/\",\"name\":\"En Compa\u00f1\u00eda STJ\",\"description\":\"Bolet\u00edn de la Compa\u00f1\u00eda de Santa Teresa de Jes\u00fas\",\"publisher\":{\"@id\":\"https:\\\/\\\/encompaniastj.org\\\/pt-pt\\\/#organization\"},\"potentialAction\":[{\"@type\":\"SearchAction\",\"target\":{\"@type\":\"EntryPoint\",\"urlTemplate\":\"https:\\\/\\\/encompaniastj.org\\\/pt-pt\\\/?s={search_term_string}\"},\"query-input\":{\"@type\":\"PropertyValueSpecification\",\"valueRequired\":true,\"valueName\":\"search_term_string\"}}],\"inLanguage\":\"pt-PT\"},{\"@type\":\"Organization\",\"@id\":\"https:\\\/\\\/encompaniastj.org\\\/pt-pt\\\/#organization\",\"name\":\"Compa\u00f1\u00eda de Santa Teresa de Jes\u00fas\",\"url\":\"https:\\\/\\\/encompaniastj.org\\\/pt-pt\\\/\",\"logo\":{\"@type\":\"ImageObject\",\"inLanguage\":\"pt-PT\",\"@id\":\"https:\\\/\\\/encompaniastj.org\\\/pt-pt\\\/#\\\/schema\\\/logo\\\/image\\\/\",\"url\":\"https:\\\/\\\/encompaniastj.org\\\/wp-content\\\/uploads\\\/2025\\\/04\\\/logo_provincias02-1-3.png\",\"contentUrl\":\"https:\\\/\\\/encompaniastj.org\\\/wp-content\\\/uploads\\\/2025\\\/04\\\/logo_provincias02-1-3.png\",\"width\":2368,\"height\":825,\"caption\":\"Compa\u00f1\u00eda de Santa Teresa de Jes\u00fas\"},\"image\":{\"@id\":\"https:\\\/\\\/encompaniastj.org\\\/pt-pt\\\/#\\\/schema\\\/logo\\\/image\\\/\"}},{\"@type\":\"Person\",\"@id\":\"https:\\\/\\\/encompaniastj.org\\\/pt-pt\\\/#\\\/schema\\\/person\\\/520e7ecc314793d40091993c2a02b651\",\"name\":\"admin\",\"image\":{\"@type\":\"ImageObject\",\"inLanguage\":\"pt-PT\",\"@id\":\"https:\\\/\\\/secure.gravatar.com\\\/avatar\\\/948b492cce32b586ac2db0eaa926ee87024f7afe218d73b397ea5ddfc5f43ea1?s=96&d=mm&r=g\",\"url\":\"https:\\\/\\\/secure.gravatar.com\\\/avatar\\\/948b492cce32b586ac2db0eaa926ee87024f7afe218d73b397ea5ddfc5f43ea1?s=96&d=mm&r=g\",\"contentUrl\":\"https:\\\/\\\/secure.gravatar.com\\\/avatar\\\/948b492cce32b586ac2db0eaa926ee87024f7afe218d73b397ea5ddfc5f43ea1?s=96&d=mm&r=g\",\"caption\":\"admin\"},\"sameAs\":[\"https:\\\/\\\/encompaniastj.org\"],\"url\":\"https:\\\/\\\/encompaniastj.org\\\/pt-pt\\\/author\\\/sjdigital\\\/\"}]}<\/script>\n<!-- \/ Yoast SEO plugin. -->","yoast_head_json":{"title":"Escola Santa Teresa de Jesus de Tarragona - En Compa\u00f1\u00eda STJ","robots":{"index":"index","follow":"follow","max-snippet":"max-snippet:-1","max-image-preview":"max-image-preview:large","max-video-preview":"max-video-preview:-1"},"canonical":"https:\/\/encompaniastj.org\/pt-pt\/escola-santa-teresa-de-jesus-de-tarragona\/","og_locale":"pt_PT","og_type":"article","og_title":"Escola Santa Teresa de Jesus de Tarragona - En Compa\u00f1\u00eda STJ","og_description":"A Companhia de Santa Teresa de Jesus est\u00e1 presente em Tarragona desde 1876, e a coloca\u00e7\u00e3o da primeira pedra do atual emblem\u00e1tico edif\u00edcio de estilo modernista ocorreu no dia 28 [&hellip;]","og_url":"https:\/\/encompaniastj.org\/pt-pt\/escola-santa-teresa-de-jesus-de-tarragona\/","og_site_name":"En Compa\u00f1\u00eda STJ","article_published_time":"2021-01-31T17:04:59+00:00","article_modified_time":"2025-07-07T14:22:15+00:00","og_image":[{"width":500,"height":208,"url":"https:\/\/encompaniastj.org\/wp-content\/uploads\/2025\/05\/Tarragona2.jpg","type":"image\/jpeg"}],"author":"admin","twitter_card":"summary_large_image","twitter_misc":{"Escrito por":"admin","Tempo estimado de leitura":"2 minutos"},"schema":{"@context":"https:\/\/schema.org","@graph":[{"@type":"Article","@id":"https:\/\/encompaniastj.org\/pt-pt\/escola-santa-teresa-de-jesus-de-tarragona\/#article","isPartOf":{"@id":"https:\/\/encompaniastj.org\/pt-pt\/escola-santa-teresa-de-jesus-de-tarragona\/"},"author":{"name":"admin","@id":"https:\/\/encompaniastj.org\/pt-pt\/#\/schema\/person\/520e7ecc314793d40091993c2a02b651"},"headline":"Escola Santa Teresa de Jesus de Tarragona","datePublished":"2021-01-31T17:04:59+00:00","dateModified":"2025-07-07T14:22:15+00:00","mainEntityOfPage":{"@id":"https:\/\/encompaniastj.org\/pt-pt\/escola-santa-teresa-de-jesus-de-tarragona\/"},"wordCount":352,"commentCount":0,"publisher":{"@id":"https:\/\/encompaniastj.org\/pt-pt\/#organization"},"image":{"@id":"https:\/\/encompaniastj.org\/pt-pt\/escola-santa-teresa-de-jesus-de-tarragona\/#primaryimage"},"thumbnailUrl":"https:\/\/encompaniastj.org\/wp-content\/uploads\/2025\/05\/Tarragona2.jpg","articleSection":["Conhecemo-nos","Projetos"],"inLanguage":"pt-PT","potentialAction":[{"@type":"CommentAction","name":"Comment","target":["https:\/\/encompaniastj.org\/pt-pt\/escola-santa-teresa-de-jesus-de-tarragona\/#respond"]}]},{"@type":"WebPage","@id":"https:\/\/encompaniastj.org\/pt-pt\/escola-santa-teresa-de-jesus-de-tarragona\/","url":"https:\/\/encompaniastj.org\/pt-pt\/escola-santa-teresa-de-jesus-de-tarragona\/","name":"Escola Santa Teresa de Jesus de Tarragona - En Compa\u00f1\u00eda STJ","isPartOf":{"@id":"https:\/\/encompaniastj.org\/pt-pt\/#website"},"primaryImageOfPage":{"@id":"https:\/\/encompaniastj.org\/pt-pt\/escola-santa-teresa-de-jesus-de-tarragona\/#primaryimage"},"image":{"@id":"https:\/\/encompaniastj.org\/pt-pt\/escola-santa-teresa-de-jesus-de-tarragona\/#primaryimage"},"thumbnailUrl":"https:\/\/encompaniastj.org\/wp-content\/uploads\/2025\/05\/Tarragona2.jpg","datePublished":"2021-01-31T17:04:59+00:00","dateModified":"2025-07-07T14:22:15+00:00","breadcrumb":{"@id":"https:\/\/encompaniastj.org\/pt-pt\/escola-santa-teresa-de-jesus-de-tarragona\/#breadcrumb"},"inLanguage":"pt-PT","potentialAction":[{"@type":"ReadAction","target":["https:\/\/encompaniastj.org\/pt-pt\/escola-santa-teresa-de-jesus-de-tarragona\/"]}]},{"@type":"ImageObject","inLanguage":"pt-PT","@id":"https:\/\/encompaniastj.org\/pt-pt\/escola-santa-teresa-de-jesus-de-tarragona\/#primaryimage","url":"https:\/\/encompaniastj.org\/wp-content\/uploads\/2025\/05\/Tarragona2.jpg","contentUrl":"https:\/\/encompaniastj.org\/wp-content\/uploads\/2025\/05\/Tarragona2.jpg","width":500,"height":208},{"@type":"BreadcrumbList","@id":"https:\/\/encompaniastj.org\/pt-pt\/escola-santa-teresa-de-jesus-de-tarragona\/#breadcrumb","itemListElement":[{"@type":"ListItem","position":1,"name":"Portada","item":"https:\/\/encompaniastj.org\/pt-pt\/"},{"@type":"ListItem","position":2,"name":"Escola Santa Teresa de Jesus de Tarragona"}]},{"@type":"WebSite","@id":"https:\/\/encompaniastj.org\/pt-pt\/#website","url":"https:\/\/encompaniastj.org\/pt-pt\/","name":"En Compa\u00f1\u00eda STJ","description":"Bolet\u00edn de la Compa\u00f1\u00eda de Santa Teresa de Jes\u00fas","publisher":{"@id":"https:\/\/encompaniastj.org\/pt-pt\/#organization"},"potentialAction":[{"@type":"SearchAction","target":{"@type":"EntryPoint","urlTemplate":"https:\/\/encompaniastj.org\/pt-pt\/?s={search_term_string}"},"query-input":{"@type":"PropertyValueSpecification","valueRequired":true,"valueName":"search_term_string"}}],"inLanguage":"pt-PT"},{"@type":"Organization","@id":"https:\/\/encompaniastj.org\/pt-pt\/#organization","name":"Compa\u00f1\u00eda de Santa Teresa de Jes\u00fas","url":"https:\/\/encompaniastj.org\/pt-pt\/","logo":{"@type":"ImageObject","inLanguage":"pt-PT","@id":"https:\/\/encompaniastj.org\/pt-pt\/#\/schema\/logo\/image\/","url":"https:\/\/encompaniastj.org\/wp-content\/uploads\/2025\/04\/logo_provincias02-1-3.png","contentUrl":"https:\/\/encompaniastj.org\/wp-content\/uploads\/2025\/04\/logo_provincias02-1-3.png","width":2368,"height":825,"caption":"Compa\u00f1\u00eda de Santa Teresa de Jes\u00fas"},"image":{"@id":"https:\/\/encompaniastj.org\/pt-pt\/#\/schema\/logo\/image\/"}},{"@type":"Person","@id":"https:\/\/encompaniastj.org\/pt-pt\/#\/schema\/person\/520e7ecc314793d40091993c2a02b651","name":"admin","image":{"@type":"ImageObject","inLanguage":"pt-PT","@id":"https:\/\/secure.gravatar.com\/avatar\/948b492cce32b586ac2db0eaa926ee87024f7afe218d73b397ea5ddfc5f43ea1?s=96&d=mm&r=g","url":"https:\/\/secure.gravatar.com\/avatar\/948b492cce32b586ac2db0eaa926ee87024f7afe218d73b397ea5ddfc5f43ea1?s=96&d=mm&r=g","contentUrl":"https:\/\/secure.gravatar.com\/avatar\/948b492cce32b586ac2db0eaa926ee87024f7afe218d73b397ea5ddfc5f43ea1?s=96&d=mm&r=g","caption":"admin"},"sameAs":["https:\/\/encompaniastj.org"],"url":"https:\/\/encompaniastj.org\/pt-pt\/author\/sjdigital\/"}]}},"_links":{"self":[{"href":"https:\/\/encompaniastj.org\/pt-pt\/wp-json\/wp\/v2\/posts\/10450","targetHints":{"allow":["GET"]}}],"collection":[{"href":"https:\/\/encompaniastj.org\/pt-pt\/wp-json\/wp\/v2\/posts"}],"about":[{"href":"https:\/\/encompaniastj.org\/pt-pt\/wp-json\/wp\/v2\/types\/post"}],"author":[{"embeddable":true,"href":"https:\/\/encompaniastj.org\/pt-pt\/wp-json\/wp\/v2\/users\/1"}],"replies":[{"embeddable":true,"href":"https:\/\/encompaniastj.org\/pt-pt\/wp-json\/wp\/v2\/comments?post=10450"}],"version-history":[{"count":1,"href":"https:\/\/encompaniastj.org\/pt-pt\/wp-json\/wp\/v2\/posts\/10450\/revisions"}],"predecessor-version":[{"id":10451,"href":"https:\/\/encompaniastj.org\/pt-pt\/wp-json\/wp\/v2\/posts\/10450\/revisions\/10451"}],"wp:featuredmedia":[{"embeddable":true,"href":"https:\/\/encompaniastj.org\/pt-pt\/wp-json\/wp\/v2\/media\/7664"}],"wp:attachment":[{"href":"https:\/\/encompaniastj.org\/pt-pt\/wp-json\/wp\/v2\/media?parent=10450"}],"wp:term":[{"taxonomy":"category","embeddable":true,"href":"https:\/\/encompaniastj.org\/pt-pt\/wp-json\/wp\/v2\/categories?post=10450"},{"taxonomy":"post_tag","embeddable":true,"href":"https:\/\/encompaniastj.org\/pt-pt\/wp-json\/wp\/v2\/tags?post=10450"}],"curies":[{"name":"wp","href":"https:\/\/api.w.org\/{rel}","templated":true}]}}