{"id":10436,"date":"2021-01-25T11:17:26","date_gmt":"2021-01-25T10:17:26","guid":{"rendered":"https:\/\/encompaniastj.org\/comunidade-das-irmas-teresianas-do-bairro-de-belem-valladolid\/"},"modified":"2025-07-07T16:22:14","modified_gmt":"2025-07-07T14:22:14","slug":"comunidade-das-irmas-teresianas-do-bairro-de-belem-valladolid","status":"publish","type":"post","link":"https:\/\/encompaniastj.org\/pt-pt\/comunidade-das-irmas-teresianas-do-bairro-de-belem-valladolid\/","title":{"rendered":"Comunidade das Irm\u00e3s Teresianas do bairro de Bel\u00e9m. Valladolid"},"content":{"rendered":"\n<p><strong>Comunidade de Irm\u00e3s Teresianas<\/strong>, \u00e9 assim que nos identificam no nosso bairro, uma comunidade com 23 anos\nde hist\u00f3ria, desde o in\u00edcio. Um bairro carinhoso e popular, \"com ares de\naldeia\", com os seus antigos \"moinhos\" e o novo que ressurge, de\ngente que chega ao bairro pela estrutura dos edif\u00edcios que est\u00e1 a ser\ntransformada e \u00e0 proximidade com as diferentes Faculdades da Universidade de Valladolid.<\/p>\n\n\n\n<p>Neste ano as irm\u00e3s que formamos a comunidade,\nsomos: M\u00aa Cruz Rodr\u00edguez, Pilar Garc\u00eda, visita\u00e7\u00e3o Moreno, Mayte Blanco,\nAgustina Gonz\u00e1lez e Beatriz S\u00e1nchez.<\/p>\n\n\n\n<p>A Miss\u00e3o da Comunidade na pluralidade de a\u00e7\u00f5es\npastorais constitui uma riqueza que nos permite olhar para os diferentes \u00e2mbitos\nem que estamos presentes. Na Pastoral Educativa na nossa escola de Valladolid, na\nparticipa\u00e7\u00e3o das Irm\u00e3s em diversos \u00e2mbitos da Fam\u00edlia Teresiana: Patronato da\nFET; Patronato, Delega\u00e7\u00e3o e Comiss\u00e3o de Projetos do FundEO. Integra\u00e7\u00e3o na Par\u00f3quia\nno Conselho pastoral, Anima\u00e7\u00e3o lit\u00fargica, C\u00e1ritas e participa\u00e7\u00e3o nos diversos\ngrupos Paroquiais. Colabora\u00e7\u00e3o com \"<em>Rede \u00cdncola<\/em>\" em aula de\nespanhol para imigrantes.<\/p>\n\n\n\n<p>A COVID 19 fez-nos participar de diferentes formas\nna nossa vida do bairro e nos projetos nos quais trabalhamos; presen\u00e7a f\u00edsica\nquando \u00e9 poss\u00edvel, reuni\u00f5es online, conversas telef\u00f3nicas ... Isso n\u00e3o\nsignifica que percamos o contato com o nosso meio ambiente, especialmente pela\ncentralidade da Eucaristia dominical, da qual participa a maioria das irm\u00e3s,\nquando a capacidade e as circunst\u00e2ncias o permitem.<\/p>\n\n\n\n<p>Queremos incluir na nossa cr\u00f3nica a\nmem\u00f3ria de tantas irm\u00e3s que passaram por esta comunidade e deixaram a sua marca\nou o seu gr\u00e3ozinho de areia do qual hoje vive a comunidade.<\/p>\n\n\n\n<ul class=\"wp-block-gallery columns-2 is-cropped wp-block-gallery-1 is-layout-flex wp-block-gallery-is-layout-flex\"><li class=\"blocks-gallery-item\"><figure><img decoding=\"async\" src=\"https:\/\/encompaniastj.org\/wp-content\/uploads\/2025\/05\/Comunidad-Belen2.jpg\" alt=\"\" data-id=\"7423\" data-link=\"https:\/\/encompaniastj.org\/pt-pt\/comunidad-belen2-2\/\" class=\"wp-image-7423\"\/><\/figure><\/li><li class=\"blocks-gallery-item\"><figure><img decoding=\"async\" src=\"https:\/\/encompaniastj.org\/wp-content\/uploads\/2025\/05\/Cdad_Belen1.jpg\" alt=\"\" data-id=\"7421\" data-link=\"https:\/\/encompaniastj.org\/pt-pt\/cdad_belen1-2\/\" class=\"wp-image-7421\"\/><\/figure><\/li><\/ul>\n","protected":false},"excerpt":{"rendered":"<p>Comunidade de Irm\u00e3s Teresianas, \u00e9 assim que nos identificam no nosso bairro, uma comunidade com 23 anos de hist\u00f3ria, desde o in\u00edcio. Um bairro carinhoso e popular, &#8220;com ares de [&hellip;]<\/p>\n","protected":false},"author":1,"featured_media":7651,"comment_status":"open","ping_status":"open","sticky":false,"template":"","format":"standard","meta":{"_acf_changed":false,"footnotes":""},"categories":[67,66],"tags":[],"class_list":["post-10436","post","type-post","status-publish","format-standard","has-post-thumbnail","hentry","category-comunidades-conhecemo-nos","category-conhecemo-nos"],"acf":[],"yoast_head":"<!-- This site is optimized with the Yoast SEO plugin v27.5 - https:\/\/yoast.com\/product\/yoast-seo-wordpress\/ -->\n<title>Comunidade das Irm\u00e3s Teresianas do bairro de Bel\u00e9m. Valladolid - En Compa\u00f1\u00eda STJ<\/title>\n<meta name=\"robots\" content=\"index, follow, max-snippet:-1, max-image-preview:large, max-video-preview:-1\" \/>\n<link rel=\"canonical\" href=\"https:\/\/encompaniastj.org\/pt-pt\/comunidade-das-irmas-teresianas-do-bairro-de-belem-valladolid\/\" \/>\n<meta property=\"og:locale\" content=\"pt_PT\" \/>\n<meta property=\"og:type\" content=\"article\" \/>\n<meta property=\"og:title\" content=\"Comunidade das Irm\u00e3s Teresianas do bairro de Bel\u00e9m. Valladolid - En Compa\u00f1\u00eda STJ\" \/>\n<meta property=\"og:description\" content=\"Comunidade de Irm\u00e3s Teresianas, \u00e9 assim que nos identificam no nosso bairro, uma comunidade com 23 anos de hist\u00f3ria, desde o in\u00edcio. Um bairro carinhoso e popular, &#8220;com ares de [&hellip;]\" \/>\n<meta property=\"og:url\" content=\"https:\/\/encompaniastj.org\/pt-pt\/comunidade-das-irmas-teresianas-do-bairro-de-belem-valladolid\/\" \/>\n<meta property=\"og:site_name\" content=\"En Compa\u00f1\u00eda STJ\" \/>\n<meta property=\"article:published_time\" content=\"2021-01-25T10:17:26+00:00\" \/>\n<meta property=\"article:modified_time\" content=\"2025-07-07T14:22:14+00:00\" \/>\n<meta property=\"og:image\" content=\"https:\/\/encompaniastj.org\/wp-content\/uploads\/2025\/05\/Cdad_Belen1.jpg\" \/>\n\t<meta property=\"og:image:width\" content=\"500\" \/>\n\t<meta property=\"og:image:height\" content=\"375\" \/>\n\t<meta property=\"og:image:type\" content=\"image\/jpeg\" \/>\n<meta name=\"author\" content=\"admin\" \/>\n<meta name=\"twitter:card\" content=\"summary_large_image\" \/>\n<meta name=\"twitter:label1\" content=\"Escrito por\" \/>\n\t<meta name=\"twitter:data1\" content=\"admin\" \/>\n\t<meta name=\"twitter:label2\" content=\"Tempo estimado de leitura\" \/>\n\t<meta name=\"twitter:data2\" content=\"1 minuto\" \/>\n<script type=\"application\/ld+json\" class=\"yoast-schema-graph\">{\"@context\":\"https:\\\/\\\/schema.org\",\"@graph\":[{\"@type\":\"Article\",\"@id\":\"https:\\\/\\\/encompaniastj.org\\\/pt-pt\\\/comunidade-das-irmas-teresianas-do-bairro-de-belem-valladolid\\\/#article\",\"isPartOf\":{\"@id\":\"https:\\\/\\\/encompaniastj.org\\\/pt-pt\\\/comunidade-das-irmas-teresianas-do-bairro-de-belem-valladolid\\\/\"},\"author\":{\"name\":\"admin\",\"@id\":\"https:\\\/\\\/encompaniastj.org\\\/pt-pt\\\/#\\\/schema\\\/person\\\/520e7ecc314793d40091993c2a02b651\"},\"headline\":\"Comunidade das Irm\u00e3s Teresianas do bairro de Bel\u00e9m. Valladolid\",\"datePublished\":\"2021-01-25T10:17:26+00:00\",\"dateModified\":\"2025-07-07T14:22:14+00:00\",\"mainEntityOfPage\":{\"@id\":\"https:\\\/\\\/encompaniastj.org\\\/pt-pt\\\/comunidade-das-irmas-teresianas-do-bairro-de-belem-valladolid\\\/\"},\"wordCount\":303,\"commentCount\":0,\"publisher\":{\"@id\":\"https:\\\/\\\/encompaniastj.org\\\/pt-pt\\\/#organization\"},\"image\":{\"@id\":\"https:\\\/\\\/encompaniastj.org\\\/pt-pt\\\/comunidade-das-irmas-teresianas-do-bairro-de-belem-valladolid\\\/#primaryimage\"},\"thumbnailUrl\":\"https:\\\/\\\/encompaniastj.org\\\/wp-content\\\/uploads\\\/2025\\\/05\\\/Cdad_Belen1.jpg\",\"articleSection\":[\"Comunidades\",\"Conhecemo-nos\"],\"inLanguage\":\"pt-PT\",\"potentialAction\":[{\"@type\":\"CommentAction\",\"name\":\"Comment\",\"target\":[\"https:\\\/\\\/encompaniastj.org\\\/pt-pt\\\/comunidade-das-irmas-teresianas-do-bairro-de-belem-valladolid\\\/#respond\"]}]},{\"@type\":\"WebPage\",\"@id\":\"https:\\\/\\\/encompaniastj.org\\\/pt-pt\\\/comunidade-das-irmas-teresianas-do-bairro-de-belem-valladolid\\\/\",\"url\":\"https:\\\/\\\/encompaniastj.org\\\/pt-pt\\\/comunidade-das-irmas-teresianas-do-bairro-de-belem-valladolid\\\/\",\"name\":\"Comunidade das Irm\u00e3s Teresianas do bairro de Bel\u00e9m. Valladolid - En Compa\u00f1\u00eda STJ\",\"isPartOf\":{\"@id\":\"https:\\\/\\\/encompaniastj.org\\\/pt-pt\\\/#website\"},\"primaryImageOfPage\":{\"@id\":\"https:\\\/\\\/encompaniastj.org\\\/pt-pt\\\/comunidade-das-irmas-teresianas-do-bairro-de-belem-valladolid\\\/#primaryimage\"},\"image\":{\"@id\":\"https:\\\/\\\/encompaniastj.org\\\/pt-pt\\\/comunidade-das-irmas-teresianas-do-bairro-de-belem-valladolid\\\/#primaryimage\"},\"thumbnailUrl\":\"https:\\\/\\\/encompaniastj.org\\\/wp-content\\\/uploads\\\/2025\\\/05\\\/Cdad_Belen1.jpg\",\"datePublished\":\"2021-01-25T10:17:26+00:00\",\"dateModified\":\"2025-07-07T14:22:14+00:00\",\"breadcrumb\":{\"@id\":\"https:\\\/\\\/encompaniastj.org\\\/pt-pt\\\/comunidade-das-irmas-teresianas-do-bairro-de-belem-valladolid\\\/#breadcrumb\"},\"inLanguage\":\"pt-PT\",\"potentialAction\":[{\"@type\":\"ReadAction\",\"target\":[\"https:\\\/\\\/encompaniastj.org\\\/pt-pt\\\/comunidade-das-irmas-teresianas-do-bairro-de-belem-valladolid\\\/\"]}]},{\"@type\":\"ImageObject\",\"inLanguage\":\"pt-PT\",\"@id\":\"https:\\\/\\\/encompaniastj.org\\\/pt-pt\\\/comunidade-das-irmas-teresianas-do-bairro-de-belem-valladolid\\\/#primaryimage\",\"url\":\"https:\\\/\\\/encompaniastj.org\\\/wp-content\\\/uploads\\\/2025\\\/05\\\/Cdad_Belen1.jpg\",\"contentUrl\":\"https:\\\/\\\/encompaniastj.org\\\/wp-content\\\/uploads\\\/2025\\\/05\\\/Cdad_Belen1.jpg\",\"width\":500,\"height\":375},{\"@type\":\"BreadcrumbList\",\"@id\":\"https:\\\/\\\/encompaniastj.org\\\/pt-pt\\\/comunidade-das-irmas-teresianas-do-bairro-de-belem-valladolid\\\/#breadcrumb\",\"itemListElement\":[{\"@type\":\"ListItem\",\"position\":1,\"name\":\"Portada\",\"item\":\"https:\\\/\\\/encompaniastj.org\\\/pt-pt\\\/\"},{\"@type\":\"ListItem\",\"position\":2,\"name\":\"Comunidade das Irm\u00e3s Teresianas do bairro de Bel\u00e9m. Valladolid\"}]},{\"@type\":\"WebSite\",\"@id\":\"https:\\\/\\\/encompaniastj.org\\\/pt-pt\\\/#website\",\"url\":\"https:\\\/\\\/encompaniastj.org\\\/pt-pt\\\/\",\"name\":\"En Compa\u00f1\u00eda STJ\",\"description\":\"Bolet\u00edn de la Compa\u00f1\u00eda de Santa Teresa de Jes\u00fas\",\"publisher\":{\"@id\":\"https:\\\/\\\/encompaniastj.org\\\/pt-pt\\\/#organization\"},\"potentialAction\":[{\"@type\":\"SearchAction\",\"target\":{\"@type\":\"EntryPoint\",\"urlTemplate\":\"https:\\\/\\\/encompaniastj.org\\\/pt-pt\\\/?s={search_term_string}\"},\"query-input\":{\"@type\":\"PropertyValueSpecification\",\"valueRequired\":true,\"valueName\":\"search_term_string\"}}],\"inLanguage\":\"pt-PT\"},{\"@type\":\"Organization\",\"@id\":\"https:\\\/\\\/encompaniastj.org\\\/pt-pt\\\/#organization\",\"name\":\"Compa\u00f1\u00eda de Santa Teresa de Jes\u00fas\",\"url\":\"https:\\\/\\\/encompaniastj.org\\\/pt-pt\\\/\",\"logo\":{\"@type\":\"ImageObject\",\"inLanguage\":\"pt-PT\",\"@id\":\"https:\\\/\\\/encompaniastj.org\\\/pt-pt\\\/#\\\/schema\\\/logo\\\/image\\\/\",\"url\":\"https:\\\/\\\/encompaniastj.org\\\/wp-content\\\/uploads\\\/2025\\\/04\\\/logo_provincias02-1-3.png\",\"contentUrl\":\"https:\\\/\\\/encompaniastj.org\\\/wp-content\\\/uploads\\\/2025\\\/04\\\/logo_provincias02-1-3.png\",\"width\":2368,\"height\":825,\"caption\":\"Compa\u00f1\u00eda de Santa Teresa de Jes\u00fas\"},\"image\":{\"@id\":\"https:\\\/\\\/encompaniastj.org\\\/pt-pt\\\/#\\\/schema\\\/logo\\\/image\\\/\"}},{\"@type\":\"Person\",\"@id\":\"https:\\\/\\\/encompaniastj.org\\\/pt-pt\\\/#\\\/schema\\\/person\\\/520e7ecc314793d40091993c2a02b651\",\"name\":\"admin\",\"image\":{\"@type\":\"ImageObject\",\"inLanguage\":\"pt-PT\",\"@id\":\"https:\\\/\\\/secure.gravatar.com\\\/avatar\\\/948b492cce32b586ac2db0eaa926ee87024f7afe218d73b397ea5ddfc5f43ea1?s=96&d=mm&r=g\",\"url\":\"https:\\\/\\\/secure.gravatar.com\\\/avatar\\\/948b492cce32b586ac2db0eaa926ee87024f7afe218d73b397ea5ddfc5f43ea1?s=96&d=mm&r=g\",\"contentUrl\":\"https:\\\/\\\/secure.gravatar.com\\\/avatar\\\/948b492cce32b586ac2db0eaa926ee87024f7afe218d73b397ea5ddfc5f43ea1?s=96&d=mm&r=g\",\"caption\":\"admin\"},\"sameAs\":[\"https:\\\/\\\/encompaniastj.org\"],\"url\":\"https:\\\/\\\/encompaniastj.org\\\/pt-pt\\\/author\\\/sjdigital\\\/\"}]}<\/script>\n<!-- \/ Yoast SEO plugin. -->","yoast_head_json":{"title":"Comunidade das Irm\u00e3s Teresianas do bairro de Bel\u00e9m. Valladolid - En Compa\u00f1\u00eda STJ","robots":{"index":"index","follow":"follow","max-snippet":"max-snippet:-1","max-image-preview":"max-image-preview:large","max-video-preview":"max-video-preview:-1"},"canonical":"https:\/\/encompaniastj.org\/pt-pt\/comunidade-das-irmas-teresianas-do-bairro-de-belem-valladolid\/","og_locale":"pt_PT","og_type":"article","og_title":"Comunidade das Irm\u00e3s Teresianas do bairro de Bel\u00e9m. Valladolid - En Compa\u00f1\u00eda STJ","og_description":"Comunidade de Irm\u00e3s Teresianas, \u00e9 assim que nos identificam no nosso bairro, uma comunidade com 23 anos de hist\u00f3ria, desde o in\u00edcio. Um bairro carinhoso e popular, &#8220;com ares de [&hellip;]","og_url":"https:\/\/encompaniastj.org\/pt-pt\/comunidade-das-irmas-teresianas-do-bairro-de-belem-valladolid\/","og_site_name":"En Compa\u00f1\u00eda STJ","article_published_time":"2021-01-25T10:17:26+00:00","article_modified_time":"2025-07-07T14:22:14+00:00","og_image":[{"width":500,"height":375,"url":"https:\/\/encompaniastj.org\/wp-content\/uploads\/2025\/05\/Cdad_Belen1.jpg","type":"image\/jpeg"}],"author":"admin","twitter_card":"summary_large_image","twitter_misc":{"Escrito por":"admin","Tempo estimado de leitura":"1 minuto"},"schema":{"@context":"https:\/\/schema.org","@graph":[{"@type":"Article","@id":"https:\/\/encompaniastj.org\/pt-pt\/comunidade-das-irmas-teresianas-do-bairro-de-belem-valladolid\/#article","isPartOf":{"@id":"https:\/\/encompaniastj.org\/pt-pt\/comunidade-das-irmas-teresianas-do-bairro-de-belem-valladolid\/"},"author":{"name":"admin","@id":"https:\/\/encompaniastj.org\/pt-pt\/#\/schema\/person\/520e7ecc314793d40091993c2a02b651"},"headline":"Comunidade das Irm\u00e3s Teresianas do bairro de Bel\u00e9m. Valladolid","datePublished":"2021-01-25T10:17:26+00:00","dateModified":"2025-07-07T14:22:14+00:00","mainEntityOfPage":{"@id":"https:\/\/encompaniastj.org\/pt-pt\/comunidade-das-irmas-teresianas-do-bairro-de-belem-valladolid\/"},"wordCount":303,"commentCount":0,"publisher":{"@id":"https:\/\/encompaniastj.org\/pt-pt\/#organization"},"image":{"@id":"https:\/\/encompaniastj.org\/pt-pt\/comunidade-das-irmas-teresianas-do-bairro-de-belem-valladolid\/#primaryimage"},"thumbnailUrl":"https:\/\/encompaniastj.org\/wp-content\/uploads\/2025\/05\/Cdad_Belen1.jpg","articleSection":["Comunidades","Conhecemo-nos"],"inLanguage":"pt-PT","potentialAction":[{"@type":"CommentAction","name":"Comment","target":["https:\/\/encompaniastj.org\/pt-pt\/comunidade-das-irmas-teresianas-do-bairro-de-belem-valladolid\/#respond"]}]},{"@type":"WebPage","@id":"https:\/\/encompaniastj.org\/pt-pt\/comunidade-das-irmas-teresianas-do-bairro-de-belem-valladolid\/","url":"https:\/\/encompaniastj.org\/pt-pt\/comunidade-das-irmas-teresianas-do-bairro-de-belem-valladolid\/","name":"Comunidade das Irm\u00e3s Teresianas do bairro de Bel\u00e9m. Valladolid - En Compa\u00f1\u00eda STJ","isPartOf":{"@id":"https:\/\/encompaniastj.org\/pt-pt\/#website"},"primaryImageOfPage":{"@id":"https:\/\/encompaniastj.org\/pt-pt\/comunidade-das-irmas-teresianas-do-bairro-de-belem-valladolid\/#primaryimage"},"image":{"@id":"https:\/\/encompaniastj.org\/pt-pt\/comunidade-das-irmas-teresianas-do-bairro-de-belem-valladolid\/#primaryimage"},"thumbnailUrl":"https:\/\/encompaniastj.org\/wp-content\/uploads\/2025\/05\/Cdad_Belen1.jpg","datePublished":"2021-01-25T10:17:26+00:00","dateModified":"2025-07-07T14:22:14+00:00","breadcrumb":{"@id":"https:\/\/encompaniastj.org\/pt-pt\/comunidade-das-irmas-teresianas-do-bairro-de-belem-valladolid\/#breadcrumb"},"inLanguage":"pt-PT","potentialAction":[{"@type":"ReadAction","target":["https:\/\/encompaniastj.org\/pt-pt\/comunidade-das-irmas-teresianas-do-bairro-de-belem-valladolid\/"]}]},{"@type":"ImageObject","inLanguage":"pt-PT","@id":"https:\/\/encompaniastj.org\/pt-pt\/comunidade-das-irmas-teresianas-do-bairro-de-belem-valladolid\/#primaryimage","url":"https:\/\/encompaniastj.org\/wp-content\/uploads\/2025\/05\/Cdad_Belen1.jpg","contentUrl":"https:\/\/encompaniastj.org\/wp-content\/uploads\/2025\/05\/Cdad_Belen1.jpg","width":500,"height":375},{"@type":"BreadcrumbList","@id":"https:\/\/encompaniastj.org\/pt-pt\/comunidade-das-irmas-teresianas-do-bairro-de-belem-valladolid\/#breadcrumb","itemListElement":[{"@type":"ListItem","position":1,"name":"Portada","item":"https:\/\/encompaniastj.org\/pt-pt\/"},{"@type":"ListItem","position":2,"name":"Comunidade das Irm\u00e3s Teresianas do bairro de Bel\u00e9m. Valladolid"}]},{"@type":"WebSite","@id":"https:\/\/encompaniastj.org\/pt-pt\/#website","url":"https:\/\/encompaniastj.org\/pt-pt\/","name":"En Compa\u00f1\u00eda STJ","description":"Bolet\u00edn de la Compa\u00f1\u00eda de Santa Teresa de Jes\u00fas","publisher":{"@id":"https:\/\/encompaniastj.org\/pt-pt\/#organization"},"potentialAction":[{"@type":"SearchAction","target":{"@type":"EntryPoint","urlTemplate":"https:\/\/encompaniastj.org\/pt-pt\/?s={search_term_string}"},"query-input":{"@type":"PropertyValueSpecification","valueRequired":true,"valueName":"search_term_string"}}],"inLanguage":"pt-PT"},{"@type":"Organization","@id":"https:\/\/encompaniastj.org\/pt-pt\/#organization","name":"Compa\u00f1\u00eda de Santa Teresa de Jes\u00fas","url":"https:\/\/encompaniastj.org\/pt-pt\/","logo":{"@type":"ImageObject","inLanguage":"pt-PT","@id":"https:\/\/encompaniastj.org\/pt-pt\/#\/schema\/logo\/image\/","url":"https:\/\/encompaniastj.org\/wp-content\/uploads\/2025\/04\/logo_provincias02-1-3.png","contentUrl":"https:\/\/encompaniastj.org\/wp-content\/uploads\/2025\/04\/logo_provincias02-1-3.png","width":2368,"height":825,"caption":"Compa\u00f1\u00eda de Santa Teresa de Jes\u00fas"},"image":{"@id":"https:\/\/encompaniastj.org\/pt-pt\/#\/schema\/logo\/image\/"}},{"@type":"Person","@id":"https:\/\/encompaniastj.org\/pt-pt\/#\/schema\/person\/520e7ecc314793d40091993c2a02b651","name":"admin","image":{"@type":"ImageObject","inLanguage":"pt-PT","@id":"https:\/\/secure.gravatar.com\/avatar\/948b492cce32b586ac2db0eaa926ee87024f7afe218d73b397ea5ddfc5f43ea1?s=96&d=mm&r=g","url":"https:\/\/secure.gravatar.com\/avatar\/948b492cce32b586ac2db0eaa926ee87024f7afe218d73b397ea5ddfc5f43ea1?s=96&d=mm&r=g","contentUrl":"https:\/\/secure.gravatar.com\/avatar\/948b492cce32b586ac2db0eaa926ee87024f7afe218d73b397ea5ddfc5f43ea1?s=96&d=mm&r=g","caption":"admin"},"sameAs":["https:\/\/encompaniastj.org"],"url":"https:\/\/encompaniastj.org\/pt-pt\/author\/sjdigital\/"}]}},"_links":{"self":[{"href":"https:\/\/encompaniastj.org\/pt-pt\/wp-json\/wp\/v2\/posts\/10436","targetHints":{"allow":["GET"]}}],"collection":[{"href":"https:\/\/encompaniastj.org\/pt-pt\/wp-json\/wp\/v2\/posts"}],"about":[{"href":"https:\/\/encompaniastj.org\/pt-pt\/wp-json\/wp\/v2\/types\/post"}],"author":[{"embeddable":true,"href":"https:\/\/encompaniastj.org\/pt-pt\/wp-json\/wp\/v2\/users\/1"}],"replies":[{"embeddable":true,"href":"https:\/\/encompaniastj.org\/pt-pt\/wp-json\/wp\/v2\/comments?post=10436"}],"version-history":[{"count":1,"href":"https:\/\/encompaniastj.org\/pt-pt\/wp-json\/wp\/v2\/posts\/10436\/revisions"}],"predecessor-version":[{"id":10437,"href":"https:\/\/encompaniastj.org\/pt-pt\/wp-json\/wp\/v2\/posts\/10436\/revisions\/10437"}],"wp:featuredmedia":[{"embeddable":true,"href":"https:\/\/encompaniastj.org\/pt-pt\/wp-json\/wp\/v2\/media\/7651"}],"wp:attachment":[{"href":"https:\/\/encompaniastj.org\/pt-pt\/wp-json\/wp\/v2\/media?parent=10436"}],"wp:term":[{"taxonomy":"category","embeddable":true,"href":"https:\/\/encompaniastj.org\/pt-pt\/wp-json\/wp\/v2\/categories?post=10436"},{"taxonomy":"post_tag","embeddable":true,"href":"https:\/\/encompaniastj.org\/pt-pt\/wp-json\/wp\/v2\/tags?post=10436"}],"curies":[{"name":"wp","href":"https:\/\/api.w.org\/{rel}","templated":true}]}}