{"id":10432,"date":"2021-01-25T10:44:49","date_gmt":"2021-01-25T09:44:49","guid":{"rendered":"https:\/\/encompaniastj.org\/rosa-ma-de-jesus-crucificado-cucurull-puiggros-25-de-enero-de-2021-barcelona-casa-madre-residencia-2\/"},"modified":"2025-07-07T16:22:13","modified_gmt":"2025-07-07T14:22:13","slug":"rosa-ma-de-jesus-crucificado-cucurull-puiggros-25-de-enero-de-2021-barcelona-casa-madre-residencia-2","status":"publish","type":"post","link":"https:\/\/encompaniastj.org\/pt-pt\/rosa-ma-de-jesus-crucificado-cucurull-puiggros-25-de-enero-de-2021-barcelona-casa-madre-residencia-2\/","title":{"rendered":"Rosa M\u00aa  Cucurull Puiggr\u00f3s. 25 de enero de 2021. (Barcelona Casa Madre-Residencia)"},"content":{"rendered":"\n<p>Aos 93 anos, Rosa Maria Cucurull desejava encontrar-se\ncom o Senhor no c\u00e9u, onde reconhecia ter a sua fam\u00edlia espiritual e humana.<\/p>\n\n\n\n<p>Ela nasceu em Barcelona em 1927, foi batizada na\nCatedral e foi aluna do Col\u00e9gio Teresiano da Diagonal. Entrou na Companhia em\n1950 no Noviciado de Tortosa. A sua a\u00e7\u00e3o apost\u00f3lica come\u00e7ou e terminou na\nCatalunha, que ela amava profundamente, mas tamb\u00e9m trabalhou em Madrid (Goya),\nem Roma como ec\u00f3noma geral, em Montpellier como superiora e em Buenos Aires e\nMontevid\u00e9u como professora.<\/p>\n\n\n\n<p>Em Tortosa, assumiu um grande compromisso com o MTA e\nj\u00e1 em Barcelona, \u200b\u200bao estar aposentada, fez trabalhos manuais para a FUNDEO e\ndirigiu um grupo de casais online que a lembram com gratid\u00e3o.<\/p>\n\n\n\n<p>Amava Teresa e Henrique, amava a Companhia. Agora estar\u00e1\nfeliz, gozando de Deus e de todo os seus. Agradecemos a sua vida e tanto bem\nquanto ela nos deixou.<\/p>\n","protected":false},"excerpt":{"rendered":"<p>Aos 93 anos, Rosa Maria Cucurull desejava encontrar-se com o Senhor no c\u00e9u, onde reconhecia ter a sua fam\u00edlia espiritual e humana. Ela nasceu em Barcelona em 1927, foi batizada [&hellip;]<\/p>\n","protected":false},"author":1,"featured_media":7650,"comment_status":"open","ping_status":"open","sticky":false,"template":"","format":"standard","meta":{"_acf_changed":false,"footnotes":""},"categories":[69],"tags":[],"class_list":["post-10432","post","type-post","status-publish","format-standard","has-post-thumbnail","hentry","category-falecimentos"],"acf":[],"yoast_head":"<!-- This site is optimized with the Yoast SEO plugin v27.5 - https:\/\/yoast.com\/product\/yoast-seo-wordpress\/ -->\n<title>Rosa M\u00aa Cucurull Puiggr\u00f3s. 25 de enero de 2021. (Barcelona Casa Madre-Residencia) - En Compa\u00f1\u00eda STJ<\/title>\n<meta name=\"robots\" content=\"index, follow, max-snippet:-1, max-image-preview:large, max-video-preview:-1\" \/>\n<link rel=\"canonical\" href=\"https:\/\/encompaniastj.org\/pt-pt\/rosa-ma-de-jesus-crucificado-cucurull-puiggros-25-de-enero-de-2021-barcelona-casa-madre-residencia-2\/\" \/>\n<meta property=\"og:locale\" content=\"pt_PT\" \/>\n<meta property=\"og:type\" content=\"article\" \/>\n<meta property=\"og:title\" content=\"Rosa M\u00aa Cucurull Puiggr\u00f3s. 25 de enero de 2021. (Barcelona Casa Madre-Residencia) - En Compa\u00f1\u00eda STJ\" \/>\n<meta property=\"og:description\" content=\"Aos 93 anos, Rosa Maria Cucurull desejava encontrar-se com o Senhor no c\u00e9u, onde reconhecia ter a sua fam\u00edlia espiritual e humana. Ela nasceu em Barcelona em 1927, foi batizada [&hellip;]\" \/>\n<meta property=\"og:url\" content=\"https:\/\/encompaniastj.org\/pt-pt\/rosa-ma-de-jesus-crucificado-cucurull-puiggros-25-de-enero-de-2021-barcelona-casa-madre-residencia-2\/\" \/>\n<meta property=\"og:site_name\" content=\"En Compa\u00f1\u00eda STJ\" \/>\n<meta property=\"article:published_time\" content=\"2021-01-25T09:44:49+00:00\" \/>\n<meta property=\"article:modified_time\" content=\"2025-07-07T14:22:13+00:00\" \/>\n<meta property=\"og:image\" content=\"https:\/\/encompaniastj.org\/wp-content\/uploads\/2025\/05\/sagrada-familia-552084_640.jpg\" \/>\n\t<meta property=\"og:image:width\" content=\"640\" \/>\n\t<meta property=\"og:image:height\" content=\"535\" \/>\n\t<meta property=\"og:image:type\" content=\"image\/jpeg\" \/>\n<meta name=\"author\" content=\"admin\" \/>\n<meta name=\"twitter:card\" content=\"summary_large_image\" \/>\n<meta name=\"twitter:label1\" content=\"Escrito por\" \/>\n\t<meta name=\"twitter:data1\" content=\"admin\" \/>\n\t<meta name=\"twitter:label2\" content=\"Tempo estimado de leitura\" \/>\n\t<meta name=\"twitter:data2\" content=\"1 minuto\" \/>\n<script type=\"application\/ld+json\" class=\"yoast-schema-graph\">{\"@context\":\"https:\\\/\\\/schema.org\",\"@graph\":[{\"@type\":\"Article\",\"@id\":\"https:\\\/\\\/encompaniastj.org\\\/pt-pt\\\/rosa-ma-de-jesus-crucificado-cucurull-puiggros-25-de-enero-de-2021-barcelona-casa-madre-residencia-2\\\/#article\",\"isPartOf\":{\"@id\":\"https:\\\/\\\/encompaniastj.org\\\/pt-pt\\\/rosa-ma-de-jesus-crucificado-cucurull-puiggros-25-de-enero-de-2021-barcelona-casa-madre-residencia-2\\\/\"},\"author\":{\"name\":\"admin\",\"@id\":\"https:\\\/\\\/encompaniastj.org\\\/pt-pt\\\/#\\\/schema\\\/person\\\/520e7ecc314793d40091993c2a02b651\"},\"headline\":\"Rosa M\u00aa Cucurull Puiggr\u00f3s. 25 de enero de 2021. (Barcelona Casa Madre-Residencia)\",\"datePublished\":\"2021-01-25T09:44:49+00:00\",\"dateModified\":\"2025-07-07T14:22:13+00:00\",\"mainEntityOfPage\":{\"@id\":\"https:\\\/\\\/encompaniastj.org\\\/pt-pt\\\/rosa-ma-de-jesus-crucificado-cucurull-puiggros-25-de-enero-de-2021-barcelona-casa-madre-residencia-2\\\/\"},\"wordCount\":166,\"commentCount\":0,\"publisher\":{\"@id\":\"https:\\\/\\\/encompaniastj.org\\\/pt-pt\\\/#organization\"},\"image\":{\"@id\":\"https:\\\/\\\/encompaniastj.org\\\/pt-pt\\\/rosa-ma-de-jesus-crucificado-cucurull-puiggros-25-de-enero-de-2021-barcelona-casa-madre-residencia-2\\\/#primaryimage\"},\"thumbnailUrl\":\"https:\\\/\\\/encompaniastj.org\\\/wp-content\\\/uploads\\\/2025\\\/05\\\/sagrada-familia-552084_640.jpg\",\"articleSection\":[\"Falecimentos\"],\"inLanguage\":\"pt-PT\",\"potentialAction\":[{\"@type\":\"CommentAction\",\"name\":\"Comment\",\"target\":[\"https:\\\/\\\/encompaniastj.org\\\/pt-pt\\\/rosa-ma-de-jesus-crucificado-cucurull-puiggros-25-de-enero-de-2021-barcelona-casa-madre-residencia-2\\\/#respond\"]}]},{\"@type\":\"WebPage\",\"@id\":\"https:\\\/\\\/encompaniastj.org\\\/pt-pt\\\/rosa-ma-de-jesus-crucificado-cucurull-puiggros-25-de-enero-de-2021-barcelona-casa-madre-residencia-2\\\/\",\"url\":\"https:\\\/\\\/encompaniastj.org\\\/pt-pt\\\/rosa-ma-de-jesus-crucificado-cucurull-puiggros-25-de-enero-de-2021-barcelona-casa-madre-residencia-2\\\/\",\"name\":\"Rosa M\u00aa Cucurull Puiggr\u00f3s. 25 de enero de 2021. (Barcelona Casa Madre-Residencia) - En Compa\u00f1\u00eda STJ\",\"isPartOf\":{\"@id\":\"https:\\\/\\\/encompaniastj.org\\\/pt-pt\\\/#website\"},\"primaryImageOfPage\":{\"@id\":\"https:\\\/\\\/encompaniastj.org\\\/pt-pt\\\/rosa-ma-de-jesus-crucificado-cucurull-puiggros-25-de-enero-de-2021-barcelona-casa-madre-residencia-2\\\/#primaryimage\"},\"image\":{\"@id\":\"https:\\\/\\\/encompaniastj.org\\\/pt-pt\\\/rosa-ma-de-jesus-crucificado-cucurull-puiggros-25-de-enero-de-2021-barcelona-casa-madre-residencia-2\\\/#primaryimage\"},\"thumbnailUrl\":\"https:\\\/\\\/encompaniastj.org\\\/wp-content\\\/uploads\\\/2025\\\/05\\\/sagrada-familia-552084_640.jpg\",\"datePublished\":\"2021-01-25T09:44:49+00:00\",\"dateModified\":\"2025-07-07T14:22:13+00:00\",\"breadcrumb\":{\"@id\":\"https:\\\/\\\/encompaniastj.org\\\/pt-pt\\\/rosa-ma-de-jesus-crucificado-cucurull-puiggros-25-de-enero-de-2021-barcelona-casa-madre-residencia-2\\\/#breadcrumb\"},\"inLanguage\":\"pt-PT\",\"potentialAction\":[{\"@type\":\"ReadAction\",\"target\":[\"https:\\\/\\\/encompaniastj.org\\\/pt-pt\\\/rosa-ma-de-jesus-crucificado-cucurull-puiggros-25-de-enero-de-2021-barcelona-casa-madre-residencia-2\\\/\"]}]},{\"@type\":\"ImageObject\",\"inLanguage\":\"pt-PT\",\"@id\":\"https:\\\/\\\/encompaniastj.org\\\/pt-pt\\\/rosa-ma-de-jesus-crucificado-cucurull-puiggros-25-de-enero-de-2021-barcelona-casa-madre-residencia-2\\\/#primaryimage\",\"url\":\"https:\\\/\\\/encompaniastj.org\\\/wp-content\\\/uploads\\\/2025\\\/05\\\/sagrada-familia-552084_640.jpg\",\"contentUrl\":\"https:\\\/\\\/encompaniastj.org\\\/wp-content\\\/uploads\\\/2025\\\/05\\\/sagrada-familia-552084_640.jpg\",\"width\":640,\"height\":535},{\"@type\":\"BreadcrumbList\",\"@id\":\"https:\\\/\\\/encompaniastj.org\\\/pt-pt\\\/rosa-ma-de-jesus-crucificado-cucurull-puiggros-25-de-enero-de-2021-barcelona-casa-madre-residencia-2\\\/#breadcrumb\",\"itemListElement\":[{\"@type\":\"ListItem\",\"position\":1,\"name\":\"Portada\",\"item\":\"https:\\\/\\\/encompaniastj.org\\\/pt-pt\\\/\"},{\"@type\":\"ListItem\",\"position\":2,\"name\":\"Rosa M\u00aa Cucurull Puiggr\u00f3s. 25 de enero de 2021. (Barcelona Casa Madre-Residencia)\"}]},{\"@type\":\"WebSite\",\"@id\":\"https:\\\/\\\/encompaniastj.org\\\/pt-pt\\\/#website\",\"url\":\"https:\\\/\\\/encompaniastj.org\\\/pt-pt\\\/\",\"name\":\"En Compa\u00f1\u00eda STJ\",\"description\":\"Bolet\u00edn de la Compa\u00f1\u00eda de Santa Teresa de Jes\u00fas\",\"publisher\":{\"@id\":\"https:\\\/\\\/encompaniastj.org\\\/pt-pt\\\/#organization\"},\"potentialAction\":[{\"@type\":\"SearchAction\",\"target\":{\"@type\":\"EntryPoint\",\"urlTemplate\":\"https:\\\/\\\/encompaniastj.org\\\/pt-pt\\\/?s={search_term_string}\"},\"query-input\":{\"@type\":\"PropertyValueSpecification\",\"valueRequired\":true,\"valueName\":\"search_term_string\"}}],\"inLanguage\":\"pt-PT\"},{\"@type\":\"Organization\",\"@id\":\"https:\\\/\\\/encompaniastj.org\\\/pt-pt\\\/#organization\",\"name\":\"Compa\u00f1\u00eda de Santa Teresa de Jes\u00fas\",\"url\":\"https:\\\/\\\/encompaniastj.org\\\/pt-pt\\\/\",\"logo\":{\"@type\":\"ImageObject\",\"inLanguage\":\"pt-PT\",\"@id\":\"https:\\\/\\\/encompaniastj.org\\\/pt-pt\\\/#\\\/schema\\\/logo\\\/image\\\/\",\"url\":\"https:\\\/\\\/encompaniastj.org\\\/wp-content\\\/uploads\\\/2025\\\/04\\\/logo_provincias02-1-3.png\",\"contentUrl\":\"https:\\\/\\\/encompaniastj.org\\\/wp-content\\\/uploads\\\/2025\\\/04\\\/logo_provincias02-1-3.png\",\"width\":2368,\"height\":825,\"caption\":\"Compa\u00f1\u00eda de Santa Teresa de Jes\u00fas\"},\"image\":{\"@id\":\"https:\\\/\\\/encompaniastj.org\\\/pt-pt\\\/#\\\/schema\\\/logo\\\/image\\\/\"}},{\"@type\":\"Person\",\"@id\":\"https:\\\/\\\/encompaniastj.org\\\/pt-pt\\\/#\\\/schema\\\/person\\\/520e7ecc314793d40091993c2a02b651\",\"name\":\"admin\",\"image\":{\"@type\":\"ImageObject\",\"inLanguage\":\"pt-PT\",\"@id\":\"https:\\\/\\\/secure.gravatar.com\\\/avatar\\\/948b492cce32b586ac2db0eaa926ee87024f7afe218d73b397ea5ddfc5f43ea1?s=96&d=mm&r=g\",\"url\":\"https:\\\/\\\/secure.gravatar.com\\\/avatar\\\/948b492cce32b586ac2db0eaa926ee87024f7afe218d73b397ea5ddfc5f43ea1?s=96&d=mm&r=g\",\"contentUrl\":\"https:\\\/\\\/secure.gravatar.com\\\/avatar\\\/948b492cce32b586ac2db0eaa926ee87024f7afe218d73b397ea5ddfc5f43ea1?s=96&d=mm&r=g\",\"caption\":\"admin\"},\"sameAs\":[\"https:\\\/\\\/encompaniastj.org\"],\"url\":\"https:\\\/\\\/encompaniastj.org\\\/pt-pt\\\/author\\\/sjdigital\\\/\"}]}<\/script>\n<!-- \/ Yoast SEO plugin. -->","yoast_head_json":{"title":"Rosa M\u00aa Cucurull Puiggr\u00f3s. 25 de enero de 2021. (Barcelona Casa Madre-Residencia) - En Compa\u00f1\u00eda STJ","robots":{"index":"index","follow":"follow","max-snippet":"max-snippet:-1","max-image-preview":"max-image-preview:large","max-video-preview":"max-video-preview:-1"},"canonical":"https:\/\/encompaniastj.org\/pt-pt\/rosa-ma-de-jesus-crucificado-cucurull-puiggros-25-de-enero-de-2021-barcelona-casa-madre-residencia-2\/","og_locale":"pt_PT","og_type":"article","og_title":"Rosa M\u00aa Cucurull Puiggr\u00f3s. 25 de enero de 2021. (Barcelona Casa Madre-Residencia) - En Compa\u00f1\u00eda STJ","og_description":"Aos 93 anos, Rosa Maria Cucurull desejava encontrar-se com o Senhor no c\u00e9u, onde reconhecia ter a sua fam\u00edlia espiritual e humana. Ela nasceu em Barcelona em 1927, foi batizada [&hellip;]","og_url":"https:\/\/encompaniastj.org\/pt-pt\/rosa-ma-de-jesus-crucificado-cucurull-puiggros-25-de-enero-de-2021-barcelona-casa-madre-residencia-2\/","og_site_name":"En Compa\u00f1\u00eda STJ","article_published_time":"2021-01-25T09:44:49+00:00","article_modified_time":"2025-07-07T14:22:13+00:00","og_image":[{"width":640,"height":535,"url":"https:\/\/encompaniastj.org\/wp-content\/uploads\/2025\/05\/sagrada-familia-552084_640.jpg","type":"image\/jpeg"}],"author":"admin","twitter_card":"summary_large_image","twitter_misc":{"Escrito por":"admin","Tempo estimado de leitura":"1 minuto"},"schema":{"@context":"https:\/\/schema.org","@graph":[{"@type":"Article","@id":"https:\/\/encompaniastj.org\/pt-pt\/rosa-ma-de-jesus-crucificado-cucurull-puiggros-25-de-enero-de-2021-barcelona-casa-madre-residencia-2\/#article","isPartOf":{"@id":"https:\/\/encompaniastj.org\/pt-pt\/rosa-ma-de-jesus-crucificado-cucurull-puiggros-25-de-enero-de-2021-barcelona-casa-madre-residencia-2\/"},"author":{"name":"admin","@id":"https:\/\/encompaniastj.org\/pt-pt\/#\/schema\/person\/520e7ecc314793d40091993c2a02b651"},"headline":"Rosa M\u00aa Cucurull Puiggr\u00f3s. 25 de enero de 2021. (Barcelona Casa Madre-Residencia)","datePublished":"2021-01-25T09:44:49+00:00","dateModified":"2025-07-07T14:22:13+00:00","mainEntityOfPage":{"@id":"https:\/\/encompaniastj.org\/pt-pt\/rosa-ma-de-jesus-crucificado-cucurull-puiggros-25-de-enero-de-2021-barcelona-casa-madre-residencia-2\/"},"wordCount":166,"commentCount":0,"publisher":{"@id":"https:\/\/encompaniastj.org\/pt-pt\/#organization"},"image":{"@id":"https:\/\/encompaniastj.org\/pt-pt\/rosa-ma-de-jesus-crucificado-cucurull-puiggros-25-de-enero-de-2021-barcelona-casa-madre-residencia-2\/#primaryimage"},"thumbnailUrl":"https:\/\/encompaniastj.org\/wp-content\/uploads\/2025\/05\/sagrada-familia-552084_640.jpg","articleSection":["Falecimentos"],"inLanguage":"pt-PT","potentialAction":[{"@type":"CommentAction","name":"Comment","target":["https:\/\/encompaniastj.org\/pt-pt\/rosa-ma-de-jesus-crucificado-cucurull-puiggros-25-de-enero-de-2021-barcelona-casa-madre-residencia-2\/#respond"]}]},{"@type":"WebPage","@id":"https:\/\/encompaniastj.org\/pt-pt\/rosa-ma-de-jesus-crucificado-cucurull-puiggros-25-de-enero-de-2021-barcelona-casa-madre-residencia-2\/","url":"https:\/\/encompaniastj.org\/pt-pt\/rosa-ma-de-jesus-crucificado-cucurull-puiggros-25-de-enero-de-2021-barcelona-casa-madre-residencia-2\/","name":"Rosa M\u00aa Cucurull Puiggr\u00f3s. 25 de enero de 2021. (Barcelona Casa Madre-Residencia) - En Compa\u00f1\u00eda STJ","isPartOf":{"@id":"https:\/\/encompaniastj.org\/pt-pt\/#website"},"primaryImageOfPage":{"@id":"https:\/\/encompaniastj.org\/pt-pt\/rosa-ma-de-jesus-crucificado-cucurull-puiggros-25-de-enero-de-2021-barcelona-casa-madre-residencia-2\/#primaryimage"},"image":{"@id":"https:\/\/encompaniastj.org\/pt-pt\/rosa-ma-de-jesus-crucificado-cucurull-puiggros-25-de-enero-de-2021-barcelona-casa-madre-residencia-2\/#primaryimage"},"thumbnailUrl":"https:\/\/encompaniastj.org\/wp-content\/uploads\/2025\/05\/sagrada-familia-552084_640.jpg","datePublished":"2021-01-25T09:44:49+00:00","dateModified":"2025-07-07T14:22:13+00:00","breadcrumb":{"@id":"https:\/\/encompaniastj.org\/pt-pt\/rosa-ma-de-jesus-crucificado-cucurull-puiggros-25-de-enero-de-2021-barcelona-casa-madre-residencia-2\/#breadcrumb"},"inLanguage":"pt-PT","potentialAction":[{"@type":"ReadAction","target":["https:\/\/encompaniastj.org\/pt-pt\/rosa-ma-de-jesus-crucificado-cucurull-puiggros-25-de-enero-de-2021-barcelona-casa-madre-residencia-2\/"]}]},{"@type":"ImageObject","inLanguage":"pt-PT","@id":"https:\/\/encompaniastj.org\/pt-pt\/rosa-ma-de-jesus-crucificado-cucurull-puiggros-25-de-enero-de-2021-barcelona-casa-madre-residencia-2\/#primaryimage","url":"https:\/\/encompaniastj.org\/wp-content\/uploads\/2025\/05\/sagrada-familia-552084_640.jpg","contentUrl":"https:\/\/encompaniastj.org\/wp-content\/uploads\/2025\/05\/sagrada-familia-552084_640.jpg","width":640,"height":535},{"@type":"BreadcrumbList","@id":"https:\/\/encompaniastj.org\/pt-pt\/rosa-ma-de-jesus-crucificado-cucurull-puiggros-25-de-enero-de-2021-barcelona-casa-madre-residencia-2\/#breadcrumb","itemListElement":[{"@type":"ListItem","position":1,"name":"Portada","item":"https:\/\/encompaniastj.org\/pt-pt\/"},{"@type":"ListItem","position":2,"name":"Rosa M\u00aa Cucurull Puiggr\u00f3s. 25 de enero de 2021. (Barcelona Casa Madre-Residencia)"}]},{"@type":"WebSite","@id":"https:\/\/encompaniastj.org\/pt-pt\/#website","url":"https:\/\/encompaniastj.org\/pt-pt\/","name":"En Compa\u00f1\u00eda STJ","description":"Bolet\u00edn de la Compa\u00f1\u00eda de Santa Teresa de Jes\u00fas","publisher":{"@id":"https:\/\/encompaniastj.org\/pt-pt\/#organization"},"potentialAction":[{"@type":"SearchAction","target":{"@type":"EntryPoint","urlTemplate":"https:\/\/encompaniastj.org\/pt-pt\/?s={search_term_string}"},"query-input":{"@type":"PropertyValueSpecification","valueRequired":true,"valueName":"search_term_string"}}],"inLanguage":"pt-PT"},{"@type":"Organization","@id":"https:\/\/encompaniastj.org\/pt-pt\/#organization","name":"Compa\u00f1\u00eda de Santa Teresa de Jes\u00fas","url":"https:\/\/encompaniastj.org\/pt-pt\/","logo":{"@type":"ImageObject","inLanguage":"pt-PT","@id":"https:\/\/encompaniastj.org\/pt-pt\/#\/schema\/logo\/image\/","url":"https:\/\/encompaniastj.org\/wp-content\/uploads\/2025\/04\/logo_provincias02-1-3.png","contentUrl":"https:\/\/encompaniastj.org\/wp-content\/uploads\/2025\/04\/logo_provincias02-1-3.png","width":2368,"height":825,"caption":"Compa\u00f1\u00eda de Santa Teresa de Jes\u00fas"},"image":{"@id":"https:\/\/encompaniastj.org\/pt-pt\/#\/schema\/logo\/image\/"}},{"@type":"Person","@id":"https:\/\/encompaniastj.org\/pt-pt\/#\/schema\/person\/520e7ecc314793d40091993c2a02b651","name":"admin","image":{"@type":"ImageObject","inLanguage":"pt-PT","@id":"https:\/\/secure.gravatar.com\/avatar\/948b492cce32b586ac2db0eaa926ee87024f7afe218d73b397ea5ddfc5f43ea1?s=96&d=mm&r=g","url":"https:\/\/secure.gravatar.com\/avatar\/948b492cce32b586ac2db0eaa926ee87024f7afe218d73b397ea5ddfc5f43ea1?s=96&d=mm&r=g","contentUrl":"https:\/\/secure.gravatar.com\/avatar\/948b492cce32b586ac2db0eaa926ee87024f7afe218d73b397ea5ddfc5f43ea1?s=96&d=mm&r=g","caption":"admin"},"sameAs":["https:\/\/encompaniastj.org"],"url":"https:\/\/encompaniastj.org\/pt-pt\/author\/sjdigital\/"}]}},"_links":{"self":[{"href":"https:\/\/encompaniastj.org\/pt-pt\/wp-json\/wp\/v2\/posts\/10432","targetHints":{"allow":["GET"]}}],"collection":[{"href":"https:\/\/encompaniastj.org\/pt-pt\/wp-json\/wp\/v2\/posts"}],"about":[{"href":"https:\/\/encompaniastj.org\/pt-pt\/wp-json\/wp\/v2\/types\/post"}],"author":[{"embeddable":true,"href":"https:\/\/encompaniastj.org\/pt-pt\/wp-json\/wp\/v2\/users\/1"}],"replies":[{"embeddable":true,"href":"https:\/\/encompaniastj.org\/pt-pt\/wp-json\/wp\/v2\/comments?post=10432"}],"version-history":[{"count":1,"href":"https:\/\/encompaniastj.org\/pt-pt\/wp-json\/wp\/v2\/posts\/10432\/revisions"}],"predecessor-version":[{"id":10433,"href":"https:\/\/encompaniastj.org\/pt-pt\/wp-json\/wp\/v2\/posts\/10432\/revisions\/10433"}],"wp:featuredmedia":[{"embeddable":true,"href":"https:\/\/encompaniastj.org\/pt-pt\/wp-json\/wp\/v2\/media\/7650"}],"wp:attachment":[{"href":"https:\/\/encompaniastj.org\/pt-pt\/wp-json\/wp\/v2\/media?parent=10432"}],"wp:term":[{"taxonomy":"category","embeddable":true,"href":"https:\/\/encompaniastj.org\/pt-pt\/wp-json\/wp\/v2\/categories?post=10432"},{"taxonomy":"post_tag","embeddable":true,"href":"https:\/\/encompaniastj.org\/pt-pt\/wp-json\/wp\/v2\/tags?post=10432"}],"curies":[{"name":"wp","href":"https:\/\/api.w.org\/{rel}","templated":true}]}}