{"id":10398,"date":"2021-01-09T18:49:13","date_gmt":"2021-01-09T17:49:13","guid":{"rendered":"https:\/\/encompaniastj.org\/eulalia-regidor-gomez-4-de-enero-de-2021-avila-residencia-2\/"},"modified":"2025-07-07T16:22:09","modified_gmt":"2025-07-07T14:22:09","slug":"eulalia-regidor-gomez-4-de-enero-de-2021-avila-residencia-2","status":"publish","type":"post","link":"https:\/\/encompaniastj.org\/pt-pt\/eulalia-regidor-gomez-4-de-enero-de-2021-avila-residencia-2\/","title":{"rendered":"Eulalia Regidor G\u00f3mez. 4 de enero de 2021 (\u00c1vila-Residencia)"},"content":{"rendered":"\n<p>\u201cEncher\u00e1s\na minha alma de alegria sentada PARA SEMPRE \u00e0 tua direita\u201d (Salmo 15). Isto cumpriu-se para a nossa\nquerida irm\u00e3 Eul\u00e1lia na madrugada do dia 4 de janeiro de 2021, rec\u00e9m-cumpridos 95\nanos de idade e 73 na Companhia. <\/p>\n\n\n\n<p>Nasceu em Ba\u00f1os de Montemayor (C\u00e1ceres) e\nentrou no noviciado de Tortosa no grupo da Imaculada Concei\u00e7\u00e3o de 1947.<\/p>\n\n\n\n<p>Foi destinada \u00e0s comunidades de Madrid\n(Goya), Vilanova i la Geltr\u00fa, Tarragona, Pamplona, \u200b\u200bonde fez a profiss\u00e3o\nperp\u00e9tua, Barcelona (Ganduxer), Mora de Toledo; Chegou \u00e0 Resid\u00eancia\nTeresiana em \u00c1vila no dia 9 de setembro de 1999 e passou aqui os \u00faltimos 21\nanos de sua vida.<\/p>\n\n\n\n<p>Eul\u00e1lia\nera uma irm\u00e3 discreta e af\u00e1vel. Sempre preocupada com os outros,\ninteressada por tudo o que a pudesse aproximar de Deus. Passava muitos momentos no orat\u00f3rio \u201caprendendo com a bondade de\nJesus\u201d que depois distribu\u00eda dentro e fora de casa. Ela tamb\u00e9m tinha uma grande devo\u00e7\u00e3o \u00e0\nVirgem. No final dos seus dias, gostou muito de ler a \u00faltima enc\u00edclica do\nPapa Francisco: \"Fratelli tutti\".<\/p>\n\n\n\n<p>Alunos e ex-alunos, pais, irm\u00e3s ... Eles d\u00e3o conta da sua delicada amabilidade e delicadeza na portaria, um dos principais espa\u00e7os onde viveu a sua miss\u00e3o de educadora teresiana. Foi f\u00e1cil para Eul\u00e1lia exprimir o afeto e o interesse pelos outros. Quanto n\u00f3s apreci\u00e1mos isso!<\/p>\n\n\n\n<p>Temos\ncerteza de que a Companhia tem uma intercessora diante de Jesus e sabemos que\ntanto as irm\u00e3s como a sua fam\u00edlia, da qual ela era muito pr\u00f3xima, e todas as\npessoas que tiveram a sorte de cruzar o seu caminho, sentir-nos-emos ajudadas\ncom o seu apoio.\n\nObrigada, Senhor, pela sua vida, que tanto nos ensinou\na todos que tivemos a sorte de a conhecer e viver com ela. \n\n\n\n<\/p>\n","protected":false},"excerpt":{"rendered":"<p>\u201cEncher\u00e1s a minha alma de alegria sentada PARA SEMPRE \u00e0 tua direita\u201d (Salmo 15). Isto cumpriu-se para a nossa querida irm\u00e3 Eul\u00e1lia na madrugada do dia 4 de janeiro de [&hellip;]<\/p>\n","protected":false},"author":1,"featured_media":7407,"comment_status":"open","ping_status":"open","sticky":false,"template":"","format":"standard","meta":{"_acf_changed":false,"footnotes":""},"categories":[69],"tags":[],"class_list":["post-10398","post","type-post","status-publish","format-standard","has-post-thumbnail","hentry","category-falecimentos"],"acf":[],"yoast_head":"<!-- This site is optimized with the Yoast SEO plugin v27.5 - https:\/\/yoast.com\/product\/yoast-seo-wordpress\/ -->\n<title>Eulalia Regidor G\u00f3mez. 4 de enero de 2021 (\u00c1vila-Residencia) - En Compa\u00f1\u00eda STJ<\/title>\n<meta name=\"robots\" content=\"index, follow, max-snippet:-1, max-image-preview:large, max-video-preview:-1\" \/>\n<link rel=\"canonical\" href=\"https:\/\/encompaniastj.org\/pt-pt\/eulalia-regidor-gomez-4-de-enero-de-2021-avila-residencia-2\/\" \/>\n<meta property=\"og:locale\" content=\"pt_PT\" \/>\n<meta property=\"og:type\" content=\"article\" \/>\n<meta property=\"og:title\" content=\"Eulalia Regidor G\u00f3mez. 4 de enero de 2021 (\u00c1vila-Residencia) - En Compa\u00f1\u00eda STJ\" \/>\n<meta property=\"og:description\" content=\"\u201cEncher\u00e1s a minha alma de alegria sentada PARA SEMPRE \u00e0 tua direita\u201d (Salmo 15). Isto cumpriu-se para a nossa querida irm\u00e3 Eul\u00e1lia na madrugada do dia 4 de janeiro de [&hellip;]\" \/>\n<meta property=\"og:url\" content=\"https:\/\/encompaniastj.org\/pt-pt\/eulalia-regidor-gomez-4-de-enero-de-2021-avila-residencia-2\/\" \/>\n<meta property=\"og:site_name\" content=\"En Compa\u00f1\u00eda STJ\" \/>\n<meta property=\"article:published_time\" content=\"2021-01-09T17:49:13+00:00\" \/>\n<meta property=\"article:modified_time\" content=\"2025-07-07T14:22:09+00:00\" \/>\n<meta property=\"og:image\" content=\"https:\/\/encompaniastj.org\/wp-content\/uploads\/2025\/05\/primavera.jpg\" \/>\n\t<meta property=\"og:image:width\" content=\"1920\" \/>\n\t<meta property=\"og:image:height\" content=\"1221\" \/>\n\t<meta property=\"og:image:type\" content=\"image\/jpeg\" \/>\n<meta name=\"author\" content=\"admin\" \/>\n<meta name=\"twitter:card\" content=\"summary_large_image\" \/>\n<meta name=\"twitter:label1\" content=\"Escrito por\" \/>\n\t<meta name=\"twitter:data1\" content=\"admin\" \/>\n\t<meta name=\"twitter:label2\" content=\"Tempo estimado de leitura\" \/>\n\t<meta name=\"twitter:data2\" content=\"1 minuto\" \/>\n<script type=\"application\/ld+json\" class=\"yoast-schema-graph\">{\"@context\":\"https:\\\/\\\/schema.org\",\"@graph\":[{\"@type\":\"Article\",\"@id\":\"https:\\\/\\\/encompaniastj.org\\\/pt-pt\\\/eulalia-regidor-gomez-4-de-enero-de-2021-avila-residencia-2\\\/#article\",\"isPartOf\":{\"@id\":\"https:\\\/\\\/encompaniastj.org\\\/pt-pt\\\/eulalia-regidor-gomez-4-de-enero-de-2021-avila-residencia-2\\\/\"},\"author\":{\"name\":\"admin\",\"@id\":\"https:\\\/\\\/encompaniastj.org\\\/pt-pt\\\/#\\\/schema\\\/person\\\/520e7ecc314793d40091993c2a02b651\"},\"headline\":\"Eulalia Regidor G\u00f3mez. 4 de enero de 2021 (\u00c1vila-Residencia)\",\"datePublished\":\"2021-01-09T17:49:13+00:00\",\"dateModified\":\"2025-07-07T14:22:09+00:00\",\"mainEntityOfPage\":{\"@id\":\"https:\\\/\\\/encompaniastj.org\\\/pt-pt\\\/eulalia-regidor-gomez-4-de-enero-de-2021-avila-residencia-2\\\/\"},\"wordCount\":307,\"commentCount\":0,\"publisher\":{\"@id\":\"https:\\\/\\\/encompaniastj.org\\\/pt-pt\\\/#organization\"},\"image\":{\"@id\":\"https:\\\/\\\/encompaniastj.org\\\/pt-pt\\\/eulalia-regidor-gomez-4-de-enero-de-2021-avila-residencia-2\\\/#primaryimage\"},\"thumbnailUrl\":\"https:\\\/\\\/encompaniastj.org\\\/wp-content\\\/uploads\\\/2025\\\/05\\\/primavera.jpg\",\"articleSection\":[\"Falecimentos\"],\"inLanguage\":\"pt-PT\",\"potentialAction\":[{\"@type\":\"CommentAction\",\"name\":\"Comment\",\"target\":[\"https:\\\/\\\/encompaniastj.org\\\/pt-pt\\\/eulalia-regidor-gomez-4-de-enero-de-2021-avila-residencia-2\\\/#respond\"]}]},{\"@type\":\"WebPage\",\"@id\":\"https:\\\/\\\/encompaniastj.org\\\/pt-pt\\\/eulalia-regidor-gomez-4-de-enero-de-2021-avila-residencia-2\\\/\",\"url\":\"https:\\\/\\\/encompaniastj.org\\\/pt-pt\\\/eulalia-regidor-gomez-4-de-enero-de-2021-avila-residencia-2\\\/\",\"name\":\"Eulalia Regidor G\u00f3mez. 4 de enero de 2021 (\u00c1vila-Residencia) - En Compa\u00f1\u00eda STJ\",\"isPartOf\":{\"@id\":\"https:\\\/\\\/encompaniastj.org\\\/pt-pt\\\/#website\"},\"primaryImageOfPage\":{\"@id\":\"https:\\\/\\\/encompaniastj.org\\\/pt-pt\\\/eulalia-regidor-gomez-4-de-enero-de-2021-avila-residencia-2\\\/#primaryimage\"},\"image\":{\"@id\":\"https:\\\/\\\/encompaniastj.org\\\/pt-pt\\\/eulalia-regidor-gomez-4-de-enero-de-2021-avila-residencia-2\\\/#primaryimage\"},\"thumbnailUrl\":\"https:\\\/\\\/encompaniastj.org\\\/wp-content\\\/uploads\\\/2025\\\/05\\\/primavera.jpg\",\"datePublished\":\"2021-01-09T17:49:13+00:00\",\"dateModified\":\"2025-07-07T14:22:09+00:00\",\"breadcrumb\":{\"@id\":\"https:\\\/\\\/encompaniastj.org\\\/pt-pt\\\/eulalia-regidor-gomez-4-de-enero-de-2021-avila-residencia-2\\\/#breadcrumb\"},\"inLanguage\":\"pt-PT\",\"potentialAction\":[{\"@type\":\"ReadAction\",\"target\":[\"https:\\\/\\\/encompaniastj.org\\\/pt-pt\\\/eulalia-regidor-gomez-4-de-enero-de-2021-avila-residencia-2\\\/\"]}]},{\"@type\":\"ImageObject\",\"inLanguage\":\"pt-PT\",\"@id\":\"https:\\\/\\\/encompaniastj.org\\\/pt-pt\\\/eulalia-regidor-gomez-4-de-enero-de-2021-avila-residencia-2\\\/#primaryimage\",\"url\":\"https:\\\/\\\/encompaniastj.org\\\/wp-content\\\/uploads\\\/2025\\\/05\\\/primavera.jpg\",\"contentUrl\":\"https:\\\/\\\/encompaniastj.org\\\/wp-content\\\/uploads\\\/2025\\\/05\\\/primavera.jpg\",\"width\":1920,\"height\":1221},{\"@type\":\"BreadcrumbList\",\"@id\":\"https:\\\/\\\/encompaniastj.org\\\/pt-pt\\\/eulalia-regidor-gomez-4-de-enero-de-2021-avila-residencia-2\\\/#breadcrumb\",\"itemListElement\":[{\"@type\":\"ListItem\",\"position\":1,\"name\":\"Portada\",\"item\":\"https:\\\/\\\/encompaniastj.org\\\/pt-pt\\\/\"},{\"@type\":\"ListItem\",\"position\":2,\"name\":\"Eulalia Regidor G\u00f3mez. 4 de enero de 2021 (\u00c1vila-Residencia)\"}]},{\"@type\":\"WebSite\",\"@id\":\"https:\\\/\\\/encompaniastj.org\\\/pt-pt\\\/#website\",\"url\":\"https:\\\/\\\/encompaniastj.org\\\/pt-pt\\\/\",\"name\":\"En Compa\u00f1\u00eda STJ\",\"description\":\"Bolet\u00edn de la Compa\u00f1\u00eda de Santa Teresa de Jes\u00fas\",\"publisher\":{\"@id\":\"https:\\\/\\\/encompaniastj.org\\\/pt-pt\\\/#organization\"},\"potentialAction\":[{\"@type\":\"SearchAction\",\"target\":{\"@type\":\"EntryPoint\",\"urlTemplate\":\"https:\\\/\\\/encompaniastj.org\\\/pt-pt\\\/?s={search_term_string}\"},\"query-input\":{\"@type\":\"PropertyValueSpecification\",\"valueRequired\":true,\"valueName\":\"search_term_string\"}}],\"inLanguage\":\"pt-PT\"},{\"@type\":\"Organization\",\"@id\":\"https:\\\/\\\/encompaniastj.org\\\/pt-pt\\\/#organization\",\"name\":\"Compa\u00f1\u00eda de Santa Teresa de Jes\u00fas\",\"url\":\"https:\\\/\\\/encompaniastj.org\\\/pt-pt\\\/\",\"logo\":{\"@type\":\"ImageObject\",\"inLanguage\":\"pt-PT\",\"@id\":\"https:\\\/\\\/encompaniastj.org\\\/pt-pt\\\/#\\\/schema\\\/logo\\\/image\\\/\",\"url\":\"https:\\\/\\\/encompaniastj.org\\\/wp-content\\\/uploads\\\/2025\\\/04\\\/logo_provincias02-1-3.png\",\"contentUrl\":\"https:\\\/\\\/encompaniastj.org\\\/wp-content\\\/uploads\\\/2025\\\/04\\\/logo_provincias02-1-3.png\",\"width\":2368,\"height\":825,\"caption\":\"Compa\u00f1\u00eda de Santa Teresa de Jes\u00fas\"},\"image\":{\"@id\":\"https:\\\/\\\/encompaniastj.org\\\/pt-pt\\\/#\\\/schema\\\/logo\\\/image\\\/\"}},{\"@type\":\"Person\",\"@id\":\"https:\\\/\\\/encompaniastj.org\\\/pt-pt\\\/#\\\/schema\\\/person\\\/520e7ecc314793d40091993c2a02b651\",\"name\":\"admin\",\"image\":{\"@type\":\"ImageObject\",\"inLanguage\":\"pt-PT\",\"@id\":\"https:\\\/\\\/secure.gravatar.com\\\/avatar\\\/948b492cce32b586ac2db0eaa926ee87024f7afe218d73b397ea5ddfc5f43ea1?s=96&d=mm&r=g\",\"url\":\"https:\\\/\\\/secure.gravatar.com\\\/avatar\\\/948b492cce32b586ac2db0eaa926ee87024f7afe218d73b397ea5ddfc5f43ea1?s=96&d=mm&r=g\",\"contentUrl\":\"https:\\\/\\\/secure.gravatar.com\\\/avatar\\\/948b492cce32b586ac2db0eaa926ee87024f7afe218d73b397ea5ddfc5f43ea1?s=96&d=mm&r=g\",\"caption\":\"admin\"},\"sameAs\":[\"https:\\\/\\\/encompaniastj.org\"],\"url\":\"https:\\\/\\\/encompaniastj.org\\\/pt-pt\\\/author\\\/sjdigital\\\/\"}]}<\/script>\n<!-- \/ Yoast SEO plugin. -->","yoast_head_json":{"title":"Eulalia Regidor G\u00f3mez. 4 de enero de 2021 (\u00c1vila-Residencia) - En Compa\u00f1\u00eda STJ","robots":{"index":"index","follow":"follow","max-snippet":"max-snippet:-1","max-image-preview":"max-image-preview:large","max-video-preview":"max-video-preview:-1"},"canonical":"https:\/\/encompaniastj.org\/pt-pt\/eulalia-regidor-gomez-4-de-enero-de-2021-avila-residencia-2\/","og_locale":"pt_PT","og_type":"article","og_title":"Eulalia Regidor G\u00f3mez. 4 de enero de 2021 (\u00c1vila-Residencia) - En Compa\u00f1\u00eda STJ","og_description":"\u201cEncher\u00e1s a minha alma de alegria sentada PARA SEMPRE \u00e0 tua direita\u201d (Salmo 15). Isto cumpriu-se para a nossa querida irm\u00e3 Eul\u00e1lia na madrugada do dia 4 de janeiro de [&hellip;]","og_url":"https:\/\/encompaniastj.org\/pt-pt\/eulalia-regidor-gomez-4-de-enero-de-2021-avila-residencia-2\/","og_site_name":"En Compa\u00f1\u00eda STJ","article_published_time":"2021-01-09T17:49:13+00:00","article_modified_time":"2025-07-07T14:22:09+00:00","og_image":[{"width":1920,"height":1221,"url":"https:\/\/encompaniastj.org\/wp-content\/uploads\/2025\/05\/primavera.jpg","type":"image\/jpeg"}],"author":"admin","twitter_card":"summary_large_image","twitter_misc":{"Escrito por":"admin","Tempo estimado de leitura":"1 minuto"},"schema":{"@context":"https:\/\/schema.org","@graph":[{"@type":"Article","@id":"https:\/\/encompaniastj.org\/pt-pt\/eulalia-regidor-gomez-4-de-enero-de-2021-avila-residencia-2\/#article","isPartOf":{"@id":"https:\/\/encompaniastj.org\/pt-pt\/eulalia-regidor-gomez-4-de-enero-de-2021-avila-residencia-2\/"},"author":{"name":"admin","@id":"https:\/\/encompaniastj.org\/pt-pt\/#\/schema\/person\/520e7ecc314793d40091993c2a02b651"},"headline":"Eulalia Regidor G\u00f3mez. 4 de enero de 2021 (\u00c1vila-Residencia)","datePublished":"2021-01-09T17:49:13+00:00","dateModified":"2025-07-07T14:22:09+00:00","mainEntityOfPage":{"@id":"https:\/\/encompaniastj.org\/pt-pt\/eulalia-regidor-gomez-4-de-enero-de-2021-avila-residencia-2\/"},"wordCount":307,"commentCount":0,"publisher":{"@id":"https:\/\/encompaniastj.org\/pt-pt\/#organization"},"image":{"@id":"https:\/\/encompaniastj.org\/pt-pt\/eulalia-regidor-gomez-4-de-enero-de-2021-avila-residencia-2\/#primaryimage"},"thumbnailUrl":"https:\/\/encompaniastj.org\/wp-content\/uploads\/2025\/05\/primavera.jpg","articleSection":["Falecimentos"],"inLanguage":"pt-PT","potentialAction":[{"@type":"CommentAction","name":"Comment","target":["https:\/\/encompaniastj.org\/pt-pt\/eulalia-regidor-gomez-4-de-enero-de-2021-avila-residencia-2\/#respond"]}]},{"@type":"WebPage","@id":"https:\/\/encompaniastj.org\/pt-pt\/eulalia-regidor-gomez-4-de-enero-de-2021-avila-residencia-2\/","url":"https:\/\/encompaniastj.org\/pt-pt\/eulalia-regidor-gomez-4-de-enero-de-2021-avila-residencia-2\/","name":"Eulalia Regidor G\u00f3mez. 4 de enero de 2021 (\u00c1vila-Residencia) - En Compa\u00f1\u00eda STJ","isPartOf":{"@id":"https:\/\/encompaniastj.org\/pt-pt\/#website"},"primaryImageOfPage":{"@id":"https:\/\/encompaniastj.org\/pt-pt\/eulalia-regidor-gomez-4-de-enero-de-2021-avila-residencia-2\/#primaryimage"},"image":{"@id":"https:\/\/encompaniastj.org\/pt-pt\/eulalia-regidor-gomez-4-de-enero-de-2021-avila-residencia-2\/#primaryimage"},"thumbnailUrl":"https:\/\/encompaniastj.org\/wp-content\/uploads\/2025\/05\/primavera.jpg","datePublished":"2021-01-09T17:49:13+00:00","dateModified":"2025-07-07T14:22:09+00:00","breadcrumb":{"@id":"https:\/\/encompaniastj.org\/pt-pt\/eulalia-regidor-gomez-4-de-enero-de-2021-avila-residencia-2\/#breadcrumb"},"inLanguage":"pt-PT","potentialAction":[{"@type":"ReadAction","target":["https:\/\/encompaniastj.org\/pt-pt\/eulalia-regidor-gomez-4-de-enero-de-2021-avila-residencia-2\/"]}]},{"@type":"ImageObject","inLanguage":"pt-PT","@id":"https:\/\/encompaniastj.org\/pt-pt\/eulalia-regidor-gomez-4-de-enero-de-2021-avila-residencia-2\/#primaryimage","url":"https:\/\/encompaniastj.org\/wp-content\/uploads\/2025\/05\/primavera.jpg","contentUrl":"https:\/\/encompaniastj.org\/wp-content\/uploads\/2025\/05\/primavera.jpg","width":1920,"height":1221},{"@type":"BreadcrumbList","@id":"https:\/\/encompaniastj.org\/pt-pt\/eulalia-regidor-gomez-4-de-enero-de-2021-avila-residencia-2\/#breadcrumb","itemListElement":[{"@type":"ListItem","position":1,"name":"Portada","item":"https:\/\/encompaniastj.org\/pt-pt\/"},{"@type":"ListItem","position":2,"name":"Eulalia Regidor G\u00f3mez. 4 de enero de 2021 (\u00c1vila-Residencia)"}]},{"@type":"WebSite","@id":"https:\/\/encompaniastj.org\/pt-pt\/#website","url":"https:\/\/encompaniastj.org\/pt-pt\/","name":"En Compa\u00f1\u00eda STJ","description":"Bolet\u00edn de la Compa\u00f1\u00eda de Santa Teresa de Jes\u00fas","publisher":{"@id":"https:\/\/encompaniastj.org\/pt-pt\/#organization"},"potentialAction":[{"@type":"SearchAction","target":{"@type":"EntryPoint","urlTemplate":"https:\/\/encompaniastj.org\/pt-pt\/?s={search_term_string}"},"query-input":{"@type":"PropertyValueSpecification","valueRequired":true,"valueName":"search_term_string"}}],"inLanguage":"pt-PT"},{"@type":"Organization","@id":"https:\/\/encompaniastj.org\/pt-pt\/#organization","name":"Compa\u00f1\u00eda de Santa Teresa de Jes\u00fas","url":"https:\/\/encompaniastj.org\/pt-pt\/","logo":{"@type":"ImageObject","inLanguage":"pt-PT","@id":"https:\/\/encompaniastj.org\/pt-pt\/#\/schema\/logo\/image\/","url":"https:\/\/encompaniastj.org\/wp-content\/uploads\/2025\/04\/logo_provincias02-1-3.png","contentUrl":"https:\/\/encompaniastj.org\/wp-content\/uploads\/2025\/04\/logo_provincias02-1-3.png","width":2368,"height":825,"caption":"Compa\u00f1\u00eda de Santa Teresa de Jes\u00fas"},"image":{"@id":"https:\/\/encompaniastj.org\/pt-pt\/#\/schema\/logo\/image\/"}},{"@type":"Person","@id":"https:\/\/encompaniastj.org\/pt-pt\/#\/schema\/person\/520e7ecc314793d40091993c2a02b651","name":"admin","image":{"@type":"ImageObject","inLanguage":"pt-PT","@id":"https:\/\/secure.gravatar.com\/avatar\/948b492cce32b586ac2db0eaa926ee87024f7afe218d73b397ea5ddfc5f43ea1?s=96&d=mm&r=g","url":"https:\/\/secure.gravatar.com\/avatar\/948b492cce32b586ac2db0eaa926ee87024f7afe218d73b397ea5ddfc5f43ea1?s=96&d=mm&r=g","contentUrl":"https:\/\/secure.gravatar.com\/avatar\/948b492cce32b586ac2db0eaa926ee87024f7afe218d73b397ea5ddfc5f43ea1?s=96&d=mm&r=g","caption":"admin"},"sameAs":["https:\/\/encompaniastj.org"],"url":"https:\/\/encompaniastj.org\/pt-pt\/author\/sjdigital\/"}]}},"_links":{"self":[{"href":"https:\/\/encompaniastj.org\/pt-pt\/wp-json\/wp\/v2\/posts\/10398","targetHints":{"allow":["GET"]}}],"collection":[{"href":"https:\/\/encompaniastj.org\/pt-pt\/wp-json\/wp\/v2\/posts"}],"about":[{"href":"https:\/\/encompaniastj.org\/pt-pt\/wp-json\/wp\/v2\/types\/post"}],"author":[{"embeddable":true,"href":"https:\/\/encompaniastj.org\/pt-pt\/wp-json\/wp\/v2\/users\/1"}],"replies":[{"embeddable":true,"href":"https:\/\/encompaniastj.org\/pt-pt\/wp-json\/wp\/v2\/comments?post=10398"}],"version-history":[{"count":1,"href":"https:\/\/encompaniastj.org\/pt-pt\/wp-json\/wp\/v2\/posts\/10398\/revisions"}],"predecessor-version":[{"id":10399,"href":"https:\/\/encompaniastj.org\/pt-pt\/wp-json\/wp\/v2\/posts\/10398\/revisions\/10399"}],"wp:featuredmedia":[{"embeddable":true,"href":"https:\/\/encompaniastj.org\/pt-pt\/wp-json\/wp\/v2\/media\/7407"}],"wp:attachment":[{"href":"https:\/\/encompaniastj.org\/pt-pt\/wp-json\/wp\/v2\/media?parent=10398"}],"wp:term":[{"taxonomy":"category","embeddable":true,"href":"https:\/\/encompaniastj.org\/pt-pt\/wp-json\/wp\/v2\/categories?post=10398"},{"taxonomy":"post_tag","embeddable":true,"href":"https:\/\/encompaniastj.org\/pt-pt\/wp-json\/wp\/v2\/tags?post=10398"}],"curies":[{"name":"wp","href":"https:\/\/api.w.org\/{rel}","templated":true}]}}