{"id":10382,"date":"2020-12-24T12:37:30","date_gmt":"2020-12-24T11:37:30","guid":{"rendered":"https:\/\/encompaniastj.org\/uma-unica-obra-de-arte\/"},"modified":"2025-07-07T16:22:07","modified_gmt":"2025-07-07T14:22:07","slug":"uma-unica-obra-de-arte","status":"publish","type":"post","link":"https:\/\/encompaniastj.org\/pt-pt\/uma-unica-obra-de-arte\/","title":{"rendered":"UMA \u00daNICA OBRA DE ARTE"},"content":{"rendered":"\n<p>Um dos presentes que recebemos,\nouso dizer que toda a humanidade e creio que n\u00e3o s\u00f3 os cat\u00f3licos, \u00e9 o Papa\nFrancisco. Agrade\u00e7o que, como sucessor de S\u00e3o Pedro, \u00e0 frente do Povo de Deus,\ncom o modelo do <em>Bom Pastor<\/em> que cuida e serve, e com o acento inspirado\nem S\u00e3o Francisco, irm\u00e3o de todos e servidor do Evangelho, especialmente nos\nmais pequenos, nos aproxime esse Emanuel, o Deus-connosco \u00e0 nossa vida concreta\ne quotidiana. E tamb\u00e9m agrade\u00e7o profundamente a leitura que faz hoje e todos os\ndias, de forma t\u00e3o simples, da Palavra de Deus, juntamente com as suas inten\u00e7\u00f5es\nde viv\u00ea-la tamb\u00e9m com gestos simples e profundos, na medida do poss\u00edvel.<\/p>\n\n\n\n<p>Hoje chamam-me a aten\u00e7\u00e3o e\npartilho algumas das suas palavras de fevereiro do ano passado, na sua visita a\nAbudabi, que, como o melhor teresiano, nos convidam a olhar para Jesus - <em>para\nconhec\u00ea-lo e am\u00e1-lo,<\/em> repetir\u00e1 Henrique de Oss\u00f3 toda a sua vida - para\ntentar viver como Ele, ser como aquele que sempre procurou elevar a dignidade\ndas pessoas, curar e libertar, trazer-nos a ternura e a bondade de Deus. Diz o\nPapa:<\/p>\n\n\n\n<p><em>Olhemos para Jesus. Ele n\u00e3o deixou nada escrito. Ele n\u00e3o construiu nada\nimportante. E quando ele nos disse como devemos viver, n\u00e3o nos pediu para\nconstruir grandes obras ou que nos destaquemos em a\u00e7\u00f5es extraordin\u00e1rias. Ele\npediu-nos para realizar uma \u00fanica obra de arte ao alcance de todos: a da nossa\nvida.<\/em><\/p>\n\n\n\n<p>Ao comentar estas palavras do\nPapa, partilho as de um sacerdote numa celebra\u00e7\u00e3o deste Advento, que me interpelaram:\nTemos ao nosso alcance a obra de arte da nossa vida. Cada um de n\u00f3s pode agora\npensar: Estou fazendo uma obra de arte com a minha vida? Talvez seja demais ...\nTalvez o que \u00fanica e constantemente os humanos fazemos seja uma vida \"em\nrascunho\" e nunca a passemos totalmente \" a limpo\" de forma\nalguma ... Por isso nalgum texto do Advento reconhecemos a necessidade de que Jesus\nvenha para curar o nosso cora\u00e7\u00e3o das suas muitas fragilidades.<\/p>\n\n\n\n<p>Para sermos crentes, temos que\nser vigilantes da nossa pr\u00f3pria vida e da vida do nosso mundo, e estar alerta\npara que a vida n\u00e3o seja sempre igual. H\u00e1 quem diga <em>\"a minha vida passou\nsem eu dar conta disso\"<\/em>. Esse n\u00e3o \u00e9 um crente. Temos que nos dar conta\ne fazer algo com o nosso tempo, que \u00e9 a vida que recebemos. Nada \u00e9 igual ao dia\nde ontem. \u00c9 por isso que pedimos a Deus a sabedoria e a for\u00e7a para melhorar o\nque est\u00e1 nas nossas m\u00e3os.<\/p>\n\n\n\n<p>At\u00e9 aqui as palavras do Papa e as\nde quem as comenta encorajando-nos a passar a nossa vida, o nosso tempo, a\nfazer algo ao nosso alcance e que \u00e9 um tesouro: a obra de arte da nossa vida.<\/p>\n\n\n\n<p>Nestes dias, lembramos e\ncelebramos outra palavra, o <em>Verbo encarnado<\/em>: Jesus. Para fazer <em>essa\nobra de arte da nossa vida<\/em> somos convidados a deixar-nos olhar por Ele, a\ncontempl\u00e1-lo e aprender o seu modo de viver e o que nos veio revelar<em>: a\nnossa grande beleza e dignidade ... porque o pr\u00f3prio Deus diz que nos criou \u00e0 sua\nimagem e semelhan\u00e7<\/em><em>a.<\/em><a href=\"#_ftn1\"><em><strong>[1]<\/strong><\/em><\/a><em> <\/em>Num ano t\u00e3o complicado que agora\ntermina, reconhe\u00e7amos e valorizemos o que aprendemos e conseguimos fazer com o\nmelhor presente: <em>a obra de arte da nossa vida!<\/em> <em>Que seja tamb\u00e9m um\npresente para os outros<\/em>! <em>Agora come\u00e7amos e procuremos ir sempre come\u00e7ando\ncada vez melhor.<\/em><a href=\"#_ftn2\"><em><strong>[2]<\/strong><\/em><\/a><em><\/em><br><\/p>\n\n\n\n<hr class=\"wp-block-separator\"\/>\n\n\n\n<p><a href=\"#_ftnref1\">[1]<\/a> Teresa de Jesus, 1Moradas 1,1.&nbsp;&nbsp;&nbsp;&nbsp;&nbsp;&nbsp;&nbsp;&nbsp;&nbsp;&nbsp;&nbsp;&nbsp;&nbsp;&nbsp;&nbsp;&nbsp;&nbsp;&nbsp;&nbsp;&nbsp;&nbsp;&nbsp; <\/p>\n\n\n\n<p><a href=\"#_ftnref2\">[2]<\/a> Teresa de Jesus, Funda\u00e7\u00f5es 29, 39.<\/p>\n","protected":false},"excerpt":{"rendered":"<p>Um dos presentes que recebemos, ouso dizer que toda a humanidade e creio que n\u00e3o s\u00f3 os cat\u00f3licos, \u00e9 o Papa Francisco. Agrade\u00e7o que, como sucessor de S\u00e3o Pedro, \u00e0 [&hellip;]<\/p>\n","protected":false},"author":1,"featured_media":7624,"comment_status":"open","ping_status":"open","sticky":false,"template":"","format":"standard","meta":{"_acf_changed":false,"footnotes":""},"categories":[77],"tags":[],"class_list":["post-10382","post","type-post","status-publish","format-standard","has-post-thumbnail","hentry","category-palabras"],"acf":[],"yoast_head":"<!-- This site is optimized with the Yoast SEO plugin v27.5 - https:\/\/yoast.com\/product\/yoast-seo-wordpress\/ -->\n<title>UMA \u00daNICA OBRA DE ARTE - En Compa\u00f1\u00eda STJ<\/title>\n<meta name=\"robots\" content=\"index, follow, max-snippet:-1, max-image-preview:large, max-video-preview:-1\" \/>\n<link rel=\"canonical\" href=\"https:\/\/encompaniastj.org\/pt-pt\/uma-unica-obra-de-arte\/\" \/>\n<meta property=\"og:locale\" content=\"pt_PT\" \/>\n<meta property=\"og:type\" content=\"article\" \/>\n<meta property=\"og:title\" content=\"UMA \u00daNICA OBRA DE ARTE - En Compa\u00f1\u00eda STJ\" \/>\n<meta property=\"og:description\" content=\"Um dos presentes que recebemos, ouso dizer que toda a humanidade e creio que n\u00e3o s\u00f3 os cat\u00f3licos, \u00e9 o Papa Francisco. Agrade\u00e7o que, como sucessor de S\u00e3o Pedro, \u00e0 [&hellip;]\" \/>\n<meta property=\"og:url\" content=\"https:\/\/encompaniastj.org\/pt-pt\/uma-unica-obra-de-arte\/\" \/>\n<meta property=\"og:site_name\" content=\"En Compa\u00f1\u00eda STJ\" \/>\n<meta property=\"article:published_time\" content=\"2020-12-24T11:37:30+00:00\" \/>\n<meta property=\"article:modified_time\" content=\"2025-07-07T14:22:07+00:00\" \/>\n<meta property=\"og:image\" content=\"https:\/\/encompaniastj.org\/wp-content\/uploads\/2025\/05\/oyster-1327311_640.jpg\" \/>\n\t<meta property=\"og:image:width\" content=\"640\" \/>\n\t<meta property=\"og:image:height\" content=\"480\" \/>\n\t<meta property=\"og:image:type\" content=\"image\/jpeg\" \/>\n<meta name=\"author\" content=\"admin\" \/>\n<meta name=\"twitter:card\" content=\"summary_large_image\" \/>\n<meta name=\"twitter:label1\" content=\"Escrito por\" \/>\n\t<meta name=\"twitter:data1\" content=\"admin\" \/>\n\t<meta name=\"twitter:label2\" content=\"Tempo estimado de leitura\" \/>\n\t<meta name=\"twitter:data2\" content=\"3 minutos\" \/>\n<script type=\"application\/ld+json\" class=\"yoast-schema-graph\">{\"@context\":\"https:\\\/\\\/schema.org\",\"@graph\":[{\"@type\":\"Article\",\"@id\":\"https:\\\/\\\/encompaniastj.org\\\/pt-pt\\\/uma-unica-obra-de-arte\\\/#article\",\"isPartOf\":{\"@id\":\"https:\\\/\\\/encompaniastj.org\\\/pt-pt\\\/uma-unica-obra-de-arte\\\/\"},\"author\":{\"name\":\"admin\",\"@id\":\"https:\\\/\\\/encompaniastj.org\\\/pt-pt\\\/#\\\/schema\\\/person\\\/520e7ecc314793d40091993c2a02b651\"},\"headline\":\"UMA \u00daNICA OBRA DE ARTE\",\"datePublished\":\"2020-12-24T11:37:30+00:00\",\"dateModified\":\"2025-07-07T14:22:07+00:00\",\"mainEntityOfPage\":{\"@id\":\"https:\\\/\\\/encompaniastj.org\\\/pt-pt\\\/uma-unica-obra-de-arte\\\/\"},\"wordCount\":635,\"commentCount\":0,\"publisher\":{\"@id\":\"https:\\\/\\\/encompaniastj.org\\\/pt-pt\\\/#organization\"},\"image\":{\"@id\":\"https:\\\/\\\/encompaniastj.org\\\/pt-pt\\\/uma-unica-obra-de-arte\\\/#primaryimage\"},\"thumbnailUrl\":\"https:\\\/\\\/encompaniastj.org\\\/wp-content\\\/uploads\\\/2025\\\/05\\\/oyster-1327311_640.jpg\",\"articleSection\":[\"Palabras\"],\"inLanguage\":\"pt-PT\",\"potentialAction\":[{\"@type\":\"CommentAction\",\"name\":\"Comment\",\"target\":[\"https:\\\/\\\/encompaniastj.org\\\/pt-pt\\\/uma-unica-obra-de-arte\\\/#respond\"]}]},{\"@type\":\"WebPage\",\"@id\":\"https:\\\/\\\/encompaniastj.org\\\/pt-pt\\\/uma-unica-obra-de-arte\\\/\",\"url\":\"https:\\\/\\\/encompaniastj.org\\\/pt-pt\\\/uma-unica-obra-de-arte\\\/\",\"name\":\"UMA \u00daNICA OBRA DE ARTE - En Compa\u00f1\u00eda STJ\",\"isPartOf\":{\"@id\":\"https:\\\/\\\/encompaniastj.org\\\/pt-pt\\\/#website\"},\"primaryImageOfPage\":{\"@id\":\"https:\\\/\\\/encompaniastj.org\\\/pt-pt\\\/uma-unica-obra-de-arte\\\/#primaryimage\"},\"image\":{\"@id\":\"https:\\\/\\\/encompaniastj.org\\\/pt-pt\\\/uma-unica-obra-de-arte\\\/#primaryimage\"},\"thumbnailUrl\":\"https:\\\/\\\/encompaniastj.org\\\/wp-content\\\/uploads\\\/2025\\\/05\\\/oyster-1327311_640.jpg\",\"datePublished\":\"2020-12-24T11:37:30+00:00\",\"dateModified\":\"2025-07-07T14:22:07+00:00\",\"breadcrumb\":{\"@id\":\"https:\\\/\\\/encompaniastj.org\\\/pt-pt\\\/uma-unica-obra-de-arte\\\/#breadcrumb\"},\"inLanguage\":\"pt-PT\",\"potentialAction\":[{\"@type\":\"ReadAction\",\"target\":[\"https:\\\/\\\/encompaniastj.org\\\/pt-pt\\\/uma-unica-obra-de-arte\\\/\"]}]},{\"@type\":\"ImageObject\",\"inLanguage\":\"pt-PT\",\"@id\":\"https:\\\/\\\/encompaniastj.org\\\/pt-pt\\\/uma-unica-obra-de-arte\\\/#primaryimage\",\"url\":\"https:\\\/\\\/encompaniastj.org\\\/wp-content\\\/uploads\\\/2025\\\/05\\\/oyster-1327311_640.jpg\",\"contentUrl\":\"https:\\\/\\\/encompaniastj.org\\\/wp-content\\\/uploads\\\/2025\\\/05\\\/oyster-1327311_640.jpg\",\"width\":640,\"height\":480},{\"@type\":\"BreadcrumbList\",\"@id\":\"https:\\\/\\\/encompaniastj.org\\\/pt-pt\\\/uma-unica-obra-de-arte\\\/#breadcrumb\",\"itemListElement\":[{\"@type\":\"ListItem\",\"position\":1,\"name\":\"Portada\",\"item\":\"https:\\\/\\\/encompaniastj.org\\\/pt-pt\\\/\"},{\"@type\":\"ListItem\",\"position\":2,\"name\":\"UMA \u00daNICA OBRA DE ARTE\"}]},{\"@type\":\"WebSite\",\"@id\":\"https:\\\/\\\/encompaniastj.org\\\/pt-pt\\\/#website\",\"url\":\"https:\\\/\\\/encompaniastj.org\\\/pt-pt\\\/\",\"name\":\"En Compa\u00f1\u00eda STJ\",\"description\":\"Bolet\u00edn de la Compa\u00f1\u00eda de Santa Teresa de Jes\u00fas\",\"publisher\":{\"@id\":\"https:\\\/\\\/encompaniastj.org\\\/pt-pt\\\/#organization\"},\"potentialAction\":[{\"@type\":\"SearchAction\",\"target\":{\"@type\":\"EntryPoint\",\"urlTemplate\":\"https:\\\/\\\/encompaniastj.org\\\/pt-pt\\\/?s={search_term_string}\"},\"query-input\":{\"@type\":\"PropertyValueSpecification\",\"valueRequired\":true,\"valueName\":\"search_term_string\"}}],\"inLanguage\":\"pt-PT\"},{\"@type\":\"Organization\",\"@id\":\"https:\\\/\\\/encompaniastj.org\\\/pt-pt\\\/#organization\",\"name\":\"Compa\u00f1\u00eda de Santa Teresa de Jes\u00fas\",\"url\":\"https:\\\/\\\/encompaniastj.org\\\/pt-pt\\\/\",\"logo\":{\"@type\":\"ImageObject\",\"inLanguage\":\"pt-PT\",\"@id\":\"https:\\\/\\\/encompaniastj.org\\\/pt-pt\\\/#\\\/schema\\\/logo\\\/image\\\/\",\"url\":\"https:\\\/\\\/encompaniastj.org\\\/wp-content\\\/uploads\\\/2025\\\/04\\\/logo_provincias02-1-3.png\",\"contentUrl\":\"https:\\\/\\\/encompaniastj.org\\\/wp-content\\\/uploads\\\/2025\\\/04\\\/logo_provincias02-1-3.png\",\"width\":2368,\"height\":825,\"caption\":\"Compa\u00f1\u00eda de Santa Teresa de Jes\u00fas\"},\"image\":{\"@id\":\"https:\\\/\\\/encompaniastj.org\\\/pt-pt\\\/#\\\/schema\\\/logo\\\/image\\\/\"}},{\"@type\":\"Person\",\"@id\":\"https:\\\/\\\/encompaniastj.org\\\/pt-pt\\\/#\\\/schema\\\/person\\\/520e7ecc314793d40091993c2a02b651\",\"name\":\"admin\",\"image\":{\"@type\":\"ImageObject\",\"inLanguage\":\"pt-PT\",\"@id\":\"https:\\\/\\\/secure.gravatar.com\\\/avatar\\\/948b492cce32b586ac2db0eaa926ee87024f7afe218d73b397ea5ddfc5f43ea1?s=96&d=mm&r=g\",\"url\":\"https:\\\/\\\/secure.gravatar.com\\\/avatar\\\/948b492cce32b586ac2db0eaa926ee87024f7afe218d73b397ea5ddfc5f43ea1?s=96&d=mm&r=g\",\"contentUrl\":\"https:\\\/\\\/secure.gravatar.com\\\/avatar\\\/948b492cce32b586ac2db0eaa926ee87024f7afe218d73b397ea5ddfc5f43ea1?s=96&d=mm&r=g\",\"caption\":\"admin\"},\"sameAs\":[\"https:\\\/\\\/encompaniastj.org\"],\"url\":\"https:\\\/\\\/encompaniastj.org\\\/pt-pt\\\/author\\\/sjdigital\\\/\"}]}<\/script>\n<!-- \/ Yoast SEO plugin. -->","yoast_head_json":{"title":"UMA \u00daNICA OBRA DE ARTE - En Compa\u00f1\u00eda STJ","robots":{"index":"index","follow":"follow","max-snippet":"max-snippet:-1","max-image-preview":"max-image-preview:large","max-video-preview":"max-video-preview:-1"},"canonical":"https:\/\/encompaniastj.org\/pt-pt\/uma-unica-obra-de-arte\/","og_locale":"pt_PT","og_type":"article","og_title":"UMA \u00daNICA OBRA DE ARTE - En Compa\u00f1\u00eda STJ","og_description":"Um dos presentes que recebemos, ouso dizer que toda a humanidade e creio que n\u00e3o s\u00f3 os cat\u00f3licos, \u00e9 o Papa Francisco. Agrade\u00e7o que, como sucessor de S\u00e3o Pedro, \u00e0 [&hellip;]","og_url":"https:\/\/encompaniastj.org\/pt-pt\/uma-unica-obra-de-arte\/","og_site_name":"En Compa\u00f1\u00eda STJ","article_published_time":"2020-12-24T11:37:30+00:00","article_modified_time":"2025-07-07T14:22:07+00:00","og_image":[{"width":640,"height":480,"url":"https:\/\/encompaniastj.org\/wp-content\/uploads\/2025\/05\/oyster-1327311_640.jpg","type":"image\/jpeg"}],"author":"admin","twitter_card":"summary_large_image","twitter_misc":{"Escrito por":"admin","Tempo estimado de leitura":"3 minutos"},"schema":{"@context":"https:\/\/schema.org","@graph":[{"@type":"Article","@id":"https:\/\/encompaniastj.org\/pt-pt\/uma-unica-obra-de-arte\/#article","isPartOf":{"@id":"https:\/\/encompaniastj.org\/pt-pt\/uma-unica-obra-de-arte\/"},"author":{"name":"admin","@id":"https:\/\/encompaniastj.org\/pt-pt\/#\/schema\/person\/520e7ecc314793d40091993c2a02b651"},"headline":"UMA \u00daNICA OBRA DE ARTE","datePublished":"2020-12-24T11:37:30+00:00","dateModified":"2025-07-07T14:22:07+00:00","mainEntityOfPage":{"@id":"https:\/\/encompaniastj.org\/pt-pt\/uma-unica-obra-de-arte\/"},"wordCount":635,"commentCount":0,"publisher":{"@id":"https:\/\/encompaniastj.org\/pt-pt\/#organization"},"image":{"@id":"https:\/\/encompaniastj.org\/pt-pt\/uma-unica-obra-de-arte\/#primaryimage"},"thumbnailUrl":"https:\/\/encompaniastj.org\/wp-content\/uploads\/2025\/05\/oyster-1327311_640.jpg","articleSection":["Palabras"],"inLanguage":"pt-PT","potentialAction":[{"@type":"CommentAction","name":"Comment","target":["https:\/\/encompaniastj.org\/pt-pt\/uma-unica-obra-de-arte\/#respond"]}]},{"@type":"WebPage","@id":"https:\/\/encompaniastj.org\/pt-pt\/uma-unica-obra-de-arte\/","url":"https:\/\/encompaniastj.org\/pt-pt\/uma-unica-obra-de-arte\/","name":"UMA \u00daNICA OBRA DE ARTE - En Compa\u00f1\u00eda STJ","isPartOf":{"@id":"https:\/\/encompaniastj.org\/pt-pt\/#website"},"primaryImageOfPage":{"@id":"https:\/\/encompaniastj.org\/pt-pt\/uma-unica-obra-de-arte\/#primaryimage"},"image":{"@id":"https:\/\/encompaniastj.org\/pt-pt\/uma-unica-obra-de-arte\/#primaryimage"},"thumbnailUrl":"https:\/\/encompaniastj.org\/wp-content\/uploads\/2025\/05\/oyster-1327311_640.jpg","datePublished":"2020-12-24T11:37:30+00:00","dateModified":"2025-07-07T14:22:07+00:00","breadcrumb":{"@id":"https:\/\/encompaniastj.org\/pt-pt\/uma-unica-obra-de-arte\/#breadcrumb"},"inLanguage":"pt-PT","potentialAction":[{"@type":"ReadAction","target":["https:\/\/encompaniastj.org\/pt-pt\/uma-unica-obra-de-arte\/"]}]},{"@type":"ImageObject","inLanguage":"pt-PT","@id":"https:\/\/encompaniastj.org\/pt-pt\/uma-unica-obra-de-arte\/#primaryimage","url":"https:\/\/encompaniastj.org\/wp-content\/uploads\/2025\/05\/oyster-1327311_640.jpg","contentUrl":"https:\/\/encompaniastj.org\/wp-content\/uploads\/2025\/05\/oyster-1327311_640.jpg","width":640,"height":480},{"@type":"BreadcrumbList","@id":"https:\/\/encompaniastj.org\/pt-pt\/uma-unica-obra-de-arte\/#breadcrumb","itemListElement":[{"@type":"ListItem","position":1,"name":"Portada","item":"https:\/\/encompaniastj.org\/pt-pt\/"},{"@type":"ListItem","position":2,"name":"UMA \u00daNICA OBRA DE ARTE"}]},{"@type":"WebSite","@id":"https:\/\/encompaniastj.org\/pt-pt\/#website","url":"https:\/\/encompaniastj.org\/pt-pt\/","name":"En Compa\u00f1\u00eda STJ","description":"Bolet\u00edn de la Compa\u00f1\u00eda de Santa Teresa de Jes\u00fas","publisher":{"@id":"https:\/\/encompaniastj.org\/pt-pt\/#organization"},"potentialAction":[{"@type":"SearchAction","target":{"@type":"EntryPoint","urlTemplate":"https:\/\/encompaniastj.org\/pt-pt\/?s={search_term_string}"},"query-input":{"@type":"PropertyValueSpecification","valueRequired":true,"valueName":"search_term_string"}}],"inLanguage":"pt-PT"},{"@type":"Organization","@id":"https:\/\/encompaniastj.org\/pt-pt\/#organization","name":"Compa\u00f1\u00eda de Santa Teresa de Jes\u00fas","url":"https:\/\/encompaniastj.org\/pt-pt\/","logo":{"@type":"ImageObject","inLanguage":"pt-PT","@id":"https:\/\/encompaniastj.org\/pt-pt\/#\/schema\/logo\/image\/","url":"https:\/\/encompaniastj.org\/wp-content\/uploads\/2025\/04\/logo_provincias02-1-3.png","contentUrl":"https:\/\/encompaniastj.org\/wp-content\/uploads\/2025\/04\/logo_provincias02-1-3.png","width":2368,"height":825,"caption":"Compa\u00f1\u00eda de Santa Teresa de Jes\u00fas"},"image":{"@id":"https:\/\/encompaniastj.org\/pt-pt\/#\/schema\/logo\/image\/"}},{"@type":"Person","@id":"https:\/\/encompaniastj.org\/pt-pt\/#\/schema\/person\/520e7ecc314793d40091993c2a02b651","name":"admin","image":{"@type":"ImageObject","inLanguage":"pt-PT","@id":"https:\/\/secure.gravatar.com\/avatar\/948b492cce32b586ac2db0eaa926ee87024f7afe218d73b397ea5ddfc5f43ea1?s=96&d=mm&r=g","url":"https:\/\/secure.gravatar.com\/avatar\/948b492cce32b586ac2db0eaa926ee87024f7afe218d73b397ea5ddfc5f43ea1?s=96&d=mm&r=g","contentUrl":"https:\/\/secure.gravatar.com\/avatar\/948b492cce32b586ac2db0eaa926ee87024f7afe218d73b397ea5ddfc5f43ea1?s=96&d=mm&r=g","caption":"admin"},"sameAs":["https:\/\/encompaniastj.org"],"url":"https:\/\/encompaniastj.org\/pt-pt\/author\/sjdigital\/"}]}},"_links":{"self":[{"href":"https:\/\/encompaniastj.org\/pt-pt\/wp-json\/wp\/v2\/posts\/10382","targetHints":{"allow":["GET"]}}],"collection":[{"href":"https:\/\/encompaniastj.org\/pt-pt\/wp-json\/wp\/v2\/posts"}],"about":[{"href":"https:\/\/encompaniastj.org\/pt-pt\/wp-json\/wp\/v2\/types\/post"}],"author":[{"embeddable":true,"href":"https:\/\/encompaniastj.org\/pt-pt\/wp-json\/wp\/v2\/users\/1"}],"replies":[{"embeddable":true,"href":"https:\/\/encompaniastj.org\/pt-pt\/wp-json\/wp\/v2\/comments?post=10382"}],"version-history":[{"count":1,"href":"https:\/\/encompaniastj.org\/pt-pt\/wp-json\/wp\/v2\/posts\/10382\/revisions"}],"predecessor-version":[{"id":10383,"href":"https:\/\/encompaniastj.org\/pt-pt\/wp-json\/wp\/v2\/posts\/10382\/revisions\/10383"}],"wp:featuredmedia":[{"embeddable":true,"href":"https:\/\/encompaniastj.org\/pt-pt\/wp-json\/wp\/v2\/media\/7624"}],"wp:attachment":[{"href":"https:\/\/encompaniastj.org\/pt-pt\/wp-json\/wp\/v2\/media?parent=10382"}],"wp:term":[{"taxonomy":"category","embeddable":true,"href":"https:\/\/encompaniastj.org\/pt-pt\/wp-json\/wp\/v2\/categories?post=10382"},{"taxonomy":"post_tag","embeddable":true,"href":"https:\/\/encompaniastj.org\/pt-pt\/wp-json\/wp\/v2\/tags?post=10382"}],"curies":[{"name":"wp","href":"https:\/\/api.w.org\/{rel}","templated":true}]}}