{"id":10380,"date":"2020-12-24T11:54:18","date_gmt":"2020-12-24T10:54:18","guid":{"rendered":"https:\/\/encompaniastj.org\/equipa-ampliada-do-governo-12-de-dezembro\/"},"modified":"2025-07-07T16:22:07","modified_gmt":"2025-07-07T14:22:07","slug":"equipa-ampliada-do-governo-12-de-dezembro","status":"publish","type":"post","link":"https:\/\/encompaniastj.org\/pt-pt\/equipa-ampliada-do-governo-12-de-dezembro\/","title":{"rendered":"Equipa ampliada do governo - 12 de dezembro"},"content":{"rendered":"\n<p>No dia 12 de dezembro, reuniu-se a equipa\nampliada do governo da prov\u00edncia. Dadas as circunst\u00e2ncias, n\u00e3o p\u00f4de ser um\nencontro presencial, mas fic\u00e1mos muito felizes em \u201cver as nossas caras\u201d, mesmo\natrav\u00e9s do ecr\u00e3. E ... um grande desafio, especialmente para aqueles menos\nacostumados a lidar com as novas tecnologias. Mas gra\u00e7as \u00e0 ajuda de outras\nIrm\u00e3s e \u00e0 paci\u00eancia de quem se encarregou de a organizar, foi poss\u00edvel e tudo\ncorreu muito bem. <\/p>\n\n\n\n<p>Isabel del Valle deu-nos as boas-vindas e\nconvidou-nos a parar alguns minutos e olhar os rostos de cada uma das irm\u00e3s que\nest\u00e1vamos atr\u00e1s do ecr\u00e3 ... e tamb\u00e9m, a \u201ctrazer entre n\u00f3s\u201d a mem\u00f3ria das irm\u00e3s,\nfamiliares e amigas que que nos deixaram neste ano. Um momento de emo\u00e7\u00e3o que nos fez \u201calargar o espa\u00e7o da nossa tenda\u201d.<\/p>\n\n\n\n<p>Em seguida, tivemos um momento de ora\u00e7\u00e3o. Pusemo-nos \u00e0 escuta, como\nMaria, e dispusemo-nos a acolher tanto bem recebido na Intercapitular, a agradec\u00ea-lo\njuntas e abrir-nos ao caminho partilhado ao qual somos convidadas como Companhia. <\/p>\n\n\n\n<p>Depois, Isabel Robles apresentou-nos um resumo gr\u00e1fico de tudo o que foi\ndiscutido na Intercapitular e que pudemos acompanhar atrav\u00e9s das comunica\u00e7\u00f5es enviadas.<\/p>\n\n\n\n<p>Com toda esta informa\u00e7\u00e3o e com um documento sum\u00e1rio, preparado pelas\nirm\u00e3s que participaram na Intercapitular, e que reflete como elas percebem a\nCompanhia \u00e0 luz da op\u00e7\u00e3o capitular, tivemos um momento de reflex\u00e3o pessoal para\nacolher o documento e perguntar-nos o que nos surpreende, a que nos convida ou em\nque nos interpela. Partilh\u00e1mos esta reflex\u00e3o em pequenos grupos e\nposteriormente na Assembleia.<\/p>\n\n\n\n<p>Continu\u00e1mos com a apresenta\u00e7\u00e3o do \u201cacento capitular para o tri\u00e9nio\u201d que est\u00e1\nrelacionado com o segundo convite da op\u00e7\u00e3o capitular. \u00c9 a proposta que nos \u00e9\noferecida para orientar a nossa vis\u00e3o e os esfor\u00e7os e o compromisso da Companhia\nnos pr\u00f3ximos tr\u00eas anos: \"VIVER E TECER COM OUTRAS E OUTROS A CULTURA DA\nRECONCILIA\u00c7\u00c3O, DI\u00c1LOGO E INCLUS\u00c3O, AO SERVI\u00c7O DA RECONSTRU\u00c7\u00c3O DO TECIDO SOCIAL\nE ECLESIAL\u201d.<\/p>\n\n\n\n<p>Mais uma vez, um momento de trabalho pessoal e de grupo, para sublinhar\nas implica\u00e7\u00f5es que este \u201cacento\u201d tem para a nossa Prov\u00edncia. Uma primeira\nabordagem que nos fez perceber a import\u00e2ncia de mantermos di\u00e1logos nos quais\npartilhamos significados e assim podemos especificar, na realidade, o convite\nque esse acento tem para cada uma de n\u00f3s. <\/p>\n\n\n\n<p>Depois de partilhar em assembleia o que foi dialogado nos grupos,&nbsp; despedimo-nos agradecendo a experi\u00eancia\nvivida. Foi dif\u00edcil clicar na tecla \"encerrar sess\u00e3o\" porque, mesmo\nsendo um dia intenso de trabalho, ningu\u00e9m se queria despedir.<\/p>\n","protected":false},"excerpt":{"rendered":"<p>No dia 12 de dezembro, reuniu-se a equipa ampliada do governo da prov\u00edncia. Dadas as circunst\u00e2ncias, n\u00e3o p\u00f4de ser um encontro presencial, mas fic\u00e1mos muito felizes em \u201cver as nossas [&hellip;]<\/p>\n","protected":false},"author":1,"featured_media":7625,"comment_status":"open","ping_status":"open","sticky":false,"template":"","format":"standard","meta":{"_acf_changed":false,"footnotes":""},"categories":[61,68],"tags":[],"class_list":["post-10380","post","type-post","status-publish","format-standard","has-post-thumbnail","hentry","category-noticias","category-outras"],"acf":[],"yoast_head":"<!-- This site is optimized with the Yoast SEO plugin v27.5 - https:\/\/yoast.com\/product\/yoast-seo-wordpress\/ -->\n<title>Equipa ampliada do governo - 12 de dezembro - En Compa\u00f1\u00eda STJ<\/title>\n<meta name=\"robots\" content=\"index, follow, max-snippet:-1, max-image-preview:large, max-video-preview:-1\" \/>\n<link rel=\"canonical\" href=\"https:\/\/encompaniastj.org\/pt-pt\/equipa-ampliada-do-governo-12-de-dezembro\/\" \/>\n<meta property=\"og:locale\" content=\"pt_PT\" \/>\n<meta property=\"og:type\" content=\"article\" \/>\n<meta property=\"og:title\" content=\"Equipa ampliada do governo - 12 de dezembro - En Compa\u00f1\u00eda STJ\" \/>\n<meta property=\"og:description\" content=\"No dia 12 de dezembro, reuniu-se a equipa ampliada do governo da prov\u00edncia. Dadas as circunst\u00e2ncias, n\u00e3o p\u00f4de ser um encontro presencial, mas fic\u00e1mos muito felizes em \u201cver as nossas [&hellip;]\" \/>\n<meta property=\"og:url\" content=\"https:\/\/encompaniastj.org\/pt-pt\/equipa-ampliada-do-governo-12-de-dezembro\/\" \/>\n<meta property=\"og:site_name\" content=\"En Compa\u00f1\u00eda STJ\" \/>\n<meta property=\"article:published_time\" content=\"2020-12-24T10:54:18+00:00\" \/>\n<meta property=\"article:modified_time\" content=\"2025-07-07T14:22:07+00:00\" \/>\n<meta property=\"og:image\" content=\"https:\/\/encompaniastj.org\/wp-content\/uploads\/2025\/05\/coor-1.jpg\" \/>\n\t<meta property=\"og:image:width\" content=\"500\" \/>\n\t<meta property=\"og:image:height\" content=\"282\" \/>\n\t<meta property=\"og:image:type\" content=\"image\/jpeg\" \/>\n<meta name=\"author\" content=\"admin\" \/>\n<meta name=\"twitter:card\" content=\"summary_large_image\" \/>\n<meta name=\"twitter:label1\" content=\"Escrito por\" \/>\n\t<meta name=\"twitter:data1\" content=\"admin\" \/>\n\t<meta name=\"twitter:label2\" content=\"Tempo estimado de leitura\" \/>\n\t<meta name=\"twitter:data2\" content=\"2 minutos\" \/>\n<script type=\"application\/ld+json\" class=\"yoast-schema-graph\">{\"@context\":\"https:\\\/\\\/schema.org\",\"@graph\":[{\"@type\":\"Article\",\"@id\":\"https:\\\/\\\/encompaniastj.org\\\/pt-pt\\\/equipa-ampliada-do-governo-12-de-dezembro\\\/#article\",\"isPartOf\":{\"@id\":\"https:\\\/\\\/encompaniastj.org\\\/pt-pt\\\/equipa-ampliada-do-governo-12-de-dezembro\\\/\"},\"author\":{\"name\":\"admin\",\"@id\":\"https:\\\/\\\/encompaniastj.org\\\/pt-pt\\\/#\\\/schema\\\/person\\\/520e7ecc314793d40091993c2a02b651\"},\"headline\":\"Equipa ampliada do governo - 12 de dezembro\",\"datePublished\":\"2020-12-24T10:54:18+00:00\",\"dateModified\":\"2025-07-07T14:22:07+00:00\",\"mainEntityOfPage\":{\"@id\":\"https:\\\/\\\/encompaniastj.org\\\/pt-pt\\\/equipa-ampliada-do-governo-12-de-dezembro\\\/\"},\"wordCount\":466,\"commentCount\":0,\"publisher\":{\"@id\":\"https:\\\/\\\/encompaniastj.org\\\/pt-pt\\\/#organization\"},\"image\":{\"@id\":\"https:\\\/\\\/encompaniastj.org\\\/pt-pt\\\/equipa-ampliada-do-governo-12-de-dezembro\\\/#primaryimage\"},\"thumbnailUrl\":\"https:\\\/\\\/encompaniastj.org\\\/wp-content\\\/uploads\\\/2025\\\/05\\\/coor-1.jpg\",\"articleSection\":[\"Noticias\",\"Outras\"],\"inLanguage\":\"pt-PT\",\"potentialAction\":[{\"@type\":\"CommentAction\",\"name\":\"Comment\",\"target\":[\"https:\\\/\\\/encompaniastj.org\\\/pt-pt\\\/equipa-ampliada-do-governo-12-de-dezembro\\\/#respond\"]}]},{\"@type\":\"WebPage\",\"@id\":\"https:\\\/\\\/encompaniastj.org\\\/pt-pt\\\/equipa-ampliada-do-governo-12-de-dezembro\\\/\",\"url\":\"https:\\\/\\\/encompaniastj.org\\\/pt-pt\\\/equipa-ampliada-do-governo-12-de-dezembro\\\/\",\"name\":\"Equipa ampliada do governo - 12 de dezembro - En Compa\u00f1\u00eda STJ\",\"isPartOf\":{\"@id\":\"https:\\\/\\\/encompaniastj.org\\\/pt-pt\\\/#website\"},\"primaryImageOfPage\":{\"@id\":\"https:\\\/\\\/encompaniastj.org\\\/pt-pt\\\/equipa-ampliada-do-governo-12-de-dezembro\\\/#primaryimage\"},\"image\":{\"@id\":\"https:\\\/\\\/encompaniastj.org\\\/pt-pt\\\/equipa-ampliada-do-governo-12-de-dezembro\\\/#primaryimage\"},\"thumbnailUrl\":\"https:\\\/\\\/encompaniastj.org\\\/wp-content\\\/uploads\\\/2025\\\/05\\\/coor-1.jpg\",\"datePublished\":\"2020-12-24T10:54:18+00:00\",\"dateModified\":\"2025-07-07T14:22:07+00:00\",\"breadcrumb\":{\"@id\":\"https:\\\/\\\/encompaniastj.org\\\/pt-pt\\\/equipa-ampliada-do-governo-12-de-dezembro\\\/#breadcrumb\"},\"inLanguage\":\"pt-PT\",\"potentialAction\":[{\"@type\":\"ReadAction\",\"target\":[\"https:\\\/\\\/encompaniastj.org\\\/pt-pt\\\/equipa-ampliada-do-governo-12-de-dezembro\\\/\"]}]},{\"@type\":\"ImageObject\",\"inLanguage\":\"pt-PT\",\"@id\":\"https:\\\/\\\/encompaniastj.org\\\/pt-pt\\\/equipa-ampliada-do-governo-12-de-dezembro\\\/#primaryimage\",\"url\":\"https:\\\/\\\/encompaniastj.org\\\/wp-content\\\/uploads\\\/2025\\\/05\\\/coor-1.jpg\",\"contentUrl\":\"https:\\\/\\\/encompaniastj.org\\\/wp-content\\\/uploads\\\/2025\\\/05\\\/coor-1.jpg\",\"width\":500,\"height\":282},{\"@type\":\"BreadcrumbList\",\"@id\":\"https:\\\/\\\/encompaniastj.org\\\/pt-pt\\\/equipa-ampliada-do-governo-12-de-dezembro\\\/#breadcrumb\",\"itemListElement\":[{\"@type\":\"ListItem\",\"position\":1,\"name\":\"Portada\",\"item\":\"https:\\\/\\\/encompaniastj.org\\\/pt-pt\\\/\"},{\"@type\":\"ListItem\",\"position\":2,\"name\":\"Equipa ampliada do governo - 12 de dezembro\"}]},{\"@type\":\"WebSite\",\"@id\":\"https:\\\/\\\/encompaniastj.org\\\/pt-pt\\\/#website\",\"url\":\"https:\\\/\\\/encompaniastj.org\\\/pt-pt\\\/\",\"name\":\"En Compa\u00f1\u00eda STJ\",\"description\":\"Bolet\u00edn de la Compa\u00f1\u00eda de Santa Teresa de Jes\u00fas\",\"publisher\":{\"@id\":\"https:\\\/\\\/encompaniastj.org\\\/pt-pt\\\/#organization\"},\"potentialAction\":[{\"@type\":\"SearchAction\",\"target\":{\"@type\":\"EntryPoint\",\"urlTemplate\":\"https:\\\/\\\/encompaniastj.org\\\/pt-pt\\\/?s={search_term_string}\"},\"query-input\":{\"@type\":\"PropertyValueSpecification\",\"valueRequired\":true,\"valueName\":\"search_term_string\"}}],\"inLanguage\":\"pt-PT\"},{\"@type\":\"Organization\",\"@id\":\"https:\\\/\\\/encompaniastj.org\\\/pt-pt\\\/#organization\",\"name\":\"Compa\u00f1\u00eda de Santa Teresa de Jes\u00fas\",\"url\":\"https:\\\/\\\/encompaniastj.org\\\/pt-pt\\\/\",\"logo\":{\"@type\":\"ImageObject\",\"inLanguage\":\"pt-PT\",\"@id\":\"https:\\\/\\\/encompaniastj.org\\\/pt-pt\\\/#\\\/schema\\\/logo\\\/image\\\/\",\"url\":\"https:\\\/\\\/encompaniastj.org\\\/wp-content\\\/uploads\\\/2025\\\/04\\\/logo_provincias02-1-3.png\",\"contentUrl\":\"https:\\\/\\\/encompaniastj.org\\\/wp-content\\\/uploads\\\/2025\\\/04\\\/logo_provincias02-1-3.png\",\"width\":2368,\"height\":825,\"caption\":\"Compa\u00f1\u00eda de Santa Teresa de Jes\u00fas\"},\"image\":{\"@id\":\"https:\\\/\\\/encompaniastj.org\\\/pt-pt\\\/#\\\/schema\\\/logo\\\/image\\\/\"}},{\"@type\":\"Person\",\"@id\":\"https:\\\/\\\/encompaniastj.org\\\/pt-pt\\\/#\\\/schema\\\/person\\\/520e7ecc314793d40091993c2a02b651\",\"name\":\"admin\",\"image\":{\"@type\":\"ImageObject\",\"inLanguage\":\"pt-PT\",\"@id\":\"https:\\\/\\\/secure.gravatar.com\\\/avatar\\\/948b492cce32b586ac2db0eaa926ee87024f7afe218d73b397ea5ddfc5f43ea1?s=96&d=mm&r=g\",\"url\":\"https:\\\/\\\/secure.gravatar.com\\\/avatar\\\/948b492cce32b586ac2db0eaa926ee87024f7afe218d73b397ea5ddfc5f43ea1?s=96&d=mm&r=g\",\"contentUrl\":\"https:\\\/\\\/secure.gravatar.com\\\/avatar\\\/948b492cce32b586ac2db0eaa926ee87024f7afe218d73b397ea5ddfc5f43ea1?s=96&d=mm&r=g\",\"caption\":\"admin\"},\"sameAs\":[\"https:\\\/\\\/encompaniastj.org\"],\"url\":\"https:\\\/\\\/encompaniastj.org\\\/pt-pt\\\/author\\\/sjdigital\\\/\"}]}<\/script>\n<!-- \/ Yoast SEO plugin. -->","yoast_head_json":{"title":"Equipa ampliada do governo - 12 de dezembro - En Compa\u00f1\u00eda STJ","robots":{"index":"index","follow":"follow","max-snippet":"max-snippet:-1","max-image-preview":"max-image-preview:large","max-video-preview":"max-video-preview:-1"},"canonical":"https:\/\/encompaniastj.org\/pt-pt\/equipa-ampliada-do-governo-12-de-dezembro\/","og_locale":"pt_PT","og_type":"article","og_title":"Equipa ampliada do governo - 12 de dezembro - En Compa\u00f1\u00eda STJ","og_description":"No dia 12 de dezembro, reuniu-se a equipa ampliada do governo da prov\u00edncia. Dadas as circunst\u00e2ncias, n\u00e3o p\u00f4de ser um encontro presencial, mas fic\u00e1mos muito felizes em \u201cver as nossas [&hellip;]","og_url":"https:\/\/encompaniastj.org\/pt-pt\/equipa-ampliada-do-governo-12-de-dezembro\/","og_site_name":"En Compa\u00f1\u00eda STJ","article_published_time":"2020-12-24T10:54:18+00:00","article_modified_time":"2025-07-07T14:22:07+00:00","og_image":[{"width":500,"height":282,"url":"https:\/\/encompaniastj.org\/wp-content\/uploads\/2025\/05\/coor-1.jpg","type":"image\/jpeg"}],"author":"admin","twitter_card":"summary_large_image","twitter_misc":{"Escrito por":"admin","Tempo estimado de leitura":"2 minutos"},"schema":{"@context":"https:\/\/schema.org","@graph":[{"@type":"Article","@id":"https:\/\/encompaniastj.org\/pt-pt\/equipa-ampliada-do-governo-12-de-dezembro\/#article","isPartOf":{"@id":"https:\/\/encompaniastj.org\/pt-pt\/equipa-ampliada-do-governo-12-de-dezembro\/"},"author":{"name":"admin","@id":"https:\/\/encompaniastj.org\/pt-pt\/#\/schema\/person\/520e7ecc314793d40091993c2a02b651"},"headline":"Equipa ampliada do governo - 12 de dezembro","datePublished":"2020-12-24T10:54:18+00:00","dateModified":"2025-07-07T14:22:07+00:00","mainEntityOfPage":{"@id":"https:\/\/encompaniastj.org\/pt-pt\/equipa-ampliada-do-governo-12-de-dezembro\/"},"wordCount":466,"commentCount":0,"publisher":{"@id":"https:\/\/encompaniastj.org\/pt-pt\/#organization"},"image":{"@id":"https:\/\/encompaniastj.org\/pt-pt\/equipa-ampliada-do-governo-12-de-dezembro\/#primaryimage"},"thumbnailUrl":"https:\/\/encompaniastj.org\/wp-content\/uploads\/2025\/05\/coor-1.jpg","articleSection":["Noticias","Outras"],"inLanguage":"pt-PT","potentialAction":[{"@type":"CommentAction","name":"Comment","target":["https:\/\/encompaniastj.org\/pt-pt\/equipa-ampliada-do-governo-12-de-dezembro\/#respond"]}]},{"@type":"WebPage","@id":"https:\/\/encompaniastj.org\/pt-pt\/equipa-ampliada-do-governo-12-de-dezembro\/","url":"https:\/\/encompaniastj.org\/pt-pt\/equipa-ampliada-do-governo-12-de-dezembro\/","name":"Equipa ampliada do governo - 12 de dezembro - En Compa\u00f1\u00eda STJ","isPartOf":{"@id":"https:\/\/encompaniastj.org\/pt-pt\/#website"},"primaryImageOfPage":{"@id":"https:\/\/encompaniastj.org\/pt-pt\/equipa-ampliada-do-governo-12-de-dezembro\/#primaryimage"},"image":{"@id":"https:\/\/encompaniastj.org\/pt-pt\/equipa-ampliada-do-governo-12-de-dezembro\/#primaryimage"},"thumbnailUrl":"https:\/\/encompaniastj.org\/wp-content\/uploads\/2025\/05\/coor-1.jpg","datePublished":"2020-12-24T10:54:18+00:00","dateModified":"2025-07-07T14:22:07+00:00","breadcrumb":{"@id":"https:\/\/encompaniastj.org\/pt-pt\/equipa-ampliada-do-governo-12-de-dezembro\/#breadcrumb"},"inLanguage":"pt-PT","potentialAction":[{"@type":"ReadAction","target":["https:\/\/encompaniastj.org\/pt-pt\/equipa-ampliada-do-governo-12-de-dezembro\/"]}]},{"@type":"ImageObject","inLanguage":"pt-PT","@id":"https:\/\/encompaniastj.org\/pt-pt\/equipa-ampliada-do-governo-12-de-dezembro\/#primaryimage","url":"https:\/\/encompaniastj.org\/wp-content\/uploads\/2025\/05\/coor-1.jpg","contentUrl":"https:\/\/encompaniastj.org\/wp-content\/uploads\/2025\/05\/coor-1.jpg","width":500,"height":282},{"@type":"BreadcrumbList","@id":"https:\/\/encompaniastj.org\/pt-pt\/equipa-ampliada-do-governo-12-de-dezembro\/#breadcrumb","itemListElement":[{"@type":"ListItem","position":1,"name":"Portada","item":"https:\/\/encompaniastj.org\/pt-pt\/"},{"@type":"ListItem","position":2,"name":"Equipa ampliada do governo - 12 de dezembro"}]},{"@type":"WebSite","@id":"https:\/\/encompaniastj.org\/pt-pt\/#website","url":"https:\/\/encompaniastj.org\/pt-pt\/","name":"En Compa\u00f1\u00eda STJ","description":"Bolet\u00edn de la Compa\u00f1\u00eda de Santa Teresa de Jes\u00fas","publisher":{"@id":"https:\/\/encompaniastj.org\/pt-pt\/#organization"},"potentialAction":[{"@type":"SearchAction","target":{"@type":"EntryPoint","urlTemplate":"https:\/\/encompaniastj.org\/pt-pt\/?s={search_term_string}"},"query-input":{"@type":"PropertyValueSpecification","valueRequired":true,"valueName":"search_term_string"}}],"inLanguage":"pt-PT"},{"@type":"Organization","@id":"https:\/\/encompaniastj.org\/pt-pt\/#organization","name":"Compa\u00f1\u00eda de Santa Teresa de Jes\u00fas","url":"https:\/\/encompaniastj.org\/pt-pt\/","logo":{"@type":"ImageObject","inLanguage":"pt-PT","@id":"https:\/\/encompaniastj.org\/pt-pt\/#\/schema\/logo\/image\/","url":"https:\/\/encompaniastj.org\/wp-content\/uploads\/2025\/04\/logo_provincias02-1-3.png","contentUrl":"https:\/\/encompaniastj.org\/wp-content\/uploads\/2025\/04\/logo_provincias02-1-3.png","width":2368,"height":825,"caption":"Compa\u00f1\u00eda de Santa Teresa de Jes\u00fas"},"image":{"@id":"https:\/\/encompaniastj.org\/pt-pt\/#\/schema\/logo\/image\/"}},{"@type":"Person","@id":"https:\/\/encompaniastj.org\/pt-pt\/#\/schema\/person\/520e7ecc314793d40091993c2a02b651","name":"admin","image":{"@type":"ImageObject","inLanguage":"pt-PT","@id":"https:\/\/secure.gravatar.com\/avatar\/948b492cce32b586ac2db0eaa926ee87024f7afe218d73b397ea5ddfc5f43ea1?s=96&d=mm&r=g","url":"https:\/\/secure.gravatar.com\/avatar\/948b492cce32b586ac2db0eaa926ee87024f7afe218d73b397ea5ddfc5f43ea1?s=96&d=mm&r=g","contentUrl":"https:\/\/secure.gravatar.com\/avatar\/948b492cce32b586ac2db0eaa926ee87024f7afe218d73b397ea5ddfc5f43ea1?s=96&d=mm&r=g","caption":"admin"},"sameAs":["https:\/\/encompaniastj.org"],"url":"https:\/\/encompaniastj.org\/pt-pt\/author\/sjdigital\/"}]}},"_links":{"self":[{"href":"https:\/\/encompaniastj.org\/pt-pt\/wp-json\/wp\/v2\/posts\/10380","targetHints":{"allow":["GET"]}}],"collection":[{"href":"https:\/\/encompaniastj.org\/pt-pt\/wp-json\/wp\/v2\/posts"}],"about":[{"href":"https:\/\/encompaniastj.org\/pt-pt\/wp-json\/wp\/v2\/types\/post"}],"author":[{"embeddable":true,"href":"https:\/\/encompaniastj.org\/pt-pt\/wp-json\/wp\/v2\/users\/1"}],"replies":[{"embeddable":true,"href":"https:\/\/encompaniastj.org\/pt-pt\/wp-json\/wp\/v2\/comments?post=10380"}],"version-history":[{"count":1,"href":"https:\/\/encompaniastj.org\/pt-pt\/wp-json\/wp\/v2\/posts\/10380\/revisions"}],"predecessor-version":[{"id":10381,"href":"https:\/\/encompaniastj.org\/pt-pt\/wp-json\/wp\/v2\/posts\/10380\/revisions\/10381"}],"wp:featuredmedia":[{"embeddable":true,"href":"https:\/\/encompaniastj.org\/pt-pt\/wp-json\/wp\/v2\/media\/7625"}],"wp:attachment":[{"href":"https:\/\/encompaniastj.org\/pt-pt\/wp-json\/wp\/v2\/media?parent=10380"}],"wp:term":[{"taxonomy":"category","embeddable":true,"href":"https:\/\/encompaniastj.org\/pt-pt\/wp-json\/wp\/v2\/categories?post=10380"},{"taxonomy":"post_tag","embeddable":true,"href":"https:\/\/encompaniastj.org\/pt-pt\/wp-json\/wp\/v2\/tags?post=10380"}],"curies":[{"name":"wp","href":"https:\/\/api.w.org\/{rel}","templated":true}]}}