{"id":10368,"date":"2020-12-15T11:18:30","date_gmt":"2020-12-15T10:18:30","guid":{"rendered":"https:\/\/encompaniastj.org\/centro-social-teresiano-de-verim\/"},"modified":"2025-07-07T16:22:06","modified_gmt":"2025-07-07T14:22:06","slug":"centro-social-teresiano-de-verim","status":"publish","type":"post","link":"https:\/\/encompaniastj.org\/pt-pt\/centro-social-teresiano-de-verim\/","title":{"rendered":"Centro Social Teresiano de Verim"},"content":{"rendered":"\n<p>Verim\n\u00e9 uma aldeia muito pequena situada no Concelho da P\u00f3voa de Lanhoso e\npertencente \u00e0 linda cidade minhota cujo nome \u00e9 Braga. A maior parte das vezes,\nesta aldeia acaba por ser confundida com Ver\u00edn, da nossa vizinha Espanha. Mas a\ngrande diferen\u00e7a entre estas duas terras est\u00e1 no Centro Social Teresiano de\nVerim. <\/p>\n\n\n\n<p>N\u00e3o podemos falar desta casa, sem esquecer\no legado deixado \u00e0 Prov\u00edncia de Maria Imaculada pelo Sr. Manuel In\u00e1cio de Matos\nVieira e da irm\u00e3 Maria Luzia Matos Vieira. Para cumprir o desejo do doador da\ncasa e dos terrenos da quinta, formou-se ent\u00e3o uma comunidade com irm\u00e3s aptas a\nlevar a cabo os objectivos propostos. A partir daqui toda a Obra cresceu.\nInicialmente prestou apoio a crian\u00e7as atrav\u00e9s do ATL (Atendimento aos Tempos\nLivres) e do Jardim de Infantil. Atualmente a n\u00edvel da inf\u00e2ncia a resposta que\ndesenvolvemos \u00e9 o CATL (Centro de Apoio dos Tempos Livres com sem extens\u00e3o para\nalmo\u00e7o), que funciona no per\u00edodo da manh\u00e3 antes das aulas, no final das aulas\ncom a realiza\u00e7\u00e3o de atividades e acompanhamento ao estudo e transporte. Assim\ncomo no per\u00edodo de f\u00e9rias o Centro est\u00e1 aberto para receber as crian\u00e7as e\nadolescentes para ocupa\u00e7\u00e3o dos tempos livres. <\/p>\n\n\n\n<p>&nbsp;&nbsp;&nbsp;&nbsp;&nbsp;&nbsp;&nbsp;&nbsp;&nbsp;&nbsp;&nbsp;&nbsp;&nbsp; Em Agosto de 1998, foi criado o\nServi\u00e7o de Apoio Domicili\u00e1rio para pessoas mais velhas. Esta foi tamb\u00e9m uma\nforma de o Centro estar mais pr\u00f3ximo da popula\u00e7\u00e3o e dar oportunidade de criar\npostos de trabalho. Esta \u00e9 uma resposta social que fornece as refei\u00e7\u00f5es,\nhigiene pessoal e habitacional, servi\u00e7o de enfermagem, acompanhamento m\u00e9dico,\napoio na gest\u00e3o da medica\u00e7\u00e3o, atrav\u00e9s de um protocolo com a Farm\u00e1cia do Mercado\nem Amares, visita das irm\u00e3s ao domic\u00edlio, entre outros servi\u00e7os. Funciona de\nsegunda a domingo, sendo que ao fim de semana, apenas prestamos o servi\u00e7o de\nalimenta\u00e7\u00e3o. <\/p>\n\n\n\n<p>&nbsp;&nbsp;&nbsp;&nbsp;&nbsp;&nbsp;&nbsp;&nbsp;&nbsp;&nbsp;&nbsp;&nbsp;&nbsp; H\u00e1 vinte anos que \u00e0 Ter\u00e7a e\nSexta-feira da parte da manh\u00e3 que o Centro desenvolve um conjunto de atividades\ncom o objetivo de retirar os idosos da solid\u00e3o e a lhe dar mais vida, que os\nrecebemos nas nossas instala\u00e7\u00f5es para realizarem Gin\u00e1stica Geri\u00e1trica, aulas de\nm\u00fasica (cantam e dan\u00e7am), se\u00e7\u00f5es de riso, B\u00f3ccia, atividades grupais, rastreios\nde sa\u00fade (colesterol, podologia, diabetes, tens\u00e3o arterial, etc.), passeios,\ncomemora\u00e7\u00f5es de datas festivas (anivers\u00e1rios, desfolhada, vindimas, etc.),\nforma\u00e7\u00e3o religiosa, eucaristia mensal com almo\u00e7o conv\u00edvio, a\u00e7\u00f5es de\nsensibiliza\u00e7\u00e3o, trabalhos manuais, etc. Esta resposta em 2020 foi suspensa\ndevido ao COVID-19, infelizmente o mundo sofre com esta pandemia e os mais\nvelhos s\u00e3o aqueles que sofrem mais com o distanciamento social. Estavam\nhabituados a sa\u00edrem de suas casas, a receber os seus familiares de forma\ncalorosa e neste momento tudo se encontra em <em>Stand by. <\/em>Face a esta situa\u00e7\u00e3o o Centro tem tentado chegar junto\ndos utentes atrav\u00e9s de visitas, telefonemas, apoio a n\u00edvel da compra da\nmedica\u00e7\u00e3o e de bens alimentares. <\/p>\n\n\n\n<p>De tudo fazemos para chegarmos\njunto de todos e ao atravessarmos este momento resta-nos reflectir: na\nmetalinguagem de tudo o que vivemos, passamos, nada \u00e9 eterno, nada \u00e9\npassageiro, faz parte das nossas vidas, dos nossos encontros e desencontros. O\nse, ou se n\u00e3o\u2026 n\u00e3o \u00e9 o que interessa. O mais importante \u00e9 como guardamos dentro\nde n\u00f3s, tudo isto. Algo passou. Quanto ao futuro h\u00e1-de nos trazer outras\ncoisas, outras oportunidades.<\/p>\n\n\n\n<ul class=\"wp-block-gallery columns-3 is-cropped wp-block-gallery-1 is-layout-flex wp-block-gallery-is-layout-flex\"><li class=\"blocks-gallery-item\"><figure><img decoding=\"async\" src=\"https:\/\/encompaniastj.org\/wp-content\/uploads\/2025\/05\/verim1.jpg\" alt=\"\" data-id=\"7262\" data-link=\"https:\/\/encompaniastj.org\/pt-pt\/?attachment_id=7262\" class=\"wp-image-7262\"\/><\/figure><\/li><li class=\"blocks-gallery-item\"><figure><img decoding=\"async\" src=\"https:\/\/encompaniastj.org\/wp-content\/uploads\/2025\/05\/verim2.jpg\" alt=\"\" data-id=\"7264\" data-link=\"https:\/\/encompaniastj.org\/pt-pt\/?attachment_id=7264\" class=\"wp-image-7264\"\/><\/figure><\/li><li class=\"blocks-gallery-item\"><figure><img decoding=\"async\" src=\"https:\/\/encompaniastj.org\/wp-content\/uploads\/2025\/05\/verim3.jpg\" alt=\"\" data-id=\"7266\" data-link=\"https:\/\/encompaniastj.org\/pt-pt\/?attachment_id=7266\" class=\"wp-image-7266\"\/><\/figure><\/li><\/ul>\n","protected":false},"excerpt":{"rendered":"<p>Verim \u00e9 uma aldeia muito pequena situada no Concelho da P\u00f3voa de Lanhoso e pertencente \u00e0 linda cidade minhota cujo nome \u00e9 Braga. A maior parte das vezes, esta aldeia [&hellip;]<\/p>\n","protected":false},"author":1,"featured_media":7619,"comment_status":"open","ping_status":"open","sticky":false,"template":"","format":"standard","meta":{"_acf_changed":false,"footnotes":""},"categories":[66,70],"tags":[],"class_list":["post-10368","post","type-post","status-publish","format-standard","has-post-thumbnail","hentry","category-conhecemo-nos","category-projetos"],"acf":[],"yoast_head":"<!-- This site is optimized with the Yoast SEO plugin v27.5 - https:\/\/yoast.com\/product\/yoast-seo-wordpress\/ -->\n<title>Centro Social Teresiano de Verim - En Compa\u00f1\u00eda STJ<\/title>\n<meta name=\"robots\" content=\"index, follow, max-snippet:-1, max-image-preview:large, max-video-preview:-1\" \/>\n<link rel=\"canonical\" href=\"https:\/\/encompaniastj.org\/pt-pt\/centro-social-teresiano-de-verim\/\" \/>\n<meta property=\"og:locale\" content=\"pt_PT\" \/>\n<meta property=\"og:type\" content=\"article\" \/>\n<meta property=\"og:title\" content=\"Centro Social Teresiano de Verim - En Compa\u00f1\u00eda STJ\" \/>\n<meta property=\"og:description\" content=\"Verim \u00e9 uma aldeia muito pequena situada no Concelho da P\u00f3voa de Lanhoso e pertencente \u00e0 linda cidade minhota cujo nome \u00e9 Braga. A maior parte das vezes, esta aldeia [&hellip;]\" \/>\n<meta property=\"og:url\" content=\"https:\/\/encompaniastj.org\/pt-pt\/centro-social-teresiano-de-verim\/\" \/>\n<meta property=\"og:site_name\" content=\"En Compa\u00f1\u00eda STJ\" \/>\n<meta property=\"article:published_time\" content=\"2020-12-15T10:18:30+00:00\" \/>\n<meta property=\"article:modified_time\" content=\"2025-07-07T14:22:06+00:00\" \/>\n<meta property=\"og:image\" content=\"https:\/\/encompaniastj.org\/wp-content\/uploads\/2025\/05\/verim2.jpg\" \/>\n\t<meta property=\"og:image:width\" content=\"960\" \/>\n\t<meta property=\"og:image:height\" content=\"720\" \/>\n\t<meta property=\"og:image:type\" content=\"image\/jpeg\" \/>\n<meta name=\"author\" content=\"admin\" \/>\n<meta name=\"twitter:card\" content=\"summary_large_image\" \/>\n<meta name=\"twitter:label1\" content=\"Escrito por\" \/>\n\t<meta name=\"twitter:data1\" content=\"admin\" \/>\n\t<meta name=\"twitter:label2\" content=\"Tempo estimado de leitura\" \/>\n\t<meta name=\"twitter:data2\" content=\"3 minutos\" \/>\n<script type=\"application\/ld+json\" class=\"yoast-schema-graph\">{\"@context\":\"https:\\\/\\\/schema.org\",\"@graph\":[{\"@type\":\"Article\",\"@id\":\"https:\\\/\\\/encompaniastj.org\\\/pt-pt\\\/centro-social-teresiano-de-verim\\\/#article\",\"isPartOf\":{\"@id\":\"https:\\\/\\\/encompaniastj.org\\\/pt-pt\\\/centro-social-teresiano-de-verim\\\/\"},\"author\":{\"name\":\"admin\",\"@id\":\"https:\\\/\\\/encompaniastj.org\\\/pt-pt\\\/#\\\/schema\\\/person\\\/520e7ecc314793d40091993c2a02b651\"},\"headline\":\"Centro Social Teresiano de Verim\",\"datePublished\":\"2020-12-15T10:18:30+00:00\",\"dateModified\":\"2025-07-07T14:22:06+00:00\",\"mainEntityOfPage\":{\"@id\":\"https:\\\/\\\/encompaniastj.org\\\/pt-pt\\\/centro-social-teresiano-de-verim\\\/\"},\"wordCount\":621,\"commentCount\":0,\"publisher\":{\"@id\":\"https:\\\/\\\/encompaniastj.org\\\/pt-pt\\\/#organization\"},\"image\":{\"@id\":\"https:\\\/\\\/encompaniastj.org\\\/pt-pt\\\/centro-social-teresiano-de-verim\\\/#primaryimage\"},\"thumbnailUrl\":\"https:\\\/\\\/encompaniastj.org\\\/wp-content\\\/uploads\\\/2025\\\/05\\\/verim2.jpg\",\"articleSection\":[\"Conhecemo-nos\",\"Projetos\"],\"inLanguage\":\"pt-PT\",\"potentialAction\":[{\"@type\":\"CommentAction\",\"name\":\"Comment\",\"target\":[\"https:\\\/\\\/encompaniastj.org\\\/pt-pt\\\/centro-social-teresiano-de-verim\\\/#respond\"]}]},{\"@type\":\"WebPage\",\"@id\":\"https:\\\/\\\/encompaniastj.org\\\/pt-pt\\\/centro-social-teresiano-de-verim\\\/\",\"url\":\"https:\\\/\\\/encompaniastj.org\\\/pt-pt\\\/centro-social-teresiano-de-verim\\\/\",\"name\":\"Centro Social Teresiano de Verim - En Compa\u00f1\u00eda STJ\",\"isPartOf\":{\"@id\":\"https:\\\/\\\/encompaniastj.org\\\/pt-pt\\\/#website\"},\"primaryImageOfPage\":{\"@id\":\"https:\\\/\\\/encompaniastj.org\\\/pt-pt\\\/centro-social-teresiano-de-verim\\\/#primaryimage\"},\"image\":{\"@id\":\"https:\\\/\\\/encompaniastj.org\\\/pt-pt\\\/centro-social-teresiano-de-verim\\\/#primaryimage\"},\"thumbnailUrl\":\"https:\\\/\\\/encompaniastj.org\\\/wp-content\\\/uploads\\\/2025\\\/05\\\/verim2.jpg\",\"datePublished\":\"2020-12-15T10:18:30+00:00\",\"dateModified\":\"2025-07-07T14:22:06+00:00\",\"breadcrumb\":{\"@id\":\"https:\\\/\\\/encompaniastj.org\\\/pt-pt\\\/centro-social-teresiano-de-verim\\\/#breadcrumb\"},\"inLanguage\":\"pt-PT\",\"potentialAction\":[{\"@type\":\"ReadAction\",\"target\":[\"https:\\\/\\\/encompaniastj.org\\\/pt-pt\\\/centro-social-teresiano-de-verim\\\/\"]}]},{\"@type\":\"ImageObject\",\"inLanguage\":\"pt-PT\",\"@id\":\"https:\\\/\\\/encompaniastj.org\\\/pt-pt\\\/centro-social-teresiano-de-verim\\\/#primaryimage\",\"url\":\"https:\\\/\\\/encompaniastj.org\\\/wp-content\\\/uploads\\\/2025\\\/05\\\/verim2.jpg\",\"contentUrl\":\"https:\\\/\\\/encompaniastj.org\\\/wp-content\\\/uploads\\\/2025\\\/05\\\/verim2.jpg\",\"width\":960,\"height\":720},{\"@type\":\"BreadcrumbList\",\"@id\":\"https:\\\/\\\/encompaniastj.org\\\/pt-pt\\\/centro-social-teresiano-de-verim\\\/#breadcrumb\",\"itemListElement\":[{\"@type\":\"ListItem\",\"position\":1,\"name\":\"Portada\",\"item\":\"https:\\\/\\\/encompaniastj.org\\\/pt-pt\\\/\"},{\"@type\":\"ListItem\",\"position\":2,\"name\":\"Centro Social Teresiano de Verim\"}]},{\"@type\":\"WebSite\",\"@id\":\"https:\\\/\\\/encompaniastj.org\\\/pt-pt\\\/#website\",\"url\":\"https:\\\/\\\/encompaniastj.org\\\/pt-pt\\\/\",\"name\":\"En Compa\u00f1\u00eda STJ\",\"description\":\"Bolet\u00edn de la Compa\u00f1\u00eda de Santa Teresa de Jes\u00fas\",\"publisher\":{\"@id\":\"https:\\\/\\\/encompaniastj.org\\\/pt-pt\\\/#organization\"},\"potentialAction\":[{\"@type\":\"SearchAction\",\"target\":{\"@type\":\"EntryPoint\",\"urlTemplate\":\"https:\\\/\\\/encompaniastj.org\\\/pt-pt\\\/?s={search_term_string}\"},\"query-input\":{\"@type\":\"PropertyValueSpecification\",\"valueRequired\":true,\"valueName\":\"search_term_string\"}}],\"inLanguage\":\"pt-PT\"},{\"@type\":\"Organization\",\"@id\":\"https:\\\/\\\/encompaniastj.org\\\/pt-pt\\\/#organization\",\"name\":\"Compa\u00f1\u00eda de Santa Teresa de Jes\u00fas\",\"url\":\"https:\\\/\\\/encompaniastj.org\\\/pt-pt\\\/\",\"logo\":{\"@type\":\"ImageObject\",\"inLanguage\":\"pt-PT\",\"@id\":\"https:\\\/\\\/encompaniastj.org\\\/pt-pt\\\/#\\\/schema\\\/logo\\\/image\\\/\",\"url\":\"https:\\\/\\\/encompaniastj.org\\\/wp-content\\\/uploads\\\/2025\\\/04\\\/logo_provincias02-1-3.png\",\"contentUrl\":\"https:\\\/\\\/encompaniastj.org\\\/wp-content\\\/uploads\\\/2025\\\/04\\\/logo_provincias02-1-3.png\",\"width\":2368,\"height\":825,\"caption\":\"Compa\u00f1\u00eda de Santa Teresa de Jes\u00fas\"},\"image\":{\"@id\":\"https:\\\/\\\/encompaniastj.org\\\/pt-pt\\\/#\\\/schema\\\/logo\\\/image\\\/\"}},{\"@type\":\"Person\",\"@id\":\"https:\\\/\\\/encompaniastj.org\\\/pt-pt\\\/#\\\/schema\\\/person\\\/520e7ecc314793d40091993c2a02b651\",\"name\":\"admin\",\"image\":{\"@type\":\"ImageObject\",\"inLanguage\":\"pt-PT\",\"@id\":\"https:\\\/\\\/secure.gravatar.com\\\/avatar\\\/948b492cce32b586ac2db0eaa926ee87024f7afe218d73b397ea5ddfc5f43ea1?s=96&d=mm&r=g\",\"url\":\"https:\\\/\\\/secure.gravatar.com\\\/avatar\\\/948b492cce32b586ac2db0eaa926ee87024f7afe218d73b397ea5ddfc5f43ea1?s=96&d=mm&r=g\",\"contentUrl\":\"https:\\\/\\\/secure.gravatar.com\\\/avatar\\\/948b492cce32b586ac2db0eaa926ee87024f7afe218d73b397ea5ddfc5f43ea1?s=96&d=mm&r=g\",\"caption\":\"admin\"},\"sameAs\":[\"https:\\\/\\\/encompaniastj.org\"],\"url\":\"https:\\\/\\\/encompaniastj.org\\\/pt-pt\\\/author\\\/sjdigital\\\/\"}]}<\/script>\n<!-- \/ Yoast SEO plugin. -->","yoast_head_json":{"title":"Centro Social Teresiano de Verim - En Compa\u00f1\u00eda STJ","robots":{"index":"index","follow":"follow","max-snippet":"max-snippet:-1","max-image-preview":"max-image-preview:large","max-video-preview":"max-video-preview:-1"},"canonical":"https:\/\/encompaniastj.org\/pt-pt\/centro-social-teresiano-de-verim\/","og_locale":"pt_PT","og_type":"article","og_title":"Centro Social Teresiano de Verim - En Compa\u00f1\u00eda STJ","og_description":"Verim \u00e9 uma aldeia muito pequena situada no Concelho da P\u00f3voa de Lanhoso e pertencente \u00e0 linda cidade minhota cujo nome \u00e9 Braga. A maior parte das vezes, esta aldeia [&hellip;]","og_url":"https:\/\/encompaniastj.org\/pt-pt\/centro-social-teresiano-de-verim\/","og_site_name":"En Compa\u00f1\u00eda STJ","article_published_time":"2020-12-15T10:18:30+00:00","article_modified_time":"2025-07-07T14:22:06+00:00","og_image":[{"width":960,"height":720,"url":"https:\/\/encompaniastj.org\/wp-content\/uploads\/2025\/05\/verim2.jpg","type":"image\/jpeg"}],"author":"admin","twitter_card":"summary_large_image","twitter_misc":{"Escrito por":"admin","Tempo estimado de leitura":"3 minutos"},"schema":{"@context":"https:\/\/schema.org","@graph":[{"@type":"Article","@id":"https:\/\/encompaniastj.org\/pt-pt\/centro-social-teresiano-de-verim\/#article","isPartOf":{"@id":"https:\/\/encompaniastj.org\/pt-pt\/centro-social-teresiano-de-verim\/"},"author":{"name":"admin","@id":"https:\/\/encompaniastj.org\/pt-pt\/#\/schema\/person\/520e7ecc314793d40091993c2a02b651"},"headline":"Centro Social Teresiano de Verim","datePublished":"2020-12-15T10:18:30+00:00","dateModified":"2025-07-07T14:22:06+00:00","mainEntityOfPage":{"@id":"https:\/\/encompaniastj.org\/pt-pt\/centro-social-teresiano-de-verim\/"},"wordCount":621,"commentCount":0,"publisher":{"@id":"https:\/\/encompaniastj.org\/pt-pt\/#organization"},"image":{"@id":"https:\/\/encompaniastj.org\/pt-pt\/centro-social-teresiano-de-verim\/#primaryimage"},"thumbnailUrl":"https:\/\/encompaniastj.org\/wp-content\/uploads\/2025\/05\/verim2.jpg","articleSection":["Conhecemo-nos","Projetos"],"inLanguage":"pt-PT","potentialAction":[{"@type":"CommentAction","name":"Comment","target":["https:\/\/encompaniastj.org\/pt-pt\/centro-social-teresiano-de-verim\/#respond"]}]},{"@type":"WebPage","@id":"https:\/\/encompaniastj.org\/pt-pt\/centro-social-teresiano-de-verim\/","url":"https:\/\/encompaniastj.org\/pt-pt\/centro-social-teresiano-de-verim\/","name":"Centro Social Teresiano de Verim - En Compa\u00f1\u00eda STJ","isPartOf":{"@id":"https:\/\/encompaniastj.org\/pt-pt\/#website"},"primaryImageOfPage":{"@id":"https:\/\/encompaniastj.org\/pt-pt\/centro-social-teresiano-de-verim\/#primaryimage"},"image":{"@id":"https:\/\/encompaniastj.org\/pt-pt\/centro-social-teresiano-de-verim\/#primaryimage"},"thumbnailUrl":"https:\/\/encompaniastj.org\/wp-content\/uploads\/2025\/05\/verim2.jpg","datePublished":"2020-12-15T10:18:30+00:00","dateModified":"2025-07-07T14:22:06+00:00","breadcrumb":{"@id":"https:\/\/encompaniastj.org\/pt-pt\/centro-social-teresiano-de-verim\/#breadcrumb"},"inLanguage":"pt-PT","potentialAction":[{"@type":"ReadAction","target":["https:\/\/encompaniastj.org\/pt-pt\/centro-social-teresiano-de-verim\/"]}]},{"@type":"ImageObject","inLanguage":"pt-PT","@id":"https:\/\/encompaniastj.org\/pt-pt\/centro-social-teresiano-de-verim\/#primaryimage","url":"https:\/\/encompaniastj.org\/wp-content\/uploads\/2025\/05\/verim2.jpg","contentUrl":"https:\/\/encompaniastj.org\/wp-content\/uploads\/2025\/05\/verim2.jpg","width":960,"height":720},{"@type":"BreadcrumbList","@id":"https:\/\/encompaniastj.org\/pt-pt\/centro-social-teresiano-de-verim\/#breadcrumb","itemListElement":[{"@type":"ListItem","position":1,"name":"Portada","item":"https:\/\/encompaniastj.org\/pt-pt\/"},{"@type":"ListItem","position":2,"name":"Centro Social Teresiano de Verim"}]},{"@type":"WebSite","@id":"https:\/\/encompaniastj.org\/pt-pt\/#website","url":"https:\/\/encompaniastj.org\/pt-pt\/","name":"En Compa\u00f1\u00eda STJ","description":"Bolet\u00edn de la Compa\u00f1\u00eda de Santa Teresa de Jes\u00fas","publisher":{"@id":"https:\/\/encompaniastj.org\/pt-pt\/#organization"},"potentialAction":[{"@type":"SearchAction","target":{"@type":"EntryPoint","urlTemplate":"https:\/\/encompaniastj.org\/pt-pt\/?s={search_term_string}"},"query-input":{"@type":"PropertyValueSpecification","valueRequired":true,"valueName":"search_term_string"}}],"inLanguage":"pt-PT"},{"@type":"Organization","@id":"https:\/\/encompaniastj.org\/pt-pt\/#organization","name":"Compa\u00f1\u00eda de Santa Teresa de Jes\u00fas","url":"https:\/\/encompaniastj.org\/pt-pt\/","logo":{"@type":"ImageObject","inLanguage":"pt-PT","@id":"https:\/\/encompaniastj.org\/pt-pt\/#\/schema\/logo\/image\/","url":"https:\/\/encompaniastj.org\/wp-content\/uploads\/2025\/04\/logo_provincias02-1-3.png","contentUrl":"https:\/\/encompaniastj.org\/wp-content\/uploads\/2025\/04\/logo_provincias02-1-3.png","width":2368,"height":825,"caption":"Compa\u00f1\u00eda de Santa Teresa de Jes\u00fas"},"image":{"@id":"https:\/\/encompaniastj.org\/pt-pt\/#\/schema\/logo\/image\/"}},{"@type":"Person","@id":"https:\/\/encompaniastj.org\/pt-pt\/#\/schema\/person\/520e7ecc314793d40091993c2a02b651","name":"admin","image":{"@type":"ImageObject","inLanguage":"pt-PT","@id":"https:\/\/secure.gravatar.com\/avatar\/948b492cce32b586ac2db0eaa926ee87024f7afe218d73b397ea5ddfc5f43ea1?s=96&d=mm&r=g","url":"https:\/\/secure.gravatar.com\/avatar\/948b492cce32b586ac2db0eaa926ee87024f7afe218d73b397ea5ddfc5f43ea1?s=96&d=mm&r=g","contentUrl":"https:\/\/secure.gravatar.com\/avatar\/948b492cce32b586ac2db0eaa926ee87024f7afe218d73b397ea5ddfc5f43ea1?s=96&d=mm&r=g","caption":"admin"},"sameAs":["https:\/\/encompaniastj.org"],"url":"https:\/\/encompaniastj.org\/pt-pt\/author\/sjdigital\/"}]}},"_links":{"self":[{"href":"https:\/\/encompaniastj.org\/pt-pt\/wp-json\/wp\/v2\/posts\/10368","targetHints":{"allow":["GET"]}}],"collection":[{"href":"https:\/\/encompaniastj.org\/pt-pt\/wp-json\/wp\/v2\/posts"}],"about":[{"href":"https:\/\/encompaniastj.org\/pt-pt\/wp-json\/wp\/v2\/types\/post"}],"author":[{"embeddable":true,"href":"https:\/\/encompaniastj.org\/pt-pt\/wp-json\/wp\/v2\/users\/1"}],"replies":[{"embeddable":true,"href":"https:\/\/encompaniastj.org\/pt-pt\/wp-json\/wp\/v2\/comments?post=10368"}],"version-history":[{"count":1,"href":"https:\/\/encompaniastj.org\/pt-pt\/wp-json\/wp\/v2\/posts\/10368\/revisions"}],"predecessor-version":[{"id":10369,"href":"https:\/\/encompaniastj.org\/pt-pt\/wp-json\/wp\/v2\/posts\/10368\/revisions\/10369"}],"wp:featuredmedia":[{"embeddable":true,"href":"https:\/\/encompaniastj.org\/pt-pt\/wp-json\/wp\/v2\/media\/7619"}],"wp:attachment":[{"href":"https:\/\/encompaniastj.org\/pt-pt\/wp-json\/wp\/v2\/media?parent=10368"}],"wp:term":[{"taxonomy":"category","embeddable":true,"href":"https:\/\/encompaniastj.org\/pt-pt\/wp-json\/wp\/v2\/categories?post=10368"},{"taxonomy":"post_tag","embeddable":true,"href":"https:\/\/encompaniastj.org\/pt-pt\/wp-json\/wp\/v2\/tags?post=10368"}],"curies":[{"name":"wp","href":"https:\/\/api.w.org\/{rel}","templated":true}]}}