{"id":10366,"date":"2020-12-14T11:27:21","date_gmt":"2020-12-14T10:27:21","guid":{"rendered":"https:\/\/encompaniastj.org\/emiliana-san-jose-redondo-14-de-diciembre-de-2020-roma-via-fregene-2\/"},"modified":"2025-07-07T16:22:06","modified_gmt":"2025-07-07T14:22:06","slug":"emiliana-san-jose-redondo-14-de-diciembre-de-2020-roma-via-fregene-2","status":"publish","type":"post","link":"https:\/\/encompaniastj.org\/pt-pt\/emiliana-san-jose-redondo-14-de-diciembre-de-2020-roma-via-fregene-2\/","title":{"rendered":"Emiliana San Jos\u00e9 Redondo. 14 de diciembre de 2020. (Roma - Via Fregene)"},"content":{"rendered":"\n<p>Suor Emiliana \u00e8 stata &nbsp;\u201cl\u2019angelo Custode\u201d &nbsp;dell\u2019Istituto &nbsp;Santa Teresa e, in modo particolare, dei\npiccoli della Scuola dell\u2019Infanzia e delle loro famiglie.<\/p>\n\n\n\n<p>Nata in un piccolo paese , M\u00e9lida de Pe\u00f1afiel (Va) il\n08\/08\/1925 , sent\u00ec&nbsp; presto il desiderio\ndi dedicare la sua vita a Ges\u00f9.&nbsp; Fu cos\u00ec\nche , a sole 17 anni, ingress\u00f2 nel Noviziato di Tortosa;&nbsp; era&nbsp;\nl\u201911\/06\/1942. Dopo 6 mesi di \u201cprenoviziato\u201d,&nbsp; fa il suo ingresso nel Noviziato il 15\/12\/1942.\nFinito questo periodo,&nbsp; viene destinata a\nBarcelona- Ganduxer dove rimane soltanto un anno, perch\u00e9 il&nbsp; 29\/09\/1947 arriva in Italia, con\ndestinazione&nbsp; Padova &nbsp;e qualche anno dopo, nel 1970,&nbsp; viene trasferita a Roma dove permane fino\nalla fine dei suoi giorni.<\/p>\n\n\n\n<p>Emiliana &nbsp;\u00e8\nstata sempre una persona buona , accogliente,&nbsp;\n&nbsp;molto&nbsp; responsabile&nbsp;\ny \u201centregada\u201d &nbsp;qualsiasi servizio\nle si chiedesse. La sua passione erano i bambini , i piccoli della Scuola\ndell\u2019Infanzia,&nbsp; dei quali si \u00e8 occupata\nper parecchi anni, ed \u00e8 per ci\u00f2 che le loro famiglie &nbsp;e, soprattutto i nonni , la ricordano con\ngrande affetto e tenerezza. &nbsp;<\/p>\n\n\n\n<p>Non poteva stare mai &nbsp;con le mani in mano, tanto che&nbsp; dopo &nbsp;lasciato l\u2019insegnamento, ha voluto incaricarsi\n&nbsp;di accogliere i piccoletti &nbsp;che, per diverse esigenze dei genitori,\narrivavano a scuola il mattino presto: si fermava con loro, insegnava loro a\npregare, li raccontava storie e, &nbsp;tante\nvolte, asciugava le loro &nbsp;lacrimucce che\nvenivano fuori al momento del distacco dai genitori.&nbsp; <\/p>\n\n\n\n<p>Le piaceva pure&nbsp;\nstare in giardino,&nbsp; curare le\npiante&nbsp; e contemplare i fiori; &nbsp;ci teneva veramente! ,&nbsp; e l\u2019ha &nbsp;fatto fino agli ultimi giorni della sua vita.<\/p>\n\n\n\n<p>La dedizione con cui si preoccupava di tutto&nbsp; e prendeva a cuore ogni cosa, fece s\u00ec che la\nsi chiamassi affettuosamente&nbsp; con\nl\u2019appellativo \u201c Maria&nbsp; Angustias\u201d. &nbsp;&nbsp;Lei\nsorrideva compiaciuta.<\/p>\n\n\n\n<p>Amante &nbsp;di Ges\u00f9\nnell\u2019Eucaristia , la domenica&nbsp; non poteva\nmancare al suo momento di \u201cadorazione eucaristica\u201d , nella Basilica di San\nGiovanni in Laterano.\n\nAlla bella et\u00e0 di 96 anni e 48 di vita religiosa il\nSignore l\u2019ha chiamata e l\u2019ha senz\u2019altro accolta tra le &nbsp;sua braccia il 14 dicembre del 2020. \n\n\n\n<\/p>\n","protected":false},"excerpt":{"rendered":"<p>Suor Emiliana \u00e8 stata &nbsp;\u201cl\u2019angelo Custode\u201d &nbsp;dell\u2019Istituto &nbsp;Santa Teresa e, in modo particolare, dei piccoli della Scuola dell\u2019Infanzia e delle loro famiglie. Nata in un piccolo paese , M\u00e9lida de [&hellip;]<\/p>\n","protected":false},"author":1,"featured_media":7616,"comment_status":"open","ping_status":"open","sticky":false,"template":"","format":"standard","meta":{"_acf_changed":false,"footnotes":""},"categories":[69],"tags":[],"class_list":["post-10366","post","type-post","status-publish","format-standard","has-post-thumbnail","hentry","category-falecimentos"],"acf":[],"yoast_head":"<!-- This site is optimized with the Yoast SEO plugin v27.5 - https:\/\/yoast.com\/product\/yoast-seo-wordpress\/ -->\n<title>Emiliana San Jos\u00e9 Redondo. 14 de diciembre de 2020. (Roma - Via Fregene) - En Compa\u00f1\u00eda STJ<\/title>\n<meta name=\"robots\" content=\"index, follow, max-snippet:-1, max-image-preview:large, max-video-preview:-1\" \/>\n<link rel=\"canonical\" href=\"https:\/\/encompaniastj.org\/pt-pt\/emiliana-san-jose-redondo-14-de-diciembre-de-2020-roma-via-fregene-2\/\" \/>\n<meta property=\"og:locale\" content=\"pt_PT\" \/>\n<meta property=\"og:type\" content=\"article\" \/>\n<meta property=\"og:title\" content=\"Emiliana San Jos\u00e9 Redondo. 14 de diciembre de 2020. (Roma - Via Fregene) - En Compa\u00f1\u00eda STJ\" \/>\n<meta property=\"og:description\" content=\"Suor Emiliana \u00e8 stata &nbsp;\u201cl\u2019angelo Custode\u201d &nbsp;dell\u2019Istituto &nbsp;Santa Teresa e, in modo particolare, dei piccoli della Scuola dell\u2019Infanzia e delle loro famiglie. Nata in un piccolo paese , M\u00e9lida de [&hellip;]\" \/>\n<meta property=\"og:url\" content=\"https:\/\/encompaniastj.org\/pt-pt\/emiliana-san-jose-redondo-14-de-diciembre-de-2020-roma-via-fregene-2\/\" \/>\n<meta property=\"og:site_name\" content=\"En Compa\u00f1\u00eda STJ\" \/>\n<meta property=\"article:published_time\" content=\"2020-12-14T10:27:21+00:00\" \/>\n<meta property=\"article:modified_time\" content=\"2025-07-07T14:22:06+00:00\" \/>\n<meta property=\"og:image\" content=\"https:\/\/encompaniastj.org\/wp-content\/uploads\/2025\/05\/rome-4124391_1280.jpg\" \/>\n\t<meta property=\"og:image:width\" content=\"1280\" \/>\n\t<meta property=\"og:image:height\" content=\"896\" \/>\n\t<meta property=\"og:image:type\" content=\"image\/jpeg\" \/>\n<meta name=\"author\" content=\"admin\" \/>\n<meta name=\"twitter:card\" content=\"summary_large_image\" \/>\n<meta name=\"twitter:label1\" content=\"Escrito por\" \/>\n\t<meta name=\"twitter:data1\" content=\"admin\" \/>\n\t<meta name=\"twitter:label2\" content=\"Tempo estimado de leitura\" \/>\n\t<meta name=\"twitter:data2\" content=\"2 minutos\" \/>\n<script type=\"application\/ld+json\" class=\"yoast-schema-graph\">{\"@context\":\"https:\\\/\\\/schema.org\",\"@graph\":[{\"@type\":\"Article\",\"@id\":\"https:\\\/\\\/encompaniastj.org\\\/pt-pt\\\/emiliana-san-jose-redondo-14-de-diciembre-de-2020-roma-via-fregene-2\\\/#article\",\"isPartOf\":{\"@id\":\"https:\\\/\\\/encompaniastj.org\\\/pt-pt\\\/emiliana-san-jose-redondo-14-de-diciembre-de-2020-roma-via-fregene-2\\\/\"},\"author\":{\"name\":\"admin\",\"@id\":\"https:\\\/\\\/encompaniastj.org\\\/pt-pt\\\/#\\\/schema\\\/person\\\/520e7ecc314793d40091993c2a02b651\"},\"headline\":\"Emiliana San Jos\u00e9 Redondo. 14 de diciembre de 2020. (Roma - Via Fregene)\",\"datePublished\":\"2020-12-14T10:27:21+00:00\",\"dateModified\":\"2025-07-07T14:22:06+00:00\",\"mainEntityOfPage\":{\"@id\":\"https:\\\/\\\/encompaniastj.org\\\/pt-pt\\\/emiliana-san-jose-redondo-14-de-diciembre-de-2020-roma-via-fregene-2\\\/\"},\"wordCount\":384,\"commentCount\":0,\"publisher\":{\"@id\":\"https:\\\/\\\/encompaniastj.org\\\/pt-pt\\\/#organization\"},\"image\":{\"@id\":\"https:\\\/\\\/encompaniastj.org\\\/pt-pt\\\/emiliana-san-jose-redondo-14-de-diciembre-de-2020-roma-via-fregene-2\\\/#primaryimage\"},\"thumbnailUrl\":\"https:\\\/\\\/encompaniastj.org\\\/wp-content\\\/uploads\\\/2025\\\/05\\\/rome-4124391_1280.jpg\",\"articleSection\":[\"Falecimentos\"],\"inLanguage\":\"pt-PT\",\"potentialAction\":[{\"@type\":\"CommentAction\",\"name\":\"Comment\",\"target\":[\"https:\\\/\\\/encompaniastj.org\\\/pt-pt\\\/emiliana-san-jose-redondo-14-de-diciembre-de-2020-roma-via-fregene-2\\\/#respond\"]}]},{\"@type\":\"WebPage\",\"@id\":\"https:\\\/\\\/encompaniastj.org\\\/pt-pt\\\/emiliana-san-jose-redondo-14-de-diciembre-de-2020-roma-via-fregene-2\\\/\",\"url\":\"https:\\\/\\\/encompaniastj.org\\\/pt-pt\\\/emiliana-san-jose-redondo-14-de-diciembre-de-2020-roma-via-fregene-2\\\/\",\"name\":\"Emiliana San Jos\u00e9 Redondo. 14 de diciembre de 2020. (Roma - Via Fregene) - En Compa\u00f1\u00eda STJ\",\"isPartOf\":{\"@id\":\"https:\\\/\\\/encompaniastj.org\\\/pt-pt\\\/#website\"},\"primaryImageOfPage\":{\"@id\":\"https:\\\/\\\/encompaniastj.org\\\/pt-pt\\\/emiliana-san-jose-redondo-14-de-diciembre-de-2020-roma-via-fregene-2\\\/#primaryimage\"},\"image\":{\"@id\":\"https:\\\/\\\/encompaniastj.org\\\/pt-pt\\\/emiliana-san-jose-redondo-14-de-diciembre-de-2020-roma-via-fregene-2\\\/#primaryimage\"},\"thumbnailUrl\":\"https:\\\/\\\/encompaniastj.org\\\/wp-content\\\/uploads\\\/2025\\\/05\\\/rome-4124391_1280.jpg\",\"datePublished\":\"2020-12-14T10:27:21+00:00\",\"dateModified\":\"2025-07-07T14:22:06+00:00\",\"breadcrumb\":{\"@id\":\"https:\\\/\\\/encompaniastj.org\\\/pt-pt\\\/emiliana-san-jose-redondo-14-de-diciembre-de-2020-roma-via-fregene-2\\\/#breadcrumb\"},\"inLanguage\":\"pt-PT\",\"potentialAction\":[{\"@type\":\"ReadAction\",\"target\":[\"https:\\\/\\\/encompaniastj.org\\\/pt-pt\\\/emiliana-san-jose-redondo-14-de-diciembre-de-2020-roma-via-fregene-2\\\/\"]}]},{\"@type\":\"ImageObject\",\"inLanguage\":\"pt-PT\",\"@id\":\"https:\\\/\\\/encompaniastj.org\\\/pt-pt\\\/emiliana-san-jose-redondo-14-de-diciembre-de-2020-roma-via-fregene-2\\\/#primaryimage\",\"url\":\"https:\\\/\\\/encompaniastj.org\\\/wp-content\\\/uploads\\\/2025\\\/05\\\/rome-4124391_1280.jpg\",\"contentUrl\":\"https:\\\/\\\/encompaniastj.org\\\/wp-content\\\/uploads\\\/2025\\\/05\\\/rome-4124391_1280.jpg\",\"width\":1280,\"height\":896},{\"@type\":\"BreadcrumbList\",\"@id\":\"https:\\\/\\\/encompaniastj.org\\\/pt-pt\\\/emiliana-san-jose-redondo-14-de-diciembre-de-2020-roma-via-fregene-2\\\/#breadcrumb\",\"itemListElement\":[{\"@type\":\"ListItem\",\"position\":1,\"name\":\"Portada\",\"item\":\"https:\\\/\\\/encompaniastj.org\\\/pt-pt\\\/\"},{\"@type\":\"ListItem\",\"position\":2,\"name\":\"Emiliana San Jos\u00e9 Redondo. 14 de diciembre de 2020. (Roma - Via Fregene)\"}]},{\"@type\":\"WebSite\",\"@id\":\"https:\\\/\\\/encompaniastj.org\\\/pt-pt\\\/#website\",\"url\":\"https:\\\/\\\/encompaniastj.org\\\/pt-pt\\\/\",\"name\":\"En Compa\u00f1\u00eda STJ\",\"description\":\"Bolet\u00edn de la Compa\u00f1\u00eda de Santa Teresa de Jes\u00fas\",\"publisher\":{\"@id\":\"https:\\\/\\\/encompaniastj.org\\\/pt-pt\\\/#organization\"},\"potentialAction\":[{\"@type\":\"SearchAction\",\"target\":{\"@type\":\"EntryPoint\",\"urlTemplate\":\"https:\\\/\\\/encompaniastj.org\\\/pt-pt\\\/?s={search_term_string}\"},\"query-input\":{\"@type\":\"PropertyValueSpecification\",\"valueRequired\":true,\"valueName\":\"search_term_string\"}}],\"inLanguage\":\"pt-PT\"},{\"@type\":\"Organization\",\"@id\":\"https:\\\/\\\/encompaniastj.org\\\/pt-pt\\\/#organization\",\"name\":\"Compa\u00f1\u00eda de Santa Teresa de Jes\u00fas\",\"url\":\"https:\\\/\\\/encompaniastj.org\\\/pt-pt\\\/\",\"logo\":{\"@type\":\"ImageObject\",\"inLanguage\":\"pt-PT\",\"@id\":\"https:\\\/\\\/encompaniastj.org\\\/pt-pt\\\/#\\\/schema\\\/logo\\\/image\\\/\",\"url\":\"https:\\\/\\\/encompaniastj.org\\\/wp-content\\\/uploads\\\/2025\\\/04\\\/logo_provincias02-1-3.png\",\"contentUrl\":\"https:\\\/\\\/encompaniastj.org\\\/wp-content\\\/uploads\\\/2025\\\/04\\\/logo_provincias02-1-3.png\",\"width\":2368,\"height\":825,\"caption\":\"Compa\u00f1\u00eda de Santa Teresa de Jes\u00fas\"},\"image\":{\"@id\":\"https:\\\/\\\/encompaniastj.org\\\/pt-pt\\\/#\\\/schema\\\/logo\\\/image\\\/\"}},{\"@type\":\"Person\",\"@id\":\"https:\\\/\\\/encompaniastj.org\\\/pt-pt\\\/#\\\/schema\\\/person\\\/520e7ecc314793d40091993c2a02b651\",\"name\":\"admin\",\"image\":{\"@type\":\"ImageObject\",\"inLanguage\":\"pt-PT\",\"@id\":\"https:\\\/\\\/secure.gravatar.com\\\/avatar\\\/948b492cce32b586ac2db0eaa926ee87024f7afe218d73b397ea5ddfc5f43ea1?s=96&d=mm&r=g\",\"url\":\"https:\\\/\\\/secure.gravatar.com\\\/avatar\\\/948b492cce32b586ac2db0eaa926ee87024f7afe218d73b397ea5ddfc5f43ea1?s=96&d=mm&r=g\",\"contentUrl\":\"https:\\\/\\\/secure.gravatar.com\\\/avatar\\\/948b492cce32b586ac2db0eaa926ee87024f7afe218d73b397ea5ddfc5f43ea1?s=96&d=mm&r=g\",\"caption\":\"admin\"},\"sameAs\":[\"https:\\\/\\\/encompaniastj.org\"],\"url\":\"https:\\\/\\\/encompaniastj.org\\\/pt-pt\\\/author\\\/sjdigital\\\/\"}]}<\/script>\n<!-- \/ Yoast SEO plugin. -->","yoast_head_json":{"title":"Emiliana San Jos\u00e9 Redondo. 14 de diciembre de 2020. (Roma - Via Fregene) - En Compa\u00f1\u00eda STJ","robots":{"index":"index","follow":"follow","max-snippet":"max-snippet:-1","max-image-preview":"max-image-preview:large","max-video-preview":"max-video-preview:-1"},"canonical":"https:\/\/encompaniastj.org\/pt-pt\/emiliana-san-jose-redondo-14-de-diciembre-de-2020-roma-via-fregene-2\/","og_locale":"pt_PT","og_type":"article","og_title":"Emiliana San Jos\u00e9 Redondo. 14 de diciembre de 2020. (Roma - Via Fregene) - En Compa\u00f1\u00eda STJ","og_description":"Suor Emiliana \u00e8 stata &nbsp;\u201cl\u2019angelo Custode\u201d &nbsp;dell\u2019Istituto &nbsp;Santa Teresa e, in modo particolare, dei piccoli della Scuola dell\u2019Infanzia e delle loro famiglie. Nata in un piccolo paese , M\u00e9lida de [&hellip;]","og_url":"https:\/\/encompaniastj.org\/pt-pt\/emiliana-san-jose-redondo-14-de-diciembre-de-2020-roma-via-fregene-2\/","og_site_name":"En Compa\u00f1\u00eda STJ","article_published_time":"2020-12-14T10:27:21+00:00","article_modified_time":"2025-07-07T14:22:06+00:00","og_image":[{"width":1280,"height":896,"url":"https:\/\/encompaniastj.org\/wp-content\/uploads\/2025\/05\/rome-4124391_1280.jpg","type":"image\/jpeg"}],"author":"admin","twitter_card":"summary_large_image","twitter_misc":{"Escrito por":"admin","Tempo estimado de leitura":"2 minutos"},"schema":{"@context":"https:\/\/schema.org","@graph":[{"@type":"Article","@id":"https:\/\/encompaniastj.org\/pt-pt\/emiliana-san-jose-redondo-14-de-diciembre-de-2020-roma-via-fregene-2\/#article","isPartOf":{"@id":"https:\/\/encompaniastj.org\/pt-pt\/emiliana-san-jose-redondo-14-de-diciembre-de-2020-roma-via-fregene-2\/"},"author":{"name":"admin","@id":"https:\/\/encompaniastj.org\/pt-pt\/#\/schema\/person\/520e7ecc314793d40091993c2a02b651"},"headline":"Emiliana San Jos\u00e9 Redondo. 14 de diciembre de 2020. (Roma - Via Fregene)","datePublished":"2020-12-14T10:27:21+00:00","dateModified":"2025-07-07T14:22:06+00:00","mainEntityOfPage":{"@id":"https:\/\/encompaniastj.org\/pt-pt\/emiliana-san-jose-redondo-14-de-diciembre-de-2020-roma-via-fregene-2\/"},"wordCount":384,"commentCount":0,"publisher":{"@id":"https:\/\/encompaniastj.org\/pt-pt\/#organization"},"image":{"@id":"https:\/\/encompaniastj.org\/pt-pt\/emiliana-san-jose-redondo-14-de-diciembre-de-2020-roma-via-fregene-2\/#primaryimage"},"thumbnailUrl":"https:\/\/encompaniastj.org\/wp-content\/uploads\/2025\/05\/rome-4124391_1280.jpg","articleSection":["Falecimentos"],"inLanguage":"pt-PT","potentialAction":[{"@type":"CommentAction","name":"Comment","target":["https:\/\/encompaniastj.org\/pt-pt\/emiliana-san-jose-redondo-14-de-diciembre-de-2020-roma-via-fregene-2\/#respond"]}]},{"@type":"WebPage","@id":"https:\/\/encompaniastj.org\/pt-pt\/emiliana-san-jose-redondo-14-de-diciembre-de-2020-roma-via-fregene-2\/","url":"https:\/\/encompaniastj.org\/pt-pt\/emiliana-san-jose-redondo-14-de-diciembre-de-2020-roma-via-fregene-2\/","name":"Emiliana San Jos\u00e9 Redondo. 14 de diciembre de 2020. (Roma - Via Fregene) - En Compa\u00f1\u00eda STJ","isPartOf":{"@id":"https:\/\/encompaniastj.org\/pt-pt\/#website"},"primaryImageOfPage":{"@id":"https:\/\/encompaniastj.org\/pt-pt\/emiliana-san-jose-redondo-14-de-diciembre-de-2020-roma-via-fregene-2\/#primaryimage"},"image":{"@id":"https:\/\/encompaniastj.org\/pt-pt\/emiliana-san-jose-redondo-14-de-diciembre-de-2020-roma-via-fregene-2\/#primaryimage"},"thumbnailUrl":"https:\/\/encompaniastj.org\/wp-content\/uploads\/2025\/05\/rome-4124391_1280.jpg","datePublished":"2020-12-14T10:27:21+00:00","dateModified":"2025-07-07T14:22:06+00:00","breadcrumb":{"@id":"https:\/\/encompaniastj.org\/pt-pt\/emiliana-san-jose-redondo-14-de-diciembre-de-2020-roma-via-fregene-2\/#breadcrumb"},"inLanguage":"pt-PT","potentialAction":[{"@type":"ReadAction","target":["https:\/\/encompaniastj.org\/pt-pt\/emiliana-san-jose-redondo-14-de-diciembre-de-2020-roma-via-fregene-2\/"]}]},{"@type":"ImageObject","inLanguage":"pt-PT","@id":"https:\/\/encompaniastj.org\/pt-pt\/emiliana-san-jose-redondo-14-de-diciembre-de-2020-roma-via-fregene-2\/#primaryimage","url":"https:\/\/encompaniastj.org\/wp-content\/uploads\/2025\/05\/rome-4124391_1280.jpg","contentUrl":"https:\/\/encompaniastj.org\/wp-content\/uploads\/2025\/05\/rome-4124391_1280.jpg","width":1280,"height":896},{"@type":"BreadcrumbList","@id":"https:\/\/encompaniastj.org\/pt-pt\/emiliana-san-jose-redondo-14-de-diciembre-de-2020-roma-via-fregene-2\/#breadcrumb","itemListElement":[{"@type":"ListItem","position":1,"name":"Portada","item":"https:\/\/encompaniastj.org\/pt-pt\/"},{"@type":"ListItem","position":2,"name":"Emiliana San Jos\u00e9 Redondo. 14 de diciembre de 2020. (Roma - Via Fregene)"}]},{"@type":"WebSite","@id":"https:\/\/encompaniastj.org\/pt-pt\/#website","url":"https:\/\/encompaniastj.org\/pt-pt\/","name":"En Compa\u00f1\u00eda STJ","description":"Bolet\u00edn de la Compa\u00f1\u00eda de Santa Teresa de Jes\u00fas","publisher":{"@id":"https:\/\/encompaniastj.org\/pt-pt\/#organization"},"potentialAction":[{"@type":"SearchAction","target":{"@type":"EntryPoint","urlTemplate":"https:\/\/encompaniastj.org\/pt-pt\/?s={search_term_string}"},"query-input":{"@type":"PropertyValueSpecification","valueRequired":true,"valueName":"search_term_string"}}],"inLanguage":"pt-PT"},{"@type":"Organization","@id":"https:\/\/encompaniastj.org\/pt-pt\/#organization","name":"Compa\u00f1\u00eda de Santa Teresa de Jes\u00fas","url":"https:\/\/encompaniastj.org\/pt-pt\/","logo":{"@type":"ImageObject","inLanguage":"pt-PT","@id":"https:\/\/encompaniastj.org\/pt-pt\/#\/schema\/logo\/image\/","url":"https:\/\/encompaniastj.org\/wp-content\/uploads\/2025\/04\/logo_provincias02-1-3.png","contentUrl":"https:\/\/encompaniastj.org\/wp-content\/uploads\/2025\/04\/logo_provincias02-1-3.png","width":2368,"height":825,"caption":"Compa\u00f1\u00eda de Santa Teresa de Jes\u00fas"},"image":{"@id":"https:\/\/encompaniastj.org\/pt-pt\/#\/schema\/logo\/image\/"}},{"@type":"Person","@id":"https:\/\/encompaniastj.org\/pt-pt\/#\/schema\/person\/520e7ecc314793d40091993c2a02b651","name":"admin","image":{"@type":"ImageObject","inLanguage":"pt-PT","@id":"https:\/\/secure.gravatar.com\/avatar\/948b492cce32b586ac2db0eaa926ee87024f7afe218d73b397ea5ddfc5f43ea1?s=96&d=mm&r=g","url":"https:\/\/secure.gravatar.com\/avatar\/948b492cce32b586ac2db0eaa926ee87024f7afe218d73b397ea5ddfc5f43ea1?s=96&d=mm&r=g","contentUrl":"https:\/\/secure.gravatar.com\/avatar\/948b492cce32b586ac2db0eaa926ee87024f7afe218d73b397ea5ddfc5f43ea1?s=96&d=mm&r=g","caption":"admin"},"sameAs":["https:\/\/encompaniastj.org"],"url":"https:\/\/encompaniastj.org\/pt-pt\/author\/sjdigital\/"}]}},"_links":{"self":[{"href":"https:\/\/encompaniastj.org\/pt-pt\/wp-json\/wp\/v2\/posts\/10366","targetHints":{"allow":["GET"]}}],"collection":[{"href":"https:\/\/encompaniastj.org\/pt-pt\/wp-json\/wp\/v2\/posts"}],"about":[{"href":"https:\/\/encompaniastj.org\/pt-pt\/wp-json\/wp\/v2\/types\/post"}],"author":[{"embeddable":true,"href":"https:\/\/encompaniastj.org\/pt-pt\/wp-json\/wp\/v2\/users\/1"}],"replies":[{"embeddable":true,"href":"https:\/\/encompaniastj.org\/pt-pt\/wp-json\/wp\/v2\/comments?post=10366"}],"version-history":[{"count":1,"href":"https:\/\/encompaniastj.org\/pt-pt\/wp-json\/wp\/v2\/posts\/10366\/revisions"}],"predecessor-version":[{"id":10367,"href":"https:\/\/encompaniastj.org\/pt-pt\/wp-json\/wp\/v2\/posts\/10366\/revisions\/10367"}],"wp:featuredmedia":[{"embeddable":true,"href":"https:\/\/encompaniastj.org\/pt-pt\/wp-json\/wp\/v2\/media\/7616"}],"wp:attachment":[{"href":"https:\/\/encompaniastj.org\/pt-pt\/wp-json\/wp\/v2\/media?parent=10366"}],"wp:term":[{"taxonomy":"category","embeddable":true,"href":"https:\/\/encompaniastj.org\/pt-pt\/wp-json\/wp\/v2\/categories?post=10366"},{"taxonomy":"post_tag","embeddable":true,"href":"https:\/\/encompaniastj.org\/pt-pt\/wp-json\/wp\/v2\/tags?post=10366"}],"curies":[{"name":"wp","href":"https:\/\/api.w.org\/{rel}","templated":true}]}}