{"id":10348,"date":"2020-12-03T14:25:00","date_gmt":"2020-12-03T13:25:00","guid":{"rendered":"https:\/\/encompaniastj.org\/irma-ma-dolores-ibarguren-iturzaeta-3-de-diciembre-de-2020-san-sebastian-residencia\/"},"modified":"2025-07-07T16:22:03","modified_gmt":"2025-07-07T14:22:03","slug":"irma-ma-dolores-ibarguren-iturzaeta-3-de-diciembre-de-2020-san-sebastian-residencia","status":"publish","type":"post","link":"https:\/\/encompaniastj.org\/pt-pt\/irma-ma-dolores-ibarguren-iturzaeta-3-de-diciembre-de-2020-san-sebastian-residencia\/","title":{"rendered":"Irm\u00e3 M\u00aa Dolores Ibarguren Iturzaeta. 3 de diciembre de 2020. (San Sebasti\u00e1n-Residencia)"},"content":{"rendered":"\n<p>No\ndia 3 de dezembro despedimo-nos da nossa irm\u00e3 M\u00aa Dolores de Cristo Rey\nIbarguren Iturzaeta e, ao faz\u00ea-lo, despedimo-nos de uma mulher boa, \u00edntegra,\nleal e uma fiel seguidora de Jesus. <\/p>\n\n\n\n<p>Ela\nnasceu na bela aldeia de Aia, numa fam\u00edlia com profundas ra\u00edzes crist\u00e3s, que a\nalimentaram desde os prim\u00f3rdios da sua vida com o esp\u00edrito evang\u00e9lico que vivia\nem casa. Esta foi a base que a levou a entregar a vida a Deus, consagrando-se a\nEle na Companhia de Santa Teresa desde 1956.<\/p>\n\n\n\n<p>A sua mem\u00f3ria\nest\u00e1 ligada aos aspetos fundamentais da sua atividade como enfermeira, trabalho\nque desempenhou durante anos na Comunidade de Ganduxer, onde ajudou muitas\nIrm\u00e3s a morrerem com paz e amor, como aqui cuid\u00e1mos dela.<\/p>\n\n\n\n<p>Ao longo da sua\nvida a sa\u00fade a acompanhou e este bom estado f\u00edsico, aliado a uma grande for\u00e7a\nde car\u00e1cter, permitiu-lhe ser uma mulher ativa, trabalhadora e organizada.<\/p>\n\n\n\n<p>Ela chegou a\nesta casa no final do ver\u00e3o de 2018, e n\u00f3s que vivemos com ela este curto\nper\u00edodo de sua vida pudemos constatar que a sua r\u00e1pida deteriora\u00e7\u00e3o foi\nacompanhada por uma reviravolta total no seu temperamento. Ela, que n\u00e3o era\ndada a melindres nem contempla\u00e7\u00f5es, no final de sua vida mostrou que tinha um\ncora\u00e7\u00e3o terno, agradecido \u00e0s car\u00edcias, doador de ternuras temperadas com um\ntoque de travessura quando te piscava um olho em sinal de gratid\u00e3o ou agrado.<\/p>\n\n\n\n<p>No\ndia em que a Igreja celebrou a festa de S\u00e3o Francisco Xavier, dissemos adeus a\nMaria Dolores, adeus a uma mulher teresiana de f\u00e9 que entregou a sua vida ao\nservi\u00e7o do Reino e que agora junto do Nosso Pai diz as palavras que ele mesmo\ndisse para si mesmo:<\/p>\n\n\n\n<p>\u201cDeus\ncuidou de mim e de todas as minhas coisas; nada me faltar\u00e1. Deus \u00e9 sol\u00edcito e\ncuidadoso comigo.\u201d<\/p>\n","protected":false},"excerpt":{"rendered":"<p>No dia 3 de dezembro despedimo-nos da nossa irm\u00e3 M\u00aa Dolores de Cristo Rey Ibarguren Iturzaeta e, ao faz\u00ea-lo, despedimo-nos de uma mulher boa, \u00edntegra, leal e uma fiel seguidora [&hellip;]<\/p>\n","protected":false},"author":1,"featured_media":7601,"comment_status":"open","ping_status":"open","sticky":false,"template":"","format":"standard","meta":{"_acf_changed":false,"footnotes":""},"categories":[69],"tags":[],"class_list":["post-10348","post","type-post","status-publish","format-standard","has-post-thumbnail","hentry","category-falecimentos"],"acf":[],"yoast_head":"<!-- This site is optimized with the Yoast SEO plugin v27.5 - https:\/\/yoast.com\/product\/yoast-seo-wordpress\/ -->\n<title>Irm\u00e3 M\u00aa Dolores Ibarguren Iturzaeta. 3 de diciembre de 2020. (San Sebasti\u00e1n-Residencia) - En Compa\u00f1\u00eda STJ<\/title>\n<meta name=\"robots\" content=\"index, follow, max-snippet:-1, max-image-preview:large, max-video-preview:-1\" \/>\n<link rel=\"canonical\" href=\"https:\/\/encompaniastj.org\/pt-pt\/irma-ma-dolores-ibarguren-iturzaeta-3-de-diciembre-de-2020-san-sebastian-residencia\/\" \/>\n<meta property=\"og:locale\" content=\"pt_PT\" \/>\n<meta property=\"og:type\" content=\"article\" \/>\n<meta property=\"og:title\" content=\"Irm\u00e3 M\u00aa Dolores Ibarguren Iturzaeta. 3 de diciembre de 2020. (San Sebasti\u00e1n-Residencia) - En Compa\u00f1\u00eda STJ\" \/>\n<meta property=\"og:description\" content=\"No dia 3 de dezembro despedimo-nos da nossa irm\u00e3 M\u00aa Dolores de Cristo Rey Ibarguren Iturzaeta e, ao faz\u00ea-lo, despedimo-nos de uma mulher boa, \u00edntegra, leal e uma fiel seguidora [&hellip;]\" \/>\n<meta property=\"og:url\" content=\"https:\/\/encompaniastj.org\/pt-pt\/irma-ma-dolores-ibarguren-iturzaeta-3-de-diciembre-de-2020-san-sebastian-residencia\/\" \/>\n<meta property=\"og:site_name\" content=\"En Compa\u00f1\u00eda STJ\" \/>\n<meta property=\"article:published_time\" content=\"2020-12-03T13:25:00+00:00\" \/>\n<meta property=\"article:modified_time\" content=\"2025-07-07T14:22:03+00:00\" \/>\n<meta property=\"og:image\" content=\"https:\/\/encompaniastj.org\/wp-content\/uploads\/2025\/05\/autumn-3846345_1280.jpg\" \/>\n\t<meta property=\"og:image:width\" content=\"1280\" \/>\n\t<meta property=\"og:image:height\" content=\"719\" \/>\n\t<meta property=\"og:image:type\" content=\"image\/jpeg\" \/>\n<meta name=\"author\" content=\"admin\" \/>\n<meta name=\"twitter:card\" content=\"summary_large_image\" \/>\n<meta name=\"twitter:label1\" content=\"Escrito por\" \/>\n\t<meta name=\"twitter:data1\" content=\"admin\" \/>\n\t<meta name=\"twitter:label2\" content=\"Tempo estimado de leitura\" \/>\n\t<meta name=\"twitter:data2\" content=\"2 minutos\" \/>\n<script type=\"application\/ld+json\" class=\"yoast-schema-graph\">{\"@context\":\"https:\\\/\\\/schema.org\",\"@graph\":[{\"@type\":\"Article\",\"@id\":\"https:\\\/\\\/encompaniastj.org\\\/pt-pt\\\/irma-ma-dolores-ibarguren-iturzaeta-3-de-diciembre-de-2020-san-sebastian-residencia\\\/#article\",\"isPartOf\":{\"@id\":\"https:\\\/\\\/encompaniastj.org\\\/pt-pt\\\/irma-ma-dolores-ibarguren-iturzaeta-3-de-diciembre-de-2020-san-sebastian-residencia\\\/\"},\"author\":{\"name\":\"admin\",\"@id\":\"https:\\\/\\\/encompaniastj.org\\\/pt-pt\\\/#\\\/schema\\\/person\\\/520e7ecc314793d40091993c2a02b651\"},\"headline\":\"Irm\u00e3 M\u00aa Dolores Ibarguren Iturzaeta. 3 de diciembre de 2020. (San Sebasti\u00e1n-Residencia)\",\"datePublished\":\"2020-12-03T13:25:00+00:00\",\"dateModified\":\"2025-07-07T14:22:03+00:00\",\"mainEntityOfPage\":{\"@id\":\"https:\\\/\\\/encompaniastj.org\\\/pt-pt\\\/irma-ma-dolores-ibarguren-iturzaeta-3-de-diciembre-de-2020-san-sebastian-residencia\\\/\"},\"wordCount\":336,\"commentCount\":0,\"publisher\":{\"@id\":\"https:\\\/\\\/encompaniastj.org\\\/pt-pt\\\/#organization\"},\"image\":{\"@id\":\"https:\\\/\\\/encompaniastj.org\\\/pt-pt\\\/irma-ma-dolores-ibarguren-iturzaeta-3-de-diciembre-de-2020-san-sebastian-residencia\\\/#primaryimage\"},\"thumbnailUrl\":\"https:\\\/\\\/encompaniastj.org\\\/wp-content\\\/uploads\\\/2025\\\/05\\\/autumn-3846345_1280.jpg\",\"articleSection\":[\"Falecimentos\"],\"inLanguage\":\"pt-PT\",\"potentialAction\":[{\"@type\":\"CommentAction\",\"name\":\"Comment\",\"target\":[\"https:\\\/\\\/encompaniastj.org\\\/pt-pt\\\/irma-ma-dolores-ibarguren-iturzaeta-3-de-diciembre-de-2020-san-sebastian-residencia\\\/#respond\"]}]},{\"@type\":\"WebPage\",\"@id\":\"https:\\\/\\\/encompaniastj.org\\\/pt-pt\\\/irma-ma-dolores-ibarguren-iturzaeta-3-de-diciembre-de-2020-san-sebastian-residencia\\\/\",\"url\":\"https:\\\/\\\/encompaniastj.org\\\/pt-pt\\\/irma-ma-dolores-ibarguren-iturzaeta-3-de-diciembre-de-2020-san-sebastian-residencia\\\/\",\"name\":\"Irm\u00e3 M\u00aa Dolores Ibarguren Iturzaeta. 3 de diciembre de 2020. (San Sebasti\u00e1n-Residencia) - En Compa\u00f1\u00eda STJ\",\"isPartOf\":{\"@id\":\"https:\\\/\\\/encompaniastj.org\\\/pt-pt\\\/#website\"},\"primaryImageOfPage\":{\"@id\":\"https:\\\/\\\/encompaniastj.org\\\/pt-pt\\\/irma-ma-dolores-ibarguren-iturzaeta-3-de-diciembre-de-2020-san-sebastian-residencia\\\/#primaryimage\"},\"image\":{\"@id\":\"https:\\\/\\\/encompaniastj.org\\\/pt-pt\\\/irma-ma-dolores-ibarguren-iturzaeta-3-de-diciembre-de-2020-san-sebastian-residencia\\\/#primaryimage\"},\"thumbnailUrl\":\"https:\\\/\\\/encompaniastj.org\\\/wp-content\\\/uploads\\\/2025\\\/05\\\/autumn-3846345_1280.jpg\",\"datePublished\":\"2020-12-03T13:25:00+00:00\",\"dateModified\":\"2025-07-07T14:22:03+00:00\",\"breadcrumb\":{\"@id\":\"https:\\\/\\\/encompaniastj.org\\\/pt-pt\\\/irma-ma-dolores-ibarguren-iturzaeta-3-de-diciembre-de-2020-san-sebastian-residencia\\\/#breadcrumb\"},\"inLanguage\":\"pt-PT\",\"potentialAction\":[{\"@type\":\"ReadAction\",\"target\":[\"https:\\\/\\\/encompaniastj.org\\\/pt-pt\\\/irma-ma-dolores-ibarguren-iturzaeta-3-de-diciembre-de-2020-san-sebastian-residencia\\\/\"]}]},{\"@type\":\"ImageObject\",\"inLanguage\":\"pt-PT\",\"@id\":\"https:\\\/\\\/encompaniastj.org\\\/pt-pt\\\/irma-ma-dolores-ibarguren-iturzaeta-3-de-diciembre-de-2020-san-sebastian-residencia\\\/#primaryimage\",\"url\":\"https:\\\/\\\/encompaniastj.org\\\/wp-content\\\/uploads\\\/2025\\\/05\\\/autumn-3846345_1280.jpg\",\"contentUrl\":\"https:\\\/\\\/encompaniastj.org\\\/wp-content\\\/uploads\\\/2025\\\/05\\\/autumn-3846345_1280.jpg\",\"width\":1280,\"height\":719},{\"@type\":\"BreadcrumbList\",\"@id\":\"https:\\\/\\\/encompaniastj.org\\\/pt-pt\\\/irma-ma-dolores-ibarguren-iturzaeta-3-de-diciembre-de-2020-san-sebastian-residencia\\\/#breadcrumb\",\"itemListElement\":[{\"@type\":\"ListItem\",\"position\":1,\"name\":\"Portada\",\"item\":\"https:\\\/\\\/encompaniastj.org\\\/pt-pt\\\/\"},{\"@type\":\"ListItem\",\"position\":2,\"name\":\"Irm\u00e3 M\u00aa Dolores Ibarguren Iturzaeta. 3 de diciembre de 2020. (San Sebasti\u00e1n-Residencia)\"}]},{\"@type\":\"WebSite\",\"@id\":\"https:\\\/\\\/encompaniastj.org\\\/pt-pt\\\/#website\",\"url\":\"https:\\\/\\\/encompaniastj.org\\\/pt-pt\\\/\",\"name\":\"En Compa\u00f1\u00eda STJ\",\"description\":\"Bolet\u00edn de la Compa\u00f1\u00eda de Santa Teresa de Jes\u00fas\",\"publisher\":{\"@id\":\"https:\\\/\\\/encompaniastj.org\\\/pt-pt\\\/#organization\"},\"potentialAction\":[{\"@type\":\"SearchAction\",\"target\":{\"@type\":\"EntryPoint\",\"urlTemplate\":\"https:\\\/\\\/encompaniastj.org\\\/pt-pt\\\/?s={search_term_string}\"},\"query-input\":{\"@type\":\"PropertyValueSpecification\",\"valueRequired\":true,\"valueName\":\"search_term_string\"}}],\"inLanguage\":\"pt-PT\"},{\"@type\":\"Organization\",\"@id\":\"https:\\\/\\\/encompaniastj.org\\\/pt-pt\\\/#organization\",\"name\":\"Compa\u00f1\u00eda de Santa Teresa de Jes\u00fas\",\"url\":\"https:\\\/\\\/encompaniastj.org\\\/pt-pt\\\/\",\"logo\":{\"@type\":\"ImageObject\",\"inLanguage\":\"pt-PT\",\"@id\":\"https:\\\/\\\/encompaniastj.org\\\/pt-pt\\\/#\\\/schema\\\/logo\\\/image\\\/\",\"url\":\"https:\\\/\\\/encompaniastj.org\\\/wp-content\\\/uploads\\\/2025\\\/04\\\/logo_provincias02-1-3.png\",\"contentUrl\":\"https:\\\/\\\/encompaniastj.org\\\/wp-content\\\/uploads\\\/2025\\\/04\\\/logo_provincias02-1-3.png\",\"width\":2368,\"height\":825,\"caption\":\"Compa\u00f1\u00eda de Santa Teresa de Jes\u00fas\"},\"image\":{\"@id\":\"https:\\\/\\\/encompaniastj.org\\\/pt-pt\\\/#\\\/schema\\\/logo\\\/image\\\/\"}},{\"@type\":\"Person\",\"@id\":\"https:\\\/\\\/encompaniastj.org\\\/pt-pt\\\/#\\\/schema\\\/person\\\/520e7ecc314793d40091993c2a02b651\",\"name\":\"admin\",\"image\":{\"@type\":\"ImageObject\",\"inLanguage\":\"pt-PT\",\"@id\":\"https:\\\/\\\/secure.gravatar.com\\\/avatar\\\/948b492cce32b586ac2db0eaa926ee87024f7afe218d73b397ea5ddfc5f43ea1?s=96&d=mm&r=g\",\"url\":\"https:\\\/\\\/secure.gravatar.com\\\/avatar\\\/948b492cce32b586ac2db0eaa926ee87024f7afe218d73b397ea5ddfc5f43ea1?s=96&d=mm&r=g\",\"contentUrl\":\"https:\\\/\\\/secure.gravatar.com\\\/avatar\\\/948b492cce32b586ac2db0eaa926ee87024f7afe218d73b397ea5ddfc5f43ea1?s=96&d=mm&r=g\",\"caption\":\"admin\"},\"sameAs\":[\"https:\\\/\\\/encompaniastj.org\"],\"url\":\"https:\\\/\\\/encompaniastj.org\\\/pt-pt\\\/author\\\/sjdigital\\\/\"}]}<\/script>\n<!-- \/ Yoast SEO plugin. -->","yoast_head_json":{"title":"Irm\u00e3 M\u00aa Dolores Ibarguren Iturzaeta. 3 de diciembre de 2020. (San Sebasti\u00e1n-Residencia) - En Compa\u00f1\u00eda STJ","robots":{"index":"index","follow":"follow","max-snippet":"max-snippet:-1","max-image-preview":"max-image-preview:large","max-video-preview":"max-video-preview:-1"},"canonical":"https:\/\/encompaniastj.org\/pt-pt\/irma-ma-dolores-ibarguren-iturzaeta-3-de-diciembre-de-2020-san-sebastian-residencia\/","og_locale":"pt_PT","og_type":"article","og_title":"Irm\u00e3 M\u00aa Dolores Ibarguren Iturzaeta. 3 de diciembre de 2020. (San Sebasti\u00e1n-Residencia) - En Compa\u00f1\u00eda STJ","og_description":"No dia 3 de dezembro despedimo-nos da nossa irm\u00e3 M\u00aa Dolores de Cristo Rey Ibarguren Iturzaeta e, ao faz\u00ea-lo, despedimo-nos de uma mulher boa, \u00edntegra, leal e uma fiel seguidora [&hellip;]","og_url":"https:\/\/encompaniastj.org\/pt-pt\/irma-ma-dolores-ibarguren-iturzaeta-3-de-diciembre-de-2020-san-sebastian-residencia\/","og_site_name":"En Compa\u00f1\u00eda STJ","article_published_time":"2020-12-03T13:25:00+00:00","article_modified_time":"2025-07-07T14:22:03+00:00","og_image":[{"width":1280,"height":719,"url":"https:\/\/encompaniastj.org\/wp-content\/uploads\/2025\/05\/autumn-3846345_1280.jpg","type":"image\/jpeg"}],"author":"admin","twitter_card":"summary_large_image","twitter_misc":{"Escrito por":"admin","Tempo estimado de leitura":"2 minutos"},"schema":{"@context":"https:\/\/schema.org","@graph":[{"@type":"Article","@id":"https:\/\/encompaniastj.org\/pt-pt\/irma-ma-dolores-ibarguren-iturzaeta-3-de-diciembre-de-2020-san-sebastian-residencia\/#article","isPartOf":{"@id":"https:\/\/encompaniastj.org\/pt-pt\/irma-ma-dolores-ibarguren-iturzaeta-3-de-diciembre-de-2020-san-sebastian-residencia\/"},"author":{"name":"admin","@id":"https:\/\/encompaniastj.org\/pt-pt\/#\/schema\/person\/520e7ecc314793d40091993c2a02b651"},"headline":"Irm\u00e3 M\u00aa Dolores Ibarguren Iturzaeta. 3 de diciembre de 2020. (San Sebasti\u00e1n-Residencia)","datePublished":"2020-12-03T13:25:00+00:00","dateModified":"2025-07-07T14:22:03+00:00","mainEntityOfPage":{"@id":"https:\/\/encompaniastj.org\/pt-pt\/irma-ma-dolores-ibarguren-iturzaeta-3-de-diciembre-de-2020-san-sebastian-residencia\/"},"wordCount":336,"commentCount":0,"publisher":{"@id":"https:\/\/encompaniastj.org\/pt-pt\/#organization"},"image":{"@id":"https:\/\/encompaniastj.org\/pt-pt\/irma-ma-dolores-ibarguren-iturzaeta-3-de-diciembre-de-2020-san-sebastian-residencia\/#primaryimage"},"thumbnailUrl":"https:\/\/encompaniastj.org\/wp-content\/uploads\/2025\/05\/autumn-3846345_1280.jpg","articleSection":["Falecimentos"],"inLanguage":"pt-PT","potentialAction":[{"@type":"CommentAction","name":"Comment","target":["https:\/\/encompaniastj.org\/pt-pt\/irma-ma-dolores-ibarguren-iturzaeta-3-de-diciembre-de-2020-san-sebastian-residencia\/#respond"]}]},{"@type":"WebPage","@id":"https:\/\/encompaniastj.org\/pt-pt\/irma-ma-dolores-ibarguren-iturzaeta-3-de-diciembre-de-2020-san-sebastian-residencia\/","url":"https:\/\/encompaniastj.org\/pt-pt\/irma-ma-dolores-ibarguren-iturzaeta-3-de-diciembre-de-2020-san-sebastian-residencia\/","name":"Irm\u00e3 M\u00aa Dolores Ibarguren Iturzaeta. 3 de diciembre de 2020. (San Sebasti\u00e1n-Residencia) - En Compa\u00f1\u00eda STJ","isPartOf":{"@id":"https:\/\/encompaniastj.org\/pt-pt\/#website"},"primaryImageOfPage":{"@id":"https:\/\/encompaniastj.org\/pt-pt\/irma-ma-dolores-ibarguren-iturzaeta-3-de-diciembre-de-2020-san-sebastian-residencia\/#primaryimage"},"image":{"@id":"https:\/\/encompaniastj.org\/pt-pt\/irma-ma-dolores-ibarguren-iturzaeta-3-de-diciembre-de-2020-san-sebastian-residencia\/#primaryimage"},"thumbnailUrl":"https:\/\/encompaniastj.org\/wp-content\/uploads\/2025\/05\/autumn-3846345_1280.jpg","datePublished":"2020-12-03T13:25:00+00:00","dateModified":"2025-07-07T14:22:03+00:00","breadcrumb":{"@id":"https:\/\/encompaniastj.org\/pt-pt\/irma-ma-dolores-ibarguren-iturzaeta-3-de-diciembre-de-2020-san-sebastian-residencia\/#breadcrumb"},"inLanguage":"pt-PT","potentialAction":[{"@type":"ReadAction","target":["https:\/\/encompaniastj.org\/pt-pt\/irma-ma-dolores-ibarguren-iturzaeta-3-de-diciembre-de-2020-san-sebastian-residencia\/"]}]},{"@type":"ImageObject","inLanguage":"pt-PT","@id":"https:\/\/encompaniastj.org\/pt-pt\/irma-ma-dolores-ibarguren-iturzaeta-3-de-diciembre-de-2020-san-sebastian-residencia\/#primaryimage","url":"https:\/\/encompaniastj.org\/wp-content\/uploads\/2025\/05\/autumn-3846345_1280.jpg","contentUrl":"https:\/\/encompaniastj.org\/wp-content\/uploads\/2025\/05\/autumn-3846345_1280.jpg","width":1280,"height":719},{"@type":"BreadcrumbList","@id":"https:\/\/encompaniastj.org\/pt-pt\/irma-ma-dolores-ibarguren-iturzaeta-3-de-diciembre-de-2020-san-sebastian-residencia\/#breadcrumb","itemListElement":[{"@type":"ListItem","position":1,"name":"Portada","item":"https:\/\/encompaniastj.org\/pt-pt\/"},{"@type":"ListItem","position":2,"name":"Irm\u00e3 M\u00aa Dolores Ibarguren Iturzaeta. 3 de diciembre de 2020. (San Sebasti\u00e1n-Residencia)"}]},{"@type":"WebSite","@id":"https:\/\/encompaniastj.org\/pt-pt\/#website","url":"https:\/\/encompaniastj.org\/pt-pt\/","name":"En Compa\u00f1\u00eda STJ","description":"Bolet\u00edn de la Compa\u00f1\u00eda de Santa Teresa de Jes\u00fas","publisher":{"@id":"https:\/\/encompaniastj.org\/pt-pt\/#organization"},"potentialAction":[{"@type":"SearchAction","target":{"@type":"EntryPoint","urlTemplate":"https:\/\/encompaniastj.org\/pt-pt\/?s={search_term_string}"},"query-input":{"@type":"PropertyValueSpecification","valueRequired":true,"valueName":"search_term_string"}}],"inLanguage":"pt-PT"},{"@type":"Organization","@id":"https:\/\/encompaniastj.org\/pt-pt\/#organization","name":"Compa\u00f1\u00eda de Santa Teresa de Jes\u00fas","url":"https:\/\/encompaniastj.org\/pt-pt\/","logo":{"@type":"ImageObject","inLanguage":"pt-PT","@id":"https:\/\/encompaniastj.org\/pt-pt\/#\/schema\/logo\/image\/","url":"https:\/\/encompaniastj.org\/wp-content\/uploads\/2025\/04\/logo_provincias02-1-3.png","contentUrl":"https:\/\/encompaniastj.org\/wp-content\/uploads\/2025\/04\/logo_provincias02-1-3.png","width":2368,"height":825,"caption":"Compa\u00f1\u00eda de Santa Teresa de Jes\u00fas"},"image":{"@id":"https:\/\/encompaniastj.org\/pt-pt\/#\/schema\/logo\/image\/"}},{"@type":"Person","@id":"https:\/\/encompaniastj.org\/pt-pt\/#\/schema\/person\/520e7ecc314793d40091993c2a02b651","name":"admin","image":{"@type":"ImageObject","inLanguage":"pt-PT","@id":"https:\/\/secure.gravatar.com\/avatar\/948b492cce32b586ac2db0eaa926ee87024f7afe218d73b397ea5ddfc5f43ea1?s=96&d=mm&r=g","url":"https:\/\/secure.gravatar.com\/avatar\/948b492cce32b586ac2db0eaa926ee87024f7afe218d73b397ea5ddfc5f43ea1?s=96&d=mm&r=g","contentUrl":"https:\/\/secure.gravatar.com\/avatar\/948b492cce32b586ac2db0eaa926ee87024f7afe218d73b397ea5ddfc5f43ea1?s=96&d=mm&r=g","caption":"admin"},"sameAs":["https:\/\/encompaniastj.org"],"url":"https:\/\/encompaniastj.org\/pt-pt\/author\/sjdigital\/"}]}},"_links":{"self":[{"href":"https:\/\/encompaniastj.org\/pt-pt\/wp-json\/wp\/v2\/posts\/10348","targetHints":{"allow":["GET"]}}],"collection":[{"href":"https:\/\/encompaniastj.org\/pt-pt\/wp-json\/wp\/v2\/posts"}],"about":[{"href":"https:\/\/encompaniastj.org\/pt-pt\/wp-json\/wp\/v2\/types\/post"}],"author":[{"embeddable":true,"href":"https:\/\/encompaniastj.org\/pt-pt\/wp-json\/wp\/v2\/users\/1"}],"replies":[{"embeddable":true,"href":"https:\/\/encompaniastj.org\/pt-pt\/wp-json\/wp\/v2\/comments?post=10348"}],"version-history":[{"count":1,"href":"https:\/\/encompaniastj.org\/pt-pt\/wp-json\/wp\/v2\/posts\/10348\/revisions"}],"predecessor-version":[{"id":10349,"href":"https:\/\/encompaniastj.org\/pt-pt\/wp-json\/wp\/v2\/posts\/10348\/revisions\/10349"}],"wp:featuredmedia":[{"embeddable":true,"href":"https:\/\/encompaniastj.org\/pt-pt\/wp-json\/wp\/v2\/media\/7601"}],"wp:attachment":[{"href":"https:\/\/encompaniastj.org\/pt-pt\/wp-json\/wp\/v2\/media?parent=10348"}],"wp:term":[{"taxonomy":"category","embeddable":true,"href":"https:\/\/encompaniastj.org\/pt-pt\/wp-json\/wp\/v2\/categories?post=10348"},{"taxonomy":"post_tag","embeddable":true,"href":"https:\/\/encompaniastj.org\/pt-pt\/wp-json\/wp\/v2\/tags?post=10348"}],"curies":[{"name":"wp","href":"https:\/\/api.w.org\/{rel}","templated":true}]}}