{"id":10346,"date":"2020-12-03T14:21:41","date_gmt":"2020-12-03T13:21:41","guid":{"rendered":"https:\/\/encompaniastj.org\/comunidade-salamanca-residencia-celebracao-das-bodas-de-prata-da-casa\/"},"modified":"2025-07-07T16:22:03","modified_gmt":"2025-07-07T14:22:03","slug":"comunidade-salamanca-residencia-celebracao-das-bodas-de-prata-da-casa","status":"publish","type":"post","link":"https:\/\/encompaniastj.org\/pt-pt\/comunidade-salamanca-residencia-celebracao-das-bodas-de-prata-da-casa\/","title":{"rendered":"Comunidade Salamanca-Resid\u00eancia: celebra\u00e7\u00e3o das bodas de prata da casa"},"content":{"rendered":"\n<p>No 1\u00ba dia de novembro deste ano de 2020, data pela qual\nesper\u00e1vamos h\u00e1 meses, celebr\u00e1mos o Jubileu de Prata da nossa casa, a Resid\u00eancia-Enfermaria\nde Salamanca. As restri\u00e7\u00f5es impostas pela Covid-19, obrigaram-nos a faz\u00ea-lo em\n\u201cpequena fam\u00edlia\u201d, somente a Comunidade; mas isso n\u00e3o nos impediu de faz\u00ea-lo\ncom alegria agradecida e com toda a solenidade, uma solene Eucaristia de A\u00e7\u00e3o\nde Gra\u00e7as pelo que foi ontem, o que \u00e9 hoje e, sobretudo, uma mem\u00f3ria comovente\ne grata \u00e0s irm\u00e3s que ao longo destes 25 anos formaram a comunidade e passaram\npara a Casa do Pai.<\/p>\n\n\n\n<ul class=\"wp-block-gallery columns-3 is-cropped wp-block-gallery-1 is-layout-flex wp-block-gallery-is-layout-flex\"><li class=\"blocks-gallery-item\"><figure><img decoding=\"async\" src=\"https:\/\/encompaniastj.org\/wp-content\/uploads\/2025\/05\/Salamanca4.jpg\" alt=\"\" data-id=\"7199\" data-link=\"https:\/\/encompaniastj.org\/pt-pt\/salamanca4-2\/\" class=\"wp-image-7199\"\/><\/figure><\/li><li class=\"blocks-gallery-item\"><figure><img decoding=\"async\" src=\"https:\/\/encompaniastj.org\/wp-content\/uploads\/2025\/05\/Salamanca3-1.jpg\" alt=\"\" data-id=\"7197\" data-link=\"https:\/\/encompaniastj.org\/pt-pt\/salamanca3-2-2\/\" class=\"wp-image-7197\"\/><\/figure><\/li><li class=\"blocks-gallery-item\"><figure><img decoding=\"async\" src=\"https:\/\/encompaniastj.org\/wp-content\/uploads\/2025\/05\/Salamanca.jpg\" alt=\"\" data-id=\"7195\" data-link=\"https:\/\/encompaniastj.org\/pt-pt\/salamanca-2\/\" class=\"wp-image-7195\"\/><\/figure><\/li><\/ul>\n\n\n\n<p>Obviamente, seguiu-se um apetitoso pequeno-almo\u00e7o e um\nexcelente almo\u00e7o, que goz\u00e1mos em fraternidade e alegremente.<\/p>\n\n\n\n<p>Num momento descontra\u00eddo de conv\u00edvio ap\u00f3s o jantar, recordaram-se\nanedotas daqueles primeiros anos, j\u00e1 que algumas irm\u00e3s que hoje fazem parte da\ncomunidade s\u00e3o do grupo de irm\u00e3s que faleceram no Col\u00e9gio: Irm\u00e3s Am\u00e9lia Garc\u00eda,\nMaria Teresa Mart\u00edn Sanch\u00e9z-Espiga e Fulg\u00eancia Simon.<\/p>\n\n\n\n<p>A casa iniciou o seu caminho, naquele j\u00e1 distante, 1 \u00b0 de\nnovembro de 1995, com uma comunidade composta por 22 irm\u00e3s, uma boa parte delas\noriundas da comunidade do col\u00e9gio, circunst\u00e2ncia que permitiu que v\u00e1rias delas\npudessem continuar a atividade docente no mesmo , tendo em conta que a nova\ncasa se situa no recinto do Col\u00e9gio e com acesso direto ao mesmo atrav\u00e9s de um\ndos p\u00e1tios.<\/p>\n\n\n\n<p>Com o passar do tempo e obrigadas pelas circunst\u00e2ncias,\ntanto o edif\u00edcio como a comunidade foram evoluindo at\u00e9 hoje.<\/p>\n\n\n\n<p>H\u00e1 alguns anos foi alargada uma ala da casa, para construir\numa <strong>Enfermaria,<\/strong> que j\u00e1 se via necess\u00e1ria dada a situa\u00e7\u00e3o de algumas\nIrm\u00e3s, necessitadas de espa\u00e7o e de cuidados especiais, o que fez que passasse\natualmente a ser uma Resid\u00eancia-Enfermaria.<\/p>\n\n\n\n<p>Hoje formamos a comunidade 23 irm\u00e3s, todas j\u00e1 aposentadas,\ncom idades entre 68 e 95 anos. A maioria delas ajuda em v\u00e1rias tarefas dom\u00e9sticas\ne alguns de n\u00f3s realizamos atividades de Voluntariado fora da comunidade:\nC\u00e1ritas, roupeiros sociais, refeit\u00f3rio dos Pobres, grupos de Ora\u00e7\u00e3o, centro de\ndia para pessoas com problemas mentais e que agora n\u00e3o podemos continuar\najudando devido \u00e0s circunst\u00e2ncias da Pandemia, mas com quem continuamos em\ncontato e esperamos poder voltar quando a situa\u00e7\u00e3o de sa\u00fade o permitir.<\/p>\n\n\n\n<p>As pessoas de fora que trabalham na casa: cuidadoras,\ncozinheiras, v\u00e1rios funcion\u00e1rios, mostram que se sentem \u00e0 vontade connosco devido\nao tratamento pr\u00f3ximo e amig\u00e1vel das irm\u00e3s.<\/p>\n\n\n\n<p>Como no dia 1, a Moni\u00e7\u00e3o de entrada da Eucaristia nos dizia:\n\u201cqueremos dar gra\u00e7as a Deus pelas pessoas, pelos acontecimentos, pelos servi\u00e7os\ne pela entrega que vivemos. Acima de tudo, agradecemos-lhe porque continua a\nsustentar a nossa vida, continua a encher-nos com a sua Paz, chama-nos todos os\ndias a caminhar com fidelidade no seu Amor e a continuar a colaborar na\nconstru\u00e7\u00e3o do Reino\u201d.<\/p>\n","protected":false},"excerpt":{"rendered":"<p>No 1\u00ba dia de novembro deste ano de 2020, data pela qual esper\u00e1vamos h\u00e1 meses, celebr\u00e1mos o Jubileu de Prata da nossa casa, a Resid\u00eancia-Enfermaria de Salamanca. As restri\u00e7\u00f5es impostas [&hellip;]<\/p>\n","protected":false},"author":1,"featured_media":7600,"comment_status":"open","ping_status":"open","sticky":false,"template":"","format":"standard","meta":{"_acf_changed":false,"_et_pb_use_builder":"","_et_pb_old_content":"","_et_gb_content_width":"","footnotes":""},"categories":[61,68],"tags":[],"class_list":["post-10346","post","type-post","status-publish","format-standard","has-post-thumbnail","hentry","category-noticias","category-outras"],"acf":[],"yoast_head":"<!-- This site is optimized with the Yoast SEO plugin v27.5 - https:\/\/yoast.com\/product\/yoast-seo-wordpress\/ -->\n<title>Comunidade Salamanca-Resid\u00eancia: celebra\u00e7\u00e3o das bodas de prata da casa - En Compa\u00f1\u00eda STJ<\/title>\n<meta name=\"robots\" content=\"index, follow, max-snippet:-1, max-image-preview:large, max-video-preview:-1\" \/>\n<link rel=\"canonical\" href=\"https:\/\/encompaniastj.org\/pt-pt\/comunidade-salamanca-residencia-celebracao-das-bodas-de-prata-da-casa\/\" \/>\n<meta property=\"og:locale\" content=\"pt_PT\" \/>\n<meta property=\"og:type\" content=\"article\" \/>\n<meta property=\"og:title\" content=\"Comunidade Salamanca-Resid\u00eancia: celebra\u00e7\u00e3o das bodas de prata da casa - En Compa\u00f1\u00eda STJ\" \/>\n<meta property=\"og:description\" content=\"No 1\u00ba dia de novembro deste ano de 2020, data pela qual esper\u00e1vamos h\u00e1 meses, celebr\u00e1mos o Jubileu de Prata da nossa casa, a Resid\u00eancia-Enfermaria de Salamanca. As restri\u00e7\u00f5es impostas [&hellip;]\" \/>\n<meta property=\"og:url\" content=\"https:\/\/encompaniastj.org\/pt-pt\/comunidade-salamanca-residencia-celebracao-das-bodas-de-prata-da-casa\/\" \/>\n<meta property=\"og:site_name\" content=\"En Compa\u00f1\u00eda STJ\" \/>\n<meta property=\"article:published_time\" content=\"2020-12-03T13:21:41+00:00\" \/>\n<meta property=\"article:modified_time\" content=\"2025-07-07T14:22:03+00:00\" \/>\n<meta property=\"og:image\" content=\"https:\/\/encompaniastj.org\/wp-content\/uploads\/2025\/05\/Salamanca3.jpg\" \/>\n\t<meta property=\"og:image:width\" content=\"500\" \/>\n\t<meta property=\"og:image:height\" content=\"236\" \/>\n\t<meta property=\"og:image:type\" content=\"image\/jpeg\" \/>\n<meta name=\"author\" content=\"admin\" \/>\n<meta name=\"twitter:card\" content=\"summary_large_image\" \/>\n<meta name=\"twitter:label1\" content=\"Escrito por\" \/>\n\t<meta name=\"twitter:data1\" content=\"admin\" \/>\n\t<meta name=\"twitter:label2\" content=\"Tempo estimado de leitura\" \/>\n\t<meta name=\"twitter:data2\" content=\"3 minutos\" \/>\n<script type=\"application\/ld+json\" class=\"yoast-schema-graph\">{\"@context\":\"https:\\\/\\\/schema.org\",\"@graph\":[{\"@type\":\"Article\",\"@id\":\"https:\\\/\\\/encompaniastj.org\\\/pt-pt\\\/comunidade-salamanca-residencia-celebracao-das-bodas-de-prata-da-casa\\\/#article\",\"isPartOf\":{\"@id\":\"https:\\\/\\\/encompaniastj.org\\\/pt-pt\\\/comunidade-salamanca-residencia-celebracao-das-bodas-de-prata-da-casa\\\/\"},\"author\":{\"name\":\"admin\",\"@id\":\"https:\\\/\\\/encompaniastj.org\\\/pt-pt\\\/#\\\/schema\\\/person\\\/520e7ecc314793d40091993c2a02b651\"},\"headline\":\"Comunidade Salamanca-Resid\u00eancia: celebra\u00e7\u00e3o das bodas de prata da casa\",\"datePublished\":\"2020-12-03T13:21:41+00:00\",\"dateModified\":\"2025-07-07T14:22:03+00:00\",\"mainEntityOfPage\":{\"@id\":\"https:\\\/\\\/encompaniastj.org\\\/pt-pt\\\/comunidade-salamanca-residencia-celebracao-das-bodas-de-prata-da-casa\\\/\"},\"wordCount\":515,\"commentCount\":0,\"publisher\":{\"@id\":\"https:\\\/\\\/encompaniastj.org\\\/pt-pt\\\/#organization\"},\"image\":{\"@id\":\"https:\\\/\\\/encompaniastj.org\\\/pt-pt\\\/comunidade-salamanca-residencia-celebracao-das-bodas-de-prata-da-casa\\\/#primaryimage\"},\"thumbnailUrl\":\"https:\\\/\\\/encompaniastj.org\\\/wp-content\\\/uploads\\\/2025\\\/05\\\/Salamanca3.jpg\",\"articleSection\":[\"Noticias\",\"Outras\"],\"inLanguage\":\"pt-PT\",\"potentialAction\":[{\"@type\":\"CommentAction\",\"name\":\"Comment\",\"target\":[\"https:\\\/\\\/encompaniastj.org\\\/pt-pt\\\/comunidade-salamanca-residencia-celebracao-das-bodas-de-prata-da-casa\\\/#respond\"]}]},{\"@type\":\"WebPage\",\"@id\":\"https:\\\/\\\/encompaniastj.org\\\/pt-pt\\\/comunidade-salamanca-residencia-celebracao-das-bodas-de-prata-da-casa\\\/\",\"url\":\"https:\\\/\\\/encompaniastj.org\\\/pt-pt\\\/comunidade-salamanca-residencia-celebracao-das-bodas-de-prata-da-casa\\\/\",\"name\":\"Comunidade Salamanca-Resid\u00eancia: celebra\u00e7\u00e3o das bodas de prata da casa - En Compa\u00f1\u00eda STJ\",\"isPartOf\":{\"@id\":\"https:\\\/\\\/encompaniastj.org\\\/pt-pt\\\/#website\"},\"primaryImageOfPage\":{\"@id\":\"https:\\\/\\\/encompaniastj.org\\\/pt-pt\\\/comunidade-salamanca-residencia-celebracao-das-bodas-de-prata-da-casa\\\/#primaryimage\"},\"image\":{\"@id\":\"https:\\\/\\\/encompaniastj.org\\\/pt-pt\\\/comunidade-salamanca-residencia-celebracao-das-bodas-de-prata-da-casa\\\/#primaryimage\"},\"thumbnailUrl\":\"https:\\\/\\\/encompaniastj.org\\\/wp-content\\\/uploads\\\/2025\\\/05\\\/Salamanca3.jpg\",\"datePublished\":\"2020-12-03T13:21:41+00:00\",\"dateModified\":\"2025-07-07T14:22:03+00:00\",\"breadcrumb\":{\"@id\":\"https:\\\/\\\/encompaniastj.org\\\/pt-pt\\\/comunidade-salamanca-residencia-celebracao-das-bodas-de-prata-da-casa\\\/#breadcrumb\"},\"inLanguage\":\"pt-PT\",\"potentialAction\":[{\"@type\":\"ReadAction\",\"target\":[\"https:\\\/\\\/encompaniastj.org\\\/pt-pt\\\/comunidade-salamanca-residencia-celebracao-das-bodas-de-prata-da-casa\\\/\"]}]},{\"@type\":\"ImageObject\",\"inLanguage\":\"pt-PT\",\"@id\":\"https:\\\/\\\/encompaniastj.org\\\/pt-pt\\\/comunidade-salamanca-residencia-celebracao-das-bodas-de-prata-da-casa\\\/#primaryimage\",\"url\":\"https:\\\/\\\/encompaniastj.org\\\/wp-content\\\/uploads\\\/2025\\\/05\\\/Salamanca3.jpg\",\"contentUrl\":\"https:\\\/\\\/encompaniastj.org\\\/wp-content\\\/uploads\\\/2025\\\/05\\\/Salamanca3.jpg\",\"width\":500,\"height\":236},{\"@type\":\"BreadcrumbList\",\"@id\":\"https:\\\/\\\/encompaniastj.org\\\/pt-pt\\\/comunidade-salamanca-residencia-celebracao-das-bodas-de-prata-da-casa\\\/#breadcrumb\",\"itemListElement\":[{\"@type\":\"ListItem\",\"position\":1,\"name\":\"Portada\",\"item\":\"https:\\\/\\\/encompaniastj.org\\\/pt-pt\\\/\"},{\"@type\":\"ListItem\",\"position\":2,\"name\":\"Comunidade Salamanca-Resid\u00eancia: celebra\u00e7\u00e3o das bodas de prata da casa\"}]},{\"@type\":\"WebSite\",\"@id\":\"https:\\\/\\\/encompaniastj.org\\\/pt-pt\\\/#website\",\"url\":\"https:\\\/\\\/encompaniastj.org\\\/pt-pt\\\/\",\"name\":\"En Compa\u00f1\u00eda STJ\",\"description\":\"Bolet\u00edn de la Compa\u00f1\u00eda de Santa Teresa de Jes\u00fas\",\"publisher\":{\"@id\":\"https:\\\/\\\/encompaniastj.org\\\/pt-pt\\\/#organization\"},\"potentialAction\":[{\"@type\":\"SearchAction\",\"target\":{\"@type\":\"EntryPoint\",\"urlTemplate\":\"https:\\\/\\\/encompaniastj.org\\\/pt-pt\\\/?s={search_term_string}\"},\"query-input\":{\"@type\":\"PropertyValueSpecification\",\"valueRequired\":true,\"valueName\":\"search_term_string\"}}],\"inLanguage\":\"pt-PT\"},{\"@type\":\"Organization\",\"@id\":\"https:\\\/\\\/encompaniastj.org\\\/pt-pt\\\/#organization\",\"name\":\"Compa\u00f1\u00eda de Santa Teresa de Jes\u00fas\",\"url\":\"https:\\\/\\\/encompaniastj.org\\\/pt-pt\\\/\",\"logo\":{\"@type\":\"ImageObject\",\"inLanguage\":\"pt-PT\",\"@id\":\"https:\\\/\\\/encompaniastj.org\\\/pt-pt\\\/#\\\/schema\\\/logo\\\/image\\\/\",\"url\":\"https:\\\/\\\/encompaniastj.org\\\/wp-content\\\/uploads\\\/2025\\\/04\\\/logo_provincias02-1-3.png\",\"contentUrl\":\"https:\\\/\\\/encompaniastj.org\\\/wp-content\\\/uploads\\\/2025\\\/04\\\/logo_provincias02-1-3.png\",\"width\":2368,\"height\":825,\"caption\":\"Compa\u00f1\u00eda de Santa Teresa de Jes\u00fas\"},\"image\":{\"@id\":\"https:\\\/\\\/encompaniastj.org\\\/pt-pt\\\/#\\\/schema\\\/logo\\\/image\\\/\"}},{\"@type\":\"Person\",\"@id\":\"https:\\\/\\\/encompaniastj.org\\\/pt-pt\\\/#\\\/schema\\\/person\\\/520e7ecc314793d40091993c2a02b651\",\"name\":\"admin\",\"image\":{\"@type\":\"ImageObject\",\"inLanguage\":\"pt-PT\",\"@id\":\"https:\\\/\\\/secure.gravatar.com\\\/avatar\\\/948b492cce32b586ac2db0eaa926ee87024f7afe218d73b397ea5ddfc5f43ea1?s=96&d=mm&r=g\",\"url\":\"https:\\\/\\\/secure.gravatar.com\\\/avatar\\\/948b492cce32b586ac2db0eaa926ee87024f7afe218d73b397ea5ddfc5f43ea1?s=96&d=mm&r=g\",\"contentUrl\":\"https:\\\/\\\/secure.gravatar.com\\\/avatar\\\/948b492cce32b586ac2db0eaa926ee87024f7afe218d73b397ea5ddfc5f43ea1?s=96&d=mm&r=g\",\"caption\":\"admin\"},\"sameAs\":[\"https:\\\/\\\/encompaniastj.org\"],\"url\":\"https:\\\/\\\/encompaniastj.org\\\/pt-pt\\\/author\\\/sjdigital\\\/\"}]}<\/script>\n<!-- \/ Yoast SEO plugin. -->","yoast_head_json":{"title":"Comunidade Salamanca-Resid\u00eancia: celebra\u00e7\u00e3o das bodas de prata da casa - En Compa\u00f1\u00eda STJ","robots":{"index":"index","follow":"follow","max-snippet":"max-snippet:-1","max-image-preview":"max-image-preview:large","max-video-preview":"max-video-preview:-1"},"canonical":"https:\/\/encompaniastj.org\/pt-pt\/comunidade-salamanca-residencia-celebracao-das-bodas-de-prata-da-casa\/","og_locale":"pt_PT","og_type":"article","og_title":"Comunidade Salamanca-Resid\u00eancia: celebra\u00e7\u00e3o das bodas de prata da casa - En Compa\u00f1\u00eda STJ","og_description":"No 1\u00ba dia de novembro deste ano de 2020, data pela qual esper\u00e1vamos h\u00e1 meses, celebr\u00e1mos o Jubileu de Prata da nossa casa, a Resid\u00eancia-Enfermaria de Salamanca. As restri\u00e7\u00f5es impostas [&hellip;]","og_url":"https:\/\/encompaniastj.org\/pt-pt\/comunidade-salamanca-residencia-celebracao-das-bodas-de-prata-da-casa\/","og_site_name":"En Compa\u00f1\u00eda STJ","article_published_time":"2020-12-03T13:21:41+00:00","article_modified_time":"2025-07-07T14:22:03+00:00","og_image":[{"width":500,"height":236,"url":"https:\/\/encompaniastj.org\/wp-content\/uploads\/2025\/05\/Salamanca3.jpg","type":"image\/jpeg"}],"author":"admin","twitter_card":"summary_large_image","twitter_misc":{"Escrito por":"admin","Tempo estimado de leitura":"3 minutos"},"schema":{"@context":"https:\/\/schema.org","@graph":[{"@type":"Article","@id":"https:\/\/encompaniastj.org\/pt-pt\/comunidade-salamanca-residencia-celebracao-das-bodas-de-prata-da-casa\/#article","isPartOf":{"@id":"https:\/\/encompaniastj.org\/pt-pt\/comunidade-salamanca-residencia-celebracao-das-bodas-de-prata-da-casa\/"},"author":{"name":"admin","@id":"https:\/\/encompaniastj.org\/pt-pt\/#\/schema\/person\/520e7ecc314793d40091993c2a02b651"},"headline":"Comunidade Salamanca-Resid\u00eancia: celebra\u00e7\u00e3o das bodas de prata da casa","datePublished":"2020-12-03T13:21:41+00:00","dateModified":"2025-07-07T14:22:03+00:00","mainEntityOfPage":{"@id":"https:\/\/encompaniastj.org\/pt-pt\/comunidade-salamanca-residencia-celebracao-das-bodas-de-prata-da-casa\/"},"wordCount":515,"commentCount":0,"publisher":{"@id":"https:\/\/encompaniastj.org\/pt-pt\/#organization"},"image":{"@id":"https:\/\/encompaniastj.org\/pt-pt\/comunidade-salamanca-residencia-celebracao-das-bodas-de-prata-da-casa\/#primaryimage"},"thumbnailUrl":"https:\/\/encompaniastj.org\/wp-content\/uploads\/2025\/05\/Salamanca3.jpg","articleSection":["Noticias","Outras"],"inLanguage":"pt-PT","potentialAction":[{"@type":"CommentAction","name":"Comment","target":["https:\/\/encompaniastj.org\/pt-pt\/comunidade-salamanca-residencia-celebracao-das-bodas-de-prata-da-casa\/#respond"]}]},{"@type":"WebPage","@id":"https:\/\/encompaniastj.org\/pt-pt\/comunidade-salamanca-residencia-celebracao-das-bodas-de-prata-da-casa\/","url":"https:\/\/encompaniastj.org\/pt-pt\/comunidade-salamanca-residencia-celebracao-das-bodas-de-prata-da-casa\/","name":"Comunidade Salamanca-Resid\u00eancia: celebra\u00e7\u00e3o das bodas de prata da casa - En Compa\u00f1\u00eda STJ","isPartOf":{"@id":"https:\/\/encompaniastj.org\/pt-pt\/#website"},"primaryImageOfPage":{"@id":"https:\/\/encompaniastj.org\/pt-pt\/comunidade-salamanca-residencia-celebracao-das-bodas-de-prata-da-casa\/#primaryimage"},"image":{"@id":"https:\/\/encompaniastj.org\/pt-pt\/comunidade-salamanca-residencia-celebracao-das-bodas-de-prata-da-casa\/#primaryimage"},"thumbnailUrl":"https:\/\/encompaniastj.org\/wp-content\/uploads\/2025\/05\/Salamanca3.jpg","datePublished":"2020-12-03T13:21:41+00:00","dateModified":"2025-07-07T14:22:03+00:00","breadcrumb":{"@id":"https:\/\/encompaniastj.org\/pt-pt\/comunidade-salamanca-residencia-celebracao-das-bodas-de-prata-da-casa\/#breadcrumb"},"inLanguage":"pt-PT","potentialAction":[{"@type":"ReadAction","target":["https:\/\/encompaniastj.org\/pt-pt\/comunidade-salamanca-residencia-celebracao-das-bodas-de-prata-da-casa\/"]}]},{"@type":"ImageObject","inLanguage":"pt-PT","@id":"https:\/\/encompaniastj.org\/pt-pt\/comunidade-salamanca-residencia-celebracao-das-bodas-de-prata-da-casa\/#primaryimage","url":"https:\/\/encompaniastj.org\/wp-content\/uploads\/2025\/05\/Salamanca3.jpg","contentUrl":"https:\/\/encompaniastj.org\/wp-content\/uploads\/2025\/05\/Salamanca3.jpg","width":500,"height":236},{"@type":"BreadcrumbList","@id":"https:\/\/encompaniastj.org\/pt-pt\/comunidade-salamanca-residencia-celebracao-das-bodas-de-prata-da-casa\/#breadcrumb","itemListElement":[{"@type":"ListItem","position":1,"name":"Portada","item":"https:\/\/encompaniastj.org\/pt-pt\/"},{"@type":"ListItem","position":2,"name":"Comunidade Salamanca-Resid\u00eancia: celebra\u00e7\u00e3o das bodas de prata da casa"}]},{"@type":"WebSite","@id":"https:\/\/encompaniastj.org\/pt-pt\/#website","url":"https:\/\/encompaniastj.org\/pt-pt\/","name":"En Compa\u00f1\u00eda STJ","description":"Bolet\u00edn de la Compa\u00f1\u00eda de Santa Teresa de Jes\u00fas","publisher":{"@id":"https:\/\/encompaniastj.org\/pt-pt\/#organization"},"potentialAction":[{"@type":"SearchAction","target":{"@type":"EntryPoint","urlTemplate":"https:\/\/encompaniastj.org\/pt-pt\/?s={search_term_string}"},"query-input":{"@type":"PropertyValueSpecification","valueRequired":true,"valueName":"search_term_string"}}],"inLanguage":"pt-PT"},{"@type":"Organization","@id":"https:\/\/encompaniastj.org\/pt-pt\/#organization","name":"Compa\u00f1\u00eda de Santa Teresa de Jes\u00fas","url":"https:\/\/encompaniastj.org\/pt-pt\/","logo":{"@type":"ImageObject","inLanguage":"pt-PT","@id":"https:\/\/encompaniastj.org\/pt-pt\/#\/schema\/logo\/image\/","url":"https:\/\/encompaniastj.org\/wp-content\/uploads\/2025\/04\/logo_provincias02-1-3.png","contentUrl":"https:\/\/encompaniastj.org\/wp-content\/uploads\/2025\/04\/logo_provincias02-1-3.png","width":2368,"height":825,"caption":"Compa\u00f1\u00eda de Santa Teresa de Jes\u00fas"},"image":{"@id":"https:\/\/encompaniastj.org\/pt-pt\/#\/schema\/logo\/image\/"}},{"@type":"Person","@id":"https:\/\/encompaniastj.org\/pt-pt\/#\/schema\/person\/520e7ecc314793d40091993c2a02b651","name":"admin","image":{"@type":"ImageObject","inLanguage":"pt-PT","@id":"https:\/\/secure.gravatar.com\/avatar\/948b492cce32b586ac2db0eaa926ee87024f7afe218d73b397ea5ddfc5f43ea1?s=96&d=mm&r=g","url":"https:\/\/secure.gravatar.com\/avatar\/948b492cce32b586ac2db0eaa926ee87024f7afe218d73b397ea5ddfc5f43ea1?s=96&d=mm&r=g","contentUrl":"https:\/\/secure.gravatar.com\/avatar\/948b492cce32b586ac2db0eaa926ee87024f7afe218d73b397ea5ddfc5f43ea1?s=96&d=mm&r=g","caption":"admin"},"sameAs":["https:\/\/encompaniastj.org"],"url":"https:\/\/encompaniastj.org\/pt-pt\/author\/sjdigital\/"}]}},"_links":{"self":[{"href":"https:\/\/encompaniastj.org\/pt-pt\/wp-json\/wp\/v2\/posts\/10346","targetHints":{"allow":["GET"]}}],"collection":[{"href":"https:\/\/encompaniastj.org\/pt-pt\/wp-json\/wp\/v2\/posts"}],"about":[{"href":"https:\/\/encompaniastj.org\/pt-pt\/wp-json\/wp\/v2\/types\/post"}],"author":[{"embeddable":true,"href":"https:\/\/encompaniastj.org\/pt-pt\/wp-json\/wp\/v2\/users\/1"}],"replies":[{"embeddable":true,"href":"https:\/\/encompaniastj.org\/pt-pt\/wp-json\/wp\/v2\/comments?post=10346"}],"version-history":[{"count":1,"href":"https:\/\/encompaniastj.org\/pt-pt\/wp-json\/wp\/v2\/posts\/10346\/revisions"}],"predecessor-version":[{"id":10347,"href":"https:\/\/encompaniastj.org\/pt-pt\/wp-json\/wp\/v2\/posts\/10346\/revisions\/10347"}],"wp:featuredmedia":[{"embeddable":true,"href":"https:\/\/encompaniastj.org\/pt-pt\/wp-json\/wp\/v2\/media\/7600"}],"wp:attachment":[{"href":"https:\/\/encompaniastj.org\/pt-pt\/wp-json\/wp\/v2\/media?parent=10346"}],"wp:term":[{"taxonomy":"category","embeddable":true,"href":"https:\/\/encompaniastj.org\/pt-pt\/wp-json\/wp\/v2\/categories?post=10346"},{"taxonomy":"post_tag","embeddable":true,"href":"https:\/\/encompaniastj.org\/pt-pt\/wp-json\/wp\/v2\/tags?post=10346"}],"curies":[{"name":"wp","href":"https:\/\/api.w.org\/{rel}","templated":true}]}}