{"id":10334,"date":"2020-11-16T10:26:43","date_gmt":"2020-11-16T09:26:43","guid":{"rendered":"https:\/\/encompaniastj.org\/irma-gertrudis-carrero-rodriguez-16-de-noviembre-de-2020-huelva-residencia\/"},"modified":"2025-07-07T16:22:01","modified_gmt":"2025-07-07T14:22:01","slug":"irma-gertrudis-carrero-rodriguez-16-de-noviembre-de-2020-huelva-residencia","status":"publish","type":"post","link":"https:\/\/encompaniastj.org\/pt-pt\/irma-gertrudis-carrero-rodriguez-16-de-noviembre-de-2020-huelva-residencia\/","title":{"rendered":"Irm\u00e3 Gertrudis Carrero Rodr\u00edguez. 16 de noviembre de 2020. (Huelva-Residencia)"},"content":{"rendered":"\n<p><strong><em>\u201cSe\nn\u00e3o vos tornardes como crian\u00e7as, n\u00e3o entrareis no Reino dos C\u00e9us\u201d<\/em><\/strong><em> <\/em><\/p>\n\n\n\n<p>Com esta certeza, nos\ndespedimos da nossa irm\u00e3 Gertrudes no dia 16 de novembro de 2020. N\u00e3o sabemos\nse a idade, se a covid, se o seu Alzheimer ou tudo colaborou para que em poucas\nhoras, quase sem avisar, ela fizesse parte do Igreja que goza de Deus para\nsempre. <\/p>\n\n\n\n<p>Deixa-nos uma maravilhosa\nrecorda\u00e7\u00e3o; a nossa irm\u00e3 sabia ficar com o melhor de cada uma: sorrisos,\nternura, momentos de encontro ao seu redor, muitas oportunidades para a cuidar\nporque ela era totalmente dependente.<\/p>\n\n\n\n<p>Gertrudes\nnasceu em Aljaraque, uma aldeia de Huelva h\u00e1 96 anos e tinha 79 anos na\nCompanhia. Ela tinha uma irm\u00e3 que pertenceu \u00e0 Companhia, a sua irm\u00e3 Ros\u00e1rio de\nquem se orgulhava e a lembrava com carinho e admira\u00e7\u00e3o, faleceu muito jovem.<\/p>\n\n\n\n<p>Gertrudes\nfoi uma daquelas irm\u00e3s que entrou na Companhia muito jovem e sempre se sentiu\nprivilegiada por ter dado ao Senhor as prim\u00edcias do amor. Os primeiros anos da\nsua vida religiosa foram passados \u200b\u200bem Cuba, que tamb\u00e9m carregava no cora\u00e7\u00e3o.\nQuando regressou a Espanha, passou uma temporada em Madrid e desde 1965 na sua\namada Huelva. <\/p>\n\n\n\n<p>Ela\ndistinguiu-se pelo seu grande amor \u00e0 sua terra, \u00e0s suas gentes, aos seus\ncostumes. Era toda cora\u00e7\u00e3o e tamb\u00e9m tinha um dom natural para gravar em versos\no que levava dentro dela. S\u00e3o muitos os escritos que guardamos e falam da sua\nsensibilidade e humanidade.<\/p>\n\n\n\n<p>\"N\u00e3o\nexiste pessoa t\u00e3o vazia, como a que est\u00e1 cheia de si mesma; que mal vive aquele\nque s\u00f3 vive para si!\" Esta \u00e9 uma pequena amostra do que ela escrevia de\nforma simples e profunda. Foi uma mulher que se entregou com entusiasmo ao\nservi\u00e7o dos outros e podemos dizer que \u201ctinha um cora\u00e7\u00e3o cheio de nomes\u201d. <\/p>\n\n\n\n<p>Com um\ncar\u00e1ter alegre e jovial, acolhedora com as crian\u00e7as e as fam\u00edlias na portaria e\ndelicada no cuidado das \u201ccoisas do Senhor\u201d na Sacristia.<\/p>\n\n\n\n<p>O Senhor que se nos\napresenta de tantas maneiras, reconhecemos a sua presen\u00e7a como Senhor da VIDA e\nda hist\u00f3ria na vida e na morte de Gertrudes.<\/p>\n","protected":false},"excerpt":{"rendered":"<p>\u201cSe n\u00e3o vos tornardes como crian\u00e7as, n\u00e3o entrareis no Reino dos C\u00e9us\u201d Com esta certeza, nos despedimos da nossa irm\u00e3 Gertrudes no dia 16 de novembro de 2020. N\u00e3o sabemos [&hellip;]<\/p>\n","protected":false},"author":1,"featured_media":7593,"comment_status":"open","ping_status":"open","sticky":false,"template":"","format":"standard","meta":{"_acf_changed":false,"footnotes":""},"categories":[69],"tags":[],"class_list":["post-10334","post","type-post","status-publish","format-standard","has-post-thumbnail","hentry","category-falecimentos"],"acf":[],"yoast_head":"<!-- This site is optimized with the Yoast SEO plugin v27.5 - https:\/\/yoast.com\/product\/yoast-seo-wordpress\/ -->\n<title>Irm\u00e3 Gertrudis Carrero Rodr\u00edguez. 16 de noviembre de 2020. (Huelva-Residencia) - En Compa\u00f1\u00eda STJ<\/title>\n<meta name=\"robots\" content=\"index, follow, max-snippet:-1, max-image-preview:large, max-video-preview:-1\" \/>\n<link rel=\"canonical\" href=\"https:\/\/encompaniastj.org\/pt-pt\/irma-gertrudis-carrero-rodriguez-16-de-noviembre-de-2020-huelva-residencia\/\" \/>\n<meta property=\"og:locale\" content=\"pt_PT\" \/>\n<meta property=\"og:type\" content=\"article\" \/>\n<meta property=\"og:title\" content=\"Irm\u00e3 Gertrudis Carrero Rodr\u00edguez. 16 de noviembre de 2020. (Huelva-Residencia) - En Compa\u00f1\u00eda STJ\" \/>\n<meta property=\"og:description\" content=\"\u201cSe n\u00e3o vos tornardes como crian\u00e7as, n\u00e3o entrareis no Reino dos C\u00e9us\u201d Com esta certeza, nos despedimos da nossa irm\u00e3 Gertrudes no dia 16 de novembro de 2020. N\u00e3o sabemos [&hellip;]\" \/>\n<meta property=\"og:url\" content=\"https:\/\/encompaniastj.org\/pt-pt\/irma-gertrudis-carrero-rodriguez-16-de-noviembre-de-2020-huelva-residencia\/\" \/>\n<meta property=\"og:site_name\" content=\"En Compa\u00f1\u00eda STJ\" \/>\n<meta property=\"article:published_time\" content=\"2020-11-16T09:26:43+00:00\" \/>\n<meta property=\"article:modified_time\" content=\"2025-07-07T14:22:01+00:00\" \/>\n<meta property=\"og:image\" content=\"https:\/\/encompaniastj.org\/wp-content\/uploads\/2025\/05\/huelva-5042669_1280.jpg\" \/>\n\t<meta property=\"og:image:width\" content=\"1280\" \/>\n\t<meta property=\"og:image:height\" content=\"512\" \/>\n\t<meta property=\"og:image:type\" content=\"image\/jpeg\" \/>\n<meta name=\"author\" content=\"admin\" \/>\n<meta name=\"twitter:card\" content=\"summary_large_image\" \/>\n<meta name=\"twitter:label1\" content=\"Escrito por\" \/>\n\t<meta name=\"twitter:data1\" content=\"admin\" \/>\n\t<meta name=\"twitter:label2\" content=\"Tempo estimado de leitura\" \/>\n\t<meta name=\"twitter:data2\" content=\"2 minutos\" \/>\n<script type=\"application\/ld+json\" class=\"yoast-schema-graph\">{\"@context\":\"https:\\\/\\\/schema.org\",\"@graph\":[{\"@type\":\"Article\",\"@id\":\"https:\\\/\\\/encompaniastj.org\\\/pt-pt\\\/irma-gertrudis-carrero-rodriguez-16-de-noviembre-de-2020-huelva-residencia\\\/#article\",\"isPartOf\":{\"@id\":\"https:\\\/\\\/encompaniastj.org\\\/pt-pt\\\/irma-gertrudis-carrero-rodriguez-16-de-noviembre-de-2020-huelva-residencia\\\/\"},\"author\":{\"name\":\"admin\",\"@id\":\"https:\\\/\\\/encompaniastj.org\\\/pt-pt\\\/#\\\/schema\\\/person\\\/520e7ecc314793d40091993c2a02b651\"},\"headline\":\"Irm\u00e3 Gertrudis Carrero Rodr\u00edguez. 16 de noviembre de 2020. (Huelva-Residencia)\",\"datePublished\":\"2020-11-16T09:26:43+00:00\",\"dateModified\":\"2025-07-07T14:22:01+00:00\",\"mainEntityOfPage\":{\"@id\":\"https:\\\/\\\/encompaniastj.org\\\/pt-pt\\\/irma-gertrudis-carrero-rodriguez-16-de-noviembre-de-2020-huelva-residencia\\\/\"},\"wordCount\":376,\"commentCount\":0,\"publisher\":{\"@id\":\"https:\\\/\\\/encompaniastj.org\\\/pt-pt\\\/#organization\"},\"image\":{\"@id\":\"https:\\\/\\\/encompaniastj.org\\\/pt-pt\\\/irma-gertrudis-carrero-rodriguez-16-de-noviembre-de-2020-huelva-residencia\\\/#primaryimage\"},\"thumbnailUrl\":\"https:\\\/\\\/encompaniastj.org\\\/wp-content\\\/uploads\\\/2025\\\/05\\\/huelva-5042669_1280.jpg\",\"articleSection\":[\"Falecimentos\"],\"inLanguage\":\"pt-PT\",\"potentialAction\":[{\"@type\":\"CommentAction\",\"name\":\"Comment\",\"target\":[\"https:\\\/\\\/encompaniastj.org\\\/pt-pt\\\/irma-gertrudis-carrero-rodriguez-16-de-noviembre-de-2020-huelva-residencia\\\/#respond\"]}]},{\"@type\":\"WebPage\",\"@id\":\"https:\\\/\\\/encompaniastj.org\\\/pt-pt\\\/irma-gertrudis-carrero-rodriguez-16-de-noviembre-de-2020-huelva-residencia\\\/\",\"url\":\"https:\\\/\\\/encompaniastj.org\\\/pt-pt\\\/irma-gertrudis-carrero-rodriguez-16-de-noviembre-de-2020-huelva-residencia\\\/\",\"name\":\"Irm\u00e3 Gertrudis Carrero Rodr\u00edguez. 16 de noviembre de 2020. (Huelva-Residencia) - En Compa\u00f1\u00eda STJ\",\"isPartOf\":{\"@id\":\"https:\\\/\\\/encompaniastj.org\\\/pt-pt\\\/#website\"},\"primaryImageOfPage\":{\"@id\":\"https:\\\/\\\/encompaniastj.org\\\/pt-pt\\\/irma-gertrudis-carrero-rodriguez-16-de-noviembre-de-2020-huelva-residencia\\\/#primaryimage\"},\"image\":{\"@id\":\"https:\\\/\\\/encompaniastj.org\\\/pt-pt\\\/irma-gertrudis-carrero-rodriguez-16-de-noviembre-de-2020-huelva-residencia\\\/#primaryimage\"},\"thumbnailUrl\":\"https:\\\/\\\/encompaniastj.org\\\/wp-content\\\/uploads\\\/2025\\\/05\\\/huelva-5042669_1280.jpg\",\"datePublished\":\"2020-11-16T09:26:43+00:00\",\"dateModified\":\"2025-07-07T14:22:01+00:00\",\"breadcrumb\":{\"@id\":\"https:\\\/\\\/encompaniastj.org\\\/pt-pt\\\/irma-gertrudis-carrero-rodriguez-16-de-noviembre-de-2020-huelva-residencia\\\/#breadcrumb\"},\"inLanguage\":\"pt-PT\",\"potentialAction\":[{\"@type\":\"ReadAction\",\"target\":[\"https:\\\/\\\/encompaniastj.org\\\/pt-pt\\\/irma-gertrudis-carrero-rodriguez-16-de-noviembre-de-2020-huelva-residencia\\\/\"]}]},{\"@type\":\"ImageObject\",\"inLanguage\":\"pt-PT\",\"@id\":\"https:\\\/\\\/encompaniastj.org\\\/pt-pt\\\/irma-gertrudis-carrero-rodriguez-16-de-noviembre-de-2020-huelva-residencia\\\/#primaryimage\",\"url\":\"https:\\\/\\\/encompaniastj.org\\\/wp-content\\\/uploads\\\/2025\\\/05\\\/huelva-5042669_1280.jpg\",\"contentUrl\":\"https:\\\/\\\/encompaniastj.org\\\/wp-content\\\/uploads\\\/2025\\\/05\\\/huelva-5042669_1280.jpg\",\"width\":1280,\"height\":512},{\"@type\":\"BreadcrumbList\",\"@id\":\"https:\\\/\\\/encompaniastj.org\\\/pt-pt\\\/irma-gertrudis-carrero-rodriguez-16-de-noviembre-de-2020-huelva-residencia\\\/#breadcrumb\",\"itemListElement\":[{\"@type\":\"ListItem\",\"position\":1,\"name\":\"Portada\",\"item\":\"https:\\\/\\\/encompaniastj.org\\\/pt-pt\\\/\"},{\"@type\":\"ListItem\",\"position\":2,\"name\":\"Irm\u00e3 Gertrudis Carrero Rodr\u00edguez. 16 de noviembre de 2020. (Huelva-Residencia)\"}]},{\"@type\":\"WebSite\",\"@id\":\"https:\\\/\\\/encompaniastj.org\\\/pt-pt\\\/#website\",\"url\":\"https:\\\/\\\/encompaniastj.org\\\/pt-pt\\\/\",\"name\":\"En Compa\u00f1\u00eda STJ\",\"description\":\"Bolet\u00edn de la Compa\u00f1\u00eda de Santa Teresa de Jes\u00fas\",\"publisher\":{\"@id\":\"https:\\\/\\\/encompaniastj.org\\\/pt-pt\\\/#organization\"},\"potentialAction\":[{\"@type\":\"SearchAction\",\"target\":{\"@type\":\"EntryPoint\",\"urlTemplate\":\"https:\\\/\\\/encompaniastj.org\\\/pt-pt\\\/?s={search_term_string}\"},\"query-input\":{\"@type\":\"PropertyValueSpecification\",\"valueRequired\":true,\"valueName\":\"search_term_string\"}}],\"inLanguage\":\"pt-PT\"},{\"@type\":\"Organization\",\"@id\":\"https:\\\/\\\/encompaniastj.org\\\/pt-pt\\\/#organization\",\"name\":\"Compa\u00f1\u00eda de Santa Teresa de Jes\u00fas\",\"url\":\"https:\\\/\\\/encompaniastj.org\\\/pt-pt\\\/\",\"logo\":{\"@type\":\"ImageObject\",\"inLanguage\":\"pt-PT\",\"@id\":\"https:\\\/\\\/encompaniastj.org\\\/pt-pt\\\/#\\\/schema\\\/logo\\\/image\\\/\",\"url\":\"https:\\\/\\\/encompaniastj.org\\\/wp-content\\\/uploads\\\/2025\\\/04\\\/logo_provincias02-1-3.png\",\"contentUrl\":\"https:\\\/\\\/encompaniastj.org\\\/wp-content\\\/uploads\\\/2025\\\/04\\\/logo_provincias02-1-3.png\",\"width\":2368,\"height\":825,\"caption\":\"Compa\u00f1\u00eda de Santa Teresa de Jes\u00fas\"},\"image\":{\"@id\":\"https:\\\/\\\/encompaniastj.org\\\/pt-pt\\\/#\\\/schema\\\/logo\\\/image\\\/\"}},{\"@type\":\"Person\",\"@id\":\"https:\\\/\\\/encompaniastj.org\\\/pt-pt\\\/#\\\/schema\\\/person\\\/520e7ecc314793d40091993c2a02b651\",\"name\":\"admin\",\"image\":{\"@type\":\"ImageObject\",\"inLanguage\":\"pt-PT\",\"@id\":\"https:\\\/\\\/secure.gravatar.com\\\/avatar\\\/948b492cce32b586ac2db0eaa926ee87024f7afe218d73b397ea5ddfc5f43ea1?s=96&d=mm&r=g\",\"url\":\"https:\\\/\\\/secure.gravatar.com\\\/avatar\\\/948b492cce32b586ac2db0eaa926ee87024f7afe218d73b397ea5ddfc5f43ea1?s=96&d=mm&r=g\",\"contentUrl\":\"https:\\\/\\\/secure.gravatar.com\\\/avatar\\\/948b492cce32b586ac2db0eaa926ee87024f7afe218d73b397ea5ddfc5f43ea1?s=96&d=mm&r=g\",\"caption\":\"admin\"},\"sameAs\":[\"https:\\\/\\\/encompaniastj.org\"],\"url\":\"https:\\\/\\\/encompaniastj.org\\\/pt-pt\\\/author\\\/sjdigital\\\/\"}]}<\/script>\n<!-- \/ Yoast SEO plugin. -->","yoast_head_json":{"title":"Irm\u00e3 Gertrudis Carrero Rodr\u00edguez. 16 de noviembre de 2020. (Huelva-Residencia) - En Compa\u00f1\u00eda STJ","robots":{"index":"index","follow":"follow","max-snippet":"max-snippet:-1","max-image-preview":"max-image-preview:large","max-video-preview":"max-video-preview:-1"},"canonical":"https:\/\/encompaniastj.org\/pt-pt\/irma-gertrudis-carrero-rodriguez-16-de-noviembre-de-2020-huelva-residencia\/","og_locale":"pt_PT","og_type":"article","og_title":"Irm\u00e3 Gertrudis Carrero Rodr\u00edguez. 16 de noviembre de 2020. (Huelva-Residencia) - En Compa\u00f1\u00eda STJ","og_description":"\u201cSe n\u00e3o vos tornardes como crian\u00e7as, n\u00e3o entrareis no Reino dos C\u00e9us\u201d Com esta certeza, nos despedimos da nossa irm\u00e3 Gertrudes no dia 16 de novembro de 2020. N\u00e3o sabemos [&hellip;]","og_url":"https:\/\/encompaniastj.org\/pt-pt\/irma-gertrudis-carrero-rodriguez-16-de-noviembre-de-2020-huelva-residencia\/","og_site_name":"En Compa\u00f1\u00eda STJ","article_published_time":"2020-11-16T09:26:43+00:00","article_modified_time":"2025-07-07T14:22:01+00:00","og_image":[{"width":1280,"height":512,"url":"https:\/\/encompaniastj.org\/wp-content\/uploads\/2025\/05\/huelva-5042669_1280.jpg","type":"image\/jpeg"}],"author":"admin","twitter_card":"summary_large_image","twitter_misc":{"Escrito por":"admin","Tempo estimado de leitura":"2 minutos"},"schema":{"@context":"https:\/\/schema.org","@graph":[{"@type":"Article","@id":"https:\/\/encompaniastj.org\/pt-pt\/irma-gertrudis-carrero-rodriguez-16-de-noviembre-de-2020-huelva-residencia\/#article","isPartOf":{"@id":"https:\/\/encompaniastj.org\/pt-pt\/irma-gertrudis-carrero-rodriguez-16-de-noviembre-de-2020-huelva-residencia\/"},"author":{"name":"admin","@id":"https:\/\/encompaniastj.org\/pt-pt\/#\/schema\/person\/520e7ecc314793d40091993c2a02b651"},"headline":"Irm\u00e3 Gertrudis Carrero Rodr\u00edguez. 16 de noviembre de 2020. (Huelva-Residencia)","datePublished":"2020-11-16T09:26:43+00:00","dateModified":"2025-07-07T14:22:01+00:00","mainEntityOfPage":{"@id":"https:\/\/encompaniastj.org\/pt-pt\/irma-gertrudis-carrero-rodriguez-16-de-noviembre-de-2020-huelva-residencia\/"},"wordCount":376,"commentCount":0,"publisher":{"@id":"https:\/\/encompaniastj.org\/pt-pt\/#organization"},"image":{"@id":"https:\/\/encompaniastj.org\/pt-pt\/irma-gertrudis-carrero-rodriguez-16-de-noviembre-de-2020-huelva-residencia\/#primaryimage"},"thumbnailUrl":"https:\/\/encompaniastj.org\/wp-content\/uploads\/2025\/05\/huelva-5042669_1280.jpg","articleSection":["Falecimentos"],"inLanguage":"pt-PT","potentialAction":[{"@type":"CommentAction","name":"Comment","target":["https:\/\/encompaniastj.org\/pt-pt\/irma-gertrudis-carrero-rodriguez-16-de-noviembre-de-2020-huelva-residencia\/#respond"]}]},{"@type":"WebPage","@id":"https:\/\/encompaniastj.org\/pt-pt\/irma-gertrudis-carrero-rodriguez-16-de-noviembre-de-2020-huelva-residencia\/","url":"https:\/\/encompaniastj.org\/pt-pt\/irma-gertrudis-carrero-rodriguez-16-de-noviembre-de-2020-huelva-residencia\/","name":"Irm\u00e3 Gertrudis Carrero Rodr\u00edguez. 16 de noviembre de 2020. (Huelva-Residencia) - En Compa\u00f1\u00eda STJ","isPartOf":{"@id":"https:\/\/encompaniastj.org\/pt-pt\/#website"},"primaryImageOfPage":{"@id":"https:\/\/encompaniastj.org\/pt-pt\/irma-gertrudis-carrero-rodriguez-16-de-noviembre-de-2020-huelva-residencia\/#primaryimage"},"image":{"@id":"https:\/\/encompaniastj.org\/pt-pt\/irma-gertrudis-carrero-rodriguez-16-de-noviembre-de-2020-huelva-residencia\/#primaryimage"},"thumbnailUrl":"https:\/\/encompaniastj.org\/wp-content\/uploads\/2025\/05\/huelva-5042669_1280.jpg","datePublished":"2020-11-16T09:26:43+00:00","dateModified":"2025-07-07T14:22:01+00:00","breadcrumb":{"@id":"https:\/\/encompaniastj.org\/pt-pt\/irma-gertrudis-carrero-rodriguez-16-de-noviembre-de-2020-huelva-residencia\/#breadcrumb"},"inLanguage":"pt-PT","potentialAction":[{"@type":"ReadAction","target":["https:\/\/encompaniastj.org\/pt-pt\/irma-gertrudis-carrero-rodriguez-16-de-noviembre-de-2020-huelva-residencia\/"]}]},{"@type":"ImageObject","inLanguage":"pt-PT","@id":"https:\/\/encompaniastj.org\/pt-pt\/irma-gertrudis-carrero-rodriguez-16-de-noviembre-de-2020-huelva-residencia\/#primaryimage","url":"https:\/\/encompaniastj.org\/wp-content\/uploads\/2025\/05\/huelva-5042669_1280.jpg","contentUrl":"https:\/\/encompaniastj.org\/wp-content\/uploads\/2025\/05\/huelva-5042669_1280.jpg","width":1280,"height":512},{"@type":"BreadcrumbList","@id":"https:\/\/encompaniastj.org\/pt-pt\/irma-gertrudis-carrero-rodriguez-16-de-noviembre-de-2020-huelva-residencia\/#breadcrumb","itemListElement":[{"@type":"ListItem","position":1,"name":"Portada","item":"https:\/\/encompaniastj.org\/pt-pt\/"},{"@type":"ListItem","position":2,"name":"Irm\u00e3 Gertrudis Carrero Rodr\u00edguez. 16 de noviembre de 2020. (Huelva-Residencia)"}]},{"@type":"WebSite","@id":"https:\/\/encompaniastj.org\/pt-pt\/#website","url":"https:\/\/encompaniastj.org\/pt-pt\/","name":"En Compa\u00f1\u00eda STJ","description":"Bolet\u00edn de la Compa\u00f1\u00eda de Santa Teresa de Jes\u00fas","publisher":{"@id":"https:\/\/encompaniastj.org\/pt-pt\/#organization"},"potentialAction":[{"@type":"SearchAction","target":{"@type":"EntryPoint","urlTemplate":"https:\/\/encompaniastj.org\/pt-pt\/?s={search_term_string}"},"query-input":{"@type":"PropertyValueSpecification","valueRequired":true,"valueName":"search_term_string"}}],"inLanguage":"pt-PT"},{"@type":"Organization","@id":"https:\/\/encompaniastj.org\/pt-pt\/#organization","name":"Compa\u00f1\u00eda de Santa Teresa de Jes\u00fas","url":"https:\/\/encompaniastj.org\/pt-pt\/","logo":{"@type":"ImageObject","inLanguage":"pt-PT","@id":"https:\/\/encompaniastj.org\/pt-pt\/#\/schema\/logo\/image\/","url":"https:\/\/encompaniastj.org\/wp-content\/uploads\/2025\/04\/logo_provincias02-1-3.png","contentUrl":"https:\/\/encompaniastj.org\/wp-content\/uploads\/2025\/04\/logo_provincias02-1-3.png","width":2368,"height":825,"caption":"Compa\u00f1\u00eda de Santa Teresa de Jes\u00fas"},"image":{"@id":"https:\/\/encompaniastj.org\/pt-pt\/#\/schema\/logo\/image\/"}},{"@type":"Person","@id":"https:\/\/encompaniastj.org\/pt-pt\/#\/schema\/person\/520e7ecc314793d40091993c2a02b651","name":"admin","image":{"@type":"ImageObject","inLanguage":"pt-PT","@id":"https:\/\/secure.gravatar.com\/avatar\/948b492cce32b586ac2db0eaa926ee87024f7afe218d73b397ea5ddfc5f43ea1?s=96&d=mm&r=g","url":"https:\/\/secure.gravatar.com\/avatar\/948b492cce32b586ac2db0eaa926ee87024f7afe218d73b397ea5ddfc5f43ea1?s=96&d=mm&r=g","contentUrl":"https:\/\/secure.gravatar.com\/avatar\/948b492cce32b586ac2db0eaa926ee87024f7afe218d73b397ea5ddfc5f43ea1?s=96&d=mm&r=g","caption":"admin"},"sameAs":["https:\/\/encompaniastj.org"],"url":"https:\/\/encompaniastj.org\/pt-pt\/author\/sjdigital\/"}]}},"_links":{"self":[{"href":"https:\/\/encompaniastj.org\/pt-pt\/wp-json\/wp\/v2\/posts\/10334","targetHints":{"allow":["GET"]}}],"collection":[{"href":"https:\/\/encompaniastj.org\/pt-pt\/wp-json\/wp\/v2\/posts"}],"about":[{"href":"https:\/\/encompaniastj.org\/pt-pt\/wp-json\/wp\/v2\/types\/post"}],"author":[{"embeddable":true,"href":"https:\/\/encompaniastj.org\/pt-pt\/wp-json\/wp\/v2\/users\/1"}],"replies":[{"embeddable":true,"href":"https:\/\/encompaniastj.org\/pt-pt\/wp-json\/wp\/v2\/comments?post=10334"}],"version-history":[{"count":1,"href":"https:\/\/encompaniastj.org\/pt-pt\/wp-json\/wp\/v2\/posts\/10334\/revisions"}],"predecessor-version":[{"id":10335,"href":"https:\/\/encompaniastj.org\/pt-pt\/wp-json\/wp\/v2\/posts\/10334\/revisions\/10335"}],"wp:featuredmedia":[{"embeddable":true,"href":"https:\/\/encompaniastj.org\/pt-pt\/wp-json\/wp\/v2\/media\/7593"}],"wp:attachment":[{"href":"https:\/\/encompaniastj.org\/pt-pt\/wp-json\/wp\/v2\/media?parent=10334"}],"wp:term":[{"taxonomy":"category","embeddable":true,"href":"https:\/\/encompaniastj.org\/pt-pt\/wp-json\/wp\/v2\/categories?post=10334"},{"taxonomy":"post_tag","embeddable":true,"href":"https:\/\/encompaniastj.org\/pt-pt\/wp-json\/wp\/v2\/tags?post=10334"}],"curies":[{"name":"wp","href":"https:\/\/api.w.org\/{rel}","templated":true}]}}