{"id":10318,"date":"2020-10-31T15:36:01","date_gmt":"2020-10-31T14:36:01","guid":{"rendered":"https:\/\/encompaniastj.org\/comunidade-barcelona-napols\/"},"modified":"2025-07-07T16:21:59","modified_gmt":"2025-07-07T14:21:59","slug":"comunidade-barcelona-napols","status":"publish","type":"post","link":"https:\/\/encompaniastj.org\/pt-pt\/comunidade-barcelona-napols\/","title":{"rendered":"Comunidade Barcelona \u2013 Napols"},"content":{"rendered":"\n<p>A comunidade est\u00e1\ninserida no bairro Gracia, cuja presen\u00e7a teresiana remonta a 1880, por desejo\napost\u00f3lico de Henrique de Oss\u00f3.<\/p>\n\n\n\n<p>\u00c9 um bairro com\nforte identidade; acolhe pessoas de origens e costumes diversos, mantendo ao\nmesmo tempo antigas tradi\u00e7\u00f5es culturais. A presen\u00e7a teresiana enraizou-se no\nbairro, donde surgiram muitas voca\u00e7\u00f5es.<\/p>\n\n\n\n<p>O pr\u00e9dio da R \/\nN\u00e1poles 351 foi conclu\u00eddo em 2003 e a casa provincial da antiga Prov\u00edncia de\nSanta Teresa foi transferida para l\u00e1, juntamente com 2 comunidades.<\/p>\n\n\n\n<p>O\nedif\u00edcio foi mudando de uso principalmente devido \u00e0 reestrutura\u00e7\u00e3o da\nProv\u00edncia, j\u00e1 que era a Casa Provincial da antiga Prov\u00edncia de Santa Teresa e\naos poucos as comunidades que nela viviam foram diminuindo.<\/p>\n\n\n\n<p>Com\na mudan\u00e7a de uso, a comunidade pensou que poder\u00edamos aproveitar e rentabilizar\no edif\u00edcio e pedimos ao Governo Provincial autoriza\u00e7\u00e3o para alugar quartos do\n2\u00ba e 3\u00ba pisos a alunos. Este \u00e9 o 3\u00ba ano que partilhamos o edif\u00edcio com 16\njovens, alguns deles ex-alunos dos col\u00e9gios de Tarragona e Tortosa. Uma\nexperi\u00eancia que, al\u00e9m de permitir rentabilizar os espa\u00e7os, est\u00e1 a ajudar-nos a\npartilhar e a ajudar estes jovens que por motivos de estudo ou de trabalho\nvivem fora de casa.<\/p>\n\n\n\n<p>As irm\u00e3s que\natualmente formam a comunidade s\u00e3o: Carmen Puig, Carmen Mart\u00ednez, Marta Ru\u00edz e\nNina Bosch. A nossa miss\u00e3o priorit\u00e1ria \u00e9 o atendimento e apoio ao col\u00e9gio. <\/p>\n\n\n\n<p>O 5\u00ba andar \u00e9\ndestinado ao acolhimento de irm\u00e3s, familiares de irm\u00e3s com necessidades\ndiversas: m\u00e9dicos, trabalho, visitas familiares, reuni\u00f5es provinciais e da FET\n.... \u00c9 nestas ocasi\u00f5es que a comunidade presta o seu servi\u00e7o.<\/p>\n\n\n\n<p>Partilhamos a f\u00e9\ncom a comunidade paroquial, participando nas celebra\u00e7\u00f5es lit\u00fargicas e nalgumas\natividades.<\/p>\n\n\n\n<p>Tamb\u00e9m estamos\npresentes no \u00e2mbito da a\u00e7\u00e3o social, colaborando com algumas ONGs, com o Banco\nAlimentar e com a C\u00e1ritas.<\/p>\n\n\n\n<p>Dada a atual\nsitua\u00e7\u00e3o de pandemia, as atividades que realiz\u00e1vamos, colaborando na par\u00f3quia\nde Santa Ana, e na alfabetiza\u00e7\u00e3o da l\u00edngua espanhola, e outras atividades,\nest\u00e3o suspensas enquanto se aguarda a melhoria da situa\u00e7\u00e3o. Apesar disso,\ncontinuamos mantendo contato telef\u00f3nico com algumas pessoas que solicitaram o nosso\napoio por meio da C\u00e1ritas e de outras entidades. A colabora\u00e7\u00e3o com ONGs n\u00e3o\nparou, mas n\u00e3o com a mesma intensidade.<\/p>\n\n\n\n<p>Vivemos\na f\u00e9 em comunidade, encontramo-nos no final do dia para orar e temos outros\nmomentos para partilhar.<\/p>\n\n\n\n<p>Por ter todos os\nnossos trabalhos em casa, temos a sorte de nos encontrarmos diariamente \u00e0 mesa,\nonde partilhamos a vida.\n\nComo somos casa de acolhimento \u2026 c\u00e1 vos esperamos! \n\n\n\n<\/p>\n","protected":false},"excerpt":{"rendered":"<p>A comunidade est\u00e1 inserida no bairro Gracia, cuja presen\u00e7a teresiana remonta a 1880, por desejo apost\u00f3lico de Henrique de Oss\u00f3. \u00c9 um bairro com forte identidade; acolhe pessoas de origens [&hellip;]<\/p>\n","protected":false},"author":1,"featured_media":7590,"comment_status":"open","ping_status":"open","sticky":false,"template":"","format":"standard","meta":{"_acf_changed":false,"footnotes":""},"categories":[67,66],"tags":[],"class_list":["post-10318","post","type-post","status-publish","format-standard","has-post-thumbnail","hentry","category-comunidades-conhecemo-nos","category-conhecemo-nos"],"acf":[],"yoast_head":"<!-- This site is optimized with the Yoast SEO plugin v27.5 - https:\/\/yoast.com\/product\/yoast-seo-wordpress\/ -->\n<title>Comunidade Barcelona \u2013 Napols - En Compa\u00f1\u00eda STJ<\/title>\n<meta name=\"robots\" content=\"index, follow, max-snippet:-1, max-image-preview:large, max-video-preview:-1\" \/>\n<link rel=\"canonical\" href=\"https:\/\/encompaniastj.org\/pt-pt\/comunidade-barcelona-napols\/\" \/>\n<meta property=\"og:locale\" content=\"pt_PT\" \/>\n<meta property=\"og:type\" content=\"article\" \/>\n<meta property=\"og:title\" content=\"Comunidade Barcelona \u2013 Napols - En Compa\u00f1\u00eda STJ\" \/>\n<meta property=\"og:description\" content=\"A comunidade est\u00e1 inserida no bairro Gracia, cuja presen\u00e7a teresiana remonta a 1880, por desejo apost\u00f3lico de Henrique de Oss\u00f3. \u00c9 um bairro com forte identidade; acolhe pessoas de origens [&hellip;]\" \/>\n<meta property=\"og:url\" content=\"https:\/\/encompaniastj.org\/pt-pt\/comunidade-barcelona-napols\/\" \/>\n<meta property=\"og:site_name\" content=\"En Compa\u00f1\u00eda STJ\" \/>\n<meta property=\"article:published_time\" content=\"2020-10-31T14:36:01+00:00\" \/>\n<meta property=\"article:modified_time\" content=\"2025-07-07T14:21:59+00:00\" \/>\n<meta property=\"og:image\" content=\"https:\/\/encompaniastj.org\/wp-content\/uploads\/2025\/05\/foto-comunidad-1.jpg\" \/>\n\t<meta property=\"og:image:width\" content=\"600\" \/>\n\t<meta property=\"og:image:height\" content=\"483\" \/>\n\t<meta property=\"og:image:type\" content=\"image\/jpeg\" \/>\n<meta name=\"author\" content=\"admin\" \/>\n<meta name=\"twitter:card\" content=\"summary_large_image\" \/>\n<meta name=\"twitter:label1\" content=\"Escrito por\" \/>\n\t<meta name=\"twitter:data1\" content=\"admin\" \/>\n\t<meta name=\"twitter:label2\" content=\"Tempo estimado de leitura\" \/>\n\t<meta name=\"twitter:data2\" content=\"2 minutos\" \/>\n<script type=\"application\/ld+json\" class=\"yoast-schema-graph\">{\"@context\":\"https:\\\/\\\/schema.org\",\"@graph\":[{\"@type\":\"Article\",\"@id\":\"https:\\\/\\\/encompaniastj.org\\\/pt-pt\\\/comunidade-barcelona-napols\\\/#article\",\"isPartOf\":{\"@id\":\"https:\\\/\\\/encompaniastj.org\\\/pt-pt\\\/comunidade-barcelona-napols\\\/\"},\"author\":{\"name\":\"admin\",\"@id\":\"https:\\\/\\\/encompaniastj.org\\\/pt-pt\\\/#\\\/schema\\\/person\\\/520e7ecc314793d40091993c2a02b651\"},\"headline\":\"Comunidade Barcelona \u2013 Napols\",\"datePublished\":\"2020-10-31T14:36:01+00:00\",\"dateModified\":\"2025-07-07T14:21:59+00:00\",\"mainEntityOfPage\":{\"@id\":\"https:\\\/\\\/encompaniastj.org\\\/pt-pt\\\/comunidade-barcelona-napols\\\/\"},\"wordCount\":445,\"commentCount\":0,\"publisher\":{\"@id\":\"https:\\\/\\\/encompaniastj.org\\\/pt-pt\\\/#organization\"},\"image\":{\"@id\":\"https:\\\/\\\/encompaniastj.org\\\/pt-pt\\\/comunidade-barcelona-napols\\\/#primaryimage\"},\"thumbnailUrl\":\"https:\\\/\\\/encompaniastj.org\\\/wp-content\\\/uploads\\\/2025\\\/05\\\/foto-comunidad-1.jpg\",\"articleSection\":[\"Comunidades\",\"Conhecemo-nos\"],\"inLanguage\":\"pt-PT\",\"potentialAction\":[{\"@type\":\"CommentAction\",\"name\":\"Comment\",\"target\":[\"https:\\\/\\\/encompaniastj.org\\\/pt-pt\\\/comunidade-barcelona-napols\\\/#respond\"]}]},{\"@type\":\"WebPage\",\"@id\":\"https:\\\/\\\/encompaniastj.org\\\/pt-pt\\\/comunidade-barcelona-napols\\\/\",\"url\":\"https:\\\/\\\/encompaniastj.org\\\/pt-pt\\\/comunidade-barcelona-napols\\\/\",\"name\":\"Comunidade Barcelona \u2013 Napols - En Compa\u00f1\u00eda STJ\",\"isPartOf\":{\"@id\":\"https:\\\/\\\/encompaniastj.org\\\/pt-pt\\\/#website\"},\"primaryImageOfPage\":{\"@id\":\"https:\\\/\\\/encompaniastj.org\\\/pt-pt\\\/comunidade-barcelona-napols\\\/#primaryimage\"},\"image\":{\"@id\":\"https:\\\/\\\/encompaniastj.org\\\/pt-pt\\\/comunidade-barcelona-napols\\\/#primaryimage\"},\"thumbnailUrl\":\"https:\\\/\\\/encompaniastj.org\\\/wp-content\\\/uploads\\\/2025\\\/05\\\/foto-comunidad-1.jpg\",\"datePublished\":\"2020-10-31T14:36:01+00:00\",\"dateModified\":\"2025-07-07T14:21:59+00:00\",\"breadcrumb\":{\"@id\":\"https:\\\/\\\/encompaniastj.org\\\/pt-pt\\\/comunidade-barcelona-napols\\\/#breadcrumb\"},\"inLanguage\":\"pt-PT\",\"potentialAction\":[{\"@type\":\"ReadAction\",\"target\":[\"https:\\\/\\\/encompaniastj.org\\\/pt-pt\\\/comunidade-barcelona-napols\\\/\"]}]},{\"@type\":\"ImageObject\",\"inLanguage\":\"pt-PT\",\"@id\":\"https:\\\/\\\/encompaniastj.org\\\/pt-pt\\\/comunidade-barcelona-napols\\\/#primaryimage\",\"url\":\"https:\\\/\\\/encompaniastj.org\\\/wp-content\\\/uploads\\\/2025\\\/05\\\/foto-comunidad-1.jpg\",\"contentUrl\":\"https:\\\/\\\/encompaniastj.org\\\/wp-content\\\/uploads\\\/2025\\\/05\\\/foto-comunidad-1.jpg\",\"width\":600,\"height\":483},{\"@type\":\"BreadcrumbList\",\"@id\":\"https:\\\/\\\/encompaniastj.org\\\/pt-pt\\\/comunidade-barcelona-napols\\\/#breadcrumb\",\"itemListElement\":[{\"@type\":\"ListItem\",\"position\":1,\"name\":\"Portada\",\"item\":\"https:\\\/\\\/encompaniastj.org\\\/pt-pt\\\/\"},{\"@type\":\"ListItem\",\"position\":2,\"name\":\"Comunidade Barcelona \u2013 Napols\"}]},{\"@type\":\"WebSite\",\"@id\":\"https:\\\/\\\/encompaniastj.org\\\/pt-pt\\\/#website\",\"url\":\"https:\\\/\\\/encompaniastj.org\\\/pt-pt\\\/\",\"name\":\"En Compa\u00f1\u00eda STJ\",\"description\":\"Bolet\u00edn de la Compa\u00f1\u00eda de Santa Teresa de Jes\u00fas\",\"publisher\":{\"@id\":\"https:\\\/\\\/encompaniastj.org\\\/pt-pt\\\/#organization\"},\"potentialAction\":[{\"@type\":\"SearchAction\",\"target\":{\"@type\":\"EntryPoint\",\"urlTemplate\":\"https:\\\/\\\/encompaniastj.org\\\/pt-pt\\\/?s={search_term_string}\"},\"query-input\":{\"@type\":\"PropertyValueSpecification\",\"valueRequired\":true,\"valueName\":\"search_term_string\"}}],\"inLanguage\":\"pt-PT\"},{\"@type\":\"Organization\",\"@id\":\"https:\\\/\\\/encompaniastj.org\\\/pt-pt\\\/#organization\",\"name\":\"Compa\u00f1\u00eda de Santa Teresa de Jes\u00fas\",\"url\":\"https:\\\/\\\/encompaniastj.org\\\/pt-pt\\\/\",\"logo\":{\"@type\":\"ImageObject\",\"inLanguage\":\"pt-PT\",\"@id\":\"https:\\\/\\\/encompaniastj.org\\\/pt-pt\\\/#\\\/schema\\\/logo\\\/image\\\/\",\"url\":\"https:\\\/\\\/encompaniastj.org\\\/wp-content\\\/uploads\\\/2025\\\/04\\\/logo_provincias02-1-3.png\",\"contentUrl\":\"https:\\\/\\\/encompaniastj.org\\\/wp-content\\\/uploads\\\/2025\\\/04\\\/logo_provincias02-1-3.png\",\"width\":2368,\"height\":825,\"caption\":\"Compa\u00f1\u00eda de Santa Teresa de Jes\u00fas\"},\"image\":{\"@id\":\"https:\\\/\\\/encompaniastj.org\\\/pt-pt\\\/#\\\/schema\\\/logo\\\/image\\\/\"}},{\"@type\":\"Person\",\"@id\":\"https:\\\/\\\/encompaniastj.org\\\/pt-pt\\\/#\\\/schema\\\/person\\\/520e7ecc314793d40091993c2a02b651\",\"name\":\"admin\",\"image\":{\"@type\":\"ImageObject\",\"inLanguage\":\"pt-PT\",\"@id\":\"https:\\\/\\\/secure.gravatar.com\\\/avatar\\\/948b492cce32b586ac2db0eaa926ee87024f7afe218d73b397ea5ddfc5f43ea1?s=96&d=mm&r=g\",\"url\":\"https:\\\/\\\/secure.gravatar.com\\\/avatar\\\/948b492cce32b586ac2db0eaa926ee87024f7afe218d73b397ea5ddfc5f43ea1?s=96&d=mm&r=g\",\"contentUrl\":\"https:\\\/\\\/secure.gravatar.com\\\/avatar\\\/948b492cce32b586ac2db0eaa926ee87024f7afe218d73b397ea5ddfc5f43ea1?s=96&d=mm&r=g\",\"caption\":\"admin\"},\"sameAs\":[\"https:\\\/\\\/encompaniastj.org\"],\"url\":\"https:\\\/\\\/encompaniastj.org\\\/pt-pt\\\/author\\\/sjdigital\\\/\"}]}<\/script>\n<!-- \/ Yoast SEO plugin. -->","yoast_head_json":{"title":"Comunidade Barcelona \u2013 Napols - En Compa\u00f1\u00eda STJ","robots":{"index":"index","follow":"follow","max-snippet":"max-snippet:-1","max-image-preview":"max-image-preview:large","max-video-preview":"max-video-preview:-1"},"canonical":"https:\/\/encompaniastj.org\/pt-pt\/comunidade-barcelona-napols\/","og_locale":"pt_PT","og_type":"article","og_title":"Comunidade Barcelona \u2013 Napols - En Compa\u00f1\u00eda STJ","og_description":"A comunidade est\u00e1 inserida no bairro Gracia, cuja presen\u00e7a teresiana remonta a 1880, por desejo apost\u00f3lico de Henrique de Oss\u00f3. \u00c9 um bairro com forte identidade; acolhe pessoas de origens [&hellip;]","og_url":"https:\/\/encompaniastj.org\/pt-pt\/comunidade-barcelona-napols\/","og_site_name":"En Compa\u00f1\u00eda STJ","article_published_time":"2020-10-31T14:36:01+00:00","article_modified_time":"2025-07-07T14:21:59+00:00","og_image":[{"width":600,"height":483,"url":"https:\/\/encompaniastj.org\/wp-content\/uploads\/2025\/05\/foto-comunidad-1.jpg","type":"image\/jpeg"}],"author":"admin","twitter_card":"summary_large_image","twitter_misc":{"Escrito por":"admin","Tempo estimado de leitura":"2 minutos"},"schema":{"@context":"https:\/\/schema.org","@graph":[{"@type":"Article","@id":"https:\/\/encompaniastj.org\/pt-pt\/comunidade-barcelona-napols\/#article","isPartOf":{"@id":"https:\/\/encompaniastj.org\/pt-pt\/comunidade-barcelona-napols\/"},"author":{"name":"admin","@id":"https:\/\/encompaniastj.org\/pt-pt\/#\/schema\/person\/520e7ecc314793d40091993c2a02b651"},"headline":"Comunidade Barcelona \u2013 Napols","datePublished":"2020-10-31T14:36:01+00:00","dateModified":"2025-07-07T14:21:59+00:00","mainEntityOfPage":{"@id":"https:\/\/encompaniastj.org\/pt-pt\/comunidade-barcelona-napols\/"},"wordCount":445,"commentCount":0,"publisher":{"@id":"https:\/\/encompaniastj.org\/pt-pt\/#organization"},"image":{"@id":"https:\/\/encompaniastj.org\/pt-pt\/comunidade-barcelona-napols\/#primaryimage"},"thumbnailUrl":"https:\/\/encompaniastj.org\/wp-content\/uploads\/2025\/05\/foto-comunidad-1.jpg","articleSection":["Comunidades","Conhecemo-nos"],"inLanguage":"pt-PT","potentialAction":[{"@type":"CommentAction","name":"Comment","target":["https:\/\/encompaniastj.org\/pt-pt\/comunidade-barcelona-napols\/#respond"]}]},{"@type":"WebPage","@id":"https:\/\/encompaniastj.org\/pt-pt\/comunidade-barcelona-napols\/","url":"https:\/\/encompaniastj.org\/pt-pt\/comunidade-barcelona-napols\/","name":"Comunidade Barcelona \u2013 Napols - En Compa\u00f1\u00eda STJ","isPartOf":{"@id":"https:\/\/encompaniastj.org\/pt-pt\/#website"},"primaryImageOfPage":{"@id":"https:\/\/encompaniastj.org\/pt-pt\/comunidade-barcelona-napols\/#primaryimage"},"image":{"@id":"https:\/\/encompaniastj.org\/pt-pt\/comunidade-barcelona-napols\/#primaryimage"},"thumbnailUrl":"https:\/\/encompaniastj.org\/wp-content\/uploads\/2025\/05\/foto-comunidad-1.jpg","datePublished":"2020-10-31T14:36:01+00:00","dateModified":"2025-07-07T14:21:59+00:00","breadcrumb":{"@id":"https:\/\/encompaniastj.org\/pt-pt\/comunidade-barcelona-napols\/#breadcrumb"},"inLanguage":"pt-PT","potentialAction":[{"@type":"ReadAction","target":["https:\/\/encompaniastj.org\/pt-pt\/comunidade-barcelona-napols\/"]}]},{"@type":"ImageObject","inLanguage":"pt-PT","@id":"https:\/\/encompaniastj.org\/pt-pt\/comunidade-barcelona-napols\/#primaryimage","url":"https:\/\/encompaniastj.org\/wp-content\/uploads\/2025\/05\/foto-comunidad-1.jpg","contentUrl":"https:\/\/encompaniastj.org\/wp-content\/uploads\/2025\/05\/foto-comunidad-1.jpg","width":600,"height":483},{"@type":"BreadcrumbList","@id":"https:\/\/encompaniastj.org\/pt-pt\/comunidade-barcelona-napols\/#breadcrumb","itemListElement":[{"@type":"ListItem","position":1,"name":"Portada","item":"https:\/\/encompaniastj.org\/pt-pt\/"},{"@type":"ListItem","position":2,"name":"Comunidade Barcelona \u2013 Napols"}]},{"@type":"WebSite","@id":"https:\/\/encompaniastj.org\/pt-pt\/#website","url":"https:\/\/encompaniastj.org\/pt-pt\/","name":"En Compa\u00f1\u00eda STJ","description":"Bolet\u00edn de la Compa\u00f1\u00eda de Santa Teresa de Jes\u00fas","publisher":{"@id":"https:\/\/encompaniastj.org\/pt-pt\/#organization"},"potentialAction":[{"@type":"SearchAction","target":{"@type":"EntryPoint","urlTemplate":"https:\/\/encompaniastj.org\/pt-pt\/?s={search_term_string}"},"query-input":{"@type":"PropertyValueSpecification","valueRequired":true,"valueName":"search_term_string"}}],"inLanguage":"pt-PT"},{"@type":"Organization","@id":"https:\/\/encompaniastj.org\/pt-pt\/#organization","name":"Compa\u00f1\u00eda de Santa Teresa de Jes\u00fas","url":"https:\/\/encompaniastj.org\/pt-pt\/","logo":{"@type":"ImageObject","inLanguage":"pt-PT","@id":"https:\/\/encompaniastj.org\/pt-pt\/#\/schema\/logo\/image\/","url":"https:\/\/encompaniastj.org\/wp-content\/uploads\/2025\/04\/logo_provincias02-1-3.png","contentUrl":"https:\/\/encompaniastj.org\/wp-content\/uploads\/2025\/04\/logo_provincias02-1-3.png","width":2368,"height":825,"caption":"Compa\u00f1\u00eda de Santa Teresa de Jes\u00fas"},"image":{"@id":"https:\/\/encompaniastj.org\/pt-pt\/#\/schema\/logo\/image\/"}},{"@type":"Person","@id":"https:\/\/encompaniastj.org\/pt-pt\/#\/schema\/person\/520e7ecc314793d40091993c2a02b651","name":"admin","image":{"@type":"ImageObject","inLanguage":"pt-PT","@id":"https:\/\/secure.gravatar.com\/avatar\/948b492cce32b586ac2db0eaa926ee87024f7afe218d73b397ea5ddfc5f43ea1?s=96&d=mm&r=g","url":"https:\/\/secure.gravatar.com\/avatar\/948b492cce32b586ac2db0eaa926ee87024f7afe218d73b397ea5ddfc5f43ea1?s=96&d=mm&r=g","contentUrl":"https:\/\/secure.gravatar.com\/avatar\/948b492cce32b586ac2db0eaa926ee87024f7afe218d73b397ea5ddfc5f43ea1?s=96&d=mm&r=g","caption":"admin"},"sameAs":["https:\/\/encompaniastj.org"],"url":"https:\/\/encompaniastj.org\/pt-pt\/author\/sjdigital\/"}]}},"_links":{"self":[{"href":"https:\/\/encompaniastj.org\/pt-pt\/wp-json\/wp\/v2\/posts\/10318","targetHints":{"allow":["GET"]}}],"collection":[{"href":"https:\/\/encompaniastj.org\/pt-pt\/wp-json\/wp\/v2\/posts"}],"about":[{"href":"https:\/\/encompaniastj.org\/pt-pt\/wp-json\/wp\/v2\/types\/post"}],"author":[{"embeddable":true,"href":"https:\/\/encompaniastj.org\/pt-pt\/wp-json\/wp\/v2\/users\/1"}],"replies":[{"embeddable":true,"href":"https:\/\/encompaniastj.org\/pt-pt\/wp-json\/wp\/v2\/comments?post=10318"}],"version-history":[{"count":1,"href":"https:\/\/encompaniastj.org\/pt-pt\/wp-json\/wp\/v2\/posts\/10318\/revisions"}],"predecessor-version":[{"id":10319,"href":"https:\/\/encompaniastj.org\/pt-pt\/wp-json\/wp\/v2\/posts\/10318\/revisions\/10319"}],"wp:featuredmedia":[{"embeddable":true,"href":"https:\/\/encompaniastj.org\/pt-pt\/wp-json\/wp\/v2\/media\/7590"}],"wp:attachment":[{"href":"https:\/\/encompaniastj.org\/pt-pt\/wp-json\/wp\/v2\/media?parent=10318"}],"wp:term":[{"taxonomy":"category","embeddable":true,"href":"https:\/\/encompaniastj.org\/pt-pt\/wp-json\/wp\/v2\/categories?post=10318"},{"taxonomy":"post_tag","embeddable":true,"href":"https:\/\/encompaniastj.org\/pt-pt\/wp-json\/wp\/v2\/tags?post=10318"}],"curies":[{"name":"wp","href":"https:\/\/api.w.org\/{rel}","templated":true}]}}