{"id":10286,"date":"2020-10-17T09:57:00","date_gmt":"2020-10-17T07:57:00","guid":{"rendered":"https:\/\/encompaniastj.org\/casa-de-oportunidades-para-jovens-em-formacao-profissional\/"},"modified":"2025-07-07T16:21:56","modified_gmt":"2025-07-07T14:21:56","slug":"casa-de-oportunidades-para-jovens-em-formacao-profissional","status":"publish","type":"post","link":"https:\/\/encompaniastj.org\/pt-pt\/casa-de-oportunidades-para-jovens-em-formacao-profissional\/","title":{"rendered":"&#8220;Casa de oportunidades&#8221;  para jovens em forma\u00e7\u00e3o profissional"},"content":{"rendered":"\n<p>No\ndia 8 de outubro de 2020, foi assinado um contrato importante entre a\nAssocia\u00e7\u00e3o Panatheneos e \"Missatgers de la Pau Catalunya\" do Hospital\nde Campanha de Santa Anna.<\/p>\n\n\n\n<p>O\nevento \u00e9 de grande import\u00e2ncia para n\u00f3s - Companhia de Santa Teresa - porque\nfaz parte da tentativa de trabalharmos juntas e em rede, as Irm\u00e3s que colaboram\nnos diversos projetos sociais. A Cata Gonz\u00e1lez tem-nos acompanhado neste\nprojeto, que consiste num apartamento de acolhimento para jovens em situa\u00e7\u00e3o de\nrisco, ajudando-os a inserir-se no mundo do trabalho, atrav\u00e9s de semin\u00e1rios e\nde um est\u00e1gio profissional em contacto com empresas que proporcionam trabalho,\nquando terminam a forma\u00e7\u00e3o.<\/p>\n\n\n\n<p>Representantes\nde ambas as propriedades estiveram presentes na assinatura do contrato. Em nome\nde Missatgers de la Pau, do Hospital de Campo Santa Anna, os tr\u00eas promotores,\nMoss\u00e8n Peio S\u00e1nchez, Moss\u00e8n Xavier Morlans e M. Vict\u00f2ria Molins. Em nome do\nPanatheneos, o Sr. Albert Llarch Rubio, Presidente da referida Associa\u00e7\u00e3o.<\/p>\n\n\n\n<p>Seguidamente,\nfoi entregue aos quatro jovens, tr\u00eas marroquinos e um senegal\u00eas, que h\u00e1 muito\ntempo colaboram connosco no Hospital de Campanha, um dossi\u00ea com o regulamento\ndo apartamento e o compromisso de forma\u00e7\u00e3o oferecido pelo espa\u00e7o de nove meses.<\/p>\n\n\n\n<p>Depois,\nforam conhecer o apartamento com quatro quartos e instala\u00e7\u00f5es para a\nconviv\u00eancia destes jovens, com os quais nos comprometemos a ajudar, a formar e\na manter durante este per\u00edodo de prepara\u00e7\u00e3o para o mercado de trabalho.<\/p>\n\n\n\n<p>Foi\num ato cativante pela boa vontade da Associa\u00e7\u00e3o e dos seus m\u00e9todos educativos,\npela ajuda dos \u201cCavaleiros de Malta\u201d, uma Ordem antiga que se adaptou aos\ntempos, ajudando em projetos sociais e que nos tem proporcionado a ajuda necess\u00e1ria\npara este projeto e pelo encanto destes quatro jovens com hist\u00f3rias pessoais\ndif\u00edceis, mas com grande vontade de melhorar a sua situa\u00e7\u00e3o, que nos mostraram\ncom a sua colabora\u00e7\u00e3o no Hospital de Campo.<\/p>\n\n\n\n<p>Quando\nnos despedimos, ap\u00f3s \"a foto de fam\u00edlia\", eles comentaram com\nentusiasmo: \"Vamos viver como quatro irm\u00e3os e seremos gratos pelo que\nvoc\u00eas fazem por n\u00f3s. Estamos felizes.\"<\/p>\n\n\n\n<p>N\u00f3s, que h\u00e1 meses sonh\u00e1mos com este projeto,\u00a0 gostamos de v\u00ea-lo felizmente realizado.<\/p>\n\n\n\n<p>M\u00aa Victoria Molins stj<\/p>\n","protected":false},"excerpt":{"rendered":"<p>No dia 8 de outubro de 2020, foi assinado um contrato importante entre a Associa\u00e7\u00e3o Panatheneos e &#8220;Missatgers de la Pau Catalunya&#8221; do Hospital de Campanha de Santa Anna. O [&hellip;]<\/p>\n","protected":false},"author":1,"featured_media":7570,"comment_status":"open","ping_status":"open","sticky":false,"template":"","format":"standard","meta":{"_acf_changed":false,"footnotes":""},"categories":[76,61],"tags":[],"class_list":["post-10286","post","type-post","status-publish","format-standard","has-post-thumbnail","hentry","category-acao-social","category-noticias"],"acf":[],"yoast_head":"<!-- This site is optimized with the Yoast SEO plugin v27.5 - https:\/\/yoast.com\/product\/yoast-seo-wordpress\/ -->\n<title>&quot;Casa de oportunidades&quot; para jovens em forma\u00e7\u00e3o profissional - En Compa\u00f1\u00eda STJ<\/title>\n<meta name=\"robots\" content=\"index, follow, max-snippet:-1, max-image-preview:large, max-video-preview:-1\" \/>\n<link rel=\"canonical\" href=\"https:\/\/encompaniastj.org\/pt-pt\/casa-de-oportunidades-para-jovens-em-formacao-profissional\/\" \/>\n<meta property=\"og:locale\" content=\"pt_PT\" \/>\n<meta property=\"og:type\" content=\"article\" \/>\n<meta property=\"og:title\" content=\"&quot;Casa de oportunidades&quot; para jovens em forma\u00e7\u00e3o profissional - En Compa\u00f1\u00eda STJ\" \/>\n<meta property=\"og:description\" content=\"No dia 8 de outubro de 2020, foi assinado um contrato importante entre a Associa\u00e7\u00e3o Panatheneos e &#8220;Missatgers de la Pau Catalunya&#8221; do Hospital de Campanha de Santa Anna. O [&hellip;]\" \/>\n<meta property=\"og:url\" content=\"https:\/\/encompaniastj.org\/pt-pt\/casa-de-oportunidades-para-jovens-em-formacao-profissional\/\" \/>\n<meta property=\"og:site_name\" content=\"En Compa\u00f1\u00eda STJ\" \/>\n<meta property=\"article:published_time\" content=\"2020-10-17T07:57:00+00:00\" \/>\n<meta property=\"article:modified_time\" content=\"2025-07-07T14:21:56+00:00\" \/>\n<meta property=\"og:image\" content=\"https:\/\/encompaniastj.org\/wp-content\/uploads\/2025\/05\/santaAna.jpg\" \/>\n\t<meta property=\"og:image:width\" content=\"1600\" \/>\n\t<meta property=\"og:image:height\" content=\"1200\" \/>\n\t<meta property=\"og:image:type\" content=\"image\/jpeg\" \/>\n<meta name=\"author\" content=\"admin\" \/>\n<meta name=\"twitter:card\" content=\"summary_large_image\" \/>\n<meta name=\"twitter:label1\" content=\"Escrito por\" \/>\n\t<meta name=\"twitter:data1\" content=\"admin\" \/>\n\t<meta name=\"twitter:label2\" content=\"Tempo estimado de leitura\" \/>\n\t<meta name=\"twitter:data2\" content=\"2 minutos\" \/>\n<script type=\"application\/ld+json\" class=\"yoast-schema-graph\">{\"@context\":\"https:\\\/\\\/schema.org\",\"@graph\":[{\"@type\":\"Article\",\"@id\":\"https:\\\/\\\/encompaniastj.org\\\/pt-pt\\\/casa-de-oportunidades-para-jovens-em-formacao-profissional\\\/#article\",\"isPartOf\":{\"@id\":\"https:\\\/\\\/encompaniastj.org\\\/pt-pt\\\/casa-de-oportunidades-para-jovens-em-formacao-profissional\\\/\"},\"author\":{\"name\":\"admin\",\"@id\":\"https:\\\/\\\/encompaniastj.org\\\/pt-pt\\\/#\\\/schema\\\/person\\\/520e7ecc314793d40091993c2a02b651\"},\"headline\":\"&#8220;Casa de oportunidades&#8221; para jovens em forma\u00e7\u00e3o profissional\",\"datePublished\":\"2020-10-17T07:57:00+00:00\",\"dateModified\":\"2025-07-07T14:21:56+00:00\",\"mainEntityOfPage\":{\"@id\":\"https:\\\/\\\/encompaniastj.org\\\/pt-pt\\\/casa-de-oportunidades-para-jovens-em-formacao-profissional\\\/\"},\"wordCount\":396,\"commentCount\":0,\"publisher\":{\"@id\":\"https:\\\/\\\/encompaniastj.org\\\/pt-pt\\\/#organization\"},\"image\":{\"@id\":\"https:\\\/\\\/encompaniastj.org\\\/pt-pt\\\/casa-de-oportunidades-para-jovens-em-formacao-profissional\\\/#primaryimage\"},\"thumbnailUrl\":\"https:\\\/\\\/encompaniastj.org\\\/wp-content\\\/uploads\\\/2025\\\/05\\\/santaAna.jpg\",\"articleSection\":[\"A\u00e7\u00e3o Social\",\"Noticias\"],\"inLanguage\":\"pt-PT\",\"potentialAction\":[{\"@type\":\"CommentAction\",\"name\":\"Comment\",\"target\":[\"https:\\\/\\\/encompaniastj.org\\\/pt-pt\\\/casa-de-oportunidades-para-jovens-em-formacao-profissional\\\/#respond\"]}]},{\"@type\":\"WebPage\",\"@id\":\"https:\\\/\\\/encompaniastj.org\\\/pt-pt\\\/casa-de-oportunidades-para-jovens-em-formacao-profissional\\\/\",\"url\":\"https:\\\/\\\/encompaniastj.org\\\/pt-pt\\\/casa-de-oportunidades-para-jovens-em-formacao-profissional\\\/\",\"name\":\"\\\"Casa de oportunidades\\\" para jovens em forma\u00e7\u00e3o profissional - En Compa\u00f1\u00eda STJ\",\"isPartOf\":{\"@id\":\"https:\\\/\\\/encompaniastj.org\\\/pt-pt\\\/#website\"},\"primaryImageOfPage\":{\"@id\":\"https:\\\/\\\/encompaniastj.org\\\/pt-pt\\\/casa-de-oportunidades-para-jovens-em-formacao-profissional\\\/#primaryimage\"},\"image\":{\"@id\":\"https:\\\/\\\/encompaniastj.org\\\/pt-pt\\\/casa-de-oportunidades-para-jovens-em-formacao-profissional\\\/#primaryimage\"},\"thumbnailUrl\":\"https:\\\/\\\/encompaniastj.org\\\/wp-content\\\/uploads\\\/2025\\\/05\\\/santaAna.jpg\",\"datePublished\":\"2020-10-17T07:57:00+00:00\",\"dateModified\":\"2025-07-07T14:21:56+00:00\",\"breadcrumb\":{\"@id\":\"https:\\\/\\\/encompaniastj.org\\\/pt-pt\\\/casa-de-oportunidades-para-jovens-em-formacao-profissional\\\/#breadcrumb\"},\"inLanguage\":\"pt-PT\",\"potentialAction\":[{\"@type\":\"ReadAction\",\"target\":[\"https:\\\/\\\/encompaniastj.org\\\/pt-pt\\\/casa-de-oportunidades-para-jovens-em-formacao-profissional\\\/\"]}]},{\"@type\":\"ImageObject\",\"inLanguage\":\"pt-PT\",\"@id\":\"https:\\\/\\\/encompaniastj.org\\\/pt-pt\\\/casa-de-oportunidades-para-jovens-em-formacao-profissional\\\/#primaryimage\",\"url\":\"https:\\\/\\\/encompaniastj.org\\\/wp-content\\\/uploads\\\/2025\\\/05\\\/santaAna.jpg\",\"contentUrl\":\"https:\\\/\\\/encompaniastj.org\\\/wp-content\\\/uploads\\\/2025\\\/05\\\/santaAna.jpg\",\"width\":1600,\"height\":1200},{\"@type\":\"BreadcrumbList\",\"@id\":\"https:\\\/\\\/encompaniastj.org\\\/pt-pt\\\/casa-de-oportunidades-para-jovens-em-formacao-profissional\\\/#breadcrumb\",\"itemListElement\":[{\"@type\":\"ListItem\",\"position\":1,\"name\":\"Portada\",\"item\":\"https:\\\/\\\/encompaniastj.org\\\/pt-pt\\\/\"},{\"@type\":\"ListItem\",\"position\":2,\"name\":\"\u00abCasa de oportunidades\u00bb para jovens em forma\u00e7\u00e3o profissional\"}]},{\"@type\":\"WebSite\",\"@id\":\"https:\\\/\\\/encompaniastj.org\\\/pt-pt\\\/#website\",\"url\":\"https:\\\/\\\/encompaniastj.org\\\/pt-pt\\\/\",\"name\":\"En Compa\u00f1\u00eda STJ\",\"description\":\"Bolet\u00edn de la Compa\u00f1\u00eda de Santa Teresa de Jes\u00fas\",\"publisher\":{\"@id\":\"https:\\\/\\\/encompaniastj.org\\\/pt-pt\\\/#organization\"},\"potentialAction\":[{\"@type\":\"SearchAction\",\"target\":{\"@type\":\"EntryPoint\",\"urlTemplate\":\"https:\\\/\\\/encompaniastj.org\\\/pt-pt\\\/?s={search_term_string}\"},\"query-input\":{\"@type\":\"PropertyValueSpecification\",\"valueRequired\":true,\"valueName\":\"search_term_string\"}}],\"inLanguage\":\"pt-PT\"},{\"@type\":\"Organization\",\"@id\":\"https:\\\/\\\/encompaniastj.org\\\/pt-pt\\\/#organization\",\"name\":\"Compa\u00f1\u00eda de Santa Teresa de Jes\u00fas\",\"url\":\"https:\\\/\\\/encompaniastj.org\\\/pt-pt\\\/\",\"logo\":{\"@type\":\"ImageObject\",\"inLanguage\":\"pt-PT\",\"@id\":\"https:\\\/\\\/encompaniastj.org\\\/pt-pt\\\/#\\\/schema\\\/logo\\\/image\\\/\",\"url\":\"https:\\\/\\\/encompaniastj.org\\\/wp-content\\\/uploads\\\/2025\\\/04\\\/logo_provincias02-1-3.png\",\"contentUrl\":\"https:\\\/\\\/encompaniastj.org\\\/wp-content\\\/uploads\\\/2025\\\/04\\\/logo_provincias02-1-3.png\",\"width\":2368,\"height\":825,\"caption\":\"Compa\u00f1\u00eda de Santa Teresa de Jes\u00fas\"},\"image\":{\"@id\":\"https:\\\/\\\/encompaniastj.org\\\/pt-pt\\\/#\\\/schema\\\/logo\\\/image\\\/\"}},{\"@type\":\"Person\",\"@id\":\"https:\\\/\\\/encompaniastj.org\\\/pt-pt\\\/#\\\/schema\\\/person\\\/520e7ecc314793d40091993c2a02b651\",\"name\":\"admin\",\"image\":{\"@type\":\"ImageObject\",\"inLanguage\":\"pt-PT\",\"@id\":\"https:\\\/\\\/secure.gravatar.com\\\/avatar\\\/948b492cce32b586ac2db0eaa926ee87024f7afe218d73b397ea5ddfc5f43ea1?s=96&d=mm&r=g\",\"url\":\"https:\\\/\\\/secure.gravatar.com\\\/avatar\\\/948b492cce32b586ac2db0eaa926ee87024f7afe218d73b397ea5ddfc5f43ea1?s=96&d=mm&r=g\",\"contentUrl\":\"https:\\\/\\\/secure.gravatar.com\\\/avatar\\\/948b492cce32b586ac2db0eaa926ee87024f7afe218d73b397ea5ddfc5f43ea1?s=96&d=mm&r=g\",\"caption\":\"admin\"},\"sameAs\":[\"https:\\\/\\\/encompaniastj.org\"],\"url\":\"https:\\\/\\\/encompaniastj.org\\\/pt-pt\\\/author\\\/sjdigital\\\/\"}]}<\/script>\n<!-- \/ Yoast SEO plugin. -->","yoast_head_json":{"title":"\"Casa de oportunidades\" para jovens em forma\u00e7\u00e3o profissional - En Compa\u00f1\u00eda STJ","robots":{"index":"index","follow":"follow","max-snippet":"max-snippet:-1","max-image-preview":"max-image-preview:large","max-video-preview":"max-video-preview:-1"},"canonical":"https:\/\/encompaniastj.org\/pt-pt\/casa-de-oportunidades-para-jovens-em-formacao-profissional\/","og_locale":"pt_PT","og_type":"article","og_title":"\"Casa de oportunidades\" para jovens em forma\u00e7\u00e3o profissional - En Compa\u00f1\u00eda STJ","og_description":"No dia 8 de outubro de 2020, foi assinado um contrato importante entre a Associa\u00e7\u00e3o Panatheneos e &#8220;Missatgers de la Pau Catalunya&#8221; do Hospital de Campanha de Santa Anna. O [&hellip;]","og_url":"https:\/\/encompaniastj.org\/pt-pt\/casa-de-oportunidades-para-jovens-em-formacao-profissional\/","og_site_name":"En Compa\u00f1\u00eda STJ","article_published_time":"2020-10-17T07:57:00+00:00","article_modified_time":"2025-07-07T14:21:56+00:00","og_image":[{"width":1600,"height":1200,"url":"https:\/\/encompaniastj.org\/wp-content\/uploads\/2025\/05\/santaAna.jpg","type":"image\/jpeg"}],"author":"admin","twitter_card":"summary_large_image","twitter_misc":{"Escrito por":"admin","Tempo estimado de leitura":"2 minutos"},"schema":{"@context":"https:\/\/schema.org","@graph":[{"@type":"Article","@id":"https:\/\/encompaniastj.org\/pt-pt\/casa-de-oportunidades-para-jovens-em-formacao-profissional\/#article","isPartOf":{"@id":"https:\/\/encompaniastj.org\/pt-pt\/casa-de-oportunidades-para-jovens-em-formacao-profissional\/"},"author":{"name":"admin","@id":"https:\/\/encompaniastj.org\/pt-pt\/#\/schema\/person\/520e7ecc314793d40091993c2a02b651"},"headline":"&#8220;Casa de oportunidades&#8221; para jovens em forma\u00e7\u00e3o profissional","datePublished":"2020-10-17T07:57:00+00:00","dateModified":"2025-07-07T14:21:56+00:00","mainEntityOfPage":{"@id":"https:\/\/encompaniastj.org\/pt-pt\/casa-de-oportunidades-para-jovens-em-formacao-profissional\/"},"wordCount":396,"commentCount":0,"publisher":{"@id":"https:\/\/encompaniastj.org\/pt-pt\/#organization"},"image":{"@id":"https:\/\/encompaniastj.org\/pt-pt\/casa-de-oportunidades-para-jovens-em-formacao-profissional\/#primaryimage"},"thumbnailUrl":"https:\/\/encompaniastj.org\/wp-content\/uploads\/2025\/05\/santaAna.jpg","articleSection":["A\u00e7\u00e3o Social","Noticias"],"inLanguage":"pt-PT","potentialAction":[{"@type":"CommentAction","name":"Comment","target":["https:\/\/encompaniastj.org\/pt-pt\/casa-de-oportunidades-para-jovens-em-formacao-profissional\/#respond"]}]},{"@type":"WebPage","@id":"https:\/\/encompaniastj.org\/pt-pt\/casa-de-oportunidades-para-jovens-em-formacao-profissional\/","url":"https:\/\/encompaniastj.org\/pt-pt\/casa-de-oportunidades-para-jovens-em-formacao-profissional\/","name":"\"Casa de oportunidades\" para jovens em forma\u00e7\u00e3o profissional - En Compa\u00f1\u00eda STJ","isPartOf":{"@id":"https:\/\/encompaniastj.org\/pt-pt\/#website"},"primaryImageOfPage":{"@id":"https:\/\/encompaniastj.org\/pt-pt\/casa-de-oportunidades-para-jovens-em-formacao-profissional\/#primaryimage"},"image":{"@id":"https:\/\/encompaniastj.org\/pt-pt\/casa-de-oportunidades-para-jovens-em-formacao-profissional\/#primaryimage"},"thumbnailUrl":"https:\/\/encompaniastj.org\/wp-content\/uploads\/2025\/05\/santaAna.jpg","datePublished":"2020-10-17T07:57:00+00:00","dateModified":"2025-07-07T14:21:56+00:00","breadcrumb":{"@id":"https:\/\/encompaniastj.org\/pt-pt\/casa-de-oportunidades-para-jovens-em-formacao-profissional\/#breadcrumb"},"inLanguage":"pt-PT","potentialAction":[{"@type":"ReadAction","target":["https:\/\/encompaniastj.org\/pt-pt\/casa-de-oportunidades-para-jovens-em-formacao-profissional\/"]}]},{"@type":"ImageObject","inLanguage":"pt-PT","@id":"https:\/\/encompaniastj.org\/pt-pt\/casa-de-oportunidades-para-jovens-em-formacao-profissional\/#primaryimage","url":"https:\/\/encompaniastj.org\/wp-content\/uploads\/2025\/05\/santaAna.jpg","contentUrl":"https:\/\/encompaniastj.org\/wp-content\/uploads\/2025\/05\/santaAna.jpg","width":1600,"height":1200},{"@type":"BreadcrumbList","@id":"https:\/\/encompaniastj.org\/pt-pt\/casa-de-oportunidades-para-jovens-em-formacao-profissional\/#breadcrumb","itemListElement":[{"@type":"ListItem","position":1,"name":"Portada","item":"https:\/\/encompaniastj.org\/pt-pt\/"},{"@type":"ListItem","position":2,"name":"\u00abCasa de oportunidades\u00bb para jovens em forma\u00e7\u00e3o profissional"}]},{"@type":"WebSite","@id":"https:\/\/encompaniastj.org\/pt-pt\/#website","url":"https:\/\/encompaniastj.org\/pt-pt\/","name":"En Compa\u00f1\u00eda STJ","description":"Bolet\u00edn de la Compa\u00f1\u00eda de Santa Teresa de Jes\u00fas","publisher":{"@id":"https:\/\/encompaniastj.org\/pt-pt\/#organization"},"potentialAction":[{"@type":"SearchAction","target":{"@type":"EntryPoint","urlTemplate":"https:\/\/encompaniastj.org\/pt-pt\/?s={search_term_string}"},"query-input":{"@type":"PropertyValueSpecification","valueRequired":true,"valueName":"search_term_string"}}],"inLanguage":"pt-PT"},{"@type":"Organization","@id":"https:\/\/encompaniastj.org\/pt-pt\/#organization","name":"Compa\u00f1\u00eda de Santa Teresa de Jes\u00fas","url":"https:\/\/encompaniastj.org\/pt-pt\/","logo":{"@type":"ImageObject","inLanguage":"pt-PT","@id":"https:\/\/encompaniastj.org\/pt-pt\/#\/schema\/logo\/image\/","url":"https:\/\/encompaniastj.org\/wp-content\/uploads\/2025\/04\/logo_provincias02-1-3.png","contentUrl":"https:\/\/encompaniastj.org\/wp-content\/uploads\/2025\/04\/logo_provincias02-1-3.png","width":2368,"height":825,"caption":"Compa\u00f1\u00eda de Santa Teresa de Jes\u00fas"},"image":{"@id":"https:\/\/encompaniastj.org\/pt-pt\/#\/schema\/logo\/image\/"}},{"@type":"Person","@id":"https:\/\/encompaniastj.org\/pt-pt\/#\/schema\/person\/520e7ecc314793d40091993c2a02b651","name":"admin","image":{"@type":"ImageObject","inLanguage":"pt-PT","@id":"https:\/\/secure.gravatar.com\/avatar\/948b492cce32b586ac2db0eaa926ee87024f7afe218d73b397ea5ddfc5f43ea1?s=96&d=mm&r=g","url":"https:\/\/secure.gravatar.com\/avatar\/948b492cce32b586ac2db0eaa926ee87024f7afe218d73b397ea5ddfc5f43ea1?s=96&d=mm&r=g","contentUrl":"https:\/\/secure.gravatar.com\/avatar\/948b492cce32b586ac2db0eaa926ee87024f7afe218d73b397ea5ddfc5f43ea1?s=96&d=mm&r=g","caption":"admin"},"sameAs":["https:\/\/encompaniastj.org"],"url":"https:\/\/encompaniastj.org\/pt-pt\/author\/sjdigital\/"}]}},"_links":{"self":[{"href":"https:\/\/encompaniastj.org\/pt-pt\/wp-json\/wp\/v2\/posts\/10286","targetHints":{"allow":["GET"]}}],"collection":[{"href":"https:\/\/encompaniastj.org\/pt-pt\/wp-json\/wp\/v2\/posts"}],"about":[{"href":"https:\/\/encompaniastj.org\/pt-pt\/wp-json\/wp\/v2\/types\/post"}],"author":[{"embeddable":true,"href":"https:\/\/encompaniastj.org\/pt-pt\/wp-json\/wp\/v2\/users\/1"}],"replies":[{"embeddable":true,"href":"https:\/\/encompaniastj.org\/pt-pt\/wp-json\/wp\/v2\/comments?post=10286"}],"version-history":[{"count":1,"href":"https:\/\/encompaniastj.org\/pt-pt\/wp-json\/wp\/v2\/posts\/10286\/revisions"}],"predecessor-version":[{"id":10287,"href":"https:\/\/encompaniastj.org\/pt-pt\/wp-json\/wp\/v2\/posts\/10286\/revisions\/10287"}],"wp:featuredmedia":[{"embeddable":true,"href":"https:\/\/encompaniastj.org\/pt-pt\/wp-json\/wp\/v2\/media\/7570"}],"wp:attachment":[{"href":"https:\/\/encompaniastj.org\/pt-pt\/wp-json\/wp\/v2\/media?parent=10286"}],"wp:term":[{"taxonomy":"category","embeddable":true,"href":"https:\/\/encompaniastj.org\/pt-pt\/wp-json\/wp\/v2\/categories?post=10286"},{"taxonomy":"post_tag","embeddable":true,"href":"https:\/\/encompaniastj.org\/pt-pt\/wp-json\/wp\/v2\/tags?post=10286"}],"curies":[{"name":"wp","href":"https:\/\/api.w.org\/{rel}","templated":true}]}}