{"id":10280,"date":"2020-10-11T14:57:35","date_gmt":"2020-10-11T12:57:35","guid":{"rendered":"https:\/\/encompaniastj.org\/colegio-teresiano-do-pilar-zaragoza\/"},"modified":"2025-07-07T16:21:54","modified_gmt":"2025-07-07T14:21:54","slug":"colegio-teresiano-do-pilar-zaragoza","status":"publish","type":"post","link":"https:\/\/encompaniastj.org\/pt-pt\/colegio-teresiano-do-pilar-zaragoza\/","title":{"rendered":"Col\u00e9gio Teresiano do Pilar - Zaragoza"},"content":{"rendered":"\n<p>O col\u00e9gio Teresiano do Pilar em Zaragoza est\u00e1 localizado em Venta del\nOlivar, pr\u00f3ximo \u00e0 estrada de Logro\u00f1o e sua tradicional torre da f\u00e1brica\nPikolin. <\/p>\n\n\n\n<p>Presente na cidade desde 1915, esteve primeiro junto ao Pilar; desde\n1926, na rua Zurita; e de l\u00e1 passou em 1978, para sua localiza\u00e7\u00e3o atual, com\nnovas instala\u00e7\u00f5es modernas e eficientes das quais continuamos a usufruir hoje. <\/p>\n\n\n\n<p>Durante d\u00e9cadas o col\u00e9gio teve internato e estudos de Magist\u00e9rio como\ncomplemento aos n\u00edveis educativos do centro. Desde a sua &nbsp;mudan\u00e7a para as novas instala\u00e7\u00f5es&nbsp; transformou-se &nbsp;num centro misto.<\/p>\n\n\n\n<p>\u00c9 surpreendente ver como h\u00e1 mais de quarenta anos os respons\u00e1veis\n\u200b\u200bprojetaram uma escola com tanta luz, com salas de aula interligadas, com\nespa\u00e7os comuns que privilegiam novas metodologias e num ambiente natural\nprivilegiado. <\/p>\n\n\n\n<p>Atualmente o col\u00e9gio tem cerca de mil alunos, do 1\u00ba do Infantil (3\nanos) ao 2\u00ba do Bacharelato (18 anos). \u00c9 um centro com contrato, exceto\nBacharelato. <\/p>\n\n\n\n<p>\u00c9 caracterizado pelo ambiente familiar. O trabalho de dire\u00e7\u00e3o de turma\ne aten\u00e7\u00e3o aos pais e alunos \u00e9 uma caracter\u00edstica distintiva do nosso centro. A\nmaioria dos alunos e funcion\u00e1rios comem no col\u00e9gio e h\u00e1 muitas horas de\nconviv\u00eancia.<\/p>\n\n\n\n<p>Os quil\u00f3metros de dist\u00e2ncia do centro da cidade est\u00e3o ficando mais\ncurtos devido ao crescimento de bairros como Miralbueno: muitos alunos v\u00eam de\nl\u00e1; outros, de cidades pr\u00f3ximas, como Casetas, Garrapinillos, Utebo, etc. <\/p>\n\n\n\n<p>Autocarros e ve\u00edculos aglomeram-se ao redor do col\u00e9gio na hora de\nentrada e sa\u00edda. Um desafio! \u00c0 tarde, os pais que ficam com os filhos no p\u00e1tio\nda escola aproveitam o conv\u00edvio entre as fam\u00edlias<\/p>\n\n\n\n<p>A catequese de prepara\u00e7\u00e3o para a Primeira Comunh\u00e3o e a Confirma\u00e7\u00e3o s\u00e3o\noutro tra\u00e7o caracter\u00edstico do col\u00e9gio; tamb\u00e9m, as suas atividades de\nsolidariedade, entre as quais podemos destacar o movimento Manos Unidas e as\ndiferentes iniciativas de colabora\u00e7\u00e3o com o FundEO, C\u00e1ritas e outros fins\nsociais<\/p>\n\n\n\n<p>Como centro que pertence \u00e0 Funda\u00e7\u00e3o Escola Teresiana, vivemos tudo isto\na partir do esp\u00edrito teresiano, desejando formar os nossos alunos como\nverdadeiros sujeitos de encontro e transformadores sociais. <\/p>\n\n\n\n<p>Santa Teresa e Santo Henrique est\u00e3o muito presentes e as suas festas\ns\u00e3o muito celebradas por todos. No dia da Virgem do Pilar, as fam\u00edlias do\ncol\u00e9gio participam na oferenda de flores, frutas e um ros\u00e1rio de cristal. Nos\n\u00faltimos anos, a \u201cpilarada\u201d leva os alunos mais velhos a p\u00e9 do col\u00e9gio at\u00e9 \u00e0\nbas\u00edlica, com um prop\u00f3sito de solidariedade e festa. <\/p>\n\n\n\n<p>Durante o ano letivo de 2015-16, comemor\u00e1mos o centen\u00e1rio. Pudemos gozar\ne ver o quanto de vida e carinho o col\u00e9gio gerou em tantas pessoas e tantos\ncursos. Sabemos que somos seguidores gratos dessa vida e comprometidos com ela.\n<\/p>\n\n\n\n<ul class=\"wp-block-gallery columns-3 is-cropped wp-block-gallery-1 is-layout-flex wp-block-gallery-is-layout-flex\"><li class=\"blocks-gallery-item\"><figure><img decoding=\"async\" src=\"https:\/\/encompaniastj.org\/wp-content\/uploads\/2025\/05\/Capilla1.jpg\" alt=\"\" data-id=\"7026\" data-link=\"https:\/\/encompaniastj.org\/pt-pt\/?attachment_id=7026\" class=\"wp-image-7026\"\/><\/figure><\/li><li class=\"blocks-gallery-item\"><figure><img decoding=\"async\" src=\"https:\/\/encompaniastj.org\/wp-content\/uploads\/2025\/05\/IMG_3475-2.jpg\" alt=\"\" data-id=\"7028\" data-link=\"https:\/\/encompaniastj.org\/pt-pt\/?attachment_id=7028\" class=\"wp-image-7028\"\/><\/figure><\/li><li class=\"blocks-gallery-item\"><figure><img decoding=\"async\" src=\"https:\/\/encompaniastj.org\/wp-content\/uploads\/2025\/05\/jota2.jpg\" alt=\"\" data-id=\"7030\" data-link=\"https:\/\/encompaniastj.org\/pt-pt\/?attachment_id=7030\" class=\"wp-image-7030\"\/><\/figure><\/li><li class=\"blocks-gallery-item\"><figure><img decoding=\"async\" src=\"https:\/\/encompaniastj.org\/wp-content\/uploads\/2025\/05\/virgen2.jpg\" alt=\"\" data-id=\"7032\" data-link=\"https:\/\/encompaniastj.org\/pt-pt\/?attachment_id=7032\" class=\"wp-image-7032\"\/><\/figure><\/li><\/ul>\n","protected":false},"excerpt":{"rendered":"<p>O col\u00e9gio Teresiano do Pilar em Zaragoza est\u00e1 localizado em Venta del Olivar, pr\u00f3ximo \u00e0 estrada de Logro\u00f1o e sua tradicional torre da f\u00e1brica Pikolin. Presente na cidade desde 1915, [&hellip;]<\/p>\n","protected":false},"author":1,"featured_media":7560,"comment_status":"open","ping_status":"open","sticky":false,"template":"","format":"standard","meta":{"_acf_changed":false,"footnotes":""},"categories":[66,59,70,60],"tags":[],"class_list":["post-10280","post","type-post","status-publish","format-standard","has-post-thumbnail","hentry","category-conhecemo-nos","category-nos-conocemos","category-projetos","category-proyectos"],"acf":[],"yoast_head":"<!-- This site is optimized with the Yoast SEO plugin v27.5 - https:\/\/yoast.com\/product\/yoast-seo-wordpress\/ -->\n<title>Col\u00e9gio Teresiano do Pilar - Zaragoza - En Compa\u00f1\u00eda STJ<\/title>\n<meta name=\"robots\" content=\"index, follow, max-snippet:-1, max-image-preview:large, max-video-preview:-1\" \/>\n<link rel=\"canonical\" href=\"https:\/\/encompaniastj.org\/pt-pt\/colegio-teresiano-do-pilar-zaragoza\/\" \/>\n<meta property=\"og:locale\" content=\"pt_PT\" \/>\n<meta property=\"og:type\" content=\"article\" \/>\n<meta property=\"og:title\" content=\"Col\u00e9gio Teresiano do Pilar - Zaragoza - En Compa\u00f1\u00eda STJ\" \/>\n<meta property=\"og:description\" content=\"O col\u00e9gio Teresiano do Pilar em Zaragoza est\u00e1 localizado em Venta del Olivar, pr\u00f3ximo \u00e0 estrada de Logro\u00f1o e sua tradicional torre da f\u00e1brica Pikolin. Presente na cidade desde 1915, [&hellip;]\" \/>\n<meta property=\"og:url\" content=\"https:\/\/encompaniastj.org\/pt-pt\/colegio-teresiano-do-pilar-zaragoza\/\" \/>\n<meta property=\"og:site_name\" content=\"En Compa\u00f1\u00eda STJ\" \/>\n<meta property=\"article:published_time\" content=\"2020-10-11T12:57:35+00:00\" \/>\n<meta property=\"article:modified_time\" content=\"2025-07-07T14:21:54+00:00\" \/>\n<meta property=\"og:image\" content=\"https:\/\/encompaniastj.org\/wp-content\/uploads\/2025\/05\/IMG_3475-2.jpg\" \/>\n\t<meta property=\"og:image:width\" content=\"960\" \/>\n\t<meta property=\"og:image:height\" content=\"658\" \/>\n\t<meta property=\"og:image:type\" content=\"image\/jpeg\" \/>\n<meta name=\"author\" content=\"admin\" \/>\n<meta name=\"twitter:card\" content=\"summary_large_image\" \/>\n<meta name=\"twitter:label1\" content=\"Escrito por\" \/>\n\t<meta name=\"twitter:data1\" content=\"admin\" \/>\n\t<meta name=\"twitter:label2\" content=\"Tempo estimado de leitura\" \/>\n\t<meta name=\"twitter:data2\" content=\"2 minutos\" \/>\n<script type=\"application\/ld+json\" class=\"yoast-schema-graph\">{\"@context\":\"https:\\\/\\\/schema.org\",\"@graph\":[{\"@type\":\"Article\",\"@id\":\"https:\\\/\\\/encompaniastj.org\\\/pt-pt\\\/colegio-teresiano-do-pilar-zaragoza\\\/#article\",\"isPartOf\":{\"@id\":\"https:\\\/\\\/encompaniastj.org\\\/pt-pt\\\/colegio-teresiano-do-pilar-zaragoza\\\/\"},\"author\":{\"name\":\"admin\",\"@id\":\"https:\\\/\\\/encompaniastj.org\\\/pt-pt\\\/#\\\/schema\\\/person\\\/520e7ecc314793d40091993c2a02b651\"},\"headline\":\"Col\u00e9gio Teresiano do Pilar - Zaragoza\",\"datePublished\":\"2020-10-11T12:57:35+00:00\",\"dateModified\":\"2025-07-07T14:21:54+00:00\",\"mainEntityOfPage\":{\"@id\":\"https:\\\/\\\/encompaniastj.org\\\/pt-pt\\\/colegio-teresiano-do-pilar-zaragoza\\\/\"},\"wordCount\":485,\"commentCount\":0,\"publisher\":{\"@id\":\"https:\\\/\\\/encompaniastj.org\\\/pt-pt\\\/#organization\"},\"image\":{\"@id\":\"https:\\\/\\\/encompaniastj.org\\\/pt-pt\\\/colegio-teresiano-do-pilar-zaragoza\\\/#primaryimage\"},\"thumbnailUrl\":\"https:\\\/\\\/encompaniastj.org\\\/wp-content\\\/uploads\\\/2025\\\/05\\\/IMG_3475-2.jpg\",\"articleSection\":[\"Conhecemo-nos\",\"Nos conocemos\",\"Projetos\",\"Proyectos\"],\"inLanguage\":\"pt-PT\",\"potentialAction\":[{\"@type\":\"CommentAction\",\"name\":\"Comment\",\"target\":[\"https:\\\/\\\/encompaniastj.org\\\/pt-pt\\\/colegio-teresiano-do-pilar-zaragoza\\\/#respond\"]}]},{\"@type\":\"WebPage\",\"@id\":\"https:\\\/\\\/encompaniastj.org\\\/pt-pt\\\/colegio-teresiano-do-pilar-zaragoza\\\/\",\"url\":\"https:\\\/\\\/encompaniastj.org\\\/pt-pt\\\/colegio-teresiano-do-pilar-zaragoza\\\/\",\"name\":\"Col\u00e9gio Teresiano do Pilar - Zaragoza - En Compa\u00f1\u00eda STJ\",\"isPartOf\":{\"@id\":\"https:\\\/\\\/encompaniastj.org\\\/pt-pt\\\/#website\"},\"primaryImageOfPage\":{\"@id\":\"https:\\\/\\\/encompaniastj.org\\\/pt-pt\\\/colegio-teresiano-do-pilar-zaragoza\\\/#primaryimage\"},\"image\":{\"@id\":\"https:\\\/\\\/encompaniastj.org\\\/pt-pt\\\/colegio-teresiano-do-pilar-zaragoza\\\/#primaryimage\"},\"thumbnailUrl\":\"https:\\\/\\\/encompaniastj.org\\\/wp-content\\\/uploads\\\/2025\\\/05\\\/IMG_3475-2.jpg\",\"datePublished\":\"2020-10-11T12:57:35+00:00\",\"dateModified\":\"2025-07-07T14:21:54+00:00\",\"breadcrumb\":{\"@id\":\"https:\\\/\\\/encompaniastj.org\\\/pt-pt\\\/colegio-teresiano-do-pilar-zaragoza\\\/#breadcrumb\"},\"inLanguage\":\"pt-PT\",\"potentialAction\":[{\"@type\":\"ReadAction\",\"target\":[\"https:\\\/\\\/encompaniastj.org\\\/pt-pt\\\/colegio-teresiano-do-pilar-zaragoza\\\/\"]}]},{\"@type\":\"ImageObject\",\"inLanguage\":\"pt-PT\",\"@id\":\"https:\\\/\\\/encompaniastj.org\\\/pt-pt\\\/colegio-teresiano-do-pilar-zaragoza\\\/#primaryimage\",\"url\":\"https:\\\/\\\/encompaniastj.org\\\/wp-content\\\/uploads\\\/2025\\\/05\\\/IMG_3475-2.jpg\",\"contentUrl\":\"https:\\\/\\\/encompaniastj.org\\\/wp-content\\\/uploads\\\/2025\\\/05\\\/IMG_3475-2.jpg\",\"width\":960,\"height\":658},{\"@type\":\"BreadcrumbList\",\"@id\":\"https:\\\/\\\/encompaniastj.org\\\/pt-pt\\\/colegio-teresiano-do-pilar-zaragoza\\\/#breadcrumb\",\"itemListElement\":[{\"@type\":\"ListItem\",\"position\":1,\"name\":\"Portada\",\"item\":\"https:\\\/\\\/encompaniastj.org\\\/pt-pt\\\/\"},{\"@type\":\"ListItem\",\"position\":2,\"name\":\"Col\u00e9gio Teresiano do Pilar - Zaragoza\"}]},{\"@type\":\"WebSite\",\"@id\":\"https:\\\/\\\/encompaniastj.org\\\/pt-pt\\\/#website\",\"url\":\"https:\\\/\\\/encompaniastj.org\\\/pt-pt\\\/\",\"name\":\"En Compa\u00f1\u00eda STJ\",\"description\":\"Bolet\u00edn de la Compa\u00f1\u00eda de Santa Teresa de Jes\u00fas\",\"publisher\":{\"@id\":\"https:\\\/\\\/encompaniastj.org\\\/pt-pt\\\/#organization\"},\"potentialAction\":[{\"@type\":\"SearchAction\",\"target\":{\"@type\":\"EntryPoint\",\"urlTemplate\":\"https:\\\/\\\/encompaniastj.org\\\/pt-pt\\\/?s={search_term_string}\"},\"query-input\":{\"@type\":\"PropertyValueSpecification\",\"valueRequired\":true,\"valueName\":\"search_term_string\"}}],\"inLanguage\":\"pt-PT\"},{\"@type\":\"Organization\",\"@id\":\"https:\\\/\\\/encompaniastj.org\\\/pt-pt\\\/#organization\",\"name\":\"Compa\u00f1\u00eda de Santa Teresa de Jes\u00fas\",\"url\":\"https:\\\/\\\/encompaniastj.org\\\/pt-pt\\\/\",\"logo\":{\"@type\":\"ImageObject\",\"inLanguage\":\"pt-PT\",\"@id\":\"https:\\\/\\\/encompaniastj.org\\\/pt-pt\\\/#\\\/schema\\\/logo\\\/image\\\/\",\"url\":\"https:\\\/\\\/encompaniastj.org\\\/wp-content\\\/uploads\\\/2025\\\/04\\\/logo_provincias02-1-3.png\",\"contentUrl\":\"https:\\\/\\\/encompaniastj.org\\\/wp-content\\\/uploads\\\/2025\\\/04\\\/logo_provincias02-1-3.png\",\"width\":2368,\"height\":825,\"caption\":\"Compa\u00f1\u00eda de Santa Teresa de Jes\u00fas\"},\"image\":{\"@id\":\"https:\\\/\\\/encompaniastj.org\\\/pt-pt\\\/#\\\/schema\\\/logo\\\/image\\\/\"}},{\"@type\":\"Person\",\"@id\":\"https:\\\/\\\/encompaniastj.org\\\/pt-pt\\\/#\\\/schema\\\/person\\\/520e7ecc314793d40091993c2a02b651\",\"name\":\"admin\",\"image\":{\"@type\":\"ImageObject\",\"inLanguage\":\"pt-PT\",\"@id\":\"https:\\\/\\\/secure.gravatar.com\\\/avatar\\\/948b492cce32b586ac2db0eaa926ee87024f7afe218d73b397ea5ddfc5f43ea1?s=96&d=mm&r=g\",\"url\":\"https:\\\/\\\/secure.gravatar.com\\\/avatar\\\/948b492cce32b586ac2db0eaa926ee87024f7afe218d73b397ea5ddfc5f43ea1?s=96&d=mm&r=g\",\"contentUrl\":\"https:\\\/\\\/secure.gravatar.com\\\/avatar\\\/948b492cce32b586ac2db0eaa926ee87024f7afe218d73b397ea5ddfc5f43ea1?s=96&d=mm&r=g\",\"caption\":\"admin\"},\"sameAs\":[\"https:\\\/\\\/encompaniastj.org\"],\"url\":\"https:\\\/\\\/encompaniastj.org\\\/pt-pt\\\/author\\\/sjdigital\\\/\"}]}<\/script>\n<!-- \/ Yoast SEO plugin. -->","yoast_head_json":{"title":"Col\u00e9gio Teresiano do Pilar - Zaragoza - En Compa\u00f1\u00eda STJ","robots":{"index":"index","follow":"follow","max-snippet":"max-snippet:-1","max-image-preview":"max-image-preview:large","max-video-preview":"max-video-preview:-1"},"canonical":"https:\/\/encompaniastj.org\/pt-pt\/colegio-teresiano-do-pilar-zaragoza\/","og_locale":"pt_PT","og_type":"article","og_title":"Col\u00e9gio Teresiano do Pilar - Zaragoza - En Compa\u00f1\u00eda STJ","og_description":"O col\u00e9gio Teresiano do Pilar em Zaragoza est\u00e1 localizado em Venta del Olivar, pr\u00f3ximo \u00e0 estrada de Logro\u00f1o e sua tradicional torre da f\u00e1brica Pikolin. Presente na cidade desde 1915, [&hellip;]","og_url":"https:\/\/encompaniastj.org\/pt-pt\/colegio-teresiano-do-pilar-zaragoza\/","og_site_name":"En Compa\u00f1\u00eda STJ","article_published_time":"2020-10-11T12:57:35+00:00","article_modified_time":"2025-07-07T14:21:54+00:00","og_image":[{"width":960,"height":658,"url":"https:\/\/encompaniastj.org\/wp-content\/uploads\/2025\/05\/IMG_3475-2.jpg","type":"image\/jpeg"}],"author":"admin","twitter_card":"summary_large_image","twitter_misc":{"Escrito por":"admin","Tempo estimado de leitura":"2 minutos"},"schema":{"@context":"https:\/\/schema.org","@graph":[{"@type":"Article","@id":"https:\/\/encompaniastj.org\/pt-pt\/colegio-teresiano-do-pilar-zaragoza\/#article","isPartOf":{"@id":"https:\/\/encompaniastj.org\/pt-pt\/colegio-teresiano-do-pilar-zaragoza\/"},"author":{"name":"admin","@id":"https:\/\/encompaniastj.org\/pt-pt\/#\/schema\/person\/520e7ecc314793d40091993c2a02b651"},"headline":"Col\u00e9gio Teresiano do Pilar - Zaragoza","datePublished":"2020-10-11T12:57:35+00:00","dateModified":"2025-07-07T14:21:54+00:00","mainEntityOfPage":{"@id":"https:\/\/encompaniastj.org\/pt-pt\/colegio-teresiano-do-pilar-zaragoza\/"},"wordCount":485,"commentCount":0,"publisher":{"@id":"https:\/\/encompaniastj.org\/pt-pt\/#organization"},"image":{"@id":"https:\/\/encompaniastj.org\/pt-pt\/colegio-teresiano-do-pilar-zaragoza\/#primaryimage"},"thumbnailUrl":"https:\/\/encompaniastj.org\/wp-content\/uploads\/2025\/05\/IMG_3475-2.jpg","articleSection":["Conhecemo-nos","Nos conocemos","Projetos","Proyectos"],"inLanguage":"pt-PT","potentialAction":[{"@type":"CommentAction","name":"Comment","target":["https:\/\/encompaniastj.org\/pt-pt\/colegio-teresiano-do-pilar-zaragoza\/#respond"]}]},{"@type":"WebPage","@id":"https:\/\/encompaniastj.org\/pt-pt\/colegio-teresiano-do-pilar-zaragoza\/","url":"https:\/\/encompaniastj.org\/pt-pt\/colegio-teresiano-do-pilar-zaragoza\/","name":"Col\u00e9gio Teresiano do Pilar - Zaragoza - En Compa\u00f1\u00eda STJ","isPartOf":{"@id":"https:\/\/encompaniastj.org\/pt-pt\/#website"},"primaryImageOfPage":{"@id":"https:\/\/encompaniastj.org\/pt-pt\/colegio-teresiano-do-pilar-zaragoza\/#primaryimage"},"image":{"@id":"https:\/\/encompaniastj.org\/pt-pt\/colegio-teresiano-do-pilar-zaragoza\/#primaryimage"},"thumbnailUrl":"https:\/\/encompaniastj.org\/wp-content\/uploads\/2025\/05\/IMG_3475-2.jpg","datePublished":"2020-10-11T12:57:35+00:00","dateModified":"2025-07-07T14:21:54+00:00","breadcrumb":{"@id":"https:\/\/encompaniastj.org\/pt-pt\/colegio-teresiano-do-pilar-zaragoza\/#breadcrumb"},"inLanguage":"pt-PT","potentialAction":[{"@type":"ReadAction","target":["https:\/\/encompaniastj.org\/pt-pt\/colegio-teresiano-do-pilar-zaragoza\/"]}]},{"@type":"ImageObject","inLanguage":"pt-PT","@id":"https:\/\/encompaniastj.org\/pt-pt\/colegio-teresiano-do-pilar-zaragoza\/#primaryimage","url":"https:\/\/encompaniastj.org\/wp-content\/uploads\/2025\/05\/IMG_3475-2.jpg","contentUrl":"https:\/\/encompaniastj.org\/wp-content\/uploads\/2025\/05\/IMG_3475-2.jpg","width":960,"height":658},{"@type":"BreadcrumbList","@id":"https:\/\/encompaniastj.org\/pt-pt\/colegio-teresiano-do-pilar-zaragoza\/#breadcrumb","itemListElement":[{"@type":"ListItem","position":1,"name":"Portada","item":"https:\/\/encompaniastj.org\/pt-pt\/"},{"@type":"ListItem","position":2,"name":"Col\u00e9gio Teresiano do Pilar - Zaragoza"}]},{"@type":"WebSite","@id":"https:\/\/encompaniastj.org\/pt-pt\/#website","url":"https:\/\/encompaniastj.org\/pt-pt\/","name":"En Compa\u00f1\u00eda STJ","description":"Bolet\u00edn de la Compa\u00f1\u00eda de Santa Teresa de Jes\u00fas","publisher":{"@id":"https:\/\/encompaniastj.org\/pt-pt\/#organization"},"potentialAction":[{"@type":"SearchAction","target":{"@type":"EntryPoint","urlTemplate":"https:\/\/encompaniastj.org\/pt-pt\/?s={search_term_string}"},"query-input":{"@type":"PropertyValueSpecification","valueRequired":true,"valueName":"search_term_string"}}],"inLanguage":"pt-PT"},{"@type":"Organization","@id":"https:\/\/encompaniastj.org\/pt-pt\/#organization","name":"Compa\u00f1\u00eda de Santa Teresa de Jes\u00fas","url":"https:\/\/encompaniastj.org\/pt-pt\/","logo":{"@type":"ImageObject","inLanguage":"pt-PT","@id":"https:\/\/encompaniastj.org\/pt-pt\/#\/schema\/logo\/image\/","url":"https:\/\/encompaniastj.org\/wp-content\/uploads\/2025\/04\/logo_provincias02-1-3.png","contentUrl":"https:\/\/encompaniastj.org\/wp-content\/uploads\/2025\/04\/logo_provincias02-1-3.png","width":2368,"height":825,"caption":"Compa\u00f1\u00eda de Santa Teresa de Jes\u00fas"},"image":{"@id":"https:\/\/encompaniastj.org\/pt-pt\/#\/schema\/logo\/image\/"}},{"@type":"Person","@id":"https:\/\/encompaniastj.org\/pt-pt\/#\/schema\/person\/520e7ecc314793d40091993c2a02b651","name":"admin","image":{"@type":"ImageObject","inLanguage":"pt-PT","@id":"https:\/\/secure.gravatar.com\/avatar\/948b492cce32b586ac2db0eaa926ee87024f7afe218d73b397ea5ddfc5f43ea1?s=96&d=mm&r=g","url":"https:\/\/secure.gravatar.com\/avatar\/948b492cce32b586ac2db0eaa926ee87024f7afe218d73b397ea5ddfc5f43ea1?s=96&d=mm&r=g","contentUrl":"https:\/\/secure.gravatar.com\/avatar\/948b492cce32b586ac2db0eaa926ee87024f7afe218d73b397ea5ddfc5f43ea1?s=96&d=mm&r=g","caption":"admin"},"sameAs":["https:\/\/encompaniastj.org"],"url":"https:\/\/encompaniastj.org\/pt-pt\/author\/sjdigital\/"}]}},"_links":{"self":[{"href":"https:\/\/encompaniastj.org\/pt-pt\/wp-json\/wp\/v2\/posts\/10280","targetHints":{"allow":["GET"]}}],"collection":[{"href":"https:\/\/encompaniastj.org\/pt-pt\/wp-json\/wp\/v2\/posts"}],"about":[{"href":"https:\/\/encompaniastj.org\/pt-pt\/wp-json\/wp\/v2\/types\/post"}],"author":[{"embeddable":true,"href":"https:\/\/encompaniastj.org\/pt-pt\/wp-json\/wp\/v2\/users\/1"}],"replies":[{"embeddable":true,"href":"https:\/\/encompaniastj.org\/pt-pt\/wp-json\/wp\/v2\/comments?post=10280"}],"version-history":[{"count":1,"href":"https:\/\/encompaniastj.org\/pt-pt\/wp-json\/wp\/v2\/posts\/10280\/revisions"}],"predecessor-version":[{"id":10281,"href":"https:\/\/encompaniastj.org\/pt-pt\/wp-json\/wp\/v2\/posts\/10280\/revisions\/10281"}],"wp:featuredmedia":[{"embeddable":true,"href":"https:\/\/encompaniastj.org\/pt-pt\/wp-json\/wp\/v2\/media\/7560"}],"wp:attachment":[{"href":"https:\/\/encompaniastj.org\/pt-pt\/wp-json\/wp\/v2\/media?parent=10280"}],"wp:term":[{"taxonomy":"category","embeddable":true,"href":"https:\/\/encompaniastj.org\/pt-pt\/wp-json\/wp\/v2\/categories?post=10280"},{"taxonomy":"post_tag","embeddable":true,"href":"https:\/\/encompaniastj.org\/pt-pt\/wp-json\/wp\/v2\/tags?post=10280"}],"curies":[{"name":"wp","href":"https:\/\/api.w.org\/{rel}","templated":true}]}}