{"id":10270,"date":"2020-10-06T16:47:47","date_gmt":"2020-10-06T14:47:47","guid":{"rendered":"https:\/\/encompaniastj.org\/residencia-irmas-teresianas-fatima-portugal\/"},"modified":"2025-07-07T16:21:54","modified_gmt":"2025-07-07T14:21:54","slug":"residencia-irmas-teresianas-fatima-portugal","status":"publish","type":"post","link":"https:\/\/encompaniastj.org\/pt-pt\/residencia-irmas-teresianas-fatima-portugal\/","title":{"rendered":"RESID\u00caNCIA  IRM\u00c3S TERESIANAS \u2013 F\u00c1TIMA \u2013 PORTUGAL"},"content":{"rendered":"\n<p>Outrora,\nfoi aqui o Noviciado, centro de forma\u00e7\u00e3o e a comunidade foi-se enquadrando\nneste ambiente mariano por excel\u00eancia. Com o tempo, encerrou-se o noviciado, ficando\naqui uma pequena comunidade que colaborava nas diversas atividades do Santu\u00e1rio\ne na pastoral paroquial, nomeadamente na catequese, anima\u00e7\u00e3o lit\u00fargica e visita\naos doentes e idosos. Ao mesmo tempo, forma-se o grupo MTA \u2013 Amigos de Jesus\nque reunia na nossa casa. Era neste local que a Prov\u00edncia, ent\u00e3o, de \u201cM \u00aa\nImaculada\u201d, realizava reuni\u00f5es, cursos e encontros de forma\u00e7\u00e3o. <\/p>\n\n\n\n<p>Alguns anos\ndepois, a casa sofreu grandes modifica\u00e7\u00f5es e criaram-se espa\u00e7os bem definidos\npara receber as irm\u00e3s doentes, idosas.<\/p>\n\n\n\n<p>A\ncomunidade \u00e9 constitu\u00edda por 14 irm\u00e3s com idade avan\u00e7ada e doentes que s\u00e3o bem\ncuidadas pela dedica\u00e7\u00e3o e entrega de um grupo de irm\u00e3s e funcion\u00e1rias que as\natendem a n\u00edvel humano e espiritual, num ambiente de carinho, alegria e ora\u00e7\u00e3o.\nEsta \u00e9 a sua primeira miss\u00e3o \u2013 o cuidado do outro-Outro. <\/p>\n\n\n\n<p>Mas a casa tamb\u00e9m\noferece espa\u00e7os agrad\u00e1veis onde se podem realizar diferentes a\u00e7\u00f5es em qualquer\n\u00e9poca do ano. O Governo Provincial tem-se reunido aqui com frequ\u00eancia, assim\ncomo o MTA sabe que pode dispor da casa para reuni\u00f5es, encontros, momentos\nora\u00e7\u00e3o ...<\/p>\n\n\n\n<p>Como a localiza\u00e7\u00e3o\nda casa goza do privil\u00e9gio da \u201csombra\u201d de Nossa Senhora, acolhe, em esp\u00edrito\nmariano, peregrinos que acorrem ao Santu\u00e1rio para rezar e agradecer a Maria a\nsua prote\u00e7\u00e3o. <\/p>\n\n\n\n<p>Aqui tudo nos fala\nda Virgem das Apari\u00e7\u00f5es e respira-se o perfume da M\u00e3e do c\u00e9u que veio\nvisitar-nos, apelando \u00e0 ora\u00e7\u00e3o, \u00e0 convers\u00e3o, \u00e0 paz. <\/p>\n\n\n\n<p>E neste clima de\nmist\u00e9rio e devo\u00e7\u00e3o mariana, pedimos \u00e0 Virgem de F\u00e1tima que proteja cada irm\u00e3 da\nnossa Prov\u00edncia da Europa.<\/p>\n","protected":false},"excerpt":{"rendered":"<p>Outrora, foi aqui o Noviciado, centro de forma\u00e7\u00e3o e a comunidade foi-se enquadrando neste ambiente mariano por excel\u00eancia. Com o tempo, encerrou-se o noviciado, ficando aqui uma pequena comunidade que [&hellip;]<\/p>\n","protected":false},"author":1,"featured_media":7552,"comment_status":"open","ping_status":"open","sticky":false,"template":"","format":"standard","meta":{"_acf_changed":false,"footnotes":""},"categories":[67,66],"tags":[],"class_list":["post-10270","post","type-post","status-publish","format-standard","has-post-thumbnail","hentry","category-comunidades-conhecemo-nos","category-conhecemo-nos"],"acf":[],"yoast_head":"<!-- This site is optimized with the Yoast SEO plugin v27.5 - https:\/\/yoast.com\/product\/yoast-seo-wordpress\/ -->\n<title>RESID\u00caNCIA IRM\u00c3S TERESIANAS \u2013 F\u00c1TIMA \u2013 PORTUGAL - En Compa\u00f1\u00eda STJ<\/title>\n<meta name=\"robots\" content=\"index, follow, max-snippet:-1, max-image-preview:large, max-video-preview:-1\" \/>\n<link rel=\"canonical\" href=\"https:\/\/encompaniastj.org\/pt-pt\/residencia-irmas-teresianas-fatima-portugal\/\" \/>\n<meta property=\"og:locale\" content=\"pt_PT\" \/>\n<meta property=\"og:type\" content=\"article\" \/>\n<meta property=\"og:title\" content=\"RESID\u00caNCIA IRM\u00c3S TERESIANAS \u2013 F\u00c1TIMA \u2013 PORTUGAL - En Compa\u00f1\u00eda STJ\" \/>\n<meta property=\"og:description\" content=\"Outrora, foi aqui o Noviciado, centro de forma\u00e7\u00e3o e a comunidade foi-se enquadrando neste ambiente mariano por excel\u00eancia. Com o tempo, encerrou-se o noviciado, ficando aqui uma pequena comunidade que [&hellip;]\" \/>\n<meta property=\"og:url\" content=\"https:\/\/encompaniastj.org\/pt-pt\/residencia-irmas-teresianas-fatima-portugal\/\" \/>\n<meta property=\"og:site_name\" content=\"En Compa\u00f1\u00eda STJ\" \/>\n<meta property=\"article:published_time\" content=\"2020-10-06T14:47:47+00:00\" \/>\n<meta property=\"article:modified_time\" content=\"2025-07-07T14:21:54+00:00\" \/>\n<meta property=\"og:image\" content=\"https:\/\/encompaniastj.org\/wp-content\/uploads\/2025\/05\/foto-comunidad.jpg\" \/>\n\t<meta property=\"og:image:width\" content=\"1900\" \/>\n\t<meta property=\"og:image:height\" content=\"1425\" \/>\n\t<meta property=\"og:image:type\" content=\"image\/jpeg\" \/>\n<meta name=\"author\" content=\"admin\" \/>\n<meta name=\"twitter:card\" content=\"summary_large_image\" \/>\n<meta name=\"twitter:label1\" content=\"Escrito por\" \/>\n\t<meta name=\"twitter:data1\" content=\"admin\" \/>\n\t<meta name=\"twitter:label2\" content=\"Tempo estimado de leitura\" \/>\n\t<meta name=\"twitter:data2\" content=\"2 minutos\" \/>\n<script type=\"application\/ld+json\" class=\"yoast-schema-graph\">{\"@context\":\"https:\\\/\\\/schema.org\",\"@graph\":[{\"@type\":\"Article\",\"@id\":\"https:\\\/\\\/encompaniastj.org\\\/pt-pt\\\/residencia-irmas-teresianas-fatima-portugal\\\/#article\",\"isPartOf\":{\"@id\":\"https:\\\/\\\/encompaniastj.org\\\/pt-pt\\\/residencia-irmas-teresianas-fatima-portugal\\\/\"},\"author\":{\"name\":\"admin\",\"@id\":\"https:\\\/\\\/encompaniastj.org\\\/pt-pt\\\/#\\\/schema\\\/person\\\/520e7ecc314793d40091993c2a02b651\"},\"headline\":\"RESID\u00caNCIA IRM\u00c3S TERESIANAS \u2013 F\u00c1TIMA \u2013 PORTUGAL\",\"datePublished\":\"2020-10-06T14:47:47+00:00\",\"dateModified\":\"2025-07-07T14:21:54+00:00\",\"mainEntityOfPage\":{\"@id\":\"https:\\\/\\\/encompaniastj.org\\\/pt-pt\\\/residencia-irmas-teresianas-fatima-portugal\\\/\"},\"wordCount\":318,\"commentCount\":0,\"publisher\":{\"@id\":\"https:\\\/\\\/encompaniastj.org\\\/pt-pt\\\/#organization\"},\"image\":{\"@id\":\"https:\\\/\\\/encompaniastj.org\\\/pt-pt\\\/residencia-irmas-teresianas-fatima-portugal\\\/#primaryimage\"},\"thumbnailUrl\":\"https:\\\/\\\/encompaniastj.org\\\/wp-content\\\/uploads\\\/2025\\\/05\\\/foto-comunidad.jpg\",\"articleSection\":[\"Comunidades\",\"Conhecemo-nos\"],\"inLanguage\":\"pt-PT\",\"potentialAction\":[{\"@type\":\"CommentAction\",\"name\":\"Comment\",\"target\":[\"https:\\\/\\\/encompaniastj.org\\\/pt-pt\\\/residencia-irmas-teresianas-fatima-portugal\\\/#respond\"]}]},{\"@type\":\"WebPage\",\"@id\":\"https:\\\/\\\/encompaniastj.org\\\/pt-pt\\\/residencia-irmas-teresianas-fatima-portugal\\\/\",\"url\":\"https:\\\/\\\/encompaniastj.org\\\/pt-pt\\\/residencia-irmas-teresianas-fatima-portugal\\\/\",\"name\":\"RESID\u00caNCIA IRM\u00c3S TERESIANAS \u2013 F\u00c1TIMA \u2013 PORTUGAL - En Compa\u00f1\u00eda STJ\",\"isPartOf\":{\"@id\":\"https:\\\/\\\/encompaniastj.org\\\/pt-pt\\\/#website\"},\"primaryImageOfPage\":{\"@id\":\"https:\\\/\\\/encompaniastj.org\\\/pt-pt\\\/residencia-irmas-teresianas-fatima-portugal\\\/#primaryimage\"},\"image\":{\"@id\":\"https:\\\/\\\/encompaniastj.org\\\/pt-pt\\\/residencia-irmas-teresianas-fatima-portugal\\\/#primaryimage\"},\"thumbnailUrl\":\"https:\\\/\\\/encompaniastj.org\\\/wp-content\\\/uploads\\\/2025\\\/05\\\/foto-comunidad.jpg\",\"datePublished\":\"2020-10-06T14:47:47+00:00\",\"dateModified\":\"2025-07-07T14:21:54+00:00\",\"breadcrumb\":{\"@id\":\"https:\\\/\\\/encompaniastj.org\\\/pt-pt\\\/residencia-irmas-teresianas-fatima-portugal\\\/#breadcrumb\"},\"inLanguage\":\"pt-PT\",\"potentialAction\":[{\"@type\":\"ReadAction\",\"target\":[\"https:\\\/\\\/encompaniastj.org\\\/pt-pt\\\/residencia-irmas-teresianas-fatima-portugal\\\/\"]}]},{\"@type\":\"ImageObject\",\"inLanguage\":\"pt-PT\",\"@id\":\"https:\\\/\\\/encompaniastj.org\\\/pt-pt\\\/residencia-irmas-teresianas-fatima-portugal\\\/#primaryimage\",\"url\":\"https:\\\/\\\/encompaniastj.org\\\/wp-content\\\/uploads\\\/2025\\\/05\\\/foto-comunidad.jpg\",\"contentUrl\":\"https:\\\/\\\/encompaniastj.org\\\/wp-content\\\/uploads\\\/2025\\\/05\\\/foto-comunidad.jpg\",\"width\":1900,\"height\":1425},{\"@type\":\"BreadcrumbList\",\"@id\":\"https:\\\/\\\/encompaniastj.org\\\/pt-pt\\\/residencia-irmas-teresianas-fatima-portugal\\\/#breadcrumb\",\"itemListElement\":[{\"@type\":\"ListItem\",\"position\":1,\"name\":\"Portada\",\"item\":\"https:\\\/\\\/encompaniastj.org\\\/pt-pt\\\/\"},{\"@type\":\"ListItem\",\"position\":2,\"name\":\"RESID\u00caNCIA IRM\u00c3S TERESIANAS \u2013 F\u00c1TIMA \u2013 PORTUGAL\"}]},{\"@type\":\"WebSite\",\"@id\":\"https:\\\/\\\/encompaniastj.org\\\/pt-pt\\\/#website\",\"url\":\"https:\\\/\\\/encompaniastj.org\\\/pt-pt\\\/\",\"name\":\"En Compa\u00f1\u00eda STJ\",\"description\":\"Bolet\u00edn de la Compa\u00f1\u00eda de Santa Teresa de Jes\u00fas\",\"publisher\":{\"@id\":\"https:\\\/\\\/encompaniastj.org\\\/pt-pt\\\/#organization\"},\"potentialAction\":[{\"@type\":\"SearchAction\",\"target\":{\"@type\":\"EntryPoint\",\"urlTemplate\":\"https:\\\/\\\/encompaniastj.org\\\/pt-pt\\\/?s={search_term_string}\"},\"query-input\":{\"@type\":\"PropertyValueSpecification\",\"valueRequired\":true,\"valueName\":\"search_term_string\"}}],\"inLanguage\":\"pt-PT\"},{\"@type\":\"Organization\",\"@id\":\"https:\\\/\\\/encompaniastj.org\\\/pt-pt\\\/#organization\",\"name\":\"Compa\u00f1\u00eda de Santa Teresa de Jes\u00fas\",\"url\":\"https:\\\/\\\/encompaniastj.org\\\/pt-pt\\\/\",\"logo\":{\"@type\":\"ImageObject\",\"inLanguage\":\"pt-PT\",\"@id\":\"https:\\\/\\\/encompaniastj.org\\\/pt-pt\\\/#\\\/schema\\\/logo\\\/image\\\/\",\"url\":\"https:\\\/\\\/encompaniastj.org\\\/wp-content\\\/uploads\\\/2025\\\/04\\\/logo_provincias02-1-3.png\",\"contentUrl\":\"https:\\\/\\\/encompaniastj.org\\\/wp-content\\\/uploads\\\/2025\\\/04\\\/logo_provincias02-1-3.png\",\"width\":2368,\"height\":825,\"caption\":\"Compa\u00f1\u00eda de Santa Teresa de Jes\u00fas\"},\"image\":{\"@id\":\"https:\\\/\\\/encompaniastj.org\\\/pt-pt\\\/#\\\/schema\\\/logo\\\/image\\\/\"}},{\"@type\":\"Person\",\"@id\":\"https:\\\/\\\/encompaniastj.org\\\/pt-pt\\\/#\\\/schema\\\/person\\\/520e7ecc314793d40091993c2a02b651\",\"name\":\"admin\",\"image\":{\"@type\":\"ImageObject\",\"inLanguage\":\"pt-PT\",\"@id\":\"https:\\\/\\\/secure.gravatar.com\\\/avatar\\\/948b492cce32b586ac2db0eaa926ee87024f7afe218d73b397ea5ddfc5f43ea1?s=96&d=mm&r=g\",\"url\":\"https:\\\/\\\/secure.gravatar.com\\\/avatar\\\/948b492cce32b586ac2db0eaa926ee87024f7afe218d73b397ea5ddfc5f43ea1?s=96&d=mm&r=g\",\"contentUrl\":\"https:\\\/\\\/secure.gravatar.com\\\/avatar\\\/948b492cce32b586ac2db0eaa926ee87024f7afe218d73b397ea5ddfc5f43ea1?s=96&d=mm&r=g\",\"caption\":\"admin\"},\"sameAs\":[\"https:\\\/\\\/encompaniastj.org\"],\"url\":\"https:\\\/\\\/encompaniastj.org\\\/pt-pt\\\/author\\\/sjdigital\\\/\"}]}<\/script>\n<!-- \/ Yoast SEO plugin. -->","yoast_head_json":{"title":"RESID\u00caNCIA IRM\u00c3S TERESIANAS \u2013 F\u00c1TIMA \u2013 PORTUGAL - En Compa\u00f1\u00eda STJ","robots":{"index":"index","follow":"follow","max-snippet":"max-snippet:-1","max-image-preview":"max-image-preview:large","max-video-preview":"max-video-preview:-1"},"canonical":"https:\/\/encompaniastj.org\/pt-pt\/residencia-irmas-teresianas-fatima-portugal\/","og_locale":"pt_PT","og_type":"article","og_title":"RESID\u00caNCIA IRM\u00c3S TERESIANAS \u2013 F\u00c1TIMA \u2013 PORTUGAL - En Compa\u00f1\u00eda STJ","og_description":"Outrora, foi aqui o Noviciado, centro de forma\u00e7\u00e3o e a comunidade foi-se enquadrando neste ambiente mariano por excel\u00eancia. Com o tempo, encerrou-se o noviciado, ficando aqui uma pequena comunidade que [&hellip;]","og_url":"https:\/\/encompaniastj.org\/pt-pt\/residencia-irmas-teresianas-fatima-portugal\/","og_site_name":"En Compa\u00f1\u00eda STJ","article_published_time":"2020-10-06T14:47:47+00:00","article_modified_time":"2025-07-07T14:21:54+00:00","og_image":[{"width":1900,"height":1425,"url":"https:\/\/encompaniastj.org\/wp-content\/uploads\/2025\/05\/foto-comunidad.jpg","type":"image\/jpeg"}],"author":"admin","twitter_card":"summary_large_image","twitter_misc":{"Escrito por":"admin","Tempo estimado de leitura":"2 minutos"},"schema":{"@context":"https:\/\/schema.org","@graph":[{"@type":"Article","@id":"https:\/\/encompaniastj.org\/pt-pt\/residencia-irmas-teresianas-fatima-portugal\/#article","isPartOf":{"@id":"https:\/\/encompaniastj.org\/pt-pt\/residencia-irmas-teresianas-fatima-portugal\/"},"author":{"name":"admin","@id":"https:\/\/encompaniastj.org\/pt-pt\/#\/schema\/person\/520e7ecc314793d40091993c2a02b651"},"headline":"RESID\u00caNCIA IRM\u00c3S TERESIANAS \u2013 F\u00c1TIMA \u2013 PORTUGAL","datePublished":"2020-10-06T14:47:47+00:00","dateModified":"2025-07-07T14:21:54+00:00","mainEntityOfPage":{"@id":"https:\/\/encompaniastj.org\/pt-pt\/residencia-irmas-teresianas-fatima-portugal\/"},"wordCount":318,"commentCount":0,"publisher":{"@id":"https:\/\/encompaniastj.org\/pt-pt\/#organization"},"image":{"@id":"https:\/\/encompaniastj.org\/pt-pt\/residencia-irmas-teresianas-fatima-portugal\/#primaryimage"},"thumbnailUrl":"https:\/\/encompaniastj.org\/wp-content\/uploads\/2025\/05\/foto-comunidad.jpg","articleSection":["Comunidades","Conhecemo-nos"],"inLanguage":"pt-PT","potentialAction":[{"@type":"CommentAction","name":"Comment","target":["https:\/\/encompaniastj.org\/pt-pt\/residencia-irmas-teresianas-fatima-portugal\/#respond"]}]},{"@type":"WebPage","@id":"https:\/\/encompaniastj.org\/pt-pt\/residencia-irmas-teresianas-fatima-portugal\/","url":"https:\/\/encompaniastj.org\/pt-pt\/residencia-irmas-teresianas-fatima-portugal\/","name":"RESID\u00caNCIA IRM\u00c3S TERESIANAS \u2013 F\u00c1TIMA \u2013 PORTUGAL - En Compa\u00f1\u00eda STJ","isPartOf":{"@id":"https:\/\/encompaniastj.org\/pt-pt\/#website"},"primaryImageOfPage":{"@id":"https:\/\/encompaniastj.org\/pt-pt\/residencia-irmas-teresianas-fatima-portugal\/#primaryimage"},"image":{"@id":"https:\/\/encompaniastj.org\/pt-pt\/residencia-irmas-teresianas-fatima-portugal\/#primaryimage"},"thumbnailUrl":"https:\/\/encompaniastj.org\/wp-content\/uploads\/2025\/05\/foto-comunidad.jpg","datePublished":"2020-10-06T14:47:47+00:00","dateModified":"2025-07-07T14:21:54+00:00","breadcrumb":{"@id":"https:\/\/encompaniastj.org\/pt-pt\/residencia-irmas-teresianas-fatima-portugal\/#breadcrumb"},"inLanguage":"pt-PT","potentialAction":[{"@type":"ReadAction","target":["https:\/\/encompaniastj.org\/pt-pt\/residencia-irmas-teresianas-fatima-portugal\/"]}]},{"@type":"ImageObject","inLanguage":"pt-PT","@id":"https:\/\/encompaniastj.org\/pt-pt\/residencia-irmas-teresianas-fatima-portugal\/#primaryimage","url":"https:\/\/encompaniastj.org\/wp-content\/uploads\/2025\/05\/foto-comunidad.jpg","contentUrl":"https:\/\/encompaniastj.org\/wp-content\/uploads\/2025\/05\/foto-comunidad.jpg","width":1900,"height":1425},{"@type":"BreadcrumbList","@id":"https:\/\/encompaniastj.org\/pt-pt\/residencia-irmas-teresianas-fatima-portugal\/#breadcrumb","itemListElement":[{"@type":"ListItem","position":1,"name":"Portada","item":"https:\/\/encompaniastj.org\/pt-pt\/"},{"@type":"ListItem","position":2,"name":"RESID\u00caNCIA IRM\u00c3S TERESIANAS \u2013 F\u00c1TIMA \u2013 PORTUGAL"}]},{"@type":"WebSite","@id":"https:\/\/encompaniastj.org\/pt-pt\/#website","url":"https:\/\/encompaniastj.org\/pt-pt\/","name":"En Compa\u00f1\u00eda STJ","description":"Bolet\u00edn de la Compa\u00f1\u00eda de Santa Teresa de Jes\u00fas","publisher":{"@id":"https:\/\/encompaniastj.org\/pt-pt\/#organization"},"potentialAction":[{"@type":"SearchAction","target":{"@type":"EntryPoint","urlTemplate":"https:\/\/encompaniastj.org\/pt-pt\/?s={search_term_string}"},"query-input":{"@type":"PropertyValueSpecification","valueRequired":true,"valueName":"search_term_string"}}],"inLanguage":"pt-PT"},{"@type":"Organization","@id":"https:\/\/encompaniastj.org\/pt-pt\/#organization","name":"Compa\u00f1\u00eda de Santa Teresa de Jes\u00fas","url":"https:\/\/encompaniastj.org\/pt-pt\/","logo":{"@type":"ImageObject","inLanguage":"pt-PT","@id":"https:\/\/encompaniastj.org\/pt-pt\/#\/schema\/logo\/image\/","url":"https:\/\/encompaniastj.org\/wp-content\/uploads\/2025\/04\/logo_provincias02-1-3.png","contentUrl":"https:\/\/encompaniastj.org\/wp-content\/uploads\/2025\/04\/logo_provincias02-1-3.png","width":2368,"height":825,"caption":"Compa\u00f1\u00eda de Santa Teresa de Jes\u00fas"},"image":{"@id":"https:\/\/encompaniastj.org\/pt-pt\/#\/schema\/logo\/image\/"}},{"@type":"Person","@id":"https:\/\/encompaniastj.org\/pt-pt\/#\/schema\/person\/520e7ecc314793d40091993c2a02b651","name":"admin","image":{"@type":"ImageObject","inLanguage":"pt-PT","@id":"https:\/\/secure.gravatar.com\/avatar\/948b492cce32b586ac2db0eaa926ee87024f7afe218d73b397ea5ddfc5f43ea1?s=96&d=mm&r=g","url":"https:\/\/secure.gravatar.com\/avatar\/948b492cce32b586ac2db0eaa926ee87024f7afe218d73b397ea5ddfc5f43ea1?s=96&d=mm&r=g","contentUrl":"https:\/\/secure.gravatar.com\/avatar\/948b492cce32b586ac2db0eaa926ee87024f7afe218d73b397ea5ddfc5f43ea1?s=96&d=mm&r=g","caption":"admin"},"sameAs":["https:\/\/encompaniastj.org"],"url":"https:\/\/encompaniastj.org\/pt-pt\/author\/sjdigital\/"}]}},"_links":{"self":[{"href":"https:\/\/encompaniastj.org\/pt-pt\/wp-json\/wp\/v2\/posts\/10270","targetHints":{"allow":["GET"]}}],"collection":[{"href":"https:\/\/encompaniastj.org\/pt-pt\/wp-json\/wp\/v2\/posts"}],"about":[{"href":"https:\/\/encompaniastj.org\/pt-pt\/wp-json\/wp\/v2\/types\/post"}],"author":[{"embeddable":true,"href":"https:\/\/encompaniastj.org\/pt-pt\/wp-json\/wp\/v2\/users\/1"}],"replies":[{"embeddable":true,"href":"https:\/\/encompaniastj.org\/pt-pt\/wp-json\/wp\/v2\/comments?post=10270"}],"version-history":[{"count":1,"href":"https:\/\/encompaniastj.org\/pt-pt\/wp-json\/wp\/v2\/posts\/10270\/revisions"}],"predecessor-version":[{"id":10271,"href":"https:\/\/encompaniastj.org\/pt-pt\/wp-json\/wp\/v2\/posts\/10270\/revisions\/10271"}],"wp:featuredmedia":[{"embeddable":true,"href":"https:\/\/encompaniastj.org\/pt-pt\/wp-json\/wp\/v2\/media\/7552"}],"wp:attachment":[{"href":"https:\/\/encompaniastj.org\/pt-pt\/wp-json\/wp\/v2\/media?parent=10270"}],"wp:term":[{"taxonomy":"category","embeddable":true,"href":"https:\/\/encompaniastj.org\/pt-pt\/wp-json\/wp\/v2\/categories?post=10270"},{"taxonomy":"post_tag","embeddable":true,"href":"https:\/\/encompaniastj.org\/pt-pt\/wp-json\/wp\/v2\/tags?post=10270"}],"curies":[{"name":"wp","href":"https:\/\/api.w.org\/{rel}","templated":true}]}}