{"id":10250,"date":"2020-08-11T11:14:13","date_gmt":"2020-08-11T09:14:13","guid":{"rendered":"https:\/\/encompaniastj.org\/irma-ma-luisa-lesmes-garcia-11-de-agosto-de-2020-barcelona-ganduxer\/"},"modified":"2025-07-07T16:21:52","modified_gmt":"2025-07-07T14:21:52","slug":"irma-ma-luisa-lesmes-garcia-11-de-agosto-de-2020-barcelona-ganduxer","status":"publish","type":"post","link":"https:\/\/encompaniastj.org\/pt-pt\/irma-ma-luisa-lesmes-garcia-11-de-agosto-de-2020-barcelona-ganduxer\/","title":{"rendered":"Irm\u00e3 M\u00aa Luisa Lesmes Garc\u00eda. 11 de agosto de 2020 (Barcelona - Ganduxer)"},"content":{"rendered":"\n<p>Ela\ndeixou-nos \"sem fazer barulho\", devagarinho e aceitando que a sua\nhora tinha chegado. Acompanh\u00e1-la neste tempo foi uma d\u00e1diva porque mostrou-nos\nque ela tinha plena consci\u00eancia do momento que vivia e que toda a sua vida tinha\nsido um momento de encontro. O n\u00famero de mensagens e agradecimentos recebidos dos\nseus alunos de diferentes turmas foi impressionante, pois espalhou-se a not\u00edcia\nde que ela estava no hospital. Mulher \u201caut\u00eantica\u201d, surpreendente e carinhosa,\ndeixou uma marca profunda como educadora e como teresiana.<\/p>\n\n\n\n<p>M.\u00aa Lu\u00edsa nasceu em Valladolid no dia 21 de abril de 1937 e no dia 11 de\nagosto de 2020, aos 83 anos, voltou para Deus, Pai Bom, e vive com Ele para\nsempre. <\/p>\n\n\n\n<p>Entrou na Companhia no dia 17 de\nmar\u00e7o de 1957 e nela se entregou a Jesus durante 63 anos. Foi professora de\nl\u00ednguas e literatura e tutora do liceu, especialmente nas escolas de Ganduxer,\nVal\u00eancia e, sobretudo, em Gracia, onde passou 24 anos at\u00e9 se aposentar. Tamb\u00e9m esteve em Tarragona, o seu\nprimeiro destino, e em San Sebasti\u00e1n<\/p>\n\n\n\n<p>Aprendeu \u201cdesde sempre\u201d\na conviver com a doen\u00e7a como companheira, fazendo com ela um caminho permanente\nna sua vida teresiana. Apaixonada pela m\u00fasica e pela literatura. Ela gostava de\nler, escrever e em cada palavra deixava algo dela. Mulher culta e com grande sabedoria.\n<\/p>\n\n\n\n<p>O tempo da pandemia\nfoi uma oportunidade de partilhar a vida e a nossa hist\u00f3ria pessoal, assumindo\no que t\u00ednhamos para viver e tornando-se uma oportunidade e n\u00e3o um problema.\nLongas conversas \u00e0 mesa, sem procur\u00e1-las, mas que nos aproximaram e serviram para\ntecer os fios de nossas vidas.<\/p>\n\n\n\n<p>&nbsp;Obrigada a Deus pela sua vida doada. <\/p>\n","protected":false},"excerpt":{"rendered":"<p>Ela deixou-nos &#8220;sem fazer barulho&#8221;, devagarinho e aceitando que a sua hora tinha chegado. Acompanh\u00e1-la neste tempo foi uma d\u00e1diva porque mostrou-nos que ela tinha plena consci\u00eancia do momento que [&hellip;]<\/p>\n","protected":false},"author":1,"featured_media":7044,"comment_status":"open","ping_status":"open","sticky":false,"template":"","format":"standard","meta":{"_acf_changed":false,"footnotes":""},"categories":[69,63],"tags":[],"class_list":["post-10250","post","type-post","status-publish","format-standard","has-post-thumbnail","hentry","category-falecimentos","category-fallecimientos"],"acf":[],"yoast_head":"<!-- This site is optimized with the Yoast SEO plugin v27.5 - https:\/\/yoast.com\/product\/yoast-seo-wordpress\/ -->\n<title>Irm\u00e3 M\u00aa Luisa Lesmes Garc\u00eda. 11 de agosto de 2020 (Barcelona - Ganduxer) - En Compa\u00f1\u00eda STJ<\/title>\n<meta name=\"robots\" content=\"index, follow, max-snippet:-1, max-image-preview:large, max-video-preview:-1\" \/>\n<link rel=\"canonical\" href=\"https:\/\/encompaniastj.org\/pt-pt\/irma-ma-luisa-lesmes-garcia-11-de-agosto-de-2020-barcelona-ganduxer\/\" \/>\n<meta property=\"og:locale\" content=\"pt_PT\" \/>\n<meta property=\"og:type\" content=\"article\" \/>\n<meta property=\"og:title\" content=\"Irm\u00e3 M\u00aa Luisa Lesmes Garc\u00eda. 11 de agosto de 2020 (Barcelona - Ganduxer) - En Compa\u00f1\u00eda STJ\" \/>\n<meta property=\"og:description\" content=\"Ela deixou-nos &#8220;sem fazer barulho&#8221;, devagarinho e aceitando que a sua hora tinha chegado. Acompanh\u00e1-la neste tempo foi uma d\u00e1diva porque mostrou-nos que ela tinha plena consci\u00eancia do momento que [&hellip;]\" \/>\n<meta property=\"og:url\" content=\"https:\/\/encompaniastj.org\/pt-pt\/irma-ma-luisa-lesmes-garcia-11-de-agosto-de-2020-barcelona-ganduxer\/\" \/>\n<meta property=\"og:site_name\" content=\"En Compa\u00f1\u00eda STJ\" \/>\n<meta property=\"article:published_time\" content=\"2020-08-11T09:14:13+00:00\" \/>\n<meta property=\"article:modified_time\" content=\"2025-07-07T14:21:52+00:00\" \/>\n<meta property=\"og:image\" content=\"https:\/\/encompaniastj.org\/wp-content\/uploads\/2025\/05\/flores-carmen-cascon.jpg\" \/>\n\t<meta property=\"og:image:width\" content=\"1920\" \/>\n\t<meta property=\"og:image:height\" content=\"1280\" \/>\n\t<meta property=\"og:image:type\" content=\"image\/jpeg\" \/>\n<meta name=\"author\" content=\"admin\" \/>\n<meta name=\"twitter:card\" content=\"summary_large_image\" \/>\n<meta name=\"twitter:label1\" content=\"Escrito por\" \/>\n\t<meta name=\"twitter:data1\" content=\"admin\" \/>\n\t<meta name=\"twitter:label2\" content=\"Tempo estimado de leitura\" \/>\n\t<meta name=\"twitter:data2\" content=\"1 minuto\" \/>\n<script type=\"application\/ld+json\" class=\"yoast-schema-graph\">{\"@context\":\"https:\\\/\\\/schema.org\",\"@graph\":[{\"@type\":\"Article\",\"@id\":\"https:\\\/\\\/encompaniastj.org\\\/pt-pt\\\/irma-ma-luisa-lesmes-garcia-11-de-agosto-de-2020-barcelona-ganduxer\\\/#article\",\"isPartOf\":{\"@id\":\"https:\\\/\\\/encompaniastj.org\\\/pt-pt\\\/irma-ma-luisa-lesmes-garcia-11-de-agosto-de-2020-barcelona-ganduxer\\\/\"},\"author\":{\"name\":\"admin\",\"@id\":\"https:\\\/\\\/encompaniastj.org\\\/pt-pt\\\/#\\\/schema\\\/person\\\/520e7ecc314793d40091993c2a02b651\"},\"headline\":\"Irm\u00e3 M\u00aa Luisa Lesmes Garc\u00eda. 11 de agosto de 2020 (Barcelona - Ganduxer)\",\"datePublished\":\"2020-08-11T09:14:13+00:00\",\"dateModified\":\"2025-07-07T14:21:52+00:00\",\"mainEntityOfPage\":{\"@id\":\"https:\\\/\\\/encompaniastj.org\\\/pt-pt\\\/irma-ma-luisa-lesmes-garcia-11-de-agosto-de-2020-barcelona-ganduxer\\\/\"},\"wordCount\":295,\"commentCount\":0,\"publisher\":{\"@id\":\"https:\\\/\\\/encompaniastj.org\\\/pt-pt\\\/#organization\"},\"image\":{\"@id\":\"https:\\\/\\\/encompaniastj.org\\\/pt-pt\\\/irma-ma-luisa-lesmes-garcia-11-de-agosto-de-2020-barcelona-ganduxer\\\/#primaryimage\"},\"thumbnailUrl\":\"https:\\\/\\\/encompaniastj.org\\\/wp-content\\\/uploads\\\/2025\\\/05\\\/flores-carmen-cascon.jpg\",\"articleSection\":[\"Falecimentos\",\"Fallecimientos\"],\"inLanguage\":\"pt-PT\",\"potentialAction\":[{\"@type\":\"CommentAction\",\"name\":\"Comment\",\"target\":[\"https:\\\/\\\/encompaniastj.org\\\/pt-pt\\\/irma-ma-luisa-lesmes-garcia-11-de-agosto-de-2020-barcelona-ganduxer\\\/#respond\"]}]},{\"@type\":\"WebPage\",\"@id\":\"https:\\\/\\\/encompaniastj.org\\\/pt-pt\\\/irma-ma-luisa-lesmes-garcia-11-de-agosto-de-2020-barcelona-ganduxer\\\/\",\"url\":\"https:\\\/\\\/encompaniastj.org\\\/pt-pt\\\/irma-ma-luisa-lesmes-garcia-11-de-agosto-de-2020-barcelona-ganduxer\\\/\",\"name\":\"Irm\u00e3 M\u00aa Luisa Lesmes Garc\u00eda. 11 de agosto de 2020 (Barcelona - Ganduxer) - En Compa\u00f1\u00eda STJ\",\"isPartOf\":{\"@id\":\"https:\\\/\\\/encompaniastj.org\\\/pt-pt\\\/#website\"},\"primaryImageOfPage\":{\"@id\":\"https:\\\/\\\/encompaniastj.org\\\/pt-pt\\\/irma-ma-luisa-lesmes-garcia-11-de-agosto-de-2020-barcelona-ganduxer\\\/#primaryimage\"},\"image\":{\"@id\":\"https:\\\/\\\/encompaniastj.org\\\/pt-pt\\\/irma-ma-luisa-lesmes-garcia-11-de-agosto-de-2020-barcelona-ganduxer\\\/#primaryimage\"},\"thumbnailUrl\":\"https:\\\/\\\/encompaniastj.org\\\/wp-content\\\/uploads\\\/2025\\\/05\\\/flores-carmen-cascon.jpg\",\"datePublished\":\"2020-08-11T09:14:13+00:00\",\"dateModified\":\"2025-07-07T14:21:52+00:00\",\"breadcrumb\":{\"@id\":\"https:\\\/\\\/encompaniastj.org\\\/pt-pt\\\/irma-ma-luisa-lesmes-garcia-11-de-agosto-de-2020-barcelona-ganduxer\\\/#breadcrumb\"},\"inLanguage\":\"pt-PT\",\"potentialAction\":[{\"@type\":\"ReadAction\",\"target\":[\"https:\\\/\\\/encompaniastj.org\\\/pt-pt\\\/irma-ma-luisa-lesmes-garcia-11-de-agosto-de-2020-barcelona-ganduxer\\\/\"]}]},{\"@type\":\"ImageObject\",\"inLanguage\":\"pt-PT\",\"@id\":\"https:\\\/\\\/encompaniastj.org\\\/pt-pt\\\/irma-ma-luisa-lesmes-garcia-11-de-agosto-de-2020-barcelona-ganduxer\\\/#primaryimage\",\"url\":\"https:\\\/\\\/encompaniastj.org\\\/wp-content\\\/uploads\\\/2025\\\/05\\\/flores-carmen-cascon.jpg\",\"contentUrl\":\"https:\\\/\\\/encompaniastj.org\\\/wp-content\\\/uploads\\\/2025\\\/05\\\/flores-carmen-cascon.jpg\",\"width\":1920,\"height\":1280},{\"@type\":\"BreadcrumbList\",\"@id\":\"https:\\\/\\\/encompaniastj.org\\\/pt-pt\\\/irma-ma-luisa-lesmes-garcia-11-de-agosto-de-2020-barcelona-ganduxer\\\/#breadcrumb\",\"itemListElement\":[{\"@type\":\"ListItem\",\"position\":1,\"name\":\"Portada\",\"item\":\"https:\\\/\\\/encompaniastj.org\\\/pt-pt\\\/\"},{\"@type\":\"ListItem\",\"position\":2,\"name\":\"Irm\u00e3 M\u00aa Luisa Lesmes Garc\u00eda. 11 de agosto de 2020 (Barcelona - Ganduxer)\"}]},{\"@type\":\"WebSite\",\"@id\":\"https:\\\/\\\/encompaniastj.org\\\/pt-pt\\\/#website\",\"url\":\"https:\\\/\\\/encompaniastj.org\\\/pt-pt\\\/\",\"name\":\"En Compa\u00f1\u00eda STJ\",\"description\":\"Bolet\u00edn de la Compa\u00f1\u00eda de Santa Teresa de Jes\u00fas\",\"publisher\":{\"@id\":\"https:\\\/\\\/encompaniastj.org\\\/pt-pt\\\/#organization\"},\"potentialAction\":[{\"@type\":\"SearchAction\",\"target\":{\"@type\":\"EntryPoint\",\"urlTemplate\":\"https:\\\/\\\/encompaniastj.org\\\/pt-pt\\\/?s={search_term_string}\"},\"query-input\":{\"@type\":\"PropertyValueSpecification\",\"valueRequired\":true,\"valueName\":\"search_term_string\"}}],\"inLanguage\":\"pt-PT\"},{\"@type\":\"Organization\",\"@id\":\"https:\\\/\\\/encompaniastj.org\\\/pt-pt\\\/#organization\",\"name\":\"Compa\u00f1\u00eda de Santa Teresa de Jes\u00fas\",\"url\":\"https:\\\/\\\/encompaniastj.org\\\/pt-pt\\\/\",\"logo\":{\"@type\":\"ImageObject\",\"inLanguage\":\"pt-PT\",\"@id\":\"https:\\\/\\\/encompaniastj.org\\\/pt-pt\\\/#\\\/schema\\\/logo\\\/image\\\/\",\"url\":\"https:\\\/\\\/encompaniastj.org\\\/wp-content\\\/uploads\\\/2025\\\/04\\\/logo_provincias02-1-3.png\",\"contentUrl\":\"https:\\\/\\\/encompaniastj.org\\\/wp-content\\\/uploads\\\/2025\\\/04\\\/logo_provincias02-1-3.png\",\"width\":2368,\"height\":825,\"caption\":\"Compa\u00f1\u00eda de Santa Teresa de Jes\u00fas\"},\"image\":{\"@id\":\"https:\\\/\\\/encompaniastj.org\\\/pt-pt\\\/#\\\/schema\\\/logo\\\/image\\\/\"}},{\"@type\":\"Person\",\"@id\":\"https:\\\/\\\/encompaniastj.org\\\/pt-pt\\\/#\\\/schema\\\/person\\\/520e7ecc314793d40091993c2a02b651\",\"name\":\"admin\",\"image\":{\"@type\":\"ImageObject\",\"inLanguage\":\"pt-PT\",\"@id\":\"https:\\\/\\\/secure.gravatar.com\\\/avatar\\\/948b492cce32b586ac2db0eaa926ee87024f7afe218d73b397ea5ddfc5f43ea1?s=96&d=mm&r=g\",\"url\":\"https:\\\/\\\/secure.gravatar.com\\\/avatar\\\/948b492cce32b586ac2db0eaa926ee87024f7afe218d73b397ea5ddfc5f43ea1?s=96&d=mm&r=g\",\"contentUrl\":\"https:\\\/\\\/secure.gravatar.com\\\/avatar\\\/948b492cce32b586ac2db0eaa926ee87024f7afe218d73b397ea5ddfc5f43ea1?s=96&d=mm&r=g\",\"caption\":\"admin\"},\"sameAs\":[\"https:\\\/\\\/encompaniastj.org\"],\"url\":\"https:\\\/\\\/encompaniastj.org\\\/pt-pt\\\/author\\\/sjdigital\\\/\"}]}<\/script>\n<!-- \/ Yoast SEO plugin. -->","yoast_head_json":{"title":"Irm\u00e3 M\u00aa Luisa Lesmes Garc\u00eda. 11 de agosto de 2020 (Barcelona - Ganduxer) - En Compa\u00f1\u00eda STJ","robots":{"index":"index","follow":"follow","max-snippet":"max-snippet:-1","max-image-preview":"max-image-preview:large","max-video-preview":"max-video-preview:-1"},"canonical":"https:\/\/encompaniastj.org\/pt-pt\/irma-ma-luisa-lesmes-garcia-11-de-agosto-de-2020-barcelona-ganduxer\/","og_locale":"pt_PT","og_type":"article","og_title":"Irm\u00e3 M\u00aa Luisa Lesmes Garc\u00eda. 11 de agosto de 2020 (Barcelona - Ganduxer) - En Compa\u00f1\u00eda STJ","og_description":"Ela deixou-nos &#8220;sem fazer barulho&#8221;, devagarinho e aceitando que a sua hora tinha chegado. Acompanh\u00e1-la neste tempo foi uma d\u00e1diva porque mostrou-nos que ela tinha plena consci\u00eancia do momento que [&hellip;]","og_url":"https:\/\/encompaniastj.org\/pt-pt\/irma-ma-luisa-lesmes-garcia-11-de-agosto-de-2020-barcelona-ganduxer\/","og_site_name":"En Compa\u00f1\u00eda STJ","article_published_time":"2020-08-11T09:14:13+00:00","article_modified_time":"2025-07-07T14:21:52+00:00","og_image":[{"width":1920,"height":1280,"url":"https:\/\/encompaniastj.org\/wp-content\/uploads\/2025\/05\/flores-carmen-cascon.jpg","type":"image\/jpeg"}],"author":"admin","twitter_card":"summary_large_image","twitter_misc":{"Escrito por":"admin","Tempo estimado de leitura":"1 minuto"},"schema":{"@context":"https:\/\/schema.org","@graph":[{"@type":"Article","@id":"https:\/\/encompaniastj.org\/pt-pt\/irma-ma-luisa-lesmes-garcia-11-de-agosto-de-2020-barcelona-ganduxer\/#article","isPartOf":{"@id":"https:\/\/encompaniastj.org\/pt-pt\/irma-ma-luisa-lesmes-garcia-11-de-agosto-de-2020-barcelona-ganduxer\/"},"author":{"name":"admin","@id":"https:\/\/encompaniastj.org\/pt-pt\/#\/schema\/person\/520e7ecc314793d40091993c2a02b651"},"headline":"Irm\u00e3 M\u00aa Luisa Lesmes Garc\u00eda. 11 de agosto de 2020 (Barcelona - Ganduxer)","datePublished":"2020-08-11T09:14:13+00:00","dateModified":"2025-07-07T14:21:52+00:00","mainEntityOfPage":{"@id":"https:\/\/encompaniastj.org\/pt-pt\/irma-ma-luisa-lesmes-garcia-11-de-agosto-de-2020-barcelona-ganduxer\/"},"wordCount":295,"commentCount":0,"publisher":{"@id":"https:\/\/encompaniastj.org\/pt-pt\/#organization"},"image":{"@id":"https:\/\/encompaniastj.org\/pt-pt\/irma-ma-luisa-lesmes-garcia-11-de-agosto-de-2020-barcelona-ganduxer\/#primaryimage"},"thumbnailUrl":"https:\/\/encompaniastj.org\/wp-content\/uploads\/2025\/05\/flores-carmen-cascon.jpg","articleSection":["Falecimentos","Fallecimientos"],"inLanguage":"pt-PT","potentialAction":[{"@type":"CommentAction","name":"Comment","target":["https:\/\/encompaniastj.org\/pt-pt\/irma-ma-luisa-lesmes-garcia-11-de-agosto-de-2020-barcelona-ganduxer\/#respond"]}]},{"@type":"WebPage","@id":"https:\/\/encompaniastj.org\/pt-pt\/irma-ma-luisa-lesmes-garcia-11-de-agosto-de-2020-barcelona-ganduxer\/","url":"https:\/\/encompaniastj.org\/pt-pt\/irma-ma-luisa-lesmes-garcia-11-de-agosto-de-2020-barcelona-ganduxer\/","name":"Irm\u00e3 M\u00aa Luisa Lesmes Garc\u00eda. 11 de agosto de 2020 (Barcelona - Ganduxer) - En Compa\u00f1\u00eda STJ","isPartOf":{"@id":"https:\/\/encompaniastj.org\/pt-pt\/#website"},"primaryImageOfPage":{"@id":"https:\/\/encompaniastj.org\/pt-pt\/irma-ma-luisa-lesmes-garcia-11-de-agosto-de-2020-barcelona-ganduxer\/#primaryimage"},"image":{"@id":"https:\/\/encompaniastj.org\/pt-pt\/irma-ma-luisa-lesmes-garcia-11-de-agosto-de-2020-barcelona-ganduxer\/#primaryimage"},"thumbnailUrl":"https:\/\/encompaniastj.org\/wp-content\/uploads\/2025\/05\/flores-carmen-cascon.jpg","datePublished":"2020-08-11T09:14:13+00:00","dateModified":"2025-07-07T14:21:52+00:00","breadcrumb":{"@id":"https:\/\/encompaniastj.org\/pt-pt\/irma-ma-luisa-lesmes-garcia-11-de-agosto-de-2020-barcelona-ganduxer\/#breadcrumb"},"inLanguage":"pt-PT","potentialAction":[{"@type":"ReadAction","target":["https:\/\/encompaniastj.org\/pt-pt\/irma-ma-luisa-lesmes-garcia-11-de-agosto-de-2020-barcelona-ganduxer\/"]}]},{"@type":"ImageObject","inLanguage":"pt-PT","@id":"https:\/\/encompaniastj.org\/pt-pt\/irma-ma-luisa-lesmes-garcia-11-de-agosto-de-2020-barcelona-ganduxer\/#primaryimage","url":"https:\/\/encompaniastj.org\/wp-content\/uploads\/2025\/05\/flores-carmen-cascon.jpg","contentUrl":"https:\/\/encompaniastj.org\/wp-content\/uploads\/2025\/05\/flores-carmen-cascon.jpg","width":1920,"height":1280},{"@type":"BreadcrumbList","@id":"https:\/\/encompaniastj.org\/pt-pt\/irma-ma-luisa-lesmes-garcia-11-de-agosto-de-2020-barcelona-ganduxer\/#breadcrumb","itemListElement":[{"@type":"ListItem","position":1,"name":"Portada","item":"https:\/\/encompaniastj.org\/pt-pt\/"},{"@type":"ListItem","position":2,"name":"Irm\u00e3 M\u00aa Luisa Lesmes Garc\u00eda. 11 de agosto de 2020 (Barcelona - Ganduxer)"}]},{"@type":"WebSite","@id":"https:\/\/encompaniastj.org\/pt-pt\/#website","url":"https:\/\/encompaniastj.org\/pt-pt\/","name":"En Compa\u00f1\u00eda STJ","description":"Bolet\u00edn de la Compa\u00f1\u00eda de Santa Teresa de Jes\u00fas","publisher":{"@id":"https:\/\/encompaniastj.org\/pt-pt\/#organization"},"potentialAction":[{"@type":"SearchAction","target":{"@type":"EntryPoint","urlTemplate":"https:\/\/encompaniastj.org\/pt-pt\/?s={search_term_string}"},"query-input":{"@type":"PropertyValueSpecification","valueRequired":true,"valueName":"search_term_string"}}],"inLanguage":"pt-PT"},{"@type":"Organization","@id":"https:\/\/encompaniastj.org\/pt-pt\/#organization","name":"Compa\u00f1\u00eda de Santa Teresa de Jes\u00fas","url":"https:\/\/encompaniastj.org\/pt-pt\/","logo":{"@type":"ImageObject","inLanguage":"pt-PT","@id":"https:\/\/encompaniastj.org\/pt-pt\/#\/schema\/logo\/image\/","url":"https:\/\/encompaniastj.org\/wp-content\/uploads\/2025\/04\/logo_provincias02-1-3.png","contentUrl":"https:\/\/encompaniastj.org\/wp-content\/uploads\/2025\/04\/logo_provincias02-1-3.png","width":2368,"height":825,"caption":"Compa\u00f1\u00eda de Santa Teresa de Jes\u00fas"},"image":{"@id":"https:\/\/encompaniastj.org\/pt-pt\/#\/schema\/logo\/image\/"}},{"@type":"Person","@id":"https:\/\/encompaniastj.org\/pt-pt\/#\/schema\/person\/520e7ecc314793d40091993c2a02b651","name":"admin","image":{"@type":"ImageObject","inLanguage":"pt-PT","@id":"https:\/\/secure.gravatar.com\/avatar\/948b492cce32b586ac2db0eaa926ee87024f7afe218d73b397ea5ddfc5f43ea1?s=96&d=mm&r=g","url":"https:\/\/secure.gravatar.com\/avatar\/948b492cce32b586ac2db0eaa926ee87024f7afe218d73b397ea5ddfc5f43ea1?s=96&d=mm&r=g","contentUrl":"https:\/\/secure.gravatar.com\/avatar\/948b492cce32b586ac2db0eaa926ee87024f7afe218d73b397ea5ddfc5f43ea1?s=96&d=mm&r=g","caption":"admin"},"sameAs":["https:\/\/encompaniastj.org"],"url":"https:\/\/encompaniastj.org\/pt-pt\/author\/sjdigital\/"}]}},"_links":{"self":[{"href":"https:\/\/encompaniastj.org\/pt-pt\/wp-json\/wp\/v2\/posts\/10250","targetHints":{"allow":["GET"]}}],"collection":[{"href":"https:\/\/encompaniastj.org\/pt-pt\/wp-json\/wp\/v2\/posts"}],"about":[{"href":"https:\/\/encompaniastj.org\/pt-pt\/wp-json\/wp\/v2\/types\/post"}],"author":[{"embeddable":true,"href":"https:\/\/encompaniastj.org\/pt-pt\/wp-json\/wp\/v2\/users\/1"}],"replies":[{"embeddable":true,"href":"https:\/\/encompaniastj.org\/pt-pt\/wp-json\/wp\/v2\/comments?post=10250"}],"version-history":[{"count":1,"href":"https:\/\/encompaniastj.org\/pt-pt\/wp-json\/wp\/v2\/posts\/10250\/revisions"}],"predecessor-version":[{"id":10251,"href":"https:\/\/encompaniastj.org\/pt-pt\/wp-json\/wp\/v2\/posts\/10250\/revisions\/10251"}],"wp:featuredmedia":[{"embeddable":true,"href":"https:\/\/encompaniastj.org\/pt-pt\/wp-json\/wp\/v2\/media\/7044"}],"wp:attachment":[{"href":"https:\/\/encompaniastj.org\/pt-pt\/wp-json\/wp\/v2\/media?parent=10250"}],"wp:term":[{"taxonomy":"category","embeddable":true,"href":"https:\/\/encompaniastj.org\/pt-pt\/wp-json\/wp\/v2\/categories?post=10250"},{"taxonomy":"post_tag","embeddable":true,"href":"https:\/\/encompaniastj.org\/pt-pt\/wp-json\/wp\/v2\/tags?post=10250"}],"curies":[{"name":"wp","href":"https:\/\/api.w.org\/{rel}","templated":true}]}}