{"id":10220,"date":"2020-07-23T06:58:05","date_gmt":"2020-07-23T04:58:05","guid":{"rendered":"https:\/\/encompaniastj.org\/os-meus-anos-de-direcao-em-esclat\/"},"modified":"2025-07-07T16:21:49","modified_gmt":"2025-07-07T14:21:49","slug":"os-meus-anos-de-direcao-em-esclat","status":"publish","type":"post","link":"https:\/\/encompaniastj.org\/pt-pt\/os-meus-anos-de-direcao-em-esclat\/","title":{"rendered":"Os meus anos de dire\u00e7\u00e3o em Esclat"},"content":{"rendered":"\n<p>Neste ano, completei quinze anos de trabalho \u00e0 frente do Centro Esclat, no bairro Bellvitge, em Hospitalet de Llobregat (Barcelona). Quando iniciarmos o pr\u00f3ximo ano, estarei numa nova situa\u00e7\u00e3o: aposenta\u00e7\u00e3o parcial. Deixarei a dire\u00e7\u00e3o do Centro, mas continuarei ligada \u00e0s pessoas e ao projeto.<\/p>\n\n<p>O Centro Esclat sempre atraiu a minha aten\u00e7\u00e3o, desde muito jovem, pelo tipo de obra e de trabalho que realizava. Tive a sorte de conhecer o Centro h\u00e1 muito tempo e de fazer voluntariado num ver\u00e3o.<\/p>\n\n<p>Passaram os anos, estive em diferentes escolas e responsabilidades, at\u00e9 que me pediram para assumir a dire\u00e7\u00e3o de Esclat. O meu sentimento era de esperan\u00e7a, juntamente com um profundo respeito.<\/p>\n\n<p>Agora, que fa\u00e7o um balan\u00e7o destes anos, o meu principal sentimento \u00e9 de agradecer \u00e0 Companhia por ter confiado em mim. O Centro Esclat, como toda a obra social, teve  momentos bons e momentos dif\u00edceis. Sempre tive o apoio incondicional da Companhia.<\/p>\n\n<p>Procurei gerir o Centro <strong>com as pessoas e para as pessoas<\/strong>. Com o pessoal da equipa: educadoras e educadores com uma componente vocacional grande, convencidos do trabalho que realizam e tendo a miss\u00e3o como centro do projeto. Neste sentido, tem sido f\u00e1cil sentir-se membro de uma grande equipa, com pessoas respons\u00e1veis e totalmente envolvidas na execu\u00e7\u00e3o dos projetos. Aprendi muito com as pessoas mais velhas e com as mais novas.<\/p>\n\n<p>Para as pessoas: crian\u00e7as, adolescentes, jovens, adultos, fam\u00edlias... O Centro Esclat chega a muitas pessoas atrav\u00e9s dos seus diversos projetos, pessoas vulner\u00e1veis com diferentes  necessidades e situa\u00e7\u00f5es. \u00c9 a marca do Centro tentar chegar a cada uma dessas pessoas, com acompanhamento e aten\u00e7\u00e3o personalizada... Isto fez-nos ter relacionamentos muito intensos com as pessoas, relacionamentos marcados, em muitos casos, pela estima e gratid\u00e3o. Relacionamentos que manifestam a luta e a coragem de muitas pessoas para enfrentarem situa\u00e7\u00f5es dif\u00edceis das suas vidas pessoais e \/ ou familiares.<\/p>\n\n<p>O Centro Esclat teve sempre outro elemento, que marcou completamente o seu modo de trabalhar: a convic\u00e7\u00e3o de que o aspeto educativo \u00e9 o melhor para trabalhar com as pessoas. Esclat pode ser visto como uma obra social, e \u00e9. Mas as obras sociais podem permanecer na aten\u00e7\u00e3o feita apenas desde a \u00f3tica existencial. Em Esclat, a componente educativa moveu sempre todos os projetos: fazer com que as pessoas encontrem em si mesmas a riqueza necess\u00e1ria para enfrentar as suas vidas, libert\u00e1-las das depend\u00eancias e dot\u00e1-las de capacidade de rela\u00e7\u00e3o, para procurar respostas para as suas necessidades de uma maneira digna.<\/p>\n\n<p>Neste contexto, pode-se aprender muito. Sinto-me feliz e agradecida por todos estes anos vividos e estou contente por continuar vinculada ao projeto e \u00e0s pessoas.<\/p>\n\n<p>Merc\u00e8 Bast\u00e9 Ribera<\/p>\n\n<p>Barcelona, julho 2020<\/p>\n\n<figure class=\"wp-block-image\"><a href=\"https:\/\/encompaniastj.org\/wp-content\/uploads\/2025\/05\/esclat-foto-grup.png\"><img decoding=\"async\" src=\"https:\/\/encompaniastj.org\/wp-content\/uploads\/2025\/05\/esclat-foto-grup.png\" alt=\"\" class=\"wp-image-6810\"><\/a><\/figure>","protected":false},"excerpt":{"rendered":"<p>Neste ano, completei quinze anos de trabalho \u00e0 frente do Centro Esclat, no bairro Bellvitge, em Hospitalet de Llobregat (Barcelona). Quando iniciarmos o pr\u00f3ximo ano, estarei numa nova situa\u00e7\u00e3o: aposenta\u00e7\u00e3o [&hellip;]<\/p>\n","protected":false},"author":1,"featured_media":7529,"comment_status":"open","ping_status":"open","sticky":false,"template":"","format":"standard","meta":{"_acf_changed":false,"footnotes":""},"categories":[76,74,61],"tags":[],"class_list":["post-10220","post","type-post","status-publish","format-standard","has-post-thumbnail","hentry","category-acao-social","category-accion-social","category-noticias"],"acf":[],"yoast_head":"<!-- This site is optimized with the Yoast SEO plugin v27.5 - https:\/\/yoast.com\/product\/yoast-seo-wordpress\/ -->\n<title>Os meus anos de dire\u00e7\u00e3o em Esclat - En Compa\u00f1\u00eda STJ<\/title>\n<meta name=\"robots\" content=\"index, follow, max-snippet:-1, max-image-preview:large, max-video-preview:-1\" \/>\n<link rel=\"canonical\" href=\"https:\/\/encompaniastj.org\/pt-pt\/os-meus-anos-de-direcao-em-esclat\/\" \/>\n<meta property=\"og:locale\" content=\"pt_PT\" \/>\n<meta property=\"og:type\" content=\"article\" \/>\n<meta property=\"og:title\" content=\"Os meus anos de dire\u00e7\u00e3o em Esclat - En Compa\u00f1\u00eda STJ\" \/>\n<meta property=\"og:description\" content=\"Neste ano, completei quinze anos de trabalho \u00e0 frente do Centro Esclat, no bairro Bellvitge, em Hospitalet de Llobregat (Barcelona). Quando iniciarmos o pr\u00f3ximo ano, estarei numa nova situa\u00e7\u00e3o: aposenta\u00e7\u00e3o [&hellip;]\" \/>\n<meta property=\"og:url\" content=\"https:\/\/encompaniastj.org\/pt-pt\/os-meus-anos-de-direcao-em-esclat\/\" \/>\n<meta property=\"og:site_name\" content=\"En Compa\u00f1\u00eda STJ\" \/>\n<meta property=\"article:published_time\" content=\"2020-07-23T04:58:05+00:00\" \/>\n<meta property=\"article:modified_time\" content=\"2025-07-07T14:21:49+00:00\" \/>\n<meta property=\"og:image\" content=\"https:\/\/encompaniastj.org\/wp-content\/uploads\/2025\/05\/r-esclat.jpg\" \/>\n\t<meta property=\"og:image:width\" content=\"283\" \/>\n\t<meta property=\"og:image:height\" content=\"159\" \/>\n\t<meta property=\"og:image:type\" content=\"image\/jpeg\" \/>\n<meta name=\"author\" content=\"admin\" \/>\n<meta name=\"twitter:card\" content=\"summary_large_image\" \/>\n<meta name=\"twitter:label1\" content=\"Escrito por\" \/>\n\t<meta name=\"twitter:data1\" content=\"admin\" \/>\n\t<meta name=\"twitter:label2\" content=\"Tempo estimado de leitura\" \/>\n\t<meta name=\"twitter:data2\" content=\"2 minutos\" \/>\n<script type=\"application\/ld+json\" class=\"yoast-schema-graph\">{\"@context\":\"https:\\\/\\\/schema.org\",\"@graph\":[{\"@type\":\"Article\",\"@id\":\"https:\\\/\\\/encompaniastj.org\\\/pt-pt\\\/os-meus-anos-de-direcao-em-esclat\\\/#article\",\"isPartOf\":{\"@id\":\"https:\\\/\\\/encompaniastj.org\\\/pt-pt\\\/os-meus-anos-de-direcao-em-esclat\\\/\"},\"author\":{\"name\":\"admin\",\"@id\":\"https:\\\/\\\/encompaniastj.org\\\/pt-pt\\\/#\\\/schema\\\/person\\\/520e7ecc314793d40091993c2a02b651\"},\"headline\":\"Os meus anos de dire\u00e7\u00e3o em Esclat\",\"datePublished\":\"2020-07-23T04:58:05+00:00\",\"dateModified\":\"2025-07-07T14:21:49+00:00\",\"mainEntityOfPage\":{\"@id\":\"https:\\\/\\\/encompaniastj.org\\\/pt-pt\\\/os-meus-anos-de-direcao-em-esclat\\\/\"},\"wordCount\":470,\"commentCount\":0,\"publisher\":{\"@id\":\"https:\\\/\\\/encompaniastj.org\\\/pt-pt\\\/#organization\"},\"image\":{\"@id\":\"https:\\\/\\\/encompaniastj.org\\\/pt-pt\\\/os-meus-anos-de-direcao-em-esclat\\\/#primaryimage\"},\"thumbnailUrl\":\"https:\\\/\\\/encompaniastj.org\\\/wp-content\\\/uploads\\\/2025\\\/05\\\/r-esclat.jpg\",\"articleSection\":[\"A\u00e7\u00e3o Social\",\"Acci\u00f3n Social\",\"Noticias\"],\"inLanguage\":\"pt-PT\",\"potentialAction\":[{\"@type\":\"CommentAction\",\"name\":\"Comment\",\"target\":[\"https:\\\/\\\/encompaniastj.org\\\/pt-pt\\\/os-meus-anos-de-direcao-em-esclat\\\/#respond\"]}]},{\"@type\":\"WebPage\",\"@id\":\"https:\\\/\\\/encompaniastj.org\\\/pt-pt\\\/os-meus-anos-de-direcao-em-esclat\\\/\",\"url\":\"https:\\\/\\\/encompaniastj.org\\\/pt-pt\\\/os-meus-anos-de-direcao-em-esclat\\\/\",\"name\":\"Os meus anos de dire\u00e7\u00e3o em Esclat - En Compa\u00f1\u00eda STJ\",\"isPartOf\":{\"@id\":\"https:\\\/\\\/encompaniastj.org\\\/pt-pt\\\/#website\"},\"primaryImageOfPage\":{\"@id\":\"https:\\\/\\\/encompaniastj.org\\\/pt-pt\\\/os-meus-anos-de-direcao-em-esclat\\\/#primaryimage\"},\"image\":{\"@id\":\"https:\\\/\\\/encompaniastj.org\\\/pt-pt\\\/os-meus-anos-de-direcao-em-esclat\\\/#primaryimage\"},\"thumbnailUrl\":\"https:\\\/\\\/encompaniastj.org\\\/wp-content\\\/uploads\\\/2025\\\/05\\\/r-esclat.jpg\",\"datePublished\":\"2020-07-23T04:58:05+00:00\",\"dateModified\":\"2025-07-07T14:21:49+00:00\",\"breadcrumb\":{\"@id\":\"https:\\\/\\\/encompaniastj.org\\\/pt-pt\\\/os-meus-anos-de-direcao-em-esclat\\\/#breadcrumb\"},\"inLanguage\":\"pt-PT\",\"potentialAction\":[{\"@type\":\"ReadAction\",\"target\":[\"https:\\\/\\\/encompaniastj.org\\\/pt-pt\\\/os-meus-anos-de-direcao-em-esclat\\\/\"]}]},{\"@type\":\"ImageObject\",\"inLanguage\":\"pt-PT\",\"@id\":\"https:\\\/\\\/encompaniastj.org\\\/pt-pt\\\/os-meus-anos-de-direcao-em-esclat\\\/#primaryimage\",\"url\":\"https:\\\/\\\/encompaniastj.org\\\/wp-content\\\/uploads\\\/2025\\\/05\\\/r-esclat.jpg\",\"contentUrl\":\"https:\\\/\\\/encompaniastj.org\\\/wp-content\\\/uploads\\\/2025\\\/05\\\/r-esclat.jpg\",\"width\":283,\"height\":159},{\"@type\":\"BreadcrumbList\",\"@id\":\"https:\\\/\\\/encompaniastj.org\\\/pt-pt\\\/os-meus-anos-de-direcao-em-esclat\\\/#breadcrumb\",\"itemListElement\":[{\"@type\":\"ListItem\",\"position\":1,\"name\":\"Portada\",\"item\":\"https:\\\/\\\/encompaniastj.org\\\/pt-pt\\\/\"},{\"@type\":\"ListItem\",\"position\":2,\"name\":\"Os meus anos de dire\u00e7\u00e3o em Esclat\"}]},{\"@type\":\"WebSite\",\"@id\":\"https:\\\/\\\/encompaniastj.org\\\/pt-pt\\\/#website\",\"url\":\"https:\\\/\\\/encompaniastj.org\\\/pt-pt\\\/\",\"name\":\"En Compa\u00f1\u00eda STJ\",\"description\":\"Bolet\u00edn de la Compa\u00f1\u00eda de Santa Teresa de Jes\u00fas\",\"publisher\":{\"@id\":\"https:\\\/\\\/encompaniastj.org\\\/pt-pt\\\/#organization\"},\"potentialAction\":[{\"@type\":\"SearchAction\",\"target\":{\"@type\":\"EntryPoint\",\"urlTemplate\":\"https:\\\/\\\/encompaniastj.org\\\/pt-pt\\\/?s={search_term_string}\"},\"query-input\":{\"@type\":\"PropertyValueSpecification\",\"valueRequired\":true,\"valueName\":\"search_term_string\"}}],\"inLanguage\":\"pt-PT\"},{\"@type\":\"Organization\",\"@id\":\"https:\\\/\\\/encompaniastj.org\\\/pt-pt\\\/#organization\",\"name\":\"Compa\u00f1\u00eda de Santa Teresa de Jes\u00fas\",\"url\":\"https:\\\/\\\/encompaniastj.org\\\/pt-pt\\\/\",\"logo\":{\"@type\":\"ImageObject\",\"inLanguage\":\"pt-PT\",\"@id\":\"https:\\\/\\\/encompaniastj.org\\\/pt-pt\\\/#\\\/schema\\\/logo\\\/image\\\/\",\"url\":\"https:\\\/\\\/encompaniastj.org\\\/wp-content\\\/uploads\\\/2025\\\/04\\\/logo_provincias02-1-3.png\",\"contentUrl\":\"https:\\\/\\\/encompaniastj.org\\\/wp-content\\\/uploads\\\/2025\\\/04\\\/logo_provincias02-1-3.png\",\"width\":2368,\"height\":825,\"caption\":\"Compa\u00f1\u00eda de Santa Teresa de Jes\u00fas\"},\"image\":{\"@id\":\"https:\\\/\\\/encompaniastj.org\\\/pt-pt\\\/#\\\/schema\\\/logo\\\/image\\\/\"}},{\"@type\":\"Person\",\"@id\":\"https:\\\/\\\/encompaniastj.org\\\/pt-pt\\\/#\\\/schema\\\/person\\\/520e7ecc314793d40091993c2a02b651\",\"name\":\"admin\",\"image\":{\"@type\":\"ImageObject\",\"inLanguage\":\"pt-PT\",\"@id\":\"https:\\\/\\\/secure.gravatar.com\\\/avatar\\\/948b492cce32b586ac2db0eaa926ee87024f7afe218d73b397ea5ddfc5f43ea1?s=96&d=mm&r=g\",\"url\":\"https:\\\/\\\/secure.gravatar.com\\\/avatar\\\/948b492cce32b586ac2db0eaa926ee87024f7afe218d73b397ea5ddfc5f43ea1?s=96&d=mm&r=g\",\"contentUrl\":\"https:\\\/\\\/secure.gravatar.com\\\/avatar\\\/948b492cce32b586ac2db0eaa926ee87024f7afe218d73b397ea5ddfc5f43ea1?s=96&d=mm&r=g\",\"caption\":\"admin\"},\"sameAs\":[\"https:\\\/\\\/encompaniastj.org\"],\"url\":\"https:\\\/\\\/encompaniastj.org\\\/pt-pt\\\/author\\\/sjdigital\\\/\"}]}<\/script>\n<!-- \/ Yoast SEO plugin. -->","yoast_head_json":{"title":"Os meus anos de dire\u00e7\u00e3o em Esclat - En Compa\u00f1\u00eda STJ","robots":{"index":"index","follow":"follow","max-snippet":"max-snippet:-1","max-image-preview":"max-image-preview:large","max-video-preview":"max-video-preview:-1"},"canonical":"https:\/\/encompaniastj.org\/pt-pt\/os-meus-anos-de-direcao-em-esclat\/","og_locale":"pt_PT","og_type":"article","og_title":"Os meus anos de dire\u00e7\u00e3o em Esclat - En Compa\u00f1\u00eda STJ","og_description":"Neste ano, completei quinze anos de trabalho \u00e0 frente do Centro Esclat, no bairro Bellvitge, em Hospitalet de Llobregat (Barcelona). Quando iniciarmos o pr\u00f3ximo ano, estarei numa nova situa\u00e7\u00e3o: aposenta\u00e7\u00e3o [&hellip;]","og_url":"https:\/\/encompaniastj.org\/pt-pt\/os-meus-anos-de-direcao-em-esclat\/","og_site_name":"En Compa\u00f1\u00eda STJ","article_published_time":"2020-07-23T04:58:05+00:00","article_modified_time":"2025-07-07T14:21:49+00:00","og_image":[{"width":283,"height":159,"url":"https:\/\/encompaniastj.org\/wp-content\/uploads\/2025\/05\/r-esclat.jpg","type":"image\/jpeg"}],"author":"admin","twitter_card":"summary_large_image","twitter_misc":{"Escrito por":"admin","Tempo estimado de leitura":"2 minutos"},"schema":{"@context":"https:\/\/schema.org","@graph":[{"@type":"Article","@id":"https:\/\/encompaniastj.org\/pt-pt\/os-meus-anos-de-direcao-em-esclat\/#article","isPartOf":{"@id":"https:\/\/encompaniastj.org\/pt-pt\/os-meus-anos-de-direcao-em-esclat\/"},"author":{"name":"admin","@id":"https:\/\/encompaniastj.org\/pt-pt\/#\/schema\/person\/520e7ecc314793d40091993c2a02b651"},"headline":"Os meus anos de dire\u00e7\u00e3o em Esclat","datePublished":"2020-07-23T04:58:05+00:00","dateModified":"2025-07-07T14:21:49+00:00","mainEntityOfPage":{"@id":"https:\/\/encompaniastj.org\/pt-pt\/os-meus-anos-de-direcao-em-esclat\/"},"wordCount":470,"commentCount":0,"publisher":{"@id":"https:\/\/encompaniastj.org\/pt-pt\/#organization"},"image":{"@id":"https:\/\/encompaniastj.org\/pt-pt\/os-meus-anos-de-direcao-em-esclat\/#primaryimage"},"thumbnailUrl":"https:\/\/encompaniastj.org\/wp-content\/uploads\/2025\/05\/r-esclat.jpg","articleSection":["A\u00e7\u00e3o Social","Acci\u00f3n Social","Noticias"],"inLanguage":"pt-PT","potentialAction":[{"@type":"CommentAction","name":"Comment","target":["https:\/\/encompaniastj.org\/pt-pt\/os-meus-anos-de-direcao-em-esclat\/#respond"]}]},{"@type":"WebPage","@id":"https:\/\/encompaniastj.org\/pt-pt\/os-meus-anos-de-direcao-em-esclat\/","url":"https:\/\/encompaniastj.org\/pt-pt\/os-meus-anos-de-direcao-em-esclat\/","name":"Os meus anos de dire\u00e7\u00e3o em Esclat - En Compa\u00f1\u00eda STJ","isPartOf":{"@id":"https:\/\/encompaniastj.org\/pt-pt\/#website"},"primaryImageOfPage":{"@id":"https:\/\/encompaniastj.org\/pt-pt\/os-meus-anos-de-direcao-em-esclat\/#primaryimage"},"image":{"@id":"https:\/\/encompaniastj.org\/pt-pt\/os-meus-anos-de-direcao-em-esclat\/#primaryimage"},"thumbnailUrl":"https:\/\/encompaniastj.org\/wp-content\/uploads\/2025\/05\/r-esclat.jpg","datePublished":"2020-07-23T04:58:05+00:00","dateModified":"2025-07-07T14:21:49+00:00","breadcrumb":{"@id":"https:\/\/encompaniastj.org\/pt-pt\/os-meus-anos-de-direcao-em-esclat\/#breadcrumb"},"inLanguage":"pt-PT","potentialAction":[{"@type":"ReadAction","target":["https:\/\/encompaniastj.org\/pt-pt\/os-meus-anos-de-direcao-em-esclat\/"]}]},{"@type":"ImageObject","inLanguage":"pt-PT","@id":"https:\/\/encompaniastj.org\/pt-pt\/os-meus-anos-de-direcao-em-esclat\/#primaryimage","url":"https:\/\/encompaniastj.org\/wp-content\/uploads\/2025\/05\/r-esclat.jpg","contentUrl":"https:\/\/encompaniastj.org\/wp-content\/uploads\/2025\/05\/r-esclat.jpg","width":283,"height":159},{"@type":"BreadcrumbList","@id":"https:\/\/encompaniastj.org\/pt-pt\/os-meus-anos-de-direcao-em-esclat\/#breadcrumb","itemListElement":[{"@type":"ListItem","position":1,"name":"Portada","item":"https:\/\/encompaniastj.org\/pt-pt\/"},{"@type":"ListItem","position":2,"name":"Os meus anos de dire\u00e7\u00e3o em Esclat"}]},{"@type":"WebSite","@id":"https:\/\/encompaniastj.org\/pt-pt\/#website","url":"https:\/\/encompaniastj.org\/pt-pt\/","name":"En Compa\u00f1\u00eda STJ","description":"Bolet\u00edn de la Compa\u00f1\u00eda de Santa Teresa de Jes\u00fas","publisher":{"@id":"https:\/\/encompaniastj.org\/pt-pt\/#organization"},"potentialAction":[{"@type":"SearchAction","target":{"@type":"EntryPoint","urlTemplate":"https:\/\/encompaniastj.org\/pt-pt\/?s={search_term_string}"},"query-input":{"@type":"PropertyValueSpecification","valueRequired":true,"valueName":"search_term_string"}}],"inLanguage":"pt-PT"},{"@type":"Organization","@id":"https:\/\/encompaniastj.org\/pt-pt\/#organization","name":"Compa\u00f1\u00eda de Santa Teresa de Jes\u00fas","url":"https:\/\/encompaniastj.org\/pt-pt\/","logo":{"@type":"ImageObject","inLanguage":"pt-PT","@id":"https:\/\/encompaniastj.org\/pt-pt\/#\/schema\/logo\/image\/","url":"https:\/\/encompaniastj.org\/wp-content\/uploads\/2025\/04\/logo_provincias02-1-3.png","contentUrl":"https:\/\/encompaniastj.org\/wp-content\/uploads\/2025\/04\/logo_provincias02-1-3.png","width":2368,"height":825,"caption":"Compa\u00f1\u00eda de Santa Teresa de Jes\u00fas"},"image":{"@id":"https:\/\/encompaniastj.org\/pt-pt\/#\/schema\/logo\/image\/"}},{"@type":"Person","@id":"https:\/\/encompaniastj.org\/pt-pt\/#\/schema\/person\/520e7ecc314793d40091993c2a02b651","name":"admin","image":{"@type":"ImageObject","inLanguage":"pt-PT","@id":"https:\/\/secure.gravatar.com\/avatar\/948b492cce32b586ac2db0eaa926ee87024f7afe218d73b397ea5ddfc5f43ea1?s=96&d=mm&r=g","url":"https:\/\/secure.gravatar.com\/avatar\/948b492cce32b586ac2db0eaa926ee87024f7afe218d73b397ea5ddfc5f43ea1?s=96&d=mm&r=g","contentUrl":"https:\/\/secure.gravatar.com\/avatar\/948b492cce32b586ac2db0eaa926ee87024f7afe218d73b397ea5ddfc5f43ea1?s=96&d=mm&r=g","caption":"admin"},"sameAs":["https:\/\/encompaniastj.org"],"url":"https:\/\/encompaniastj.org\/pt-pt\/author\/sjdigital\/"}]}},"_links":{"self":[{"href":"https:\/\/encompaniastj.org\/pt-pt\/wp-json\/wp\/v2\/posts\/10220","targetHints":{"allow":["GET"]}}],"collection":[{"href":"https:\/\/encompaniastj.org\/pt-pt\/wp-json\/wp\/v2\/posts"}],"about":[{"href":"https:\/\/encompaniastj.org\/pt-pt\/wp-json\/wp\/v2\/types\/post"}],"author":[{"embeddable":true,"href":"https:\/\/encompaniastj.org\/pt-pt\/wp-json\/wp\/v2\/users\/1"}],"replies":[{"embeddable":true,"href":"https:\/\/encompaniastj.org\/pt-pt\/wp-json\/wp\/v2\/comments?post=10220"}],"version-history":[{"count":1,"href":"https:\/\/encompaniastj.org\/pt-pt\/wp-json\/wp\/v2\/posts\/10220\/revisions"}],"predecessor-version":[{"id":10221,"href":"https:\/\/encompaniastj.org\/pt-pt\/wp-json\/wp\/v2\/posts\/10220\/revisions\/10221"}],"wp:featuredmedia":[{"embeddable":true,"href":"https:\/\/encompaniastj.org\/pt-pt\/wp-json\/wp\/v2\/media\/7529"}],"wp:attachment":[{"href":"https:\/\/encompaniastj.org\/pt-pt\/wp-json\/wp\/v2\/media?parent=10220"}],"wp:term":[{"taxonomy":"category","embeddable":true,"href":"https:\/\/encompaniastj.org\/pt-pt\/wp-json\/wp\/v2\/categories?post=10220"},{"taxonomy":"post_tag","embeddable":true,"href":"https:\/\/encompaniastj.org\/pt-pt\/wp-json\/wp\/v2\/tags?post=10220"}],"curies":[{"name":"wp","href":"https:\/\/api.w.org\/{rel}","templated":true}]}}