{"id":10216,"date":"2020-07-19T21:30:38","date_gmt":"2020-07-19T19:30:38","guid":{"rendered":"https:\/\/encompaniastj.org\/1a-experiencia-de-campanha-partilhada-recuperarsorrisos\/"},"modified":"2025-07-07T16:21:48","modified_gmt":"2025-07-07T14:21:48","slug":"1a-experiencia-de-campanha-partilhada-recuperarsorrisos","status":"publish","type":"post","link":"https:\/\/encompaniastj.org\/pt-pt\/1a-experiencia-de-campanha-partilhada-recuperarsorrisos\/","title":{"rendered":"1\u00aa experi\u00eancia de campanha partilhada #recuperarsorrisos"},"content":{"rendered":"\n<p>J\u00e1 sabemos que a crise causada pela pandemia colocou-nos perante necessidades cada vez maiores, dante do desafio de renovar nossa maneira de trabalhar ... enfrentar um futuro incerto em vez de uma \"nova normalidade\" ... sem d\u00favida, um conjunto de circunst\u00e2ncias que continuam sendo \"terreno f\u00e9rtil\" para procurar e encontrar novas oportunidades. As diversas obras e presen\u00e7as no \u00e2mbito da a\u00e7\u00e3o social vinculadas \u00e0 Prov\u00edncia Teresiana da Europa tamb\u00e9m foram espa\u00e7os nos quais a criatividade, o empenho, os v\u00ednculos criados com as pessoas que participam dos projetos etc., desencadearam novas colabora\u00e7\u00f5es. que se tra\u00e7am como in\u00edcios de caminhos futuro. <\/p>\n\n<p>Um exemplo \u00e9 o trabalho conjunto realizado por tr\u00eas das obras (Esclat, Associa\u00e7\u00e3o Sta. Teresa e Sa\u00f3) para realizar uma campanha de comunica\u00e7\u00e3o partilhada para arrecadar fundos para enfrentar as mudan\u00e7as na interven\u00e7\u00e3o socioeducativa que est\u00e1 ocorrendo. O que fazer com fam\u00edlias, crian\u00e7as, adolescentes e jovens em situa\u00e7\u00f5es de vulnerabilidade ou exclus\u00e3o social. Este \u00e9 um pequeno come\u00e7o que esperamos que seja uma experi\u00eancia de aprendizagem (se poss\u00edvel, bem-sucedida), a fim de criar uma rede cada vez maior entre presen\u00e7as sociais e tamb\u00e9m outras presen\u00e7as provinciais. <\/p>\n\n<p>Assim, pois, logo que a campanha <em>#recurperarsorrisos<\/em> chegar aos vossos e-mails e redes sociais, agradecemo-vos que entrem, leiam e nos ajudem a divulg\u00e1-la. O nosso objetivo n\u00e3o \u00e9 s\u00f3 captar recursos, mas tamb\u00e9m ir expandir a base social de comunica\u00e7\u00e3o e inter-rela\u00e7\u00e3o entre a Fam\u00edlia Teresiana.<\/p>\n\n<p>Esta \u00e9 a primeira campanha, esperamos que haja outras, com outros trabalhos e presen\u00e7as.<\/p>\n\n<p>Obrigado pela sua colabora\u00e7\u00e3o! <\/p>\n\n<figure class=\"wp-block-image\"><a href=\"https:\/\/encompaniastj.org\/wp-content\/uploads\/2025\/05\/campana.png\"><img decoding=\"async\" src=\"https:\/\/encompaniastj.org\/wp-content\/uploads\/2025\/05\/campana.png\" alt=\"\" class=\"wp-image-6801\"><\/a><figcaption>#recuperarsorrisos<\/figcaption><\/figure>","protected":false},"excerpt":{"rendered":"<p>J\u00e1 sabemos que a crise causada pela pandemia colocou-nos perante necessidades cada vez maiores, dante do desafio de renovar nossa maneira de trabalhar &#8230; enfrentar um futuro incerto em vez [&hellip;]<\/p>\n","protected":false},"author":1,"featured_media":7527,"comment_status":"open","ping_status":"open","sticky":false,"template":"","format":"standard","meta":{"_acf_changed":false,"footnotes":""},"categories":[76,74,61],"tags":[],"class_list":["post-10216","post","type-post","status-publish","format-standard","has-post-thumbnail","hentry","category-acao-social","category-accion-social","category-noticias"],"acf":[],"yoast_head":"<!-- This site is optimized with the Yoast SEO plugin v27.5 - https:\/\/yoast.com\/product\/yoast-seo-wordpress\/ -->\n<title>1\u00aa experi\u00eancia de campanha partilhada #recuperarsorrisos - En Compa\u00f1\u00eda STJ<\/title>\n<meta name=\"robots\" content=\"index, follow, max-snippet:-1, max-image-preview:large, max-video-preview:-1\" \/>\n<link rel=\"canonical\" href=\"https:\/\/encompaniastj.org\/pt-pt\/1a-experiencia-de-campanha-partilhada-recuperarsorrisos\/\" \/>\n<meta property=\"og:locale\" content=\"pt_PT\" \/>\n<meta property=\"og:type\" content=\"article\" \/>\n<meta property=\"og:title\" content=\"1\u00aa experi\u00eancia de campanha partilhada #recuperarsorrisos - En Compa\u00f1\u00eda STJ\" \/>\n<meta property=\"og:description\" content=\"J\u00e1 sabemos que a crise causada pela pandemia colocou-nos perante necessidades cada vez maiores, dante do desafio de renovar nossa maneira de trabalhar &#8230; enfrentar um futuro incerto em vez [&hellip;]\" \/>\n<meta property=\"og:url\" content=\"https:\/\/encompaniastj.org\/pt-pt\/1a-experiencia-de-campanha-partilhada-recuperarsorrisos\/\" \/>\n<meta property=\"og:site_name\" content=\"En Compa\u00f1\u00eda STJ\" \/>\n<meta property=\"article:published_time\" content=\"2020-07-19T19:30:38+00:00\" \/>\n<meta property=\"article:modified_time\" content=\"2025-07-07T14:21:48+00:00\" \/>\n<meta property=\"og:image\" content=\"https:\/\/encompaniastj.org\/wp-content\/uploads\/2025\/05\/1-campana.png\" \/>\n\t<meta property=\"og:image:width\" content=\"706\" \/>\n\t<meta property=\"og:image:height\" content=\"398\" \/>\n\t<meta property=\"og:image:type\" content=\"image\/png\" \/>\n<meta name=\"author\" content=\"admin\" \/>\n<meta name=\"twitter:card\" content=\"summary_large_image\" \/>\n<meta name=\"twitter:label1\" content=\"Escrito por\" \/>\n\t<meta name=\"twitter:data1\" content=\"admin\" \/>\n\t<meta name=\"twitter:label2\" content=\"Tempo estimado de leitura\" \/>\n\t<meta name=\"twitter:data2\" content=\"1 minuto\" \/>\n<script type=\"application\/ld+json\" class=\"yoast-schema-graph\">{\"@context\":\"https:\\\/\\\/schema.org\",\"@graph\":[{\"@type\":\"Article\",\"@id\":\"https:\\\/\\\/encompaniastj.org\\\/pt-pt\\\/1a-experiencia-de-campanha-partilhada-recuperarsorrisos\\\/#article\",\"isPartOf\":{\"@id\":\"https:\\\/\\\/encompaniastj.org\\\/pt-pt\\\/1a-experiencia-de-campanha-partilhada-recuperarsorrisos\\\/\"},\"author\":{\"name\":\"admin\",\"@id\":\"https:\\\/\\\/encompaniastj.org\\\/pt-pt\\\/#\\\/schema\\\/person\\\/520e7ecc314793d40091993c2a02b651\"},\"headline\":\"1\u00aa experi\u00eancia de campanha partilhada #recuperarsorrisos\",\"datePublished\":\"2020-07-19T19:30:38+00:00\",\"dateModified\":\"2025-07-07T14:21:48+00:00\",\"mainEntityOfPage\":{\"@id\":\"https:\\\/\\\/encompaniastj.org\\\/pt-pt\\\/1a-experiencia-de-campanha-partilhada-recuperarsorrisos\\\/\"},\"wordCount\":284,\"commentCount\":0,\"publisher\":{\"@id\":\"https:\\\/\\\/encompaniastj.org\\\/pt-pt\\\/#organization\"},\"image\":{\"@id\":\"https:\\\/\\\/encompaniastj.org\\\/pt-pt\\\/1a-experiencia-de-campanha-partilhada-recuperarsorrisos\\\/#primaryimage\"},\"thumbnailUrl\":\"https:\\\/\\\/encompaniastj.org\\\/wp-content\\\/uploads\\\/2025\\\/05\\\/1-campana.png\",\"articleSection\":[\"A\u00e7\u00e3o Social\",\"Acci\u00f3n Social\",\"Noticias\"],\"inLanguage\":\"pt-PT\",\"potentialAction\":[{\"@type\":\"CommentAction\",\"name\":\"Comment\",\"target\":[\"https:\\\/\\\/encompaniastj.org\\\/pt-pt\\\/1a-experiencia-de-campanha-partilhada-recuperarsorrisos\\\/#respond\"]}]},{\"@type\":\"WebPage\",\"@id\":\"https:\\\/\\\/encompaniastj.org\\\/pt-pt\\\/1a-experiencia-de-campanha-partilhada-recuperarsorrisos\\\/\",\"url\":\"https:\\\/\\\/encompaniastj.org\\\/pt-pt\\\/1a-experiencia-de-campanha-partilhada-recuperarsorrisos\\\/\",\"name\":\"1\u00aa experi\u00eancia de campanha partilhada #recuperarsorrisos - En Compa\u00f1\u00eda STJ\",\"isPartOf\":{\"@id\":\"https:\\\/\\\/encompaniastj.org\\\/pt-pt\\\/#website\"},\"primaryImageOfPage\":{\"@id\":\"https:\\\/\\\/encompaniastj.org\\\/pt-pt\\\/1a-experiencia-de-campanha-partilhada-recuperarsorrisos\\\/#primaryimage\"},\"image\":{\"@id\":\"https:\\\/\\\/encompaniastj.org\\\/pt-pt\\\/1a-experiencia-de-campanha-partilhada-recuperarsorrisos\\\/#primaryimage\"},\"thumbnailUrl\":\"https:\\\/\\\/encompaniastj.org\\\/wp-content\\\/uploads\\\/2025\\\/05\\\/1-campana.png\",\"datePublished\":\"2020-07-19T19:30:38+00:00\",\"dateModified\":\"2025-07-07T14:21:48+00:00\",\"breadcrumb\":{\"@id\":\"https:\\\/\\\/encompaniastj.org\\\/pt-pt\\\/1a-experiencia-de-campanha-partilhada-recuperarsorrisos\\\/#breadcrumb\"},\"inLanguage\":\"pt-PT\",\"potentialAction\":[{\"@type\":\"ReadAction\",\"target\":[\"https:\\\/\\\/encompaniastj.org\\\/pt-pt\\\/1a-experiencia-de-campanha-partilhada-recuperarsorrisos\\\/\"]}]},{\"@type\":\"ImageObject\",\"inLanguage\":\"pt-PT\",\"@id\":\"https:\\\/\\\/encompaniastj.org\\\/pt-pt\\\/1a-experiencia-de-campanha-partilhada-recuperarsorrisos\\\/#primaryimage\",\"url\":\"https:\\\/\\\/encompaniastj.org\\\/wp-content\\\/uploads\\\/2025\\\/05\\\/1-campana.png\",\"contentUrl\":\"https:\\\/\\\/encompaniastj.org\\\/wp-content\\\/uploads\\\/2025\\\/05\\\/1-campana.png\",\"width\":706,\"height\":398},{\"@type\":\"BreadcrumbList\",\"@id\":\"https:\\\/\\\/encompaniastj.org\\\/pt-pt\\\/1a-experiencia-de-campanha-partilhada-recuperarsorrisos\\\/#breadcrumb\",\"itemListElement\":[{\"@type\":\"ListItem\",\"position\":1,\"name\":\"Portada\",\"item\":\"https:\\\/\\\/encompaniastj.org\\\/pt-pt\\\/\"},{\"@type\":\"ListItem\",\"position\":2,\"name\":\"1\u00aa experi\u00eancia de campanha partilhada #recuperarsorrisos\"}]},{\"@type\":\"WebSite\",\"@id\":\"https:\\\/\\\/encompaniastj.org\\\/pt-pt\\\/#website\",\"url\":\"https:\\\/\\\/encompaniastj.org\\\/pt-pt\\\/\",\"name\":\"En Compa\u00f1\u00eda STJ\",\"description\":\"Bolet\u00edn de la Compa\u00f1\u00eda de Santa Teresa de Jes\u00fas\",\"publisher\":{\"@id\":\"https:\\\/\\\/encompaniastj.org\\\/pt-pt\\\/#organization\"},\"potentialAction\":[{\"@type\":\"SearchAction\",\"target\":{\"@type\":\"EntryPoint\",\"urlTemplate\":\"https:\\\/\\\/encompaniastj.org\\\/pt-pt\\\/?s={search_term_string}\"},\"query-input\":{\"@type\":\"PropertyValueSpecification\",\"valueRequired\":true,\"valueName\":\"search_term_string\"}}],\"inLanguage\":\"pt-PT\"},{\"@type\":\"Organization\",\"@id\":\"https:\\\/\\\/encompaniastj.org\\\/pt-pt\\\/#organization\",\"name\":\"Compa\u00f1\u00eda de Santa Teresa de Jes\u00fas\",\"url\":\"https:\\\/\\\/encompaniastj.org\\\/pt-pt\\\/\",\"logo\":{\"@type\":\"ImageObject\",\"inLanguage\":\"pt-PT\",\"@id\":\"https:\\\/\\\/encompaniastj.org\\\/pt-pt\\\/#\\\/schema\\\/logo\\\/image\\\/\",\"url\":\"https:\\\/\\\/encompaniastj.org\\\/wp-content\\\/uploads\\\/2025\\\/04\\\/logo_provincias02-1-3.png\",\"contentUrl\":\"https:\\\/\\\/encompaniastj.org\\\/wp-content\\\/uploads\\\/2025\\\/04\\\/logo_provincias02-1-3.png\",\"width\":2368,\"height\":825,\"caption\":\"Compa\u00f1\u00eda de Santa Teresa de Jes\u00fas\"},\"image\":{\"@id\":\"https:\\\/\\\/encompaniastj.org\\\/pt-pt\\\/#\\\/schema\\\/logo\\\/image\\\/\"}},{\"@type\":\"Person\",\"@id\":\"https:\\\/\\\/encompaniastj.org\\\/pt-pt\\\/#\\\/schema\\\/person\\\/520e7ecc314793d40091993c2a02b651\",\"name\":\"admin\",\"image\":{\"@type\":\"ImageObject\",\"inLanguage\":\"pt-PT\",\"@id\":\"https:\\\/\\\/secure.gravatar.com\\\/avatar\\\/948b492cce32b586ac2db0eaa926ee87024f7afe218d73b397ea5ddfc5f43ea1?s=96&d=mm&r=g\",\"url\":\"https:\\\/\\\/secure.gravatar.com\\\/avatar\\\/948b492cce32b586ac2db0eaa926ee87024f7afe218d73b397ea5ddfc5f43ea1?s=96&d=mm&r=g\",\"contentUrl\":\"https:\\\/\\\/secure.gravatar.com\\\/avatar\\\/948b492cce32b586ac2db0eaa926ee87024f7afe218d73b397ea5ddfc5f43ea1?s=96&d=mm&r=g\",\"caption\":\"admin\"},\"sameAs\":[\"https:\\\/\\\/encompaniastj.org\"],\"url\":\"https:\\\/\\\/encompaniastj.org\\\/pt-pt\\\/author\\\/sjdigital\\\/\"}]}<\/script>\n<!-- \/ Yoast SEO plugin. -->","yoast_head_json":{"title":"1\u00aa experi\u00eancia de campanha partilhada #recuperarsorrisos - En Compa\u00f1\u00eda STJ","robots":{"index":"index","follow":"follow","max-snippet":"max-snippet:-1","max-image-preview":"max-image-preview:large","max-video-preview":"max-video-preview:-1"},"canonical":"https:\/\/encompaniastj.org\/pt-pt\/1a-experiencia-de-campanha-partilhada-recuperarsorrisos\/","og_locale":"pt_PT","og_type":"article","og_title":"1\u00aa experi\u00eancia de campanha partilhada #recuperarsorrisos - En Compa\u00f1\u00eda STJ","og_description":"J\u00e1 sabemos que a crise causada pela pandemia colocou-nos perante necessidades cada vez maiores, dante do desafio de renovar nossa maneira de trabalhar &#8230; enfrentar um futuro incerto em vez [&hellip;]","og_url":"https:\/\/encompaniastj.org\/pt-pt\/1a-experiencia-de-campanha-partilhada-recuperarsorrisos\/","og_site_name":"En Compa\u00f1\u00eda STJ","article_published_time":"2020-07-19T19:30:38+00:00","article_modified_time":"2025-07-07T14:21:48+00:00","og_image":[{"width":706,"height":398,"url":"https:\/\/encompaniastj.org\/wp-content\/uploads\/2025\/05\/1-campana.png","type":"image\/png"}],"author":"admin","twitter_card":"summary_large_image","twitter_misc":{"Escrito por":"admin","Tempo estimado de leitura":"1 minuto"},"schema":{"@context":"https:\/\/schema.org","@graph":[{"@type":"Article","@id":"https:\/\/encompaniastj.org\/pt-pt\/1a-experiencia-de-campanha-partilhada-recuperarsorrisos\/#article","isPartOf":{"@id":"https:\/\/encompaniastj.org\/pt-pt\/1a-experiencia-de-campanha-partilhada-recuperarsorrisos\/"},"author":{"name":"admin","@id":"https:\/\/encompaniastj.org\/pt-pt\/#\/schema\/person\/520e7ecc314793d40091993c2a02b651"},"headline":"1\u00aa experi\u00eancia de campanha partilhada #recuperarsorrisos","datePublished":"2020-07-19T19:30:38+00:00","dateModified":"2025-07-07T14:21:48+00:00","mainEntityOfPage":{"@id":"https:\/\/encompaniastj.org\/pt-pt\/1a-experiencia-de-campanha-partilhada-recuperarsorrisos\/"},"wordCount":284,"commentCount":0,"publisher":{"@id":"https:\/\/encompaniastj.org\/pt-pt\/#organization"},"image":{"@id":"https:\/\/encompaniastj.org\/pt-pt\/1a-experiencia-de-campanha-partilhada-recuperarsorrisos\/#primaryimage"},"thumbnailUrl":"https:\/\/encompaniastj.org\/wp-content\/uploads\/2025\/05\/1-campana.png","articleSection":["A\u00e7\u00e3o Social","Acci\u00f3n Social","Noticias"],"inLanguage":"pt-PT","potentialAction":[{"@type":"CommentAction","name":"Comment","target":["https:\/\/encompaniastj.org\/pt-pt\/1a-experiencia-de-campanha-partilhada-recuperarsorrisos\/#respond"]}]},{"@type":"WebPage","@id":"https:\/\/encompaniastj.org\/pt-pt\/1a-experiencia-de-campanha-partilhada-recuperarsorrisos\/","url":"https:\/\/encompaniastj.org\/pt-pt\/1a-experiencia-de-campanha-partilhada-recuperarsorrisos\/","name":"1\u00aa experi\u00eancia de campanha partilhada #recuperarsorrisos - En Compa\u00f1\u00eda STJ","isPartOf":{"@id":"https:\/\/encompaniastj.org\/pt-pt\/#website"},"primaryImageOfPage":{"@id":"https:\/\/encompaniastj.org\/pt-pt\/1a-experiencia-de-campanha-partilhada-recuperarsorrisos\/#primaryimage"},"image":{"@id":"https:\/\/encompaniastj.org\/pt-pt\/1a-experiencia-de-campanha-partilhada-recuperarsorrisos\/#primaryimage"},"thumbnailUrl":"https:\/\/encompaniastj.org\/wp-content\/uploads\/2025\/05\/1-campana.png","datePublished":"2020-07-19T19:30:38+00:00","dateModified":"2025-07-07T14:21:48+00:00","breadcrumb":{"@id":"https:\/\/encompaniastj.org\/pt-pt\/1a-experiencia-de-campanha-partilhada-recuperarsorrisos\/#breadcrumb"},"inLanguage":"pt-PT","potentialAction":[{"@type":"ReadAction","target":["https:\/\/encompaniastj.org\/pt-pt\/1a-experiencia-de-campanha-partilhada-recuperarsorrisos\/"]}]},{"@type":"ImageObject","inLanguage":"pt-PT","@id":"https:\/\/encompaniastj.org\/pt-pt\/1a-experiencia-de-campanha-partilhada-recuperarsorrisos\/#primaryimage","url":"https:\/\/encompaniastj.org\/wp-content\/uploads\/2025\/05\/1-campana.png","contentUrl":"https:\/\/encompaniastj.org\/wp-content\/uploads\/2025\/05\/1-campana.png","width":706,"height":398},{"@type":"BreadcrumbList","@id":"https:\/\/encompaniastj.org\/pt-pt\/1a-experiencia-de-campanha-partilhada-recuperarsorrisos\/#breadcrumb","itemListElement":[{"@type":"ListItem","position":1,"name":"Portada","item":"https:\/\/encompaniastj.org\/pt-pt\/"},{"@type":"ListItem","position":2,"name":"1\u00aa experi\u00eancia de campanha partilhada #recuperarsorrisos"}]},{"@type":"WebSite","@id":"https:\/\/encompaniastj.org\/pt-pt\/#website","url":"https:\/\/encompaniastj.org\/pt-pt\/","name":"En Compa\u00f1\u00eda STJ","description":"Bolet\u00edn de la Compa\u00f1\u00eda de Santa Teresa de Jes\u00fas","publisher":{"@id":"https:\/\/encompaniastj.org\/pt-pt\/#organization"},"potentialAction":[{"@type":"SearchAction","target":{"@type":"EntryPoint","urlTemplate":"https:\/\/encompaniastj.org\/pt-pt\/?s={search_term_string}"},"query-input":{"@type":"PropertyValueSpecification","valueRequired":true,"valueName":"search_term_string"}}],"inLanguage":"pt-PT"},{"@type":"Organization","@id":"https:\/\/encompaniastj.org\/pt-pt\/#organization","name":"Compa\u00f1\u00eda de Santa Teresa de Jes\u00fas","url":"https:\/\/encompaniastj.org\/pt-pt\/","logo":{"@type":"ImageObject","inLanguage":"pt-PT","@id":"https:\/\/encompaniastj.org\/pt-pt\/#\/schema\/logo\/image\/","url":"https:\/\/encompaniastj.org\/wp-content\/uploads\/2025\/04\/logo_provincias02-1-3.png","contentUrl":"https:\/\/encompaniastj.org\/wp-content\/uploads\/2025\/04\/logo_provincias02-1-3.png","width":2368,"height":825,"caption":"Compa\u00f1\u00eda de Santa Teresa de Jes\u00fas"},"image":{"@id":"https:\/\/encompaniastj.org\/pt-pt\/#\/schema\/logo\/image\/"}},{"@type":"Person","@id":"https:\/\/encompaniastj.org\/pt-pt\/#\/schema\/person\/520e7ecc314793d40091993c2a02b651","name":"admin","image":{"@type":"ImageObject","inLanguage":"pt-PT","@id":"https:\/\/secure.gravatar.com\/avatar\/948b492cce32b586ac2db0eaa926ee87024f7afe218d73b397ea5ddfc5f43ea1?s=96&d=mm&r=g","url":"https:\/\/secure.gravatar.com\/avatar\/948b492cce32b586ac2db0eaa926ee87024f7afe218d73b397ea5ddfc5f43ea1?s=96&d=mm&r=g","contentUrl":"https:\/\/secure.gravatar.com\/avatar\/948b492cce32b586ac2db0eaa926ee87024f7afe218d73b397ea5ddfc5f43ea1?s=96&d=mm&r=g","caption":"admin"},"sameAs":["https:\/\/encompaniastj.org"],"url":"https:\/\/encompaniastj.org\/pt-pt\/author\/sjdigital\/"}]}},"_links":{"self":[{"href":"https:\/\/encompaniastj.org\/pt-pt\/wp-json\/wp\/v2\/posts\/10216","targetHints":{"allow":["GET"]}}],"collection":[{"href":"https:\/\/encompaniastj.org\/pt-pt\/wp-json\/wp\/v2\/posts"}],"about":[{"href":"https:\/\/encompaniastj.org\/pt-pt\/wp-json\/wp\/v2\/types\/post"}],"author":[{"embeddable":true,"href":"https:\/\/encompaniastj.org\/pt-pt\/wp-json\/wp\/v2\/users\/1"}],"replies":[{"embeddable":true,"href":"https:\/\/encompaniastj.org\/pt-pt\/wp-json\/wp\/v2\/comments?post=10216"}],"version-history":[{"count":1,"href":"https:\/\/encompaniastj.org\/pt-pt\/wp-json\/wp\/v2\/posts\/10216\/revisions"}],"predecessor-version":[{"id":10217,"href":"https:\/\/encompaniastj.org\/pt-pt\/wp-json\/wp\/v2\/posts\/10216\/revisions\/10217"}],"wp:featuredmedia":[{"embeddable":true,"href":"https:\/\/encompaniastj.org\/pt-pt\/wp-json\/wp\/v2\/media\/7527"}],"wp:attachment":[{"href":"https:\/\/encompaniastj.org\/pt-pt\/wp-json\/wp\/v2\/media?parent=10216"}],"wp:term":[{"taxonomy":"category","embeddable":true,"href":"https:\/\/encompaniastj.org\/pt-pt\/wp-json\/wp\/v2\/categories?post=10216"},{"taxonomy":"post_tag","embeddable":true,"href":"https:\/\/encompaniastj.org\/pt-pt\/wp-json\/wp\/v2\/tags?post=10216"}],"curies":[{"name":"wp","href":"https:\/\/api.w.org\/{rel}","templated":true}]}}