{"id":10202,"date":"2020-06-23T17:36:55","date_gmt":"2020-06-23T15:36:55","guid":{"rendered":"https:\/\/encompaniastj.org\/parabens-companhia\/"},"modified":"2025-07-07T16:21:46","modified_gmt":"2025-07-07T14:21:46","slug":"parabens-companhia","status":"publish","type":"post","link":"https:\/\/encompaniastj.org\/pt-pt\/parabens-companhia\/","title":{"rendered":"Parab\u00e9ns COMPANHIA\u2026"},"content":{"rendered":"\n<p>Nasceu\nde um sonho numa noite de Primavera.<\/p>\n\n\n\n<p>Era um 2 de Abril:  &#8220;Examine este projeto: DEUS O QUER?&#8221;<\/p>\n\n\n\n<p>E\nDeus disse \u201cSIM\u201d, ao projeto de um homem com coragem de sonhar:<\/p>\n\n\n\n<p>\u201cQue todos O conhe\u00e7am e amem e O fa\u00e7am conhecer e amar\u2026\u201d.<\/p>\n\n\n\n<p>A\nsemente germinada, ao calor do Esp\u00edrito, rasgou a terra, num 23 de junho de\n1876, qual trigo de Ver\u00e3o confiado ao Sol de Deus.<\/p>\n\n\n\n<p>Foram\noito as primeiras, chamadas por Henrique de Oss\u00f3, a concretizar este sonho.\nHenrique deu-lhe asas de Falc\u00e3o: Voar alto, ver mais al\u00e9m, ser as \u201cprimeiras\u201d\nno Amor, no zelo, no empenho por esta \u201cObra da maior gl\u00f3ria de Deus\u201d\u2026<\/p>\n\n\n\n<p>E\na obra foi crescendo em n\u00fameros e em projetos. Atravessou fronteiras, cruzou Oceanos,\namadureceu ao sol e \u00e0 chuva, \u00e0 brisa e aos ventos fortes das tempestades \u2026<\/p>\n\n\n\n<p>Conheceu\nas \u201ccrises\u201d de crescimento (internas e externas), o p\u00f3 das estradas, o desgaste\ndo tempo, o troar dos canh\u00f5es e at\u00e9 o mart\u00edrio\u2026<\/p>\n\n\n\n<p>Mas\nn\u00e3o pereceste COMPANHIA!<\/p>\n\n\n\n<p>Na\nbarca do teu mar h\u00e1 um timoneiro experiente na proa da \u201csua obra predileta\u201d.<\/p>\n\n\n\n<p>A\nsua \u201cF\u00e9 viva\u201d, a sua \u201cConfian\u00e7a ilimitada\u201d, a sua for\u00e7a de sacerdote, \u201ctemplo e\nministro\u201d, foram leme seguro nas horas de borrasca e trevas.<\/p>\n\n\n\n<p>Acreditou\nno valor da Mulher, que embora fr\u00e1gil, se \u201cmoldada segundo o Esp\u00edrito de Teresa\ne as virtudes de Maria Imaculada\u201d, haveria de regenerar o mundo pela ora\u00e7\u00e3o e\nzelo, pela generosidade e entrega, seria forte no Esp\u00edrito e testemunha fiel do\nAmor e da Verdade\u2026<\/p>\n\n\n\n<p>J\u00e1\npassaram 144 anos!<\/p>\n\n\n\n<p>J\u00e1\nvai longa a caminha da nossa Companhia\u2026<\/p>\n\n\n\n<p>Mas\ncontinua de p\u00e9 a apontar o Caminho que \u00e9 Cristo\u2026<\/p>\n\n\n\n<p>Por\nela passaram e, nela deram a vida, centenas de irm\u00e3s que nos pertencem e s\u00e3o\nhoje, para n\u00f3s, dom e heran\u00e7a do Pai.<\/p>\n\n\n\n<p>No\nc\u00e9u, na plenitude da Caridade, intercedem por n\u00f3s com Maria, com Teresa e com\nHenrique\u2026<\/p>\n\n\n\n<p>N\u00e3o\nestamos s\u00f3s\u2026\u201dCom t\u00e3o bom Amigo ao lado que pode haver de dif\u00edcil para n\u00f3s?<\/p>\n\n\n\n<p>Mudaram-se\nos tempos, a cultura, as circunst\u00e2ncias da vida\u2026<\/p>\n\n\n\n<p>Somos\nn\u00f3s, hoje, a abrir caminhos novos para tempos novos\u2026<\/p>\n\n\n\n<p>Com\n\u201cnovos m\u00e9todos, novas express\u00f5es, novo ardor\u201d<\/p>\n\n\n\n<p>Mas\ncom o mesmo esp\u00edrito das Primeiras a construir a \u201cCIVILIZA\u00c7\u00c3O DO AMOR\u201d\u2026<\/p>\n\n\n\n<p>Vamos pelo mundo, por muitos lugares da terra, pelas \u201cmargens\u201d, pelas \u201cperiferias\u201d onde Jesus se esconde, \u201czelar os interesses de Jesus&#8221;.<\/p>\n\n\n\n<p>Sejamos fermento, dando o \u201cpouquinho que de n\u00f3s depende\u201d nesta \u201caldeia global\u201d, nesta \u201cCasa Comum\u201d. Para que, tal como h\u00e1 144, anos a Companhia, atrav\u00e9s de n\u00f3s, suas filhas, continue a dar o seu melhor para \u201crestaurar, em Cristo, todas as coisas. <\/p>\n\n\n\n<p><strong>Maria de F\u00e1tima Magalh\u00e3es stj<\/strong><strong><\/strong><\/p>\n\n\n\n<figure class=\"wp-block-image\"><a href=\"https:\/\/encompaniastj.org\/wp-content\/uploads\/2025\/05\/escudo-Compania.png\"><img decoding=\"async\" src=\"https:\/\/encompaniastj.org\/wp-content\/uploads\/2025\/05\/escudo-Compania.png\" alt=\"\" class=\"wp-image-6773\"\/><\/a><\/figure>\n","protected":false},"excerpt":{"rendered":"<p>Nasceu de um sonho numa noite de Primavera. Era um 2 de Abril: &#8220;Examine este projeto: DEUS O QUER?&#8221; E Deus disse \u201cSIM\u201d, ao projeto de um homem com coragem [&hellip;]<\/p>\n","protected":false},"author":1,"featured_media":7523,"comment_status":"open","ping_status":"open","sticky":false,"template":"","format":"standard","meta":{"_acf_changed":false,"_et_pb_use_builder":"","_et_pb_old_content":"","_et_gb_content_width":"","footnotes":""},"categories":[61,68],"tags":[],"class_list":["post-10202","post","type-post","status-publish","format-standard","has-post-thumbnail","hentry","category-noticias","category-outras"],"acf":[],"yoast_head":"<!-- This site is optimized with the Yoast SEO plugin v27.5 - https:\/\/yoast.com\/product\/yoast-seo-wordpress\/ -->\n<title>Parab\u00e9ns COMPANHIA\u2026 - En Compa\u00f1\u00eda STJ<\/title>\n<meta name=\"robots\" content=\"index, follow, max-snippet:-1, max-image-preview:large, max-video-preview:-1\" \/>\n<link rel=\"canonical\" href=\"https:\/\/encompaniastj.org\/pt-pt\/parabens-companhia\/\" \/>\n<meta property=\"og:locale\" content=\"pt_PT\" \/>\n<meta property=\"og:type\" content=\"article\" \/>\n<meta property=\"og:title\" content=\"Parab\u00e9ns COMPANHIA\u2026 - En Compa\u00f1\u00eda STJ\" \/>\n<meta property=\"og:description\" content=\"Nasceu de um sonho numa noite de Primavera. Era um 2 de Abril: &#8220;Examine este projeto: DEUS O QUER?&#8221; E Deus disse \u201cSIM\u201d, ao projeto de um homem com coragem [&hellip;]\" \/>\n<meta property=\"og:url\" content=\"https:\/\/encompaniastj.org\/pt-pt\/parabens-companhia\/\" \/>\n<meta property=\"og:site_name\" content=\"En Compa\u00f1\u00eda STJ\" \/>\n<meta property=\"article:published_time\" content=\"2020-06-23T15:36:55+00:00\" \/>\n<meta property=\"article:modified_time\" content=\"2025-07-07T14:21:46+00:00\" \/>\n<meta property=\"og:image\" content=\"https:\/\/encompaniastj.org\/wp-content\/uploads\/2025\/05\/r-escudo-Compania.png\" \/>\n\t<meta property=\"og:image:width\" content=\"483\" \/>\n\t<meta property=\"og:image:height\" content=\"272\" \/>\n\t<meta property=\"og:image:type\" content=\"image\/png\" \/>\n<meta name=\"author\" content=\"admin\" \/>\n<meta name=\"twitter:card\" content=\"summary_large_image\" \/>\n<meta name=\"twitter:label1\" content=\"Escrito por\" \/>\n\t<meta name=\"twitter:data1\" content=\"admin\" \/>\n\t<meta name=\"twitter:label2\" content=\"Tempo estimado de leitura\" \/>\n\t<meta name=\"twitter:data2\" content=\"2 minutos\" \/>\n<script type=\"application\/ld+json\" class=\"yoast-schema-graph\">{\"@context\":\"https:\\\/\\\/schema.org\",\"@graph\":[{\"@type\":\"Article\",\"@id\":\"https:\\\/\\\/encompaniastj.org\\\/pt-pt\\\/parabens-companhia\\\/#article\",\"isPartOf\":{\"@id\":\"https:\\\/\\\/encompaniastj.org\\\/pt-pt\\\/parabens-companhia\\\/\"},\"author\":{\"name\":\"admin\",\"@id\":\"https:\\\/\\\/encompaniastj.org\\\/pt-pt\\\/#\\\/schema\\\/person\\\/520e7ecc314793d40091993c2a02b651\"},\"headline\":\"Parab\u00e9ns COMPANHIA\u2026\",\"datePublished\":\"2020-06-23T15:36:55+00:00\",\"dateModified\":\"2025-07-07T14:21:46+00:00\",\"mainEntityOfPage\":{\"@id\":\"https:\\\/\\\/encompaniastj.org\\\/pt-pt\\\/parabens-companhia\\\/\"},\"wordCount\":471,\"commentCount\":0,\"publisher\":{\"@id\":\"https:\\\/\\\/encompaniastj.org\\\/pt-pt\\\/#organization\"},\"image\":{\"@id\":\"https:\\\/\\\/encompaniastj.org\\\/pt-pt\\\/parabens-companhia\\\/#primaryimage\"},\"thumbnailUrl\":\"https:\\\/\\\/encompaniastj.org\\\/wp-content\\\/uploads\\\/2025\\\/05\\\/r-escudo-Compania.png\",\"articleSection\":[\"Noticias\",\"Outras\"],\"inLanguage\":\"pt-PT\",\"potentialAction\":[{\"@type\":\"CommentAction\",\"name\":\"Comment\",\"target\":[\"https:\\\/\\\/encompaniastj.org\\\/pt-pt\\\/parabens-companhia\\\/#respond\"]}]},{\"@type\":\"WebPage\",\"@id\":\"https:\\\/\\\/encompaniastj.org\\\/pt-pt\\\/parabens-companhia\\\/\",\"url\":\"https:\\\/\\\/encompaniastj.org\\\/pt-pt\\\/parabens-companhia\\\/\",\"name\":\"Parab\u00e9ns COMPANHIA\u2026 - En Compa\u00f1\u00eda STJ\",\"isPartOf\":{\"@id\":\"https:\\\/\\\/encompaniastj.org\\\/pt-pt\\\/#website\"},\"primaryImageOfPage\":{\"@id\":\"https:\\\/\\\/encompaniastj.org\\\/pt-pt\\\/parabens-companhia\\\/#primaryimage\"},\"image\":{\"@id\":\"https:\\\/\\\/encompaniastj.org\\\/pt-pt\\\/parabens-companhia\\\/#primaryimage\"},\"thumbnailUrl\":\"https:\\\/\\\/encompaniastj.org\\\/wp-content\\\/uploads\\\/2025\\\/05\\\/r-escudo-Compania.png\",\"datePublished\":\"2020-06-23T15:36:55+00:00\",\"dateModified\":\"2025-07-07T14:21:46+00:00\",\"breadcrumb\":{\"@id\":\"https:\\\/\\\/encompaniastj.org\\\/pt-pt\\\/parabens-companhia\\\/#breadcrumb\"},\"inLanguage\":\"pt-PT\",\"potentialAction\":[{\"@type\":\"ReadAction\",\"target\":[\"https:\\\/\\\/encompaniastj.org\\\/pt-pt\\\/parabens-companhia\\\/\"]}]},{\"@type\":\"ImageObject\",\"inLanguage\":\"pt-PT\",\"@id\":\"https:\\\/\\\/encompaniastj.org\\\/pt-pt\\\/parabens-companhia\\\/#primaryimage\",\"url\":\"https:\\\/\\\/encompaniastj.org\\\/wp-content\\\/uploads\\\/2025\\\/05\\\/r-escudo-Compania.png\",\"contentUrl\":\"https:\\\/\\\/encompaniastj.org\\\/wp-content\\\/uploads\\\/2025\\\/05\\\/r-escudo-Compania.png\",\"width\":483,\"height\":272},{\"@type\":\"BreadcrumbList\",\"@id\":\"https:\\\/\\\/encompaniastj.org\\\/pt-pt\\\/parabens-companhia\\\/#breadcrumb\",\"itemListElement\":[{\"@type\":\"ListItem\",\"position\":1,\"name\":\"Portada\",\"item\":\"https:\\\/\\\/encompaniastj.org\\\/pt-pt\\\/\"},{\"@type\":\"ListItem\",\"position\":2,\"name\":\"Parab\u00e9ns COMPANHIA\u2026\"}]},{\"@type\":\"WebSite\",\"@id\":\"https:\\\/\\\/encompaniastj.org\\\/pt-pt\\\/#website\",\"url\":\"https:\\\/\\\/encompaniastj.org\\\/pt-pt\\\/\",\"name\":\"En Compa\u00f1\u00eda STJ\",\"description\":\"Bolet\u00edn de la Compa\u00f1\u00eda de Santa Teresa de Jes\u00fas\",\"publisher\":{\"@id\":\"https:\\\/\\\/encompaniastj.org\\\/pt-pt\\\/#organization\"},\"potentialAction\":[{\"@type\":\"SearchAction\",\"target\":{\"@type\":\"EntryPoint\",\"urlTemplate\":\"https:\\\/\\\/encompaniastj.org\\\/pt-pt\\\/?s={search_term_string}\"},\"query-input\":{\"@type\":\"PropertyValueSpecification\",\"valueRequired\":true,\"valueName\":\"search_term_string\"}}],\"inLanguage\":\"pt-PT\"},{\"@type\":\"Organization\",\"@id\":\"https:\\\/\\\/encompaniastj.org\\\/pt-pt\\\/#organization\",\"name\":\"Compa\u00f1\u00eda de Santa Teresa de Jes\u00fas\",\"url\":\"https:\\\/\\\/encompaniastj.org\\\/pt-pt\\\/\",\"logo\":{\"@type\":\"ImageObject\",\"inLanguage\":\"pt-PT\",\"@id\":\"https:\\\/\\\/encompaniastj.org\\\/pt-pt\\\/#\\\/schema\\\/logo\\\/image\\\/\",\"url\":\"https:\\\/\\\/encompaniastj.org\\\/wp-content\\\/uploads\\\/2025\\\/04\\\/logo_provincias02-1-3.png\",\"contentUrl\":\"https:\\\/\\\/encompaniastj.org\\\/wp-content\\\/uploads\\\/2025\\\/04\\\/logo_provincias02-1-3.png\",\"width\":2368,\"height\":825,\"caption\":\"Compa\u00f1\u00eda de Santa Teresa de Jes\u00fas\"},\"image\":{\"@id\":\"https:\\\/\\\/encompaniastj.org\\\/pt-pt\\\/#\\\/schema\\\/logo\\\/image\\\/\"}},{\"@type\":\"Person\",\"@id\":\"https:\\\/\\\/encompaniastj.org\\\/pt-pt\\\/#\\\/schema\\\/person\\\/520e7ecc314793d40091993c2a02b651\",\"name\":\"admin\",\"image\":{\"@type\":\"ImageObject\",\"inLanguage\":\"pt-PT\",\"@id\":\"https:\\\/\\\/secure.gravatar.com\\\/avatar\\\/948b492cce32b586ac2db0eaa926ee87024f7afe218d73b397ea5ddfc5f43ea1?s=96&d=mm&r=g\",\"url\":\"https:\\\/\\\/secure.gravatar.com\\\/avatar\\\/948b492cce32b586ac2db0eaa926ee87024f7afe218d73b397ea5ddfc5f43ea1?s=96&d=mm&r=g\",\"contentUrl\":\"https:\\\/\\\/secure.gravatar.com\\\/avatar\\\/948b492cce32b586ac2db0eaa926ee87024f7afe218d73b397ea5ddfc5f43ea1?s=96&d=mm&r=g\",\"caption\":\"admin\"},\"sameAs\":[\"https:\\\/\\\/encompaniastj.org\"],\"url\":\"https:\\\/\\\/encompaniastj.org\\\/pt-pt\\\/author\\\/sjdigital\\\/\"}]}<\/script>\n<!-- \/ Yoast SEO plugin. -->","yoast_head_json":{"title":"Parab\u00e9ns COMPANHIA\u2026 - En Compa\u00f1\u00eda STJ","robots":{"index":"index","follow":"follow","max-snippet":"max-snippet:-1","max-image-preview":"max-image-preview:large","max-video-preview":"max-video-preview:-1"},"canonical":"https:\/\/encompaniastj.org\/pt-pt\/parabens-companhia\/","og_locale":"pt_PT","og_type":"article","og_title":"Parab\u00e9ns COMPANHIA\u2026 - En Compa\u00f1\u00eda STJ","og_description":"Nasceu de um sonho numa noite de Primavera. Era um 2 de Abril: &#8220;Examine este projeto: DEUS O QUER?&#8221; E Deus disse \u201cSIM\u201d, ao projeto de um homem com coragem [&hellip;]","og_url":"https:\/\/encompaniastj.org\/pt-pt\/parabens-companhia\/","og_site_name":"En Compa\u00f1\u00eda STJ","article_published_time":"2020-06-23T15:36:55+00:00","article_modified_time":"2025-07-07T14:21:46+00:00","og_image":[{"width":483,"height":272,"url":"https:\/\/encompaniastj.org\/wp-content\/uploads\/2025\/05\/r-escudo-Compania.png","type":"image\/png"}],"author":"admin","twitter_card":"summary_large_image","twitter_misc":{"Escrito por":"admin","Tempo estimado de leitura":"2 minutos"},"schema":{"@context":"https:\/\/schema.org","@graph":[{"@type":"Article","@id":"https:\/\/encompaniastj.org\/pt-pt\/parabens-companhia\/#article","isPartOf":{"@id":"https:\/\/encompaniastj.org\/pt-pt\/parabens-companhia\/"},"author":{"name":"admin","@id":"https:\/\/encompaniastj.org\/pt-pt\/#\/schema\/person\/520e7ecc314793d40091993c2a02b651"},"headline":"Parab\u00e9ns COMPANHIA\u2026","datePublished":"2020-06-23T15:36:55+00:00","dateModified":"2025-07-07T14:21:46+00:00","mainEntityOfPage":{"@id":"https:\/\/encompaniastj.org\/pt-pt\/parabens-companhia\/"},"wordCount":471,"commentCount":0,"publisher":{"@id":"https:\/\/encompaniastj.org\/pt-pt\/#organization"},"image":{"@id":"https:\/\/encompaniastj.org\/pt-pt\/parabens-companhia\/#primaryimage"},"thumbnailUrl":"https:\/\/encompaniastj.org\/wp-content\/uploads\/2025\/05\/r-escudo-Compania.png","articleSection":["Noticias","Outras"],"inLanguage":"pt-PT","potentialAction":[{"@type":"CommentAction","name":"Comment","target":["https:\/\/encompaniastj.org\/pt-pt\/parabens-companhia\/#respond"]}]},{"@type":"WebPage","@id":"https:\/\/encompaniastj.org\/pt-pt\/parabens-companhia\/","url":"https:\/\/encompaniastj.org\/pt-pt\/parabens-companhia\/","name":"Parab\u00e9ns COMPANHIA\u2026 - En Compa\u00f1\u00eda STJ","isPartOf":{"@id":"https:\/\/encompaniastj.org\/pt-pt\/#website"},"primaryImageOfPage":{"@id":"https:\/\/encompaniastj.org\/pt-pt\/parabens-companhia\/#primaryimage"},"image":{"@id":"https:\/\/encompaniastj.org\/pt-pt\/parabens-companhia\/#primaryimage"},"thumbnailUrl":"https:\/\/encompaniastj.org\/wp-content\/uploads\/2025\/05\/r-escudo-Compania.png","datePublished":"2020-06-23T15:36:55+00:00","dateModified":"2025-07-07T14:21:46+00:00","breadcrumb":{"@id":"https:\/\/encompaniastj.org\/pt-pt\/parabens-companhia\/#breadcrumb"},"inLanguage":"pt-PT","potentialAction":[{"@type":"ReadAction","target":["https:\/\/encompaniastj.org\/pt-pt\/parabens-companhia\/"]}]},{"@type":"ImageObject","inLanguage":"pt-PT","@id":"https:\/\/encompaniastj.org\/pt-pt\/parabens-companhia\/#primaryimage","url":"https:\/\/encompaniastj.org\/wp-content\/uploads\/2025\/05\/r-escudo-Compania.png","contentUrl":"https:\/\/encompaniastj.org\/wp-content\/uploads\/2025\/05\/r-escudo-Compania.png","width":483,"height":272},{"@type":"BreadcrumbList","@id":"https:\/\/encompaniastj.org\/pt-pt\/parabens-companhia\/#breadcrumb","itemListElement":[{"@type":"ListItem","position":1,"name":"Portada","item":"https:\/\/encompaniastj.org\/pt-pt\/"},{"@type":"ListItem","position":2,"name":"Parab\u00e9ns COMPANHIA\u2026"}]},{"@type":"WebSite","@id":"https:\/\/encompaniastj.org\/pt-pt\/#website","url":"https:\/\/encompaniastj.org\/pt-pt\/","name":"En Compa\u00f1\u00eda STJ","description":"Bolet\u00edn de la Compa\u00f1\u00eda de Santa Teresa de Jes\u00fas","publisher":{"@id":"https:\/\/encompaniastj.org\/pt-pt\/#organization"},"potentialAction":[{"@type":"SearchAction","target":{"@type":"EntryPoint","urlTemplate":"https:\/\/encompaniastj.org\/pt-pt\/?s={search_term_string}"},"query-input":{"@type":"PropertyValueSpecification","valueRequired":true,"valueName":"search_term_string"}}],"inLanguage":"pt-PT"},{"@type":"Organization","@id":"https:\/\/encompaniastj.org\/pt-pt\/#organization","name":"Compa\u00f1\u00eda de Santa Teresa de Jes\u00fas","url":"https:\/\/encompaniastj.org\/pt-pt\/","logo":{"@type":"ImageObject","inLanguage":"pt-PT","@id":"https:\/\/encompaniastj.org\/pt-pt\/#\/schema\/logo\/image\/","url":"https:\/\/encompaniastj.org\/wp-content\/uploads\/2025\/04\/logo_provincias02-1-3.png","contentUrl":"https:\/\/encompaniastj.org\/wp-content\/uploads\/2025\/04\/logo_provincias02-1-3.png","width":2368,"height":825,"caption":"Compa\u00f1\u00eda de Santa Teresa de Jes\u00fas"},"image":{"@id":"https:\/\/encompaniastj.org\/pt-pt\/#\/schema\/logo\/image\/"}},{"@type":"Person","@id":"https:\/\/encompaniastj.org\/pt-pt\/#\/schema\/person\/520e7ecc314793d40091993c2a02b651","name":"admin","image":{"@type":"ImageObject","inLanguage":"pt-PT","@id":"https:\/\/secure.gravatar.com\/avatar\/948b492cce32b586ac2db0eaa926ee87024f7afe218d73b397ea5ddfc5f43ea1?s=96&d=mm&r=g","url":"https:\/\/secure.gravatar.com\/avatar\/948b492cce32b586ac2db0eaa926ee87024f7afe218d73b397ea5ddfc5f43ea1?s=96&d=mm&r=g","contentUrl":"https:\/\/secure.gravatar.com\/avatar\/948b492cce32b586ac2db0eaa926ee87024f7afe218d73b397ea5ddfc5f43ea1?s=96&d=mm&r=g","caption":"admin"},"sameAs":["https:\/\/encompaniastj.org"],"url":"https:\/\/encompaniastj.org\/pt-pt\/author\/sjdigital\/"}]}},"_links":{"self":[{"href":"https:\/\/encompaniastj.org\/pt-pt\/wp-json\/wp\/v2\/posts\/10202","targetHints":{"allow":["GET"]}}],"collection":[{"href":"https:\/\/encompaniastj.org\/pt-pt\/wp-json\/wp\/v2\/posts"}],"about":[{"href":"https:\/\/encompaniastj.org\/pt-pt\/wp-json\/wp\/v2\/types\/post"}],"author":[{"embeddable":true,"href":"https:\/\/encompaniastj.org\/pt-pt\/wp-json\/wp\/v2\/users\/1"}],"replies":[{"embeddable":true,"href":"https:\/\/encompaniastj.org\/pt-pt\/wp-json\/wp\/v2\/comments?post=10202"}],"version-history":[{"count":1,"href":"https:\/\/encompaniastj.org\/pt-pt\/wp-json\/wp\/v2\/posts\/10202\/revisions"}],"predecessor-version":[{"id":10203,"href":"https:\/\/encompaniastj.org\/pt-pt\/wp-json\/wp\/v2\/posts\/10202\/revisions\/10203"}],"wp:featuredmedia":[{"embeddable":true,"href":"https:\/\/encompaniastj.org\/pt-pt\/wp-json\/wp\/v2\/media\/7523"}],"wp:attachment":[{"href":"https:\/\/encompaniastj.org\/pt-pt\/wp-json\/wp\/v2\/media?parent=10202"}],"wp:term":[{"taxonomy":"category","embeddable":true,"href":"https:\/\/encompaniastj.org\/pt-pt\/wp-json\/wp\/v2\/categories?post=10202"},{"taxonomy":"post_tag","embeddable":true,"href":"https:\/\/encompaniastj.org\/pt-pt\/wp-json\/wp\/v2\/tags?post=10202"}],"curies":[{"name":"wp","href":"https:\/\/api.w.org\/{rel}","templated":true}]}}