{"id":10188,"date":"2020-06-23T10:31:20","date_gmt":"2020-06-23T08:31:20","guid":{"rendered":"https:\/\/encompaniastj.org\/madrid-santa-maria-do-parral-6-anos-de-vida\/"},"modified":"2025-07-07T16:21:43","modified_gmt":"2025-07-07T14:21:43","slug":"madrid-santa-maria-do-parral-6-anos-de-vida","status":"publish","type":"post","link":"https:\/\/encompaniastj.org\/pt-pt\/madrid-santa-maria-do-parral-6-anos-de-vida\/","title":{"rendered":"Madrid - Santa Mar\u00eda do Parral. 6 anos de vida"},"content":{"rendered":"\n<p>Ap\u00f3s estes anos de vida partilhada com um bom n\u00famero de mulheres e filhos ... a comunidade de Santa Maria do Parral deixa o projeto com um cora\u00e7\u00e3o agradecido e cheio de nomes. <\/p>\n\n<p>H\u00e1 seis anos, o Governo Provincial e a comunidade de Carabanchel Alto receberam com agrado a proposta de C\u00e1ritas Madrid para ser essa <em>comunidade de vida<\/em> que complementa a interven\u00e7\u00e3o social realizada pela Equipa T\u00e9cnica que trabalha no projeto. A nossa miss\u00e3o tem sido conviver com essas mulheres, proporcionando qualidade e cordialidade - como destaca o acordo assinado com C\u00e1ritas -, acolhendo, ajudando, ouvindo e, sobretudo, acompanhando de maneira muito simples o tempo de perman\u00eancia dessas fam\u00edlias durante os seus dois anos em Parral. Estes anos ensinaram-nos que, para estar perto dos nossos irm\u00e3os, partilhando as alegrias e esperan\u00e7as, n\u00e3o \u00e9 necess\u00e1rio fazer nada, basta conviver e estar.<\/p>\n\n<p>Al\u00e9m das cinco irm\u00e3s que atualmente formam a comunidade - Petra Garc\u00eda, M\u00aa Ant\u00f3nia G\u00f3mez, Cristina Elgorriaga, Maite Campo e Ana Fuentes-, hoje agradecemos juntamente com C\u00e1rmen P\u00e9rez, Aida Boza e Conchi S\u00e1nchez  o presente que foi dado a cada uma de n\u00f3s de Santa M\u00aa del Parral, com a consci\u00eancia de que recebemos muito mais do que demos e contribu\u00edmos. <\/p>\n\n<p>De uma maneira muito simples, com mais ou menos envolvimento, com dificuldades, sem d\u00favida ... tent\u00e1mos conhecer essas fam\u00edlias acompanhando a sua vida quotidiana, acolhendo a vida que sempre pode ser restaurada e fortalecida, independentemente da dura\u00e7\u00e3o da caminhada. Sem perceber, descobrimos que tamb\u00e9m fomos acompanhadas e aben\u00e7oadas: acompanhadas por fam\u00edlias e acompanhadas entre n\u00f3s como comunidade; e aben\u00e7oadas por Deus que sempre nos chama \u00e0 vida. <\/p>\n\n<p>Com o cora\u00e7\u00e3o cheio de mem\u00f3rias e nomes, de sonhos e esperan\u00e7as partilhadas ... com a certeza de que Deus esteve ao nosso lado e com essas mulheres e seus filhos ... Obrigada por esses seis anos! <\/p>\n\n<ul class=\"wp-block-gallery columns-3 is-cropped wp-block-gallery-1 is-layout-flex wp-block-gallery-is-layout-flex\">\n<li class=\"blocks-gallery-item\"><figure><a href=\"https:\/\/encompaniastj.org\/wp-content\/uploads\/2025\/05\/rSanta-M-del-Parral-1-scaled.jpg\"><img decoding=\"async\" src=\"https:\/\/encompaniastj.org\/wp-content\/uploads\/2025\/05\/rSanta-M-del-Parral-1-scaled.jpg\" alt=\"\" data-id=\"6733\" data-link=\"https:\/\/encompaniastj.org\/?attachment_id=6733\" class=\"wp-image-6733\"><\/a><\/figure><\/li>\n<li class=\"blocks-gallery-item\"><figure><a href=\"https:\/\/encompaniastj.org\/wp-content\/uploads\/2025\/05\/rSanta-M-del-Parral-3.jpg\"><img decoding=\"async\" src=\"https:\/\/encompaniastj.org\/wp-content\/uploads\/2025\/05\/rSanta-M-del-Parral-3.jpg\" alt=\"\" data-id=\"6737\" data-link=\"https:\/\/encompaniastj.org\/?attachment_id=6737\" class=\"wp-image-6737\"><\/a><\/figure><\/li>\n<li class=\"blocks-gallery-item\"><figure><a href=\"https:\/\/encompaniastj.org\/wp-content\/uploads\/2025\/05\/rSanta-M-del-Parral-4.jpg\"><img decoding=\"async\" src=\"https:\/\/encompaniastj.org\/wp-content\/uploads\/2025\/05\/rSanta-M-del-Parral-4.jpg\" alt=\"\" data-id=\"6739\" data-link=\"https:\/\/encompaniastj.org\/?attachment_id=6739\" class=\"wp-image-6739\"><\/a><\/figure><\/li>\n<li class=\"blocks-gallery-item\"><figure><a href=\"https:\/\/encompaniastj.org\/wp-content\/uploads\/2025\/05\/rSanta-M-del-Parral-5-scaled.jpg\"><img decoding=\"async\" src=\"https:\/\/encompaniastj.org\/wp-content\/uploads\/2025\/05\/rSanta-M-del-Parral-5-scaled.jpg\" alt=\"\" data-id=\"6741\" data-link=\"https:\/\/encompaniastj.org\/?attachment_id=6741\" class=\"wp-image-6741\"><\/a><\/figure><\/li>\n<li class=\"blocks-gallery-item\"><figure><a href=\"https:\/\/encompaniastj.org\/wp-content\/uploads\/2025\/05\/rSanta-M-del-Parral-2.jpg\"><img decoding=\"async\" src=\"https:\/\/encompaniastj.org\/wp-content\/uploads\/2025\/05\/rSanta-M-del-Parral-2.jpg\" alt=\"\" data-id=\"6735\" data-link=\"https:\/\/encompaniastj.org\/?attachment_id=6735\" class=\"wp-image-6735\"><\/a><\/figure><\/li>\n<\/ul>","protected":false},"excerpt":{"rendered":"<p>Ap\u00f3s estes anos de vida partilhada com um bom n\u00famero de mulheres e filhos &#8230; a comunidade de Santa Maria do Parral deixa o projeto com um cora\u00e7\u00e3o agradecido e [&hellip;]<\/p>\n","protected":false},"author":1,"featured_media":7511,"comment_status":"open","ping_status":"open","sticky":false,"template":"","format":"standard","meta":{"_acf_changed":false,"footnotes":""},"categories":[61,62,68],"tags":[],"class_list":["post-10188","post","type-post","status-publish","format-standard","has-post-thumbnail","hentry","category-noticias","category-otras","category-outras"],"acf":[],"yoast_head":"<!-- This site is optimized with the Yoast SEO plugin v27.5 - https:\/\/yoast.com\/product\/yoast-seo-wordpress\/ -->\n<title>Madrid - Santa Mar\u00eda do Parral. 6 anos de vida - En Compa\u00f1\u00eda STJ<\/title>\n<meta name=\"robots\" content=\"index, follow, max-snippet:-1, max-image-preview:large, max-video-preview:-1\" \/>\n<link rel=\"canonical\" href=\"https:\/\/encompaniastj.org\/pt-pt\/madrid-santa-maria-do-parral-6-anos-de-vida\/\" \/>\n<meta property=\"og:locale\" content=\"pt_PT\" \/>\n<meta property=\"og:type\" content=\"article\" \/>\n<meta property=\"og:title\" content=\"Madrid - Santa Mar\u00eda do Parral. 6 anos de vida - En Compa\u00f1\u00eda STJ\" \/>\n<meta property=\"og:description\" content=\"Ap\u00f3s estes anos de vida partilhada com um bom n\u00famero de mulheres e filhos &#8230; a comunidade de Santa Maria do Parral deixa o projeto com um cora\u00e7\u00e3o agradecido e [&hellip;]\" \/>\n<meta property=\"og:url\" content=\"https:\/\/encompaniastj.org\/pt-pt\/madrid-santa-maria-do-parral-6-anos-de-vida\/\" \/>\n<meta property=\"og:site_name\" content=\"En Compa\u00f1\u00eda STJ\" \/>\n<meta property=\"article:published_time\" content=\"2020-06-23T08:31:20+00:00\" \/>\n<meta property=\"article:modified_time\" content=\"2025-07-07T14:21:43+00:00\" \/>\n<meta property=\"og:image\" content=\"https:\/\/encompaniastj.org\/wp-content\/uploads\/2025\/05\/rSanta-M-del-Parral-4.jpg\" \/>\n\t<meta property=\"og:image:width\" content=\"1094\" \/>\n\t<meta property=\"og:image:height\" content=\"615\" \/>\n\t<meta property=\"og:image:type\" content=\"image\/jpeg\" \/>\n<meta name=\"author\" content=\"admin\" \/>\n<meta name=\"twitter:card\" content=\"summary_large_image\" \/>\n<meta name=\"twitter:label1\" content=\"Escrito por\" \/>\n\t<meta name=\"twitter:data1\" content=\"admin\" \/>\n\t<meta name=\"twitter:label2\" content=\"Tempo estimado de leitura\" \/>\n\t<meta name=\"twitter:data2\" content=\"2 minutos\" \/>\n<script type=\"application\/ld+json\" class=\"yoast-schema-graph\">{\"@context\":\"https:\\\/\\\/schema.org\",\"@graph\":[{\"@type\":\"Article\",\"@id\":\"https:\\\/\\\/encompaniastj.org\\\/pt-pt\\\/madrid-santa-maria-do-parral-6-anos-de-vida\\\/#article\",\"isPartOf\":{\"@id\":\"https:\\\/\\\/encompaniastj.org\\\/pt-pt\\\/madrid-santa-maria-do-parral-6-anos-de-vida\\\/\"},\"author\":{\"name\":\"admin\",\"@id\":\"https:\\\/\\\/encompaniastj.org\\\/pt-pt\\\/#\\\/schema\\\/person\\\/520e7ecc314793d40091993c2a02b651\"},\"headline\":\"Madrid - Santa Mar\u00eda do Parral. 6 anos de vida\",\"datePublished\":\"2020-06-23T08:31:20+00:00\",\"dateModified\":\"2025-07-07T14:21:43+00:00\",\"mainEntityOfPage\":{\"@id\":\"https:\\\/\\\/encompaniastj.org\\\/pt-pt\\\/madrid-santa-maria-do-parral-6-anos-de-vida\\\/\"},\"wordCount\":347,\"commentCount\":0,\"publisher\":{\"@id\":\"https:\\\/\\\/encompaniastj.org\\\/pt-pt\\\/#organization\"},\"image\":{\"@id\":\"https:\\\/\\\/encompaniastj.org\\\/pt-pt\\\/madrid-santa-maria-do-parral-6-anos-de-vida\\\/#primaryimage\"},\"thumbnailUrl\":\"https:\\\/\\\/encompaniastj.org\\\/wp-content\\\/uploads\\\/2025\\\/05\\\/rSanta-M-del-Parral-4.jpg\",\"articleSection\":[\"Noticias\",\"Otras\",\"Outras\"],\"inLanguage\":\"pt-PT\",\"potentialAction\":[{\"@type\":\"CommentAction\",\"name\":\"Comment\",\"target\":[\"https:\\\/\\\/encompaniastj.org\\\/pt-pt\\\/madrid-santa-maria-do-parral-6-anos-de-vida\\\/#respond\"]}]},{\"@type\":\"WebPage\",\"@id\":\"https:\\\/\\\/encompaniastj.org\\\/pt-pt\\\/madrid-santa-maria-do-parral-6-anos-de-vida\\\/\",\"url\":\"https:\\\/\\\/encompaniastj.org\\\/pt-pt\\\/madrid-santa-maria-do-parral-6-anos-de-vida\\\/\",\"name\":\"Madrid - Santa Mar\u00eda do Parral. 6 anos de vida - En Compa\u00f1\u00eda STJ\",\"isPartOf\":{\"@id\":\"https:\\\/\\\/encompaniastj.org\\\/pt-pt\\\/#website\"},\"primaryImageOfPage\":{\"@id\":\"https:\\\/\\\/encompaniastj.org\\\/pt-pt\\\/madrid-santa-maria-do-parral-6-anos-de-vida\\\/#primaryimage\"},\"image\":{\"@id\":\"https:\\\/\\\/encompaniastj.org\\\/pt-pt\\\/madrid-santa-maria-do-parral-6-anos-de-vida\\\/#primaryimage\"},\"thumbnailUrl\":\"https:\\\/\\\/encompaniastj.org\\\/wp-content\\\/uploads\\\/2025\\\/05\\\/rSanta-M-del-Parral-4.jpg\",\"datePublished\":\"2020-06-23T08:31:20+00:00\",\"dateModified\":\"2025-07-07T14:21:43+00:00\",\"breadcrumb\":{\"@id\":\"https:\\\/\\\/encompaniastj.org\\\/pt-pt\\\/madrid-santa-maria-do-parral-6-anos-de-vida\\\/#breadcrumb\"},\"inLanguage\":\"pt-PT\",\"potentialAction\":[{\"@type\":\"ReadAction\",\"target\":[\"https:\\\/\\\/encompaniastj.org\\\/pt-pt\\\/madrid-santa-maria-do-parral-6-anos-de-vida\\\/\"]}]},{\"@type\":\"ImageObject\",\"inLanguage\":\"pt-PT\",\"@id\":\"https:\\\/\\\/encompaniastj.org\\\/pt-pt\\\/madrid-santa-maria-do-parral-6-anos-de-vida\\\/#primaryimage\",\"url\":\"https:\\\/\\\/encompaniastj.org\\\/wp-content\\\/uploads\\\/2025\\\/05\\\/rSanta-M-del-Parral-4.jpg\",\"contentUrl\":\"https:\\\/\\\/encompaniastj.org\\\/wp-content\\\/uploads\\\/2025\\\/05\\\/rSanta-M-del-Parral-4.jpg\",\"width\":1094,\"height\":615},{\"@type\":\"BreadcrumbList\",\"@id\":\"https:\\\/\\\/encompaniastj.org\\\/pt-pt\\\/madrid-santa-maria-do-parral-6-anos-de-vida\\\/#breadcrumb\",\"itemListElement\":[{\"@type\":\"ListItem\",\"position\":1,\"name\":\"Portada\",\"item\":\"https:\\\/\\\/encompaniastj.org\\\/pt-pt\\\/\"},{\"@type\":\"ListItem\",\"position\":2,\"name\":\"Madrid - Santa Mar\u00eda do Parral. 6 anos de vida\"}]},{\"@type\":\"WebSite\",\"@id\":\"https:\\\/\\\/encompaniastj.org\\\/pt-pt\\\/#website\",\"url\":\"https:\\\/\\\/encompaniastj.org\\\/pt-pt\\\/\",\"name\":\"En Compa\u00f1\u00eda STJ\",\"description\":\"Bolet\u00edn de la Compa\u00f1\u00eda de Santa Teresa de Jes\u00fas\",\"publisher\":{\"@id\":\"https:\\\/\\\/encompaniastj.org\\\/pt-pt\\\/#organization\"},\"potentialAction\":[{\"@type\":\"SearchAction\",\"target\":{\"@type\":\"EntryPoint\",\"urlTemplate\":\"https:\\\/\\\/encompaniastj.org\\\/pt-pt\\\/?s={search_term_string}\"},\"query-input\":{\"@type\":\"PropertyValueSpecification\",\"valueRequired\":true,\"valueName\":\"search_term_string\"}}],\"inLanguage\":\"pt-PT\"},{\"@type\":\"Organization\",\"@id\":\"https:\\\/\\\/encompaniastj.org\\\/pt-pt\\\/#organization\",\"name\":\"Compa\u00f1\u00eda de Santa Teresa de Jes\u00fas\",\"url\":\"https:\\\/\\\/encompaniastj.org\\\/pt-pt\\\/\",\"logo\":{\"@type\":\"ImageObject\",\"inLanguage\":\"pt-PT\",\"@id\":\"https:\\\/\\\/encompaniastj.org\\\/pt-pt\\\/#\\\/schema\\\/logo\\\/image\\\/\",\"url\":\"https:\\\/\\\/encompaniastj.org\\\/wp-content\\\/uploads\\\/2025\\\/04\\\/logo_provincias02-1-3.png\",\"contentUrl\":\"https:\\\/\\\/encompaniastj.org\\\/wp-content\\\/uploads\\\/2025\\\/04\\\/logo_provincias02-1-3.png\",\"width\":2368,\"height\":825,\"caption\":\"Compa\u00f1\u00eda de Santa Teresa de Jes\u00fas\"},\"image\":{\"@id\":\"https:\\\/\\\/encompaniastj.org\\\/pt-pt\\\/#\\\/schema\\\/logo\\\/image\\\/\"}},{\"@type\":\"Person\",\"@id\":\"https:\\\/\\\/encompaniastj.org\\\/pt-pt\\\/#\\\/schema\\\/person\\\/520e7ecc314793d40091993c2a02b651\",\"name\":\"admin\",\"image\":{\"@type\":\"ImageObject\",\"inLanguage\":\"pt-PT\",\"@id\":\"https:\\\/\\\/secure.gravatar.com\\\/avatar\\\/948b492cce32b586ac2db0eaa926ee87024f7afe218d73b397ea5ddfc5f43ea1?s=96&d=mm&r=g\",\"url\":\"https:\\\/\\\/secure.gravatar.com\\\/avatar\\\/948b492cce32b586ac2db0eaa926ee87024f7afe218d73b397ea5ddfc5f43ea1?s=96&d=mm&r=g\",\"contentUrl\":\"https:\\\/\\\/secure.gravatar.com\\\/avatar\\\/948b492cce32b586ac2db0eaa926ee87024f7afe218d73b397ea5ddfc5f43ea1?s=96&d=mm&r=g\",\"caption\":\"admin\"},\"sameAs\":[\"https:\\\/\\\/encompaniastj.org\"],\"url\":\"https:\\\/\\\/encompaniastj.org\\\/pt-pt\\\/author\\\/sjdigital\\\/\"}]}<\/script>\n<!-- \/ Yoast SEO plugin. -->","yoast_head_json":{"title":"Madrid - Santa Mar\u00eda do Parral. 6 anos de vida - En Compa\u00f1\u00eda STJ","robots":{"index":"index","follow":"follow","max-snippet":"max-snippet:-1","max-image-preview":"max-image-preview:large","max-video-preview":"max-video-preview:-1"},"canonical":"https:\/\/encompaniastj.org\/pt-pt\/madrid-santa-maria-do-parral-6-anos-de-vida\/","og_locale":"pt_PT","og_type":"article","og_title":"Madrid - Santa Mar\u00eda do Parral. 6 anos de vida - En Compa\u00f1\u00eda STJ","og_description":"Ap\u00f3s estes anos de vida partilhada com um bom n\u00famero de mulheres e filhos &#8230; a comunidade de Santa Maria do Parral deixa o projeto com um cora\u00e7\u00e3o agradecido e [&hellip;]","og_url":"https:\/\/encompaniastj.org\/pt-pt\/madrid-santa-maria-do-parral-6-anos-de-vida\/","og_site_name":"En Compa\u00f1\u00eda STJ","article_published_time":"2020-06-23T08:31:20+00:00","article_modified_time":"2025-07-07T14:21:43+00:00","og_image":[{"width":1094,"height":615,"url":"https:\/\/encompaniastj.org\/wp-content\/uploads\/2025\/05\/rSanta-M-del-Parral-4.jpg","type":"image\/jpeg"}],"author":"admin","twitter_card":"summary_large_image","twitter_misc":{"Escrito por":"admin","Tempo estimado de leitura":"2 minutos"},"schema":{"@context":"https:\/\/schema.org","@graph":[{"@type":"Article","@id":"https:\/\/encompaniastj.org\/pt-pt\/madrid-santa-maria-do-parral-6-anos-de-vida\/#article","isPartOf":{"@id":"https:\/\/encompaniastj.org\/pt-pt\/madrid-santa-maria-do-parral-6-anos-de-vida\/"},"author":{"name":"admin","@id":"https:\/\/encompaniastj.org\/pt-pt\/#\/schema\/person\/520e7ecc314793d40091993c2a02b651"},"headline":"Madrid - Santa Mar\u00eda do Parral. 6 anos de vida","datePublished":"2020-06-23T08:31:20+00:00","dateModified":"2025-07-07T14:21:43+00:00","mainEntityOfPage":{"@id":"https:\/\/encompaniastj.org\/pt-pt\/madrid-santa-maria-do-parral-6-anos-de-vida\/"},"wordCount":347,"commentCount":0,"publisher":{"@id":"https:\/\/encompaniastj.org\/pt-pt\/#organization"},"image":{"@id":"https:\/\/encompaniastj.org\/pt-pt\/madrid-santa-maria-do-parral-6-anos-de-vida\/#primaryimage"},"thumbnailUrl":"https:\/\/encompaniastj.org\/wp-content\/uploads\/2025\/05\/rSanta-M-del-Parral-4.jpg","articleSection":["Noticias","Otras","Outras"],"inLanguage":"pt-PT","potentialAction":[{"@type":"CommentAction","name":"Comment","target":["https:\/\/encompaniastj.org\/pt-pt\/madrid-santa-maria-do-parral-6-anos-de-vida\/#respond"]}]},{"@type":"WebPage","@id":"https:\/\/encompaniastj.org\/pt-pt\/madrid-santa-maria-do-parral-6-anos-de-vida\/","url":"https:\/\/encompaniastj.org\/pt-pt\/madrid-santa-maria-do-parral-6-anos-de-vida\/","name":"Madrid - Santa Mar\u00eda do Parral. 6 anos de vida - En Compa\u00f1\u00eda STJ","isPartOf":{"@id":"https:\/\/encompaniastj.org\/pt-pt\/#website"},"primaryImageOfPage":{"@id":"https:\/\/encompaniastj.org\/pt-pt\/madrid-santa-maria-do-parral-6-anos-de-vida\/#primaryimage"},"image":{"@id":"https:\/\/encompaniastj.org\/pt-pt\/madrid-santa-maria-do-parral-6-anos-de-vida\/#primaryimage"},"thumbnailUrl":"https:\/\/encompaniastj.org\/wp-content\/uploads\/2025\/05\/rSanta-M-del-Parral-4.jpg","datePublished":"2020-06-23T08:31:20+00:00","dateModified":"2025-07-07T14:21:43+00:00","breadcrumb":{"@id":"https:\/\/encompaniastj.org\/pt-pt\/madrid-santa-maria-do-parral-6-anos-de-vida\/#breadcrumb"},"inLanguage":"pt-PT","potentialAction":[{"@type":"ReadAction","target":["https:\/\/encompaniastj.org\/pt-pt\/madrid-santa-maria-do-parral-6-anos-de-vida\/"]}]},{"@type":"ImageObject","inLanguage":"pt-PT","@id":"https:\/\/encompaniastj.org\/pt-pt\/madrid-santa-maria-do-parral-6-anos-de-vida\/#primaryimage","url":"https:\/\/encompaniastj.org\/wp-content\/uploads\/2025\/05\/rSanta-M-del-Parral-4.jpg","contentUrl":"https:\/\/encompaniastj.org\/wp-content\/uploads\/2025\/05\/rSanta-M-del-Parral-4.jpg","width":1094,"height":615},{"@type":"BreadcrumbList","@id":"https:\/\/encompaniastj.org\/pt-pt\/madrid-santa-maria-do-parral-6-anos-de-vida\/#breadcrumb","itemListElement":[{"@type":"ListItem","position":1,"name":"Portada","item":"https:\/\/encompaniastj.org\/pt-pt\/"},{"@type":"ListItem","position":2,"name":"Madrid - Santa Mar\u00eda do Parral. 6 anos de vida"}]},{"@type":"WebSite","@id":"https:\/\/encompaniastj.org\/pt-pt\/#website","url":"https:\/\/encompaniastj.org\/pt-pt\/","name":"En Compa\u00f1\u00eda STJ","description":"Bolet\u00edn de la Compa\u00f1\u00eda de Santa Teresa de Jes\u00fas","publisher":{"@id":"https:\/\/encompaniastj.org\/pt-pt\/#organization"},"potentialAction":[{"@type":"SearchAction","target":{"@type":"EntryPoint","urlTemplate":"https:\/\/encompaniastj.org\/pt-pt\/?s={search_term_string}"},"query-input":{"@type":"PropertyValueSpecification","valueRequired":true,"valueName":"search_term_string"}}],"inLanguage":"pt-PT"},{"@type":"Organization","@id":"https:\/\/encompaniastj.org\/pt-pt\/#organization","name":"Compa\u00f1\u00eda de Santa Teresa de Jes\u00fas","url":"https:\/\/encompaniastj.org\/pt-pt\/","logo":{"@type":"ImageObject","inLanguage":"pt-PT","@id":"https:\/\/encompaniastj.org\/pt-pt\/#\/schema\/logo\/image\/","url":"https:\/\/encompaniastj.org\/wp-content\/uploads\/2025\/04\/logo_provincias02-1-3.png","contentUrl":"https:\/\/encompaniastj.org\/wp-content\/uploads\/2025\/04\/logo_provincias02-1-3.png","width":2368,"height":825,"caption":"Compa\u00f1\u00eda de Santa Teresa de Jes\u00fas"},"image":{"@id":"https:\/\/encompaniastj.org\/pt-pt\/#\/schema\/logo\/image\/"}},{"@type":"Person","@id":"https:\/\/encompaniastj.org\/pt-pt\/#\/schema\/person\/520e7ecc314793d40091993c2a02b651","name":"admin","image":{"@type":"ImageObject","inLanguage":"pt-PT","@id":"https:\/\/secure.gravatar.com\/avatar\/948b492cce32b586ac2db0eaa926ee87024f7afe218d73b397ea5ddfc5f43ea1?s=96&d=mm&r=g","url":"https:\/\/secure.gravatar.com\/avatar\/948b492cce32b586ac2db0eaa926ee87024f7afe218d73b397ea5ddfc5f43ea1?s=96&d=mm&r=g","contentUrl":"https:\/\/secure.gravatar.com\/avatar\/948b492cce32b586ac2db0eaa926ee87024f7afe218d73b397ea5ddfc5f43ea1?s=96&d=mm&r=g","caption":"admin"},"sameAs":["https:\/\/encompaniastj.org"],"url":"https:\/\/encompaniastj.org\/pt-pt\/author\/sjdigital\/"}]}},"_links":{"self":[{"href":"https:\/\/encompaniastj.org\/pt-pt\/wp-json\/wp\/v2\/posts\/10188","targetHints":{"allow":["GET"]}}],"collection":[{"href":"https:\/\/encompaniastj.org\/pt-pt\/wp-json\/wp\/v2\/posts"}],"about":[{"href":"https:\/\/encompaniastj.org\/pt-pt\/wp-json\/wp\/v2\/types\/post"}],"author":[{"embeddable":true,"href":"https:\/\/encompaniastj.org\/pt-pt\/wp-json\/wp\/v2\/users\/1"}],"replies":[{"embeddable":true,"href":"https:\/\/encompaniastj.org\/pt-pt\/wp-json\/wp\/v2\/comments?post=10188"}],"version-history":[{"count":1,"href":"https:\/\/encompaniastj.org\/pt-pt\/wp-json\/wp\/v2\/posts\/10188\/revisions"}],"predecessor-version":[{"id":10189,"href":"https:\/\/encompaniastj.org\/pt-pt\/wp-json\/wp\/v2\/posts\/10188\/revisions\/10189"}],"wp:featuredmedia":[{"embeddable":true,"href":"https:\/\/encompaniastj.org\/pt-pt\/wp-json\/wp\/v2\/media\/7511"}],"wp:attachment":[{"href":"https:\/\/encompaniastj.org\/pt-pt\/wp-json\/wp\/v2\/media?parent=10188"}],"wp:term":[{"taxonomy":"category","embeddable":true,"href":"https:\/\/encompaniastj.org\/pt-pt\/wp-json\/wp\/v2\/categories?post=10188"},{"taxonomy":"post_tag","embeddable":true,"href":"https:\/\/encompaniastj.org\/pt-pt\/wp-json\/wp\/v2\/tags?post=10188"}],"curies":[{"name":"wp","href":"https:\/\/api.w.org\/{rel}","templated":true}]}}