{"id":10182,"date":"2020-06-23T10:10:26","date_gmt":"2020-06-23T08:10:26","guid":{"rendered":"https:\/\/encompaniastj.org\/associacao-santa-teresa-de-jesus-dignidade-e-desenvolvimento\/"},"modified":"2025-07-07T16:21:42","modified_gmt":"2025-07-07T14:21:42","slug":"associacao-santa-teresa-de-jesus-dignidade-e-desenvolvimento","status":"publish","type":"post","link":"https:\/\/encompaniastj.org\/pt-pt\/associacao-santa-teresa-de-jesus-dignidade-e-desenvolvimento\/","title":{"rendered":"Associa\u00e7\u00e3o Santa Teresa de Jesus - Dignidade e Desenvolvimento"},"content":{"rendered":"\n<p>Queridos amigos e amigas!<\/p>\n\n\n\n<p>Em nome da Associa\u00e7\u00e3o Santa Teresa de\nJesus - Dignidade e Desenvolvimento, venho por fim, falar-vos em tom de\nagradecimento, pela Campanha Especial de angaria\u00e7\u00e3o de fundos, que permitiu a\naquisi\u00e7\u00e3o de computadores port\u00e1teis, para que as nossas crian\u00e7as e adolescentes\npossam ter a oportunidade de aprender \u00e0 dist\u00e2ncia.<\/p>\n\n\n\n<p>Ontem, dia 28 de maio, foi um dia\nbonito! Foi ontem que pudemos entregar 10 computadores port\u00e1teis a 10 crian\u00e7as\ne adolescentes. Durante a tarde,cada um veio com o seu encarregado de educa\u00e7\u00e3o\ne foram surgindo novidades!<\/p>\n\n\n\n<p>Ap\u00f3s uma simples explica\u00e7\u00e3o por parte da Ana, t\u00e9cnica socioeducativa, do termo de responsabilidade pelo uso dos computadores, que todos assumiram numa atitude de compromisso e responsabiliza\u00e7\u00e3o, e assinado por mim e pela\/o encarregada\/o de educa\u00e7\u00e3o, seguiu-se uma explica\u00e7\u00e3o ao n\u00edvel do uso do computador por parte do Carlos Caro\u00e7o, o t\u00e9cnico inform\u00e1tico, que se prestou para este servi\u00e7o, e a foto para mem\u00f3ria deste momento t\u00e3o especial para todos n\u00f3s!\u00a0 <\/p>\n\n\n\n<p>A m\u00e1scara n\u00e3o deixava ver o sorriso, mas\nvia-se em alguns o brilho nos olhos!<\/p>\n\n\n\n<p>Estes foram os primeiros 10 computadores atribu\u00eddos a alunos, a partir da identifica\u00e7\u00e3o do seguinte crit\u00e9rio priorit\u00e1rio: que em cada fam\u00edlia existisse pelo menos um computador. Cada computador custou 350 euros. No entanto, neste momento ainda temos 2 275 euros, pelo que passaremos \u00e0 segunda fase de atribui\u00e7\u00e3o de computadores port\u00e1til. Oxal\u00e1 possamos garantir que todos os meninos e meninas possam ter acesso a um computador. Para fazer \u00e0s necessidades ainda por suprir, aceitamos tamb\u00e9m a doa\u00e7\u00e3o computadores usados que estejam com capacidade para aulas \u00e0 dist\u00e2ncia.\u00a0\u00a0 <\/p>\n\n\n\n<p>Em nome de todos e todas, o nosso\nagradecimento por acreditarem neste projeto, que tamb\u00e9m passa a ser vosso de\ncora\u00e7\u00e3o.&nbsp;<\/p>\n\n\n\n<p>Estais convidados, aqueles e aquelas que\nn\u00e3o conheceis os espa\u00e7os da Associa\u00e7\u00e3o, a visitar-nos em qualquer momento, ap\u00f3s\neste confinamento a que ainda estamos obrigados. Por aqui continuamos&nbsp;a\napoiar cada aluno a partir da sua casa ou presencialmente, com as devidas\nprecau\u00e7\u00f5es.&nbsp;<\/p>\n\n\n\n<p>Um grande abra\u00e7o!<\/p>\n\n\n\n<p>Em nome de equipa, J\u00falia Barroso, stj<\/p>\n\n\n\n<figure class=\"wp-block-image\"><a href=\"https:\/\/encompaniastj.org\/wp-content\/uploads\/2025\/05\/Campanha-Especial_Entrega-Computadores_28maio2020.jpg\"><img decoding=\"async\" src=\"https:\/\/encompaniastj.org\/wp-content\/uploads\/2025\/05\/Campanha-Especial_Entrega-Computadores_28maio2020.jpg\" alt=\"\" class=\"wp-image-6717\"\/><\/a><\/figure>\n","protected":false},"excerpt":{"rendered":"<p>Queridos amigos e amigas! Em nome da Associa\u00e7\u00e3o Santa Teresa de Jesus - Dignidade e Desenvolvimento, venho por fim, falar-vos em tom de agradecimento, pela Campanha Especial de angaria\u00e7\u00e3o de [&hellip;]<\/p>\n","protected":false},"author":1,"featured_media":7508,"comment_status":"open","ping_status":"open","sticky":false,"template":"","format":"standard","meta":{"_acf_changed":false,"footnotes":""},"categories":[76,61],"tags":[],"class_list":["post-10182","post","type-post","status-publish","format-standard","has-post-thumbnail","hentry","category-acao-social","category-noticias"],"acf":[],"yoast_head":"<!-- This site is optimized with the Yoast SEO plugin v27.5 - https:\/\/yoast.com\/product\/yoast-seo-wordpress\/ -->\n<title>Associa\u00e7\u00e3o Santa Teresa de Jesus - Dignidade e Desenvolvimento - En Compa\u00f1\u00eda STJ<\/title>\n<meta name=\"robots\" content=\"index, follow, max-snippet:-1, max-image-preview:large, max-video-preview:-1\" \/>\n<link rel=\"canonical\" href=\"https:\/\/encompaniastj.org\/pt-pt\/associacao-santa-teresa-de-jesus-dignidade-e-desenvolvimento\/\" \/>\n<meta property=\"og:locale\" content=\"pt_PT\" \/>\n<meta property=\"og:type\" content=\"article\" \/>\n<meta property=\"og:title\" content=\"Associa\u00e7\u00e3o Santa Teresa de Jesus - Dignidade e Desenvolvimento - En Compa\u00f1\u00eda STJ\" \/>\n<meta property=\"og:description\" content=\"Queridos amigos e amigas! Em nome da Associa\u00e7\u00e3o Santa Teresa de Jesus - Dignidade e Desenvolvimento, venho por fim, falar-vos em tom de agradecimento, pela Campanha Especial de angaria\u00e7\u00e3o de [&hellip;]\" \/>\n<meta property=\"og:url\" content=\"https:\/\/encompaniastj.org\/pt-pt\/associacao-santa-teresa-de-jesus-dignidade-e-desenvolvimento\/\" \/>\n<meta property=\"og:site_name\" content=\"En Compa\u00f1\u00eda STJ\" \/>\n<meta property=\"article:published_time\" content=\"2020-06-23T08:10:26+00:00\" \/>\n<meta property=\"article:modified_time\" content=\"2025-07-07T14:21:42+00:00\" \/>\n<meta property=\"og:image\" content=\"https:\/\/encompaniastj.org\/wp-content\/uploads\/2025\/05\/r-campana.jpg\" \/>\n\t<meta property=\"og:image:width\" content=\"1209\" \/>\n\t<meta property=\"og:image:height\" content=\"680\" \/>\n\t<meta property=\"og:image:type\" content=\"image\/jpeg\" \/>\n<meta name=\"author\" content=\"admin\" \/>\n<meta name=\"twitter:card\" content=\"summary_large_image\" \/>\n<meta name=\"twitter:label1\" content=\"Escrito por\" \/>\n\t<meta name=\"twitter:data1\" content=\"admin\" \/>\n\t<meta name=\"twitter:label2\" content=\"Tempo estimado de leitura\" \/>\n\t<meta name=\"twitter:data2\" content=\"2 minutos\" \/>\n<script type=\"application\/ld+json\" class=\"yoast-schema-graph\">{\"@context\":\"https:\\\/\\\/schema.org\",\"@graph\":[{\"@type\":\"Article\",\"@id\":\"https:\\\/\\\/encompaniastj.org\\\/pt-pt\\\/associacao-santa-teresa-de-jesus-dignidade-e-desenvolvimento\\\/#article\",\"isPartOf\":{\"@id\":\"https:\\\/\\\/encompaniastj.org\\\/pt-pt\\\/associacao-santa-teresa-de-jesus-dignidade-e-desenvolvimento\\\/\"},\"author\":{\"name\":\"admin\",\"@id\":\"https:\\\/\\\/encompaniastj.org\\\/pt-pt\\\/#\\\/schema\\\/person\\\/520e7ecc314793d40091993c2a02b651\"},\"headline\":\"Associa\u00e7\u00e3o Santa Teresa de Jesus - Dignidade e Desenvolvimento\",\"datePublished\":\"2020-06-23T08:10:26+00:00\",\"dateModified\":\"2025-07-07T14:21:42+00:00\",\"mainEntityOfPage\":{\"@id\":\"https:\\\/\\\/encompaniastj.org\\\/pt-pt\\\/associacao-santa-teresa-de-jesus-dignidade-e-desenvolvimento\\\/\"},\"wordCount\":387,\"commentCount\":0,\"publisher\":{\"@id\":\"https:\\\/\\\/encompaniastj.org\\\/pt-pt\\\/#organization\"},\"image\":{\"@id\":\"https:\\\/\\\/encompaniastj.org\\\/pt-pt\\\/associacao-santa-teresa-de-jesus-dignidade-e-desenvolvimento\\\/#primaryimage\"},\"thumbnailUrl\":\"https:\\\/\\\/encompaniastj.org\\\/wp-content\\\/uploads\\\/2025\\\/05\\\/r-campana.jpg\",\"articleSection\":[\"A\u00e7\u00e3o Social\",\"Noticias\"],\"inLanguage\":\"pt-PT\",\"potentialAction\":[{\"@type\":\"CommentAction\",\"name\":\"Comment\",\"target\":[\"https:\\\/\\\/encompaniastj.org\\\/pt-pt\\\/associacao-santa-teresa-de-jesus-dignidade-e-desenvolvimento\\\/#respond\"]}]},{\"@type\":\"WebPage\",\"@id\":\"https:\\\/\\\/encompaniastj.org\\\/pt-pt\\\/associacao-santa-teresa-de-jesus-dignidade-e-desenvolvimento\\\/\",\"url\":\"https:\\\/\\\/encompaniastj.org\\\/pt-pt\\\/associacao-santa-teresa-de-jesus-dignidade-e-desenvolvimento\\\/\",\"name\":\"Associa\u00e7\u00e3o Santa Teresa de Jesus - Dignidade e Desenvolvimento - En Compa\u00f1\u00eda STJ\",\"isPartOf\":{\"@id\":\"https:\\\/\\\/encompaniastj.org\\\/pt-pt\\\/#website\"},\"primaryImageOfPage\":{\"@id\":\"https:\\\/\\\/encompaniastj.org\\\/pt-pt\\\/associacao-santa-teresa-de-jesus-dignidade-e-desenvolvimento\\\/#primaryimage\"},\"image\":{\"@id\":\"https:\\\/\\\/encompaniastj.org\\\/pt-pt\\\/associacao-santa-teresa-de-jesus-dignidade-e-desenvolvimento\\\/#primaryimage\"},\"thumbnailUrl\":\"https:\\\/\\\/encompaniastj.org\\\/wp-content\\\/uploads\\\/2025\\\/05\\\/r-campana.jpg\",\"datePublished\":\"2020-06-23T08:10:26+00:00\",\"dateModified\":\"2025-07-07T14:21:42+00:00\",\"breadcrumb\":{\"@id\":\"https:\\\/\\\/encompaniastj.org\\\/pt-pt\\\/associacao-santa-teresa-de-jesus-dignidade-e-desenvolvimento\\\/#breadcrumb\"},\"inLanguage\":\"pt-PT\",\"potentialAction\":[{\"@type\":\"ReadAction\",\"target\":[\"https:\\\/\\\/encompaniastj.org\\\/pt-pt\\\/associacao-santa-teresa-de-jesus-dignidade-e-desenvolvimento\\\/\"]}]},{\"@type\":\"ImageObject\",\"inLanguage\":\"pt-PT\",\"@id\":\"https:\\\/\\\/encompaniastj.org\\\/pt-pt\\\/associacao-santa-teresa-de-jesus-dignidade-e-desenvolvimento\\\/#primaryimage\",\"url\":\"https:\\\/\\\/encompaniastj.org\\\/wp-content\\\/uploads\\\/2025\\\/05\\\/r-campana.jpg\",\"contentUrl\":\"https:\\\/\\\/encompaniastj.org\\\/wp-content\\\/uploads\\\/2025\\\/05\\\/r-campana.jpg\",\"width\":1209,\"height\":680},{\"@type\":\"BreadcrumbList\",\"@id\":\"https:\\\/\\\/encompaniastj.org\\\/pt-pt\\\/associacao-santa-teresa-de-jesus-dignidade-e-desenvolvimento\\\/#breadcrumb\",\"itemListElement\":[{\"@type\":\"ListItem\",\"position\":1,\"name\":\"Portada\",\"item\":\"https:\\\/\\\/encompaniastj.org\\\/pt-pt\\\/\"},{\"@type\":\"ListItem\",\"position\":2,\"name\":\"Associa\u00e7\u00e3o Santa Teresa de Jesus - Dignidade e Desenvolvimento\"}]},{\"@type\":\"WebSite\",\"@id\":\"https:\\\/\\\/encompaniastj.org\\\/pt-pt\\\/#website\",\"url\":\"https:\\\/\\\/encompaniastj.org\\\/pt-pt\\\/\",\"name\":\"En Compa\u00f1\u00eda STJ\",\"description\":\"Bolet\u00edn de la Compa\u00f1\u00eda de Santa Teresa de Jes\u00fas\",\"publisher\":{\"@id\":\"https:\\\/\\\/encompaniastj.org\\\/pt-pt\\\/#organization\"},\"potentialAction\":[{\"@type\":\"SearchAction\",\"target\":{\"@type\":\"EntryPoint\",\"urlTemplate\":\"https:\\\/\\\/encompaniastj.org\\\/pt-pt\\\/?s={search_term_string}\"},\"query-input\":{\"@type\":\"PropertyValueSpecification\",\"valueRequired\":true,\"valueName\":\"search_term_string\"}}],\"inLanguage\":\"pt-PT\"},{\"@type\":\"Organization\",\"@id\":\"https:\\\/\\\/encompaniastj.org\\\/pt-pt\\\/#organization\",\"name\":\"Compa\u00f1\u00eda de Santa Teresa de Jes\u00fas\",\"url\":\"https:\\\/\\\/encompaniastj.org\\\/pt-pt\\\/\",\"logo\":{\"@type\":\"ImageObject\",\"inLanguage\":\"pt-PT\",\"@id\":\"https:\\\/\\\/encompaniastj.org\\\/pt-pt\\\/#\\\/schema\\\/logo\\\/image\\\/\",\"url\":\"https:\\\/\\\/encompaniastj.org\\\/wp-content\\\/uploads\\\/2025\\\/04\\\/logo_provincias02-1-3.png\",\"contentUrl\":\"https:\\\/\\\/encompaniastj.org\\\/wp-content\\\/uploads\\\/2025\\\/04\\\/logo_provincias02-1-3.png\",\"width\":2368,\"height\":825,\"caption\":\"Compa\u00f1\u00eda de Santa Teresa de Jes\u00fas\"},\"image\":{\"@id\":\"https:\\\/\\\/encompaniastj.org\\\/pt-pt\\\/#\\\/schema\\\/logo\\\/image\\\/\"}},{\"@type\":\"Person\",\"@id\":\"https:\\\/\\\/encompaniastj.org\\\/pt-pt\\\/#\\\/schema\\\/person\\\/520e7ecc314793d40091993c2a02b651\",\"name\":\"admin\",\"image\":{\"@type\":\"ImageObject\",\"inLanguage\":\"pt-PT\",\"@id\":\"https:\\\/\\\/secure.gravatar.com\\\/avatar\\\/948b492cce32b586ac2db0eaa926ee87024f7afe218d73b397ea5ddfc5f43ea1?s=96&d=mm&r=g\",\"url\":\"https:\\\/\\\/secure.gravatar.com\\\/avatar\\\/948b492cce32b586ac2db0eaa926ee87024f7afe218d73b397ea5ddfc5f43ea1?s=96&d=mm&r=g\",\"contentUrl\":\"https:\\\/\\\/secure.gravatar.com\\\/avatar\\\/948b492cce32b586ac2db0eaa926ee87024f7afe218d73b397ea5ddfc5f43ea1?s=96&d=mm&r=g\",\"caption\":\"admin\"},\"sameAs\":[\"https:\\\/\\\/encompaniastj.org\"],\"url\":\"https:\\\/\\\/encompaniastj.org\\\/pt-pt\\\/author\\\/sjdigital\\\/\"}]}<\/script>\n<!-- \/ Yoast SEO plugin. -->","yoast_head_json":{"title":"Associa\u00e7\u00e3o Santa Teresa de Jesus - Dignidade e Desenvolvimento - En Compa\u00f1\u00eda STJ","robots":{"index":"index","follow":"follow","max-snippet":"max-snippet:-1","max-image-preview":"max-image-preview:large","max-video-preview":"max-video-preview:-1"},"canonical":"https:\/\/encompaniastj.org\/pt-pt\/associacao-santa-teresa-de-jesus-dignidade-e-desenvolvimento\/","og_locale":"pt_PT","og_type":"article","og_title":"Associa\u00e7\u00e3o Santa Teresa de Jesus - Dignidade e Desenvolvimento - En Compa\u00f1\u00eda STJ","og_description":"Queridos amigos e amigas! Em nome da Associa\u00e7\u00e3o Santa Teresa de Jesus - Dignidade e Desenvolvimento, venho por fim, falar-vos em tom de agradecimento, pela Campanha Especial de angaria\u00e7\u00e3o de [&hellip;]","og_url":"https:\/\/encompaniastj.org\/pt-pt\/associacao-santa-teresa-de-jesus-dignidade-e-desenvolvimento\/","og_site_name":"En Compa\u00f1\u00eda STJ","article_published_time":"2020-06-23T08:10:26+00:00","article_modified_time":"2025-07-07T14:21:42+00:00","og_image":[{"width":1209,"height":680,"url":"https:\/\/encompaniastj.org\/wp-content\/uploads\/2025\/05\/r-campana.jpg","type":"image\/jpeg"}],"author":"admin","twitter_card":"summary_large_image","twitter_misc":{"Escrito por":"admin","Tempo estimado de leitura":"2 minutos"},"schema":{"@context":"https:\/\/schema.org","@graph":[{"@type":"Article","@id":"https:\/\/encompaniastj.org\/pt-pt\/associacao-santa-teresa-de-jesus-dignidade-e-desenvolvimento\/#article","isPartOf":{"@id":"https:\/\/encompaniastj.org\/pt-pt\/associacao-santa-teresa-de-jesus-dignidade-e-desenvolvimento\/"},"author":{"name":"admin","@id":"https:\/\/encompaniastj.org\/pt-pt\/#\/schema\/person\/520e7ecc314793d40091993c2a02b651"},"headline":"Associa\u00e7\u00e3o Santa Teresa de Jesus - Dignidade e Desenvolvimento","datePublished":"2020-06-23T08:10:26+00:00","dateModified":"2025-07-07T14:21:42+00:00","mainEntityOfPage":{"@id":"https:\/\/encompaniastj.org\/pt-pt\/associacao-santa-teresa-de-jesus-dignidade-e-desenvolvimento\/"},"wordCount":387,"commentCount":0,"publisher":{"@id":"https:\/\/encompaniastj.org\/pt-pt\/#organization"},"image":{"@id":"https:\/\/encompaniastj.org\/pt-pt\/associacao-santa-teresa-de-jesus-dignidade-e-desenvolvimento\/#primaryimage"},"thumbnailUrl":"https:\/\/encompaniastj.org\/wp-content\/uploads\/2025\/05\/r-campana.jpg","articleSection":["A\u00e7\u00e3o Social","Noticias"],"inLanguage":"pt-PT","potentialAction":[{"@type":"CommentAction","name":"Comment","target":["https:\/\/encompaniastj.org\/pt-pt\/associacao-santa-teresa-de-jesus-dignidade-e-desenvolvimento\/#respond"]}]},{"@type":"WebPage","@id":"https:\/\/encompaniastj.org\/pt-pt\/associacao-santa-teresa-de-jesus-dignidade-e-desenvolvimento\/","url":"https:\/\/encompaniastj.org\/pt-pt\/associacao-santa-teresa-de-jesus-dignidade-e-desenvolvimento\/","name":"Associa\u00e7\u00e3o Santa Teresa de Jesus - Dignidade e Desenvolvimento - En Compa\u00f1\u00eda STJ","isPartOf":{"@id":"https:\/\/encompaniastj.org\/pt-pt\/#website"},"primaryImageOfPage":{"@id":"https:\/\/encompaniastj.org\/pt-pt\/associacao-santa-teresa-de-jesus-dignidade-e-desenvolvimento\/#primaryimage"},"image":{"@id":"https:\/\/encompaniastj.org\/pt-pt\/associacao-santa-teresa-de-jesus-dignidade-e-desenvolvimento\/#primaryimage"},"thumbnailUrl":"https:\/\/encompaniastj.org\/wp-content\/uploads\/2025\/05\/r-campana.jpg","datePublished":"2020-06-23T08:10:26+00:00","dateModified":"2025-07-07T14:21:42+00:00","breadcrumb":{"@id":"https:\/\/encompaniastj.org\/pt-pt\/associacao-santa-teresa-de-jesus-dignidade-e-desenvolvimento\/#breadcrumb"},"inLanguage":"pt-PT","potentialAction":[{"@type":"ReadAction","target":["https:\/\/encompaniastj.org\/pt-pt\/associacao-santa-teresa-de-jesus-dignidade-e-desenvolvimento\/"]}]},{"@type":"ImageObject","inLanguage":"pt-PT","@id":"https:\/\/encompaniastj.org\/pt-pt\/associacao-santa-teresa-de-jesus-dignidade-e-desenvolvimento\/#primaryimage","url":"https:\/\/encompaniastj.org\/wp-content\/uploads\/2025\/05\/r-campana.jpg","contentUrl":"https:\/\/encompaniastj.org\/wp-content\/uploads\/2025\/05\/r-campana.jpg","width":1209,"height":680},{"@type":"BreadcrumbList","@id":"https:\/\/encompaniastj.org\/pt-pt\/associacao-santa-teresa-de-jesus-dignidade-e-desenvolvimento\/#breadcrumb","itemListElement":[{"@type":"ListItem","position":1,"name":"Portada","item":"https:\/\/encompaniastj.org\/pt-pt\/"},{"@type":"ListItem","position":2,"name":"Associa\u00e7\u00e3o Santa Teresa de Jesus - Dignidade e Desenvolvimento"}]},{"@type":"WebSite","@id":"https:\/\/encompaniastj.org\/pt-pt\/#website","url":"https:\/\/encompaniastj.org\/pt-pt\/","name":"En Compa\u00f1\u00eda STJ","description":"Bolet\u00edn de la Compa\u00f1\u00eda de Santa Teresa de Jes\u00fas","publisher":{"@id":"https:\/\/encompaniastj.org\/pt-pt\/#organization"},"potentialAction":[{"@type":"SearchAction","target":{"@type":"EntryPoint","urlTemplate":"https:\/\/encompaniastj.org\/pt-pt\/?s={search_term_string}"},"query-input":{"@type":"PropertyValueSpecification","valueRequired":true,"valueName":"search_term_string"}}],"inLanguage":"pt-PT"},{"@type":"Organization","@id":"https:\/\/encompaniastj.org\/pt-pt\/#organization","name":"Compa\u00f1\u00eda de Santa Teresa de Jes\u00fas","url":"https:\/\/encompaniastj.org\/pt-pt\/","logo":{"@type":"ImageObject","inLanguage":"pt-PT","@id":"https:\/\/encompaniastj.org\/pt-pt\/#\/schema\/logo\/image\/","url":"https:\/\/encompaniastj.org\/wp-content\/uploads\/2025\/04\/logo_provincias02-1-3.png","contentUrl":"https:\/\/encompaniastj.org\/wp-content\/uploads\/2025\/04\/logo_provincias02-1-3.png","width":2368,"height":825,"caption":"Compa\u00f1\u00eda de Santa Teresa de Jes\u00fas"},"image":{"@id":"https:\/\/encompaniastj.org\/pt-pt\/#\/schema\/logo\/image\/"}},{"@type":"Person","@id":"https:\/\/encompaniastj.org\/pt-pt\/#\/schema\/person\/520e7ecc314793d40091993c2a02b651","name":"admin","image":{"@type":"ImageObject","inLanguage":"pt-PT","@id":"https:\/\/secure.gravatar.com\/avatar\/948b492cce32b586ac2db0eaa926ee87024f7afe218d73b397ea5ddfc5f43ea1?s=96&d=mm&r=g","url":"https:\/\/secure.gravatar.com\/avatar\/948b492cce32b586ac2db0eaa926ee87024f7afe218d73b397ea5ddfc5f43ea1?s=96&d=mm&r=g","contentUrl":"https:\/\/secure.gravatar.com\/avatar\/948b492cce32b586ac2db0eaa926ee87024f7afe218d73b397ea5ddfc5f43ea1?s=96&d=mm&r=g","caption":"admin"},"sameAs":["https:\/\/encompaniastj.org"],"url":"https:\/\/encompaniastj.org\/pt-pt\/author\/sjdigital\/"}]}},"_links":{"self":[{"href":"https:\/\/encompaniastj.org\/pt-pt\/wp-json\/wp\/v2\/posts\/10182","targetHints":{"allow":["GET"]}}],"collection":[{"href":"https:\/\/encompaniastj.org\/pt-pt\/wp-json\/wp\/v2\/posts"}],"about":[{"href":"https:\/\/encompaniastj.org\/pt-pt\/wp-json\/wp\/v2\/types\/post"}],"author":[{"embeddable":true,"href":"https:\/\/encompaniastj.org\/pt-pt\/wp-json\/wp\/v2\/users\/1"}],"replies":[{"embeddable":true,"href":"https:\/\/encompaniastj.org\/pt-pt\/wp-json\/wp\/v2\/comments?post=10182"}],"version-history":[{"count":1,"href":"https:\/\/encompaniastj.org\/pt-pt\/wp-json\/wp\/v2\/posts\/10182\/revisions"}],"predecessor-version":[{"id":10183,"href":"https:\/\/encompaniastj.org\/pt-pt\/wp-json\/wp\/v2\/posts\/10182\/revisions\/10183"}],"wp:featuredmedia":[{"embeddable":true,"href":"https:\/\/encompaniastj.org\/pt-pt\/wp-json\/wp\/v2\/media\/7508"}],"wp:attachment":[{"href":"https:\/\/encompaniastj.org\/pt-pt\/wp-json\/wp\/v2\/media?parent=10182"}],"wp:term":[{"taxonomy":"category","embeddable":true,"href":"https:\/\/encompaniastj.org\/pt-pt\/wp-json\/wp\/v2\/categories?post=10182"},{"taxonomy":"post_tag","embeddable":true,"href":"https:\/\/encompaniastj.org\/pt-pt\/wp-json\/wp\/v2\/tags?post=10182"}],"curies":[{"name":"wp","href":"https:\/\/api.w.org\/{rel}","templated":true}]}}