{"id":10172,"date":"2020-06-02T13:27:00","date_gmt":"2020-06-02T11:27:00","guid":{"rendered":"https:\/\/encompaniastj.org\/irma-joaquina-carreto-martin-2-de-junho-de-2020-salamanca-residencia\/"},"modified":"2025-07-07T16:21:40","modified_gmt":"2025-07-07T14:21:40","slug":"irma-joaquina-carreto-martin-2-de-junho-de-2020-salamanca-residencia","status":"publish","type":"post","link":"https:\/\/encompaniastj.org\/pt-pt\/irma-joaquina-carreto-martin-2-de-junho-de-2020-salamanca-residencia\/","title":{"rendered":"Irm\u00e3 Joaquina Carre\u00f1o Mart\u00edn. 2 de junho de 2020. (Salamanca-Resid\u00eancia)"},"content":{"rendered":"\n<p>Com a alegria e a gratid\u00e3o pela vida, foi-se apagando lenta e silenciosamente, como uma pequena vela, at\u00e9 encontrar a LUZ definitiva na casa do Pai na madrugada do dia 2 de junho.<\/p>\n\n\n\n<p>Nasceu numa pequena aldeia da prov\u00edncia de Salamanca h\u00e1 93 anos, no seio de uma fam\u00edlia profundamente crist\u00e3, onde aprendeu a sabedoria da gratuidade e da entrega; e muito nova apenas com 16 anos, entrou na Companhia, no dia19 de mar\u00e7o do ano 1942.<\/p>\n\n\n\n<p>Mulher discreta e servi\u00e7al, a sua passagem pelos col\u00e9gios de Salamanca, Ciudad Rodrigo, Valladolid, Madrid (Goya), Toledo, \u00c1vila, onde desempenhou diferentes of\u00edcios e tarefas, foram testemunhas de sua grande delicadeza e cuidado com todos. Mas foi sobretudo na Casa de \u00c1vila, onde ao longo de mais de 30 anos, na sua miss\u00e3o de encarregada da portaria, viveu e se desviveu para brindar a todos os que chegavam, um acolhimento cordial e pr\u00f3ximo, fazendo que se sentissem como na sua casa. Professores dos nossos col\u00e9gios, sacerdotes, irm\u00e3s da Companhia, pessoas que passavam uns dias de retiro ou descanso, recordam-na com carinho e gratid\u00e3o.<\/p>\n\n\n\n<p>A sua \u00faltima mudan\u00e7a, desde o ano 2007, foi para a Comunidade Teresiana de Salamanca, onde tivemos a sorte de partilhar com ela o seu amor inquebrant\u00e1vel \u00e0 Igreja e \u00e0 Companhia. O amor a Jesus Cristo e a sua presen\u00e7a no sacr\u00e1rio fazia que, sobretudo nos \u00faltimos anos, passasse na Capela longos momentos diante do Senhor, e com a sua mem\u00f3ria j\u00e1 muito deteriorada, a qualquer hora do dia, sa\u00eda para o corredor e dizia: <em>Onde est\u00e3o as irm\u00e3s, que n\u00e3o h\u00e1 ningu\u00e9m com o Senhor? <\/em><\/p>\n\n\n\n<p>Pod\u00edamos dizer muitas coisas da vida de Joaquina, mas se queremos resumir numa palavra a sua vida nestes \u00faltimos anos \u00e9, OBRIGADA. Palavra que sa\u00eda constante e insistentemente dos seus l\u00e1bios, diante de qualquer pequeno pormenor ou visita que lhe faz\u00edamos, inclusive nos \u00faltimos dias quando j\u00e1 s\u00f3 tinha um fio de voz. Tamb\u00e9m fomos testemunhas da sua profunda vida interior, com uma express\u00e3o que era conatural nela ao perguntar-lhe como se encontrava: <em>Tudo por Ele, com Ele e n\u2019Ele <\/em>repetia levantando os seus olhinhos expressivos ao c\u00e9u.<\/p>\n\n\n\n<p>A paz e serenidade que a caraterizou nos anos de doen\u00e7a, \u00e9 aquela que nos deixou. Obrigada, Joaquina. Descansa em paz.<\/p>\n","protected":false},"excerpt":{"rendered":"<p>Com a alegria e a gratid\u00e3o pela vida, foi-se apagando lenta e silenciosamente, como uma pequena vela, at\u00e9 encontrar a LUZ definitiva na casa do Pai na madrugada do dia [&hellip;]<\/p>\n","protected":false},"author":1,"featured_media":7493,"comment_status":"open","ping_status":"open","sticky":false,"template":"","format":"standard","meta":{"_acf_changed":false,"footnotes":""},"categories":[69,63],"tags":[],"class_list":["post-10172","post","type-post","status-publish","format-standard","has-post-thumbnail","hentry","category-falecimentos","category-fallecimientos"],"acf":[],"yoast_head":"<!-- This site is optimized with the Yoast SEO plugin v27.5 - https:\/\/yoast.com\/product\/yoast-seo-wordpress\/ -->\n<title>Irm\u00e3 Joaquina Carre\u00f1o Mart\u00edn. 2 de junho de 2020. (Salamanca-Resid\u00eancia) - En Compa\u00f1\u00eda STJ<\/title>\n<meta name=\"robots\" content=\"index, follow, max-snippet:-1, max-image-preview:large, max-video-preview:-1\" \/>\n<link rel=\"canonical\" href=\"https:\/\/encompaniastj.org\/pt-pt\/irma-joaquina-carreto-martin-2-de-junho-de-2020-salamanca-residencia\/\" \/>\n<meta property=\"og:locale\" content=\"pt_PT\" \/>\n<meta property=\"og:type\" content=\"article\" \/>\n<meta property=\"og:title\" content=\"Irm\u00e3 Joaquina Carre\u00f1o Mart\u00edn. 2 de junho de 2020. (Salamanca-Resid\u00eancia) - En Compa\u00f1\u00eda STJ\" \/>\n<meta property=\"og:description\" content=\"Com a alegria e a gratid\u00e3o pela vida, foi-se apagando lenta e silenciosamente, como uma pequena vela, at\u00e9 encontrar a LUZ definitiva na casa do Pai na madrugada do dia [&hellip;]\" \/>\n<meta property=\"og:url\" content=\"https:\/\/encompaniastj.org\/pt-pt\/irma-joaquina-carreto-martin-2-de-junho-de-2020-salamanca-residencia\/\" \/>\n<meta property=\"og:site_name\" content=\"En Compa\u00f1\u00eda STJ\" \/>\n<meta property=\"article:published_time\" content=\"2020-06-02T11:27:00+00:00\" \/>\n<meta property=\"article:modified_time\" content=\"2025-07-07T14:21:40+00:00\" \/>\n<meta property=\"og:image\" content=\"https:\/\/encompaniastj.org\/wp-content\/uploads\/2025\/05\/lavanda.jpg\" \/>\n\t<meta property=\"og:image:width\" content=\"1920\" \/>\n\t<meta property=\"og:image:height\" content=\"1147\" \/>\n\t<meta property=\"og:image:type\" content=\"image\/jpeg\" \/>\n<meta name=\"author\" content=\"admin\" \/>\n<meta name=\"twitter:card\" content=\"summary_large_image\" \/>\n<meta name=\"twitter:label1\" content=\"Escrito por\" \/>\n\t<meta name=\"twitter:data1\" content=\"admin\" \/>\n\t<meta name=\"twitter:label2\" content=\"Tempo estimado de leitura\" \/>\n\t<meta name=\"twitter:data2\" content=\"2 minutos\" \/>\n<script type=\"application\/ld+json\" class=\"yoast-schema-graph\">{\"@context\":\"https:\\\/\\\/schema.org\",\"@graph\":[{\"@type\":\"Article\",\"@id\":\"https:\\\/\\\/encompaniastj.org\\\/pt-pt\\\/irma-joaquina-carreto-martin-2-de-junho-de-2020-salamanca-residencia\\\/#article\",\"isPartOf\":{\"@id\":\"https:\\\/\\\/encompaniastj.org\\\/pt-pt\\\/irma-joaquina-carreto-martin-2-de-junho-de-2020-salamanca-residencia\\\/\"},\"author\":{\"name\":\"admin\",\"@id\":\"https:\\\/\\\/encompaniastj.org\\\/pt-pt\\\/#\\\/schema\\\/person\\\/520e7ecc314793d40091993c2a02b651\"},\"headline\":\"Irm\u00e3 Joaquina Carre\u00f1o Mart\u00edn. 2 de junho de 2020. (Salamanca-Resid\u00eancia)\",\"datePublished\":\"2020-06-02T11:27:00+00:00\",\"dateModified\":\"2025-07-07T14:21:40+00:00\",\"mainEntityOfPage\":{\"@id\":\"https:\\\/\\\/encompaniastj.org\\\/pt-pt\\\/irma-joaquina-carreto-martin-2-de-junho-de-2020-salamanca-residencia\\\/\"},\"wordCount\":407,\"commentCount\":0,\"publisher\":{\"@id\":\"https:\\\/\\\/encompaniastj.org\\\/pt-pt\\\/#organization\"},\"image\":{\"@id\":\"https:\\\/\\\/encompaniastj.org\\\/pt-pt\\\/irma-joaquina-carreto-martin-2-de-junho-de-2020-salamanca-residencia\\\/#primaryimage\"},\"thumbnailUrl\":\"https:\\\/\\\/encompaniastj.org\\\/wp-content\\\/uploads\\\/2025\\\/05\\\/lavanda.jpg\",\"articleSection\":[\"Falecimentos\",\"Fallecimientos\"],\"inLanguage\":\"pt-PT\",\"potentialAction\":[{\"@type\":\"CommentAction\",\"name\":\"Comment\",\"target\":[\"https:\\\/\\\/encompaniastj.org\\\/pt-pt\\\/irma-joaquina-carreto-martin-2-de-junho-de-2020-salamanca-residencia\\\/#respond\"]}]},{\"@type\":\"WebPage\",\"@id\":\"https:\\\/\\\/encompaniastj.org\\\/pt-pt\\\/irma-joaquina-carreto-martin-2-de-junho-de-2020-salamanca-residencia\\\/\",\"url\":\"https:\\\/\\\/encompaniastj.org\\\/pt-pt\\\/irma-joaquina-carreto-martin-2-de-junho-de-2020-salamanca-residencia\\\/\",\"name\":\"Irm\u00e3 Joaquina Carre\u00f1o Mart\u00edn. 2 de junho de 2020. (Salamanca-Resid\u00eancia) - En Compa\u00f1\u00eda STJ\",\"isPartOf\":{\"@id\":\"https:\\\/\\\/encompaniastj.org\\\/pt-pt\\\/#website\"},\"primaryImageOfPage\":{\"@id\":\"https:\\\/\\\/encompaniastj.org\\\/pt-pt\\\/irma-joaquina-carreto-martin-2-de-junho-de-2020-salamanca-residencia\\\/#primaryimage\"},\"image\":{\"@id\":\"https:\\\/\\\/encompaniastj.org\\\/pt-pt\\\/irma-joaquina-carreto-martin-2-de-junho-de-2020-salamanca-residencia\\\/#primaryimage\"},\"thumbnailUrl\":\"https:\\\/\\\/encompaniastj.org\\\/wp-content\\\/uploads\\\/2025\\\/05\\\/lavanda.jpg\",\"datePublished\":\"2020-06-02T11:27:00+00:00\",\"dateModified\":\"2025-07-07T14:21:40+00:00\",\"breadcrumb\":{\"@id\":\"https:\\\/\\\/encompaniastj.org\\\/pt-pt\\\/irma-joaquina-carreto-martin-2-de-junho-de-2020-salamanca-residencia\\\/#breadcrumb\"},\"inLanguage\":\"pt-PT\",\"potentialAction\":[{\"@type\":\"ReadAction\",\"target\":[\"https:\\\/\\\/encompaniastj.org\\\/pt-pt\\\/irma-joaquina-carreto-martin-2-de-junho-de-2020-salamanca-residencia\\\/\"]}]},{\"@type\":\"ImageObject\",\"inLanguage\":\"pt-PT\",\"@id\":\"https:\\\/\\\/encompaniastj.org\\\/pt-pt\\\/irma-joaquina-carreto-martin-2-de-junho-de-2020-salamanca-residencia\\\/#primaryimage\",\"url\":\"https:\\\/\\\/encompaniastj.org\\\/wp-content\\\/uploads\\\/2025\\\/05\\\/lavanda.jpg\",\"contentUrl\":\"https:\\\/\\\/encompaniastj.org\\\/wp-content\\\/uploads\\\/2025\\\/05\\\/lavanda.jpg\",\"width\":1920,\"height\":1147},{\"@type\":\"BreadcrumbList\",\"@id\":\"https:\\\/\\\/encompaniastj.org\\\/pt-pt\\\/irma-joaquina-carreto-martin-2-de-junho-de-2020-salamanca-residencia\\\/#breadcrumb\",\"itemListElement\":[{\"@type\":\"ListItem\",\"position\":1,\"name\":\"Portada\",\"item\":\"https:\\\/\\\/encompaniastj.org\\\/pt-pt\\\/\"},{\"@type\":\"ListItem\",\"position\":2,\"name\":\"Irm\u00e3 Joaquina Carre\u00f1o Mart\u00edn. 2 de junho de 2020. (Salamanca-Resid\u00eancia)\"}]},{\"@type\":\"WebSite\",\"@id\":\"https:\\\/\\\/encompaniastj.org\\\/pt-pt\\\/#website\",\"url\":\"https:\\\/\\\/encompaniastj.org\\\/pt-pt\\\/\",\"name\":\"En Compa\u00f1\u00eda STJ\",\"description\":\"Bolet\u00edn de la Compa\u00f1\u00eda de Santa Teresa de Jes\u00fas\",\"publisher\":{\"@id\":\"https:\\\/\\\/encompaniastj.org\\\/pt-pt\\\/#organization\"},\"potentialAction\":[{\"@type\":\"SearchAction\",\"target\":{\"@type\":\"EntryPoint\",\"urlTemplate\":\"https:\\\/\\\/encompaniastj.org\\\/pt-pt\\\/?s={search_term_string}\"},\"query-input\":{\"@type\":\"PropertyValueSpecification\",\"valueRequired\":true,\"valueName\":\"search_term_string\"}}],\"inLanguage\":\"pt-PT\"},{\"@type\":\"Organization\",\"@id\":\"https:\\\/\\\/encompaniastj.org\\\/pt-pt\\\/#organization\",\"name\":\"Compa\u00f1\u00eda de Santa Teresa de Jes\u00fas\",\"url\":\"https:\\\/\\\/encompaniastj.org\\\/pt-pt\\\/\",\"logo\":{\"@type\":\"ImageObject\",\"inLanguage\":\"pt-PT\",\"@id\":\"https:\\\/\\\/encompaniastj.org\\\/pt-pt\\\/#\\\/schema\\\/logo\\\/image\\\/\",\"url\":\"https:\\\/\\\/encompaniastj.org\\\/wp-content\\\/uploads\\\/2025\\\/04\\\/logo_provincias02-1-3.png\",\"contentUrl\":\"https:\\\/\\\/encompaniastj.org\\\/wp-content\\\/uploads\\\/2025\\\/04\\\/logo_provincias02-1-3.png\",\"width\":2368,\"height\":825,\"caption\":\"Compa\u00f1\u00eda de Santa Teresa de Jes\u00fas\"},\"image\":{\"@id\":\"https:\\\/\\\/encompaniastj.org\\\/pt-pt\\\/#\\\/schema\\\/logo\\\/image\\\/\"}},{\"@type\":\"Person\",\"@id\":\"https:\\\/\\\/encompaniastj.org\\\/pt-pt\\\/#\\\/schema\\\/person\\\/520e7ecc314793d40091993c2a02b651\",\"name\":\"admin\",\"image\":{\"@type\":\"ImageObject\",\"inLanguage\":\"pt-PT\",\"@id\":\"https:\\\/\\\/secure.gravatar.com\\\/avatar\\\/948b492cce32b586ac2db0eaa926ee87024f7afe218d73b397ea5ddfc5f43ea1?s=96&d=mm&r=g\",\"url\":\"https:\\\/\\\/secure.gravatar.com\\\/avatar\\\/948b492cce32b586ac2db0eaa926ee87024f7afe218d73b397ea5ddfc5f43ea1?s=96&d=mm&r=g\",\"contentUrl\":\"https:\\\/\\\/secure.gravatar.com\\\/avatar\\\/948b492cce32b586ac2db0eaa926ee87024f7afe218d73b397ea5ddfc5f43ea1?s=96&d=mm&r=g\",\"caption\":\"admin\"},\"sameAs\":[\"https:\\\/\\\/encompaniastj.org\"],\"url\":\"https:\\\/\\\/encompaniastj.org\\\/pt-pt\\\/author\\\/sjdigital\\\/\"}]}<\/script>\n<!-- \/ Yoast SEO plugin. -->","yoast_head_json":{"title":"Irm\u00e3 Joaquina Carre\u00f1o Mart\u00edn. 2 de junho de 2020. (Salamanca-Resid\u00eancia) - En Compa\u00f1\u00eda STJ","robots":{"index":"index","follow":"follow","max-snippet":"max-snippet:-1","max-image-preview":"max-image-preview:large","max-video-preview":"max-video-preview:-1"},"canonical":"https:\/\/encompaniastj.org\/pt-pt\/irma-joaquina-carreto-martin-2-de-junho-de-2020-salamanca-residencia\/","og_locale":"pt_PT","og_type":"article","og_title":"Irm\u00e3 Joaquina Carre\u00f1o Mart\u00edn. 2 de junho de 2020. (Salamanca-Resid\u00eancia) - En Compa\u00f1\u00eda STJ","og_description":"Com a alegria e a gratid\u00e3o pela vida, foi-se apagando lenta e silenciosamente, como uma pequena vela, at\u00e9 encontrar a LUZ definitiva na casa do Pai na madrugada do dia [&hellip;]","og_url":"https:\/\/encompaniastj.org\/pt-pt\/irma-joaquina-carreto-martin-2-de-junho-de-2020-salamanca-residencia\/","og_site_name":"En Compa\u00f1\u00eda STJ","article_published_time":"2020-06-02T11:27:00+00:00","article_modified_time":"2025-07-07T14:21:40+00:00","og_image":[{"width":1920,"height":1147,"url":"https:\/\/encompaniastj.org\/wp-content\/uploads\/2025\/05\/lavanda.jpg","type":"image\/jpeg"}],"author":"admin","twitter_card":"summary_large_image","twitter_misc":{"Escrito por":"admin","Tempo estimado de leitura":"2 minutos"},"schema":{"@context":"https:\/\/schema.org","@graph":[{"@type":"Article","@id":"https:\/\/encompaniastj.org\/pt-pt\/irma-joaquina-carreto-martin-2-de-junho-de-2020-salamanca-residencia\/#article","isPartOf":{"@id":"https:\/\/encompaniastj.org\/pt-pt\/irma-joaquina-carreto-martin-2-de-junho-de-2020-salamanca-residencia\/"},"author":{"name":"admin","@id":"https:\/\/encompaniastj.org\/pt-pt\/#\/schema\/person\/520e7ecc314793d40091993c2a02b651"},"headline":"Irm\u00e3 Joaquina Carre\u00f1o Mart\u00edn. 2 de junho de 2020. (Salamanca-Resid\u00eancia)","datePublished":"2020-06-02T11:27:00+00:00","dateModified":"2025-07-07T14:21:40+00:00","mainEntityOfPage":{"@id":"https:\/\/encompaniastj.org\/pt-pt\/irma-joaquina-carreto-martin-2-de-junho-de-2020-salamanca-residencia\/"},"wordCount":407,"commentCount":0,"publisher":{"@id":"https:\/\/encompaniastj.org\/pt-pt\/#organization"},"image":{"@id":"https:\/\/encompaniastj.org\/pt-pt\/irma-joaquina-carreto-martin-2-de-junho-de-2020-salamanca-residencia\/#primaryimage"},"thumbnailUrl":"https:\/\/encompaniastj.org\/wp-content\/uploads\/2025\/05\/lavanda.jpg","articleSection":["Falecimentos","Fallecimientos"],"inLanguage":"pt-PT","potentialAction":[{"@type":"CommentAction","name":"Comment","target":["https:\/\/encompaniastj.org\/pt-pt\/irma-joaquina-carreto-martin-2-de-junho-de-2020-salamanca-residencia\/#respond"]}]},{"@type":"WebPage","@id":"https:\/\/encompaniastj.org\/pt-pt\/irma-joaquina-carreto-martin-2-de-junho-de-2020-salamanca-residencia\/","url":"https:\/\/encompaniastj.org\/pt-pt\/irma-joaquina-carreto-martin-2-de-junho-de-2020-salamanca-residencia\/","name":"Irm\u00e3 Joaquina Carre\u00f1o Mart\u00edn. 2 de junho de 2020. (Salamanca-Resid\u00eancia) - En Compa\u00f1\u00eda STJ","isPartOf":{"@id":"https:\/\/encompaniastj.org\/pt-pt\/#website"},"primaryImageOfPage":{"@id":"https:\/\/encompaniastj.org\/pt-pt\/irma-joaquina-carreto-martin-2-de-junho-de-2020-salamanca-residencia\/#primaryimage"},"image":{"@id":"https:\/\/encompaniastj.org\/pt-pt\/irma-joaquina-carreto-martin-2-de-junho-de-2020-salamanca-residencia\/#primaryimage"},"thumbnailUrl":"https:\/\/encompaniastj.org\/wp-content\/uploads\/2025\/05\/lavanda.jpg","datePublished":"2020-06-02T11:27:00+00:00","dateModified":"2025-07-07T14:21:40+00:00","breadcrumb":{"@id":"https:\/\/encompaniastj.org\/pt-pt\/irma-joaquina-carreto-martin-2-de-junho-de-2020-salamanca-residencia\/#breadcrumb"},"inLanguage":"pt-PT","potentialAction":[{"@type":"ReadAction","target":["https:\/\/encompaniastj.org\/pt-pt\/irma-joaquina-carreto-martin-2-de-junho-de-2020-salamanca-residencia\/"]}]},{"@type":"ImageObject","inLanguage":"pt-PT","@id":"https:\/\/encompaniastj.org\/pt-pt\/irma-joaquina-carreto-martin-2-de-junho-de-2020-salamanca-residencia\/#primaryimage","url":"https:\/\/encompaniastj.org\/wp-content\/uploads\/2025\/05\/lavanda.jpg","contentUrl":"https:\/\/encompaniastj.org\/wp-content\/uploads\/2025\/05\/lavanda.jpg","width":1920,"height":1147},{"@type":"BreadcrumbList","@id":"https:\/\/encompaniastj.org\/pt-pt\/irma-joaquina-carreto-martin-2-de-junho-de-2020-salamanca-residencia\/#breadcrumb","itemListElement":[{"@type":"ListItem","position":1,"name":"Portada","item":"https:\/\/encompaniastj.org\/pt-pt\/"},{"@type":"ListItem","position":2,"name":"Irm\u00e3 Joaquina Carre\u00f1o Mart\u00edn. 2 de junho de 2020. (Salamanca-Resid\u00eancia)"}]},{"@type":"WebSite","@id":"https:\/\/encompaniastj.org\/pt-pt\/#website","url":"https:\/\/encompaniastj.org\/pt-pt\/","name":"En Compa\u00f1\u00eda STJ","description":"Bolet\u00edn de la Compa\u00f1\u00eda de Santa Teresa de Jes\u00fas","publisher":{"@id":"https:\/\/encompaniastj.org\/pt-pt\/#organization"},"potentialAction":[{"@type":"SearchAction","target":{"@type":"EntryPoint","urlTemplate":"https:\/\/encompaniastj.org\/pt-pt\/?s={search_term_string}"},"query-input":{"@type":"PropertyValueSpecification","valueRequired":true,"valueName":"search_term_string"}}],"inLanguage":"pt-PT"},{"@type":"Organization","@id":"https:\/\/encompaniastj.org\/pt-pt\/#organization","name":"Compa\u00f1\u00eda de Santa Teresa de Jes\u00fas","url":"https:\/\/encompaniastj.org\/pt-pt\/","logo":{"@type":"ImageObject","inLanguage":"pt-PT","@id":"https:\/\/encompaniastj.org\/pt-pt\/#\/schema\/logo\/image\/","url":"https:\/\/encompaniastj.org\/wp-content\/uploads\/2025\/04\/logo_provincias02-1-3.png","contentUrl":"https:\/\/encompaniastj.org\/wp-content\/uploads\/2025\/04\/logo_provincias02-1-3.png","width":2368,"height":825,"caption":"Compa\u00f1\u00eda de Santa Teresa de Jes\u00fas"},"image":{"@id":"https:\/\/encompaniastj.org\/pt-pt\/#\/schema\/logo\/image\/"}},{"@type":"Person","@id":"https:\/\/encompaniastj.org\/pt-pt\/#\/schema\/person\/520e7ecc314793d40091993c2a02b651","name":"admin","image":{"@type":"ImageObject","inLanguage":"pt-PT","@id":"https:\/\/secure.gravatar.com\/avatar\/948b492cce32b586ac2db0eaa926ee87024f7afe218d73b397ea5ddfc5f43ea1?s=96&d=mm&r=g","url":"https:\/\/secure.gravatar.com\/avatar\/948b492cce32b586ac2db0eaa926ee87024f7afe218d73b397ea5ddfc5f43ea1?s=96&d=mm&r=g","contentUrl":"https:\/\/secure.gravatar.com\/avatar\/948b492cce32b586ac2db0eaa926ee87024f7afe218d73b397ea5ddfc5f43ea1?s=96&d=mm&r=g","caption":"admin"},"sameAs":["https:\/\/encompaniastj.org"],"url":"https:\/\/encompaniastj.org\/pt-pt\/author\/sjdigital\/"}]}},"_links":{"self":[{"href":"https:\/\/encompaniastj.org\/pt-pt\/wp-json\/wp\/v2\/posts\/10172","targetHints":{"allow":["GET"]}}],"collection":[{"href":"https:\/\/encompaniastj.org\/pt-pt\/wp-json\/wp\/v2\/posts"}],"about":[{"href":"https:\/\/encompaniastj.org\/pt-pt\/wp-json\/wp\/v2\/types\/post"}],"author":[{"embeddable":true,"href":"https:\/\/encompaniastj.org\/pt-pt\/wp-json\/wp\/v2\/users\/1"}],"replies":[{"embeddable":true,"href":"https:\/\/encompaniastj.org\/pt-pt\/wp-json\/wp\/v2\/comments?post=10172"}],"version-history":[{"count":1,"href":"https:\/\/encompaniastj.org\/pt-pt\/wp-json\/wp\/v2\/posts\/10172\/revisions"}],"predecessor-version":[{"id":10173,"href":"https:\/\/encompaniastj.org\/pt-pt\/wp-json\/wp\/v2\/posts\/10172\/revisions\/10173"}],"wp:featuredmedia":[{"embeddable":true,"href":"https:\/\/encompaniastj.org\/pt-pt\/wp-json\/wp\/v2\/media\/7493"}],"wp:attachment":[{"href":"https:\/\/encompaniastj.org\/pt-pt\/wp-json\/wp\/v2\/media?parent=10172"}],"wp:term":[{"taxonomy":"category","embeddable":true,"href":"https:\/\/encompaniastj.org\/pt-pt\/wp-json\/wp\/v2\/categories?post=10172"},{"taxonomy":"post_tag","embeddable":true,"href":"https:\/\/encompaniastj.org\/pt-pt\/wp-json\/wp\/v2\/tags?post=10172"}],"curies":[{"name":"wp","href":"https:\/\/api.w.org\/{rel}","templated":true}]}}