{"id":10152,"date":"2020-05-25T12:56:30","date_gmt":"2020-05-25T10:56:30","guid":{"rendered":"https:\/\/encompaniastj.org\/no-nosso-confinamento-comunidade-torrent-el-vedat\/"},"modified":"2025-07-07T16:21:40","modified_gmt":"2025-07-07T14:21:40","slug":"no-nosso-confinamento-comunidade-torrent-el-vedat","status":"publish","type":"post","link":"https:\/\/encompaniastj.org\/pt-pt\/no-nosso-confinamento-comunidade-torrent-el-vedat\/","title":{"rendered":"No nosso confinamento \u2013 Comunidade Torrent \u2013 El Vedat"},"content":{"rendered":"\n<p>Quanta NOVIDADE aprendemos em t\u00e3o pouco tempo! Palavras, h\u00e1bitos, tecnologia, siglas, atitudes, gr\u00e1ficos e tudo provocado por algo INVIS\u00cdVEL!<\/p>\n\n<p>Era uma 6.\u00aa feira de tarde quando desped\u00edamos os alunos do col\u00e9gio; aquele movimento acelerado parecia mais ser o final de trimestre do que algo diferente que estava a chegar, porque n\u00e3o sab\u00edamos quanto tempo ia durar o adeus.<\/p>\n\n<p>Os primeiros dias foram estranhos: separadas das irm\u00e3s da Resid\u00eancia, sem sair, sem as rotinas quotidianas, escutando not\u00edcias, interligadas, e aproveitando o tempo em ordenar e limpar \u2013pap\u00e9is, arm\u00e1rios-, cancelando visitas e viagens, e um etc. sem fim. Foi oportuno que no fim do segundo dia nos reun\u00edssemos para partilharmos como nos SENT\u00cdAMOS, como est\u00e1vamos n\u00f3s, as nossas fam\u00edlias, amigos\u2026 e como SA\u00cdAMOS depois desse encontro. Falar, ajudou-nos para ver esta situa\u00e7\u00e3o como um tempo FAVOR\u00c1VEL para cuidar as rela\u00e7\u00f5es pessoais e o trato com Jesus. A seguir veio a ajuda da equipa de forma\u00e7\u00e3o que agradecemos porque nos enriquecia a n\u00f3s e \u00e0s nossas conversas.  <\/p>\n\n<p>Ao ver que o tempo de confinamento se prolongava, reorganiz\u00e1mos o nosso ritmo di\u00e1rio, para dedicar mais tempo a Jesus e a CUIDAR-NOS; servimo-nos do livro O PERD\u00c3O de Francesc Torralba. No fim da tarde dedic\u00e1vamos um tempo a ler e lemos que \u201cO perd\u00e3o nunca \u00e9 uma casualidade. T\u00e3o pouco \u00e9 uma necessidade da natureza, nem uma fatalidade hist\u00f3rica. \u00c9, de alguma maneira, um ato humano, uma express\u00e3o da mais profunda liberdade, uma manifesta\u00e7\u00e3o da criatividade. O perd\u00e3o nunca se faz de maneira instintiva ou mec\u00e2nica. \u00c9 a consequ\u00eancia de um esfor\u00e7o, de um ato volunt\u00e1rio depois de superar o orgulho ferido. N\u00e3o \u00e9 f\u00e1cil perdoar, mas \u00e9 poss\u00edvel\u201d. N\u00f3s faz\u00edamo-nos preguntas acerca de como viver o perd\u00e3o na nossa realidade, que atitudes o favorecem e quais o podem atrai\u00e7oar.<\/p>\n\n<p>Ao ver que o tempo de confinamento se prolongava, reorganiz\u00e1mos o nosso ritmo di\u00e1rio, para dedicar mais tempo a Jesus e a CUIDAR-NOS; servimo-nos do livro O PERD\u00c3O de Francesc Torralba. No fim da tarde dedic\u00e1vamos um tempo a ler e lemos que \u201cO perd\u00e3o nunca \u00e9 uma casualidade. T\u00e3o pouco \u00e9 uma necessidade da natureza, nem uma fatalidade hist\u00f3rica. \u00c9, de alguma maneira, um ato humano, uma express\u00e3o da mais profunda liberdade, uma manifesta\u00e7\u00e3o da criatividade. O perd\u00e3o nunca se faz de maneira instintiva ou mec\u00e2nica. \u00c9 a consequ\u00eancia de um esfor\u00e7o, de um ato volunt\u00e1rio depois de superar o orgulho ferido. N\u00e3o \u00e9 f\u00e1cil perdoar, mas \u00e9 poss\u00edvel\u201d. N\u00f3s faz\u00edamo-nos preguntas acerca de como viver o perd\u00e3o na nossa realidade, que atitudes o favorecem e quais o podem atrai\u00e7oar.<\/p>\n\n<p>Ao ver que o tempo de confinamento se prolongava, reorganiz\u00e1mos o nosso ritmo di\u00e1rio, para dedicar mais tempo a Jesus e a CUIDAR-NOS; servimo-nos do livro O PERD\u00c3O de Francesc Torralba. No fim da tarde dedic\u00e1vamos um tempo a ler e lemos que \u201cO perd\u00e3o nunca \u00e9 uma casualidade. T\u00e3o pouco \u00e9 uma necessidade da natureza, nem uma fatalidade hist\u00f3rica. \u00c9, de alguma maneira, um ato humano, uma express\u00e3o da mais profunda liberdade, uma manifesta\u00e7\u00e3o da criatividade. O perd\u00e3o nunca se faz de maneira instintiva ou mec\u00e2nica. \u00c9 a consequ\u00eancia de um esfor\u00e7o, de um ato volunt\u00e1rio depois de superar o orgulho ferido. N\u00e3o \u00e9 f\u00e1cil perdoar, mas \u00e9 poss\u00edvel\u201d. N\u00f3s faz\u00edamo-nos preguntas acerca de como viver o perd\u00e3o na nossa realidade, que atitudes o favorecem e quais o podem atrai\u00e7oar.<\/p>\n\n<p>Um dia de tantos, algu\u00e9m lan\u00e7ou a ideia de fazer os Exerc\u00edcios Espirituais como comunidade. A verdade \u00e9 que os espa\u00e7os tanto interiores como exteriores respondiam ao ambiente de silencio e ora\u00e7\u00e3o. E\u2026 decidimo-nos a faz\u00ea-los! Acompanhou-nos \u201cem \u00e1udio\u201d Mikel Hernansanz ofm, oferecendo-nos: \u201cSurpresas que nos fazem dan\u00e7ar\u201d e a verdade \u00e9 que estivemos bem com o Senhor e vamos aprendendo a <strong>levar a vida ao evangelho e o evangelho \u00e0 vida.<\/strong><\/p>\n\n<p>Um dia de tantos, algu\u00e9m lan\u00e7ou a ideia de fazer os Exerc\u00edcios Espirituais como comunidade. A verdade \u00e9 que os espa\u00e7os tanto interiores como exteriores respondiam ao ambiente de silencio e ora\u00e7\u00e3o. E\u2026 decidimo-nos a faz\u00ea-los! Acompanhou-nos \u201cem \u00e1udio\u201d Mikel Hernansanz ofm, oferecendo-nos: \u201cSurpresas que nos fazem dan\u00e7ar\u201d e a verdade \u00e9 que estivemos bem com o Senhor e vamos aprendendo a levar a vida ao evangelho e o evangelho \u00e0 vida.<\/p>\n\n<p>Comunidade -  Torrent \u2013 El Vedat <\/p>\n\n<ul class=\"wp-block-gallery columns-1 is-cropped wp-block-gallery-1 is-layout-flex wp-block-gallery-is-layout-flex\">\n<li class=\"blocks-gallery-item\"><figure><a href=\"https:\/\/encompaniastj.org\/wp-content\/uploads\/2025\/05\/El-Vedat-Torrent.jpg\"><img decoding=\"async\" src=\"https:\/\/encompaniastj.org\/wp-content\/uploads\/2025\/05\/El-Vedat-Torrent.jpg\" alt=\"\" data-id=\"6596\" data-link=\"https:\/\/encompaniastj.org\/?attachment_id=6596\" class=\"wp-image-6596\"><\/a><\/figure><\/li>\n<li class=\"blocks-gallery-item\"><figure><a href=\"https:\/\/encompaniastj.org\/wp-content\/uploads\/2025\/05\/El-Vedat-2-1.jpg\"><img decoding=\"async\" src=\"https:\/\/encompaniastj.org\/wp-content\/uploads\/2025\/05\/El-Vedat-2-1.jpg\" alt=\"\" data-id=\"6594\" data-link=\"https:\/\/encompaniastj.org\/?attachment_id=6594\" class=\"wp-image-6594\"><\/a><\/figure><\/li>\n<\/ul>","protected":false},"excerpt":{"rendered":"<p>Quanta NOVIDADE aprendemos em t\u00e3o pouco tempo! Palavras, h\u00e1bitos, tecnologia, siglas, atitudes, gr\u00e1ficos e tudo provocado por algo INVIS\u00cdVEL! Era uma 6.\u00aa feira de tarde quando desped\u00edamos os alunos do [&hellip;]<\/p>\n","protected":false},"author":1,"featured_media":7483,"comment_status":"open","ping_status":"open","sticky":false,"template":"","format":"standard","meta":{"_acf_changed":false,"footnotes":""},"categories":[61,62,68,82],"tags":[],"class_list":["post-10152","post","type-post","status-publish","format-standard","has-post-thumbnail","hentry","category-noticias","category-otras","category-outras","category-sin-categorizar"],"acf":[],"yoast_head":"<!-- This site is optimized with the Yoast SEO plugin v27.5 - https:\/\/yoast.com\/product\/yoast-seo-wordpress\/ -->\n<title>No nosso confinamento \u2013 Comunidade Torrent \u2013 El Vedat - En Compa\u00f1\u00eda STJ<\/title>\n<meta name=\"robots\" content=\"index, follow, max-snippet:-1, max-image-preview:large, max-video-preview:-1\" \/>\n<link rel=\"canonical\" href=\"https:\/\/encompaniastj.org\/pt-pt\/no-nosso-confinamento-comunidade-torrent-el-vedat\/\" \/>\n<meta property=\"og:locale\" content=\"pt_PT\" \/>\n<meta property=\"og:type\" content=\"article\" \/>\n<meta property=\"og:title\" content=\"No nosso confinamento \u2013 Comunidade Torrent \u2013 El Vedat - En Compa\u00f1\u00eda STJ\" \/>\n<meta property=\"og:description\" content=\"Quanta NOVIDADE aprendemos em t\u00e3o pouco tempo! Palavras, h\u00e1bitos, tecnologia, siglas, atitudes, gr\u00e1ficos e tudo provocado por algo INVIS\u00cdVEL! Era uma 6.\u00aa feira de tarde quando desped\u00edamos os alunos do [&hellip;]\" \/>\n<meta property=\"og:url\" content=\"https:\/\/encompaniastj.org\/pt-pt\/no-nosso-confinamento-comunidade-torrent-el-vedat\/\" \/>\n<meta property=\"og:site_name\" content=\"En Compa\u00f1\u00eda STJ\" \/>\n<meta property=\"article:published_time\" content=\"2020-05-25T10:56:30+00:00\" \/>\n<meta property=\"article:modified_time\" content=\"2025-07-07T14:21:40+00:00\" \/>\n<meta property=\"og:image\" content=\"https:\/\/encompaniastj.org\/wp-content\/uploads\/2025\/05\/El-VEdat-.jpg\" \/>\n\t<meta property=\"og:image:width\" content=\"1291\" \/>\n\t<meta property=\"og:image:height\" content=\"727\" \/>\n\t<meta property=\"og:image:type\" content=\"image\/jpeg\" \/>\n<meta name=\"author\" content=\"admin\" \/>\n<meta name=\"twitter:card\" content=\"summary_large_image\" \/>\n<meta name=\"twitter:label1\" content=\"Escrito por\" \/>\n\t<meta name=\"twitter:data1\" content=\"admin\" \/>\n\t<meta name=\"twitter:label2\" content=\"Tempo estimado de leitura\" \/>\n\t<meta name=\"twitter:data2\" content=\"4 minutos\" \/>\n<script type=\"application\/ld+json\" class=\"yoast-schema-graph\">{\"@context\":\"https:\\\/\\\/schema.org\",\"@graph\":[{\"@type\":\"Article\",\"@id\":\"https:\\\/\\\/encompaniastj.org\\\/pt-pt\\\/no-nosso-confinamento-comunidade-torrent-el-vedat\\\/#article\",\"isPartOf\":{\"@id\":\"https:\\\/\\\/encompaniastj.org\\\/pt-pt\\\/no-nosso-confinamento-comunidade-torrent-el-vedat\\\/\"},\"author\":{\"name\":\"admin\",\"@id\":\"https:\\\/\\\/encompaniastj.org\\\/pt-pt\\\/#\\\/schema\\\/person\\\/520e7ecc314793d40091993c2a02b651\"},\"headline\":\"No nosso confinamento \u2013 Comunidade Torrent \u2013 El Vedat\",\"datePublished\":\"2020-05-25T10:56:30+00:00\",\"dateModified\":\"2025-07-07T14:21:40+00:00\",\"mainEntityOfPage\":{\"@id\":\"https:\\\/\\\/encompaniastj.org\\\/pt-pt\\\/no-nosso-confinamento-comunidade-torrent-el-vedat\\\/\"},\"wordCount\":789,\"commentCount\":0,\"publisher\":{\"@id\":\"https:\\\/\\\/encompaniastj.org\\\/pt-pt\\\/#organization\"},\"image\":{\"@id\":\"https:\\\/\\\/encompaniastj.org\\\/pt-pt\\\/no-nosso-confinamento-comunidade-torrent-el-vedat\\\/#primaryimage\"},\"thumbnailUrl\":\"https:\\\/\\\/encompaniastj.org\\\/wp-content\\\/uploads\\\/2025\\\/05\\\/El-VEdat-.jpg\",\"articleSection\":[\"Noticias\",\"Otras\",\"Outras\",\"Sin categorizar\"],\"inLanguage\":\"pt-PT\",\"potentialAction\":[{\"@type\":\"CommentAction\",\"name\":\"Comment\",\"target\":[\"https:\\\/\\\/encompaniastj.org\\\/pt-pt\\\/no-nosso-confinamento-comunidade-torrent-el-vedat\\\/#respond\"]}]},{\"@type\":\"WebPage\",\"@id\":\"https:\\\/\\\/encompaniastj.org\\\/pt-pt\\\/no-nosso-confinamento-comunidade-torrent-el-vedat\\\/\",\"url\":\"https:\\\/\\\/encompaniastj.org\\\/pt-pt\\\/no-nosso-confinamento-comunidade-torrent-el-vedat\\\/\",\"name\":\"No nosso confinamento \u2013 Comunidade Torrent \u2013 El Vedat - En Compa\u00f1\u00eda STJ\",\"isPartOf\":{\"@id\":\"https:\\\/\\\/encompaniastj.org\\\/pt-pt\\\/#website\"},\"primaryImageOfPage\":{\"@id\":\"https:\\\/\\\/encompaniastj.org\\\/pt-pt\\\/no-nosso-confinamento-comunidade-torrent-el-vedat\\\/#primaryimage\"},\"image\":{\"@id\":\"https:\\\/\\\/encompaniastj.org\\\/pt-pt\\\/no-nosso-confinamento-comunidade-torrent-el-vedat\\\/#primaryimage\"},\"thumbnailUrl\":\"https:\\\/\\\/encompaniastj.org\\\/wp-content\\\/uploads\\\/2025\\\/05\\\/El-VEdat-.jpg\",\"datePublished\":\"2020-05-25T10:56:30+00:00\",\"dateModified\":\"2025-07-07T14:21:40+00:00\",\"breadcrumb\":{\"@id\":\"https:\\\/\\\/encompaniastj.org\\\/pt-pt\\\/no-nosso-confinamento-comunidade-torrent-el-vedat\\\/#breadcrumb\"},\"inLanguage\":\"pt-PT\",\"potentialAction\":[{\"@type\":\"ReadAction\",\"target\":[\"https:\\\/\\\/encompaniastj.org\\\/pt-pt\\\/no-nosso-confinamento-comunidade-torrent-el-vedat\\\/\"]}]},{\"@type\":\"ImageObject\",\"inLanguage\":\"pt-PT\",\"@id\":\"https:\\\/\\\/encompaniastj.org\\\/pt-pt\\\/no-nosso-confinamento-comunidade-torrent-el-vedat\\\/#primaryimage\",\"url\":\"https:\\\/\\\/encompaniastj.org\\\/wp-content\\\/uploads\\\/2025\\\/05\\\/El-VEdat-.jpg\",\"contentUrl\":\"https:\\\/\\\/encompaniastj.org\\\/wp-content\\\/uploads\\\/2025\\\/05\\\/El-VEdat-.jpg\",\"width\":1291,\"height\":727},{\"@type\":\"BreadcrumbList\",\"@id\":\"https:\\\/\\\/encompaniastj.org\\\/pt-pt\\\/no-nosso-confinamento-comunidade-torrent-el-vedat\\\/#breadcrumb\",\"itemListElement\":[{\"@type\":\"ListItem\",\"position\":1,\"name\":\"Portada\",\"item\":\"https:\\\/\\\/encompaniastj.org\\\/pt-pt\\\/\"},{\"@type\":\"ListItem\",\"position\":2,\"name\":\"No nosso confinamento \u2013 Comunidade Torrent \u2013 El Vedat\"}]},{\"@type\":\"WebSite\",\"@id\":\"https:\\\/\\\/encompaniastj.org\\\/pt-pt\\\/#website\",\"url\":\"https:\\\/\\\/encompaniastj.org\\\/pt-pt\\\/\",\"name\":\"En Compa\u00f1\u00eda STJ\",\"description\":\"Bolet\u00edn de la Compa\u00f1\u00eda de Santa Teresa de Jes\u00fas\",\"publisher\":{\"@id\":\"https:\\\/\\\/encompaniastj.org\\\/pt-pt\\\/#organization\"},\"potentialAction\":[{\"@type\":\"SearchAction\",\"target\":{\"@type\":\"EntryPoint\",\"urlTemplate\":\"https:\\\/\\\/encompaniastj.org\\\/pt-pt\\\/?s={search_term_string}\"},\"query-input\":{\"@type\":\"PropertyValueSpecification\",\"valueRequired\":true,\"valueName\":\"search_term_string\"}}],\"inLanguage\":\"pt-PT\"},{\"@type\":\"Organization\",\"@id\":\"https:\\\/\\\/encompaniastj.org\\\/pt-pt\\\/#organization\",\"name\":\"Compa\u00f1\u00eda de Santa Teresa de Jes\u00fas\",\"url\":\"https:\\\/\\\/encompaniastj.org\\\/pt-pt\\\/\",\"logo\":{\"@type\":\"ImageObject\",\"inLanguage\":\"pt-PT\",\"@id\":\"https:\\\/\\\/encompaniastj.org\\\/pt-pt\\\/#\\\/schema\\\/logo\\\/image\\\/\",\"url\":\"https:\\\/\\\/encompaniastj.org\\\/wp-content\\\/uploads\\\/2025\\\/04\\\/logo_provincias02-1-3.png\",\"contentUrl\":\"https:\\\/\\\/encompaniastj.org\\\/wp-content\\\/uploads\\\/2025\\\/04\\\/logo_provincias02-1-3.png\",\"width\":2368,\"height\":825,\"caption\":\"Compa\u00f1\u00eda de Santa Teresa de Jes\u00fas\"},\"image\":{\"@id\":\"https:\\\/\\\/encompaniastj.org\\\/pt-pt\\\/#\\\/schema\\\/logo\\\/image\\\/\"}},{\"@type\":\"Person\",\"@id\":\"https:\\\/\\\/encompaniastj.org\\\/pt-pt\\\/#\\\/schema\\\/person\\\/520e7ecc314793d40091993c2a02b651\",\"name\":\"admin\",\"image\":{\"@type\":\"ImageObject\",\"inLanguage\":\"pt-PT\",\"@id\":\"https:\\\/\\\/secure.gravatar.com\\\/avatar\\\/948b492cce32b586ac2db0eaa926ee87024f7afe218d73b397ea5ddfc5f43ea1?s=96&d=mm&r=g\",\"url\":\"https:\\\/\\\/secure.gravatar.com\\\/avatar\\\/948b492cce32b586ac2db0eaa926ee87024f7afe218d73b397ea5ddfc5f43ea1?s=96&d=mm&r=g\",\"contentUrl\":\"https:\\\/\\\/secure.gravatar.com\\\/avatar\\\/948b492cce32b586ac2db0eaa926ee87024f7afe218d73b397ea5ddfc5f43ea1?s=96&d=mm&r=g\",\"caption\":\"admin\"},\"sameAs\":[\"https:\\\/\\\/encompaniastj.org\"],\"url\":\"https:\\\/\\\/encompaniastj.org\\\/pt-pt\\\/author\\\/sjdigital\\\/\"}]}<\/script>\n<!-- \/ Yoast SEO plugin. -->","yoast_head_json":{"title":"No nosso confinamento \u2013 Comunidade Torrent \u2013 El Vedat - En Compa\u00f1\u00eda STJ","robots":{"index":"index","follow":"follow","max-snippet":"max-snippet:-1","max-image-preview":"max-image-preview:large","max-video-preview":"max-video-preview:-1"},"canonical":"https:\/\/encompaniastj.org\/pt-pt\/no-nosso-confinamento-comunidade-torrent-el-vedat\/","og_locale":"pt_PT","og_type":"article","og_title":"No nosso confinamento \u2013 Comunidade Torrent \u2013 El Vedat - En Compa\u00f1\u00eda STJ","og_description":"Quanta NOVIDADE aprendemos em t\u00e3o pouco tempo! Palavras, h\u00e1bitos, tecnologia, siglas, atitudes, gr\u00e1ficos e tudo provocado por algo INVIS\u00cdVEL! Era uma 6.\u00aa feira de tarde quando desped\u00edamos os alunos do [&hellip;]","og_url":"https:\/\/encompaniastj.org\/pt-pt\/no-nosso-confinamento-comunidade-torrent-el-vedat\/","og_site_name":"En Compa\u00f1\u00eda STJ","article_published_time":"2020-05-25T10:56:30+00:00","article_modified_time":"2025-07-07T14:21:40+00:00","og_image":[{"width":1291,"height":727,"url":"https:\/\/encompaniastj.org\/wp-content\/uploads\/2025\/05\/El-VEdat-.jpg","type":"image\/jpeg"}],"author":"admin","twitter_card":"summary_large_image","twitter_misc":{"Escrito por":"admin","Tempo estimado de leitura":"4 minutos"},"schema":{"@context":"https:\/\/schema.org","@graph":[{"@type":"Article","@id":"https:\/\/encompaniastj.org\/pt-pt\/no-nosso-confinamento-comunidade-torrent-el-vedat\/#article","isPartOf":{"@id":"https:\/\/encompaniastj.org\/pt-pt\/no-nosso-confinamento-comunidade-torrent-el-vedat\/"},"author":{"name":"admin","@id":"https:\/\/encompaniastj.org\/pt-pt\/#\/schema\/person\/520e7ecc314793d40091993c2a02b651"},"headline":"No nosso confinamento \u2013 Comunidade Torrent \u2013 El Vedat","datePublished":"2020-05-25T10:56:30+00:00","dateModified":"2025-07-07T14:21:40+00:00","mainEntityOfPage":{"@id":"https:\/\/encompaniastj.org\/pt-pt\/no-nosso-confinamento-comunidade-torrent-el-vedat\/"},"wordCount":789,"commentCount":0,"publisher":{"@id":"https:\/\/encompaniastj.org\/pt-pt\/#organization"},"image":{"@id":"https:\/\/encompaniastj.org\/pt-pt\/no-nosso-confinamento-comunidade-torrent-el-vedat\/#primaryimage"},"thumbnailUrl":"https:\/\/encompaniastj.org\/wp-content\/uploads\/2025\/05\/El-VEdat-.jpg","articleSection":["Noticias","Otras","Outras","Sin categorizar"],"inLanguage":"pt-PT","potentialAction":[{"@type":"CommentAction","name":"Comment","target":["https:\/\/encompaniastj.org\/pt-pt\/no-nosso-confinamento-comunidade-torrent-el-vedat\/#respond"]}]},{"@type":"WebPage","@id":"https:\/\/encompaniastj.org\/pt-pt\/no-nosso-confinamento-comunidade-torrent-el-vedat\/","url":"https:\/\/encompaniastj.org\/pt-pt\/no-nosso-confinamento-comunidade-torrent-el-vedat\/","name":"No nosso confinamento \u2013 Comunidade Torrent \u2013 El Vedat - En Compa\u00f1\u00eda STJ","isPartOf":{"@id":"https:\/\/encompaniastj.org\/pt-pt\/#website"},"primaryImageOfPage":{"@id":"https:\/\/encompaniastj.org\/pt-pt\/no-nosso-confinamento-comunidade-torrent-el-vedat\/#primaryimage"},"image":{"@id":"https:\/\/encompaniastj.org\/pt-pt\/no-nosso-confinamento-comunidade-torrent-el-vedat\/#primaryimage"},"thumbnailUrl":"https:\/\/encompaniastj.org\/wp-content\/uploads\/2025\/05\/El-VEdat-.jpg","datePublished":"2020-05-25T10:56:30+00:00","dateModified":"2025-07-07T14:21:40+00:00","breadcrumb":{"@id":"https:\/\/encompaniastj.org\/pt-pt\/no-nosso-confinamento-comunidade-torrent-el-vedat\/#breadcrumb"},"inLanguage":"pt-PT","potentialAction":[{"@type":"ReadAction","target":["https:\/\/encompaniastj.org\/pt-pt\/no-nosso-confinamento-comunidade-torrent-el-vedat\/"]}]},{"@type":"ImageObject","inLanguage":"pt-PT","@id":"https:\/\/encompaniastj.org\/pt-pt\/no-nosso-confinamento-comunidade-torrent-el-vedat\/#primaryimage","url":"https:\/\/encompaniastj.org\/wp-content\/uploads\/2025\/05\/El-VEdat-.jpg","contentUrl":"https:\/\/encompaniastj.org\/wp-content\/uploads\/2025\/05\/El-VEdat-.jpg","width":1291,"height":727},{"@type":"BreadcrumbList","@id":"https:\/\/encompaniastj.org\/pt-pt\/no-nosso-confinamento-comunidade-torrent-el-vedat\/#breadcrumb","itemListElement":[{"@type":"ListItem","position":1,"name":"Portada","item":"https:\/\/encompaniastj.org\/pt-pt\/"},{"@type":"ListItem","position":2,"name":"No nosso confinamento \u2013 Comunidade Torrent \u2013 El Vedat"}]},{"@type":"WebSite","@id":"https:\/\/encompaniastj.org\/pt-pt\/#website","url":"https:\/\/encompaniastj.org\/pt-pt\/","name":"En Compa\u00f1\u00eda STJ","description":"Bolet\u00edn de la Compa\u00f1\u00eda de Santa Teresa de Jes\u00fas","publisher":{"@id":"https:\/\/encompaniastj.org\/pt-pt\/#organization"},"potentialAction":[{"@type":"SearchAction","target":{"@type":"EntryPoint","urlTemplate":"https:\/\/encompaniastj.org\/pt-pt\/?s={search_term_string}"},"query-input":{"@type":"PropertyValueSpecification","valueRequired":true,"valueName":"search_term_string"}}],"inLanguage":"pt-PT"},{"@type":"Organization","@id":"https:\/\/encompaniastj.org\/pt-pt\/#organization","name":"Compa\u00f1\u00eda de Santa Teresa de Jes\u00fas","url":"https:\/\/encompaniastj.org\/pt-pt\/","logo":{"@type":"ImageObject","inLanguage":"pt-PT","@id":"https:\/\/encompaniastj.org\/pt-pt\/#\/schema\/logo\/image\/","url":"https:\/\/encompaniastj.org\/wp-content\/uploads\/2025\/04\/logo_provincias02-1-3.png","contentUrl":"https:\/\/encompaniastj.org\/wp-content\/uploads\/2025\/04\/logo_provincias02-1-3.png","width":2368,"height":825,"caption":"Compa\u00f1\u00eda de Santa Teresa de Jes\u00fas"},"image":{"@id":"https:\/\/encompaniastj.org\/pt-pt\/#\/schema\/logo\/image\/"}},{"@type":"Person","@id":"https:\/\/encompaniastj.org\/pt-pt\/#\/schema\/person\/520e7ecc314793d40091993c2a02b651","name":"admin","image":{"@type":"ImageObject","inLanguage":"pt-PT","@id":"https:\/\/secure.gravatar.com\/avatar\/948b492cce32b586ac2db0eaa926ee87024f7afe218d73b397ea5ddfc5f43ea1?s=96&d=mm&r=g","url":"https:\/\/secure.gravatar.com\/avatar\/948b492cce32b586ac2db0eaa926ee87024f7afe218d73b397ea5ddfc5f43ea1?s=96&d=mm&r=g","contentUrl":"https:\/\/secure.gravatar.com\/avatar\/948b492cce32b586ac2db0eaa926ee87024f7afe218d73b397ea5ddfc5f43ea1?s=96&d=mm&r=g","caption":"admin"},"sameAs":["https:\/\/encompaniastj.org"],"url":"https:\/\/encompaniastj.org\/pt-pt\/author\/sjdigital\/"}]}},"_links":{"self":[{"href":"https:\/\/encompaniastj.org\/pt-pt\/wp-json\/wp\/v2\/posts\/10152","targetHints":{"allow":["GET"]}}],"collection":[{"href":"https:\/\/encompaniastj.org\/pt-pt\/wp-json\/wp\/v2\/posts"}],"about":[{"href":"https:\/\/encompaniastj.org\/pt-pt\/wp-json\/wp\/v2\/types\/post"}],"author":[{"embeddable":true,"href":"https:\/\/encompaniastj.org\/pt-pt\/wp-json\/wp\/v2\/users\/1"}],"replies":[{"embeddable":true,"href":"https:\/\/encompaniastj.org\/pt-pt\/wp-json\/wp\/v2\/comments?post=10152"}],"version-history":[{"count":1,"href":"https:\/\/encompaniastj.org\/pt-pt\/wp-json\/wp\/v2\/posts\/10152\/revisions"}],"predecessor-version":[{"id":10153,"href":"https:\/\/encompaniastj.org\/pt-pt\/wp-json\/wp\/v2\/posts\/10152\/revisions\/10153"}],"wp:featuredmedia":[{"embeddable":true,"href":"https:\/\/encompaniastj.org\/pt-pt\/wp-json\/wp\/v2\/media\/7483"}],"wp:attachment":[{"href":"https:\/\/encompaniastj.org\/pt-pt\/wp-json\/wp\/v2\/media?parent=10152"}],"wp:term":[{"taxonomy":"category","embeddable":true,"href":"https:\/\/encompaniastj.org\/pt-pt\/wp-json\/wp\/v2\/categories?post=10152"},{"taxonomy":"post_tag","embeddable":true,"href":"https:\/\/encompaniastj.org\/pt-pt\/wp-json\/wp\/v2\/tags?post=10152"}],"curies":[{"name":"wp","href":"https:\/\/api.w.org\/{rel}","templated":true}]}}