{"id":10146,"date":"2020-05-23T15:37:01","date_gmt":"2020-05-23T13:37:01","guid":{"rendered":"https:\/\/encompaniastj.org\/tempo-de-agradecer\/"},"modified":"2025-07-07T16:21:38","modified_gmt":"2025-07-07T14:21:38","slug":"tempo-de-agradecer","status":"publish","type":"post","link":"https:\/\/encompaniastj.org\/pt-pt\/tempo-de-agradecer\/","title":{"rendered":"Tempo de agradecer"},"content":{"rendered":"\n<p>Vivo nestes dias de \u201cdesconfinamento\u201d sensa\u00e7\u00f5es contradit\u00f3rias. A vida vai avan\u00e7ando e tem que se dar lugar a que possa emergir. Est\u00e1 pressionando a necessidade de que se mova a economia de tant\u00edssimos sectores da sociedade. H\u00e1 muit\u00edssimo empobrecimento. Mas tamb\u00e9m est\u00e1 o v\u00edrus da morte. E todos temos a responsabilidade de cuidar uns dos outros, conscientes da vulnerabilidade coletiva que nos envolve.<\/p>\n\n<p>Algo em mim me convida a \u201cn\u00e3o correr\u201d demasiado, a n\u00e3o precipitar o campo de aprendizagens deste per\u00edodo que me levaram, e nos levaram, a \u201csair\u201d para voltar a fazer o mesmo! Tenho a sensa\u00e7\u00e3o de que o trabalho pessoal e social entre n\u00f3s ainda n\u00e3o terminou. E que deste confinamento, o Esp\u00edrito tem a dizer uma palavra.<\/p>\n\n<p>No meio de uma conjuntura de confinamento excecional e consciente de tanto sofrimento agitando as pessoas e paralisando a sociedade, reconheci ao mesmo tempo, tendo recebido tanto!... que o verbo que mais conjuguei na ativa e na passiva \u00e9 AGRADECER.<\/p>\n\n<p>Longas semanas a habitar \u201ca pr\u00f3pria casa\u201d e de reconhec\u00ea-la \u201ct\u00e3o cheia de bens\u201d \u2026, como diria a Santa, que dou gra\u00e7as ao Senhor por esta certeza de que est\u00e1, de poder viver a dor com sentido, a fragilidade como criatura sustentada no mist\u00e9rio, e a f\u00e9 como responsabilidade de cuidado e ajuda para os outros.<\/p>\n\n<p>Ao compasso do itiner\u00e1rio lit\u00fargico, atravessei uma Quaresma-quarentena de volta ao essencial, de recolocar os \u201cimprescind\u00edveis\u201d, de simplificar e simplificar-me\u2026E bem quisera saber confinar isso. S\u00f3 saborear o ter casa, comida e trabalho me deu uma consci\u00eancia de privilegiada, impressionante!<\/p>\n\n<p>Fiquei em casa dos meus pais para cuid\u00e1-los e sinto que s\u00e3o eles os que me cuidam, me humanizam, me s\u00e3o testemunhas de ora\u00e7\u00e3o e sacrif\u00edcio comprometido com os sofredores de hoje, enchem-me de ternura e me indicam o mais profundo e essencial da pessoa, o que n\u00e3o se desmorona, o amor que lhe d\u00e1 consist\u00eancia, a for\u00e7a da f\u00e9,  a limita\u00e7\u00e3o confiada nas m\u00e3os do Senhor\u2026<\/p>\n\n<p>Este ano o envio \u00e0 Galileia que o Ressuscitado me fez foi muito para dentro, e ao mesmo tempo muito perme\u00e1vel para reconhecer seus sinais por fora. Em comunh\u00e3o de Irm\u00e3s. Em refer\u00eancia \u00e0 minha comunidade, os nossos trabalhos e situa\u00e7\u00f5es. Em identifica\u00e7\u00e3o com tantos volunt\u00e1rios e volunt\u00e1rias que est\u00e3o colocando cabe\u00e7a, cora\u00e7\u00e3o e criatividade nas C\u00e1ritas paroquiais. Em cumplicidade simp\u00e1tica com a cidadania que esteve pondo ao servi\u00e7o solid\u00e1rio a sua m\u00fasica, os seus saberes, os seus tempos, as suas iniciativas.  Em liga\u00e7\u00e3o com fam\u00edlias e meninos que aguentam o dif\u00edcil da vida de casa, com os trabalhadores da sa\u00fade e profissionais que nos cuidam, que investigam e nos servem\u2026, com quem est\u00e1 oferecendo a sua reflex\u00e3o cr\u00edtica perante o desenvolvimento das coisas, com aqueles que sustentam desemprego, tristeza ou doen\u00e7a\u2026<\/p>\n\n<p>P\u00e1scoa \u00e9 tempo prop\u00edcio para buscas. Para partilhar como vamos vivendo a Boa Nova. Para prestar aten\u00e7\u00e3o a transforma\u00e7\u00f5es, para insistir nelas. Uma P\u00e1scoa do Esp\u00edrito pela frente para reconhec\u00ea-Lo no quotidiano, para ir aprendendo a viver com a plenitude \u00e0 qual estamos chamadas, para contribuir na sociedade da qual queremos formar parte.<\/p>\n\n<p>Teresa Ros Climent,\nstj<\/p>\n","protected":false},"excerpt":{"rendered":"<p>Vivo nestes dias de \u201cdesconfinamento\u201d sensa\u00e7\u00f5es contradit\u00f3rias. A vida vai avan\u00e7ando e tem que se dar lugar a que possa emergir. Est\u00e1 pressionando a necessidade de que se mova a [&hellip;]<\/p>\n","protected":false},"author":1,"featured_media":7480,"comment_status":"open","ping_status":"open","sticky":false,"template":"","format":"standard","meta":{"_acf_changed":false,"footnotes":""},"categories":[61,62,68],"tags":[],"class_list":["post-10146","post","type-post","status-publish","format-standard","has-post-thumbnail","hentry","category-noticias","category-otras","category-outras"],"acf":[],"yoast_head":"<!-- This site is optimized with the Yoast SEO plugin v27.5 - https:\/\/yoast.com\/product\/yoast-seo-wordpress\/ -->\n<title>Tempo de agradecer - En Compa\u00f1\u00eda STJ<\/title>\n<meta name=\"robots\" content=\"index, follow, max-snippet:-1, max-image-preview:large, max-video-preview:-1\" \/>\n<link rel=\"canonical\" href=\"https:\/\/encompaniastj.org\/pt-pt\/tempo-de-agradecer\/\" \/>\n<meta property=\"og:locale\" content=\"pt_PT\" \/>\n<meta property=\"og:type\" content=\"article\" \/>\n<meta property=\"og:title\" content=\"Tempo de agradecer - En Compa\u00f1\u00eda STJ\" \/>\n<meta property=\"og:description\" content=\"Vivo nestes dias de \u201cdesconfinamento\u201d sensa\u00e7\u00f5es contradit\u00f3rias. A vida vai avan\u00e7ando e tem que se dar lugar a que possa emergir. Est\u00e1 pressionando a necessidade de que se mova a [&hellip;]\" \/>\n<meta property=\"og:url\" content=\"https:\/\/encompaniastj.org\/pt-pt\/tempo-de-agradecer\/\" \/>\n<meta property=\"og:site_name\" content=\"En Compa\u00f1\u00eda STJ\" \/>\n<meta property=\"article:published_time\" content=\"2020-05-23T13:37:01+00:00\" \/>\n<meta property=\"article:modified_time\" content=\"2025-07-07T14:21:38+00:00\" \/>\n<meta property=\"og:image\" content=\"https:\/\/encompaniastj.org\/wp-content\/uploads\/2025\/05\/book-3998252_1920.jpg\" \/>\n\t<meta property=\"og:image:width\" content=\"1920\" \/>\n\t<meta property=\"og:image:height\" content=\"1280\" \/>\n\t<meta property=\"og:image:type\" content=\"image\/jpeg\" \/>\n<meta name=\"author\" content=\"admin\" \/>\n<meta name=\"twitter:card\" content=\"summary_large_image\" \/>\n<meta name=\"twitter:label1\" content=\"Escrito por\" \/>\n\t<meta name=\"twitter:data1\" content=\"admin\" \/>\n\t<meta name=\"twitter:label2\" content=\"Tempo estimado de leitura\" \/>\n\t<meta name=\"twitter:data2\" content=\"3 minutos\" \/>\n<script type=\"application\/ld+json\" class=\"yoast-schema-graph\">{\"@context\":\"https:\\\/\\\/schema.org\",\"@graph\":[{\"@type\":\"Article\",\"@id\":\"https:\\\/\\\/encompaniastj.org\\\/pt-pt\\\/tempo-de-agradecer\\\/#article\",\"isPartOf\":{\"@id\":\"https:\\\/\\\/encompaniastj.org\\\/pt-pt\\\/tempo-de-agradecer\\\/\"},\"author\":{\"name\":\"admin\",\"@id\":\"https:\\\/\\\/encompaniastj.org\\\/pt-pt\\\/#\\\/schema\\\/person\\\/520e7ecc314793d40091993c2a02b651\"},\"headline\":\"Tempo de agradecer\",\"datePublished\":\"2020-05-23T13:37:01+00:00\",\"dateModified\":\"2025-07-07T14:21:38+00:00\",\"mainEntityOfPage\":{\"@id\":\"https:\\\/\\\/encompaniastj.org\\\/pt-pt\\\/tempo-de-agradecer\\\/\"},\"wordCount\":574,\"commentCount\":0,\"publisher\":{\"@id\":\"https:\\\/\\\/encompaniastj.org\\\/pt-pt\\\/#organization\"},\"image\":{\"@id\":\"https:\\\/\\\/encompaniastj.org\\\/pt-pt\\\/tempo-de-agradecer\\\/#primaryimage\"},\"thumbnailUrl\":\"https:\\\/\\\/encompaniastj.org\\\/wp-content\\\/uploads\\\/2025\\\/05\\\/book-3998252_1920.jpg\",\"articleSection\":[\"Noticias\",\"Otras\",\"Outras\"],\"inLanguage\":\"pt-PT\",\"potentialAction\":[{\"@type\":\"CommentAction\",\"name\":\"Comment\",\"target\":[\"https:\\\/\\\/encompaniastj.org\\\/pt-pt\\\/tempo-de-agradecer\\\/#respond\"]}]},{\"@type\":\"WebPage\",\"@id\":\"https:\\\/\\\/encompaniastj.org\\\/pt-pt\\\/tempo-de-agradecer\\\/\",\"url\":\"https:\\\/\\\/encompaniastj.org\\\/pt-pt\\\/tempo-de-agradecer\\\/\",\"name\":\"Tempo de agradecer - En Compa\u00f1\u00eda STJ\",\"isPartOf\":{\"@id\":\"https:\\\/\\\/encompaniastj.org\\\/pt-pt\\\/#website\"},\"primaryImageOfPage\":{\"@id\":\"https:\\\/\\\/encompaniastj.org\\\/pt-pt\\\/tempo-de-agradecer\\\/#primaryimage\"},\"image\":{\"@id\":\"https:\\\/\\\/encompaniastj.org\\\/pt-pt\\\/tempo-de-agradecer\\\/#primaryimage\"},\"thumbnailUrl\":\"https:\\\/\\\/encompaniastj.org\\\/wp-content\\\/uploads\\\/2025\\\/05\\\/book-3998252_1920.jpg\",\"datePublished\":\"2020-05-23T13:37:01+00:00\",\"dateModified\":\"2025-07-07T14:21:38+00:00\",\"breadcrumb\":{\"@id\":\"https:\\\/\\\/encompaniastj.org\\\/pt-pt\\\/tempo-de-agradecer\\\/#breadcrumb\"},\"inLanguage\":\"pt-PT\",\"potentialAction\":[{\"@type\":\"ReadAction\",\"target\":[\"https:\\\/\\\/encompaniastj.org\\\/pt-pt\\\/tempo-de-agradecer\\\/\"]}]},{\"@type\":\"ImageObject\",\"inLanguage\":\"pt-PT\",\"@id\":\"https:\\\/\\\/encompaniastj.org\\\/pt-pt\\\/tempo-de-agradecer\\\/#primaryimage\",\"url\":\"https:\\\/\\\/encompaniastj.org\\\/wp-content\\\/uploads\\\/2025\\\/05\\\/book-3998252_1920.jpg\",\"contentUrl\":\"https:\\\/\\\/encompaniastj.org\\\/wp-content\\\/uploads\\\/2025\\\/05\\\/book-3998252_1920.jpg\",\"width\":1920,\"height\":1280},{\"@type\":\"BreadcrumbList\",\"@id\":\"https:\\\/\\\/encompaniastj.org\\\/pt-pt\\\/tempo-de-agradecer\\\/#breadcrumb\",\"itemListElement\":[{\"@type\":\"ListItem\",\"position\":1,\"name\":\"Portada\",\"item\":\"https:\\\/\\\/encompaniastj.org\\\/pt-pt\\\/\"},{\"@type\":\"ListItem\",\"position\":2,\"name\":\"Tempo de agradecer\"}]},{\"@type\":\"WebSite\",\"@id\":\"https:\\\/\\\/encompaniastj.org\\\/pt-pt\\\/#website\",\"url\":\"https:\\\/\\\/encompaniastj.org\\\/pt-pt\\\/\",\"name\":\"En Compa\u00f1\u00eda STJ\",\"description\":\"Bolet\u00edn de la Compa\u00f1\u00eda de Santa Teresa de Jes\u00fas\",\"publisher\":{\"@id\":\"https:\\\/\\\/encompaniastj.org\\\/pt-pt\\\/#organization\"},\"potentialAction\":[{\"@type\":\"SearchAction\",\"target\":{\"@type\":\"EntryPoint\",\"urlTemplate\":\"https:\\\/\\\/encompaniastj.org\\\/pt-pt\\\/?s={search_term_string}\"},\"query-input\":{\"@type\":\"PropertyValueSpecification\",\"valueRequired\":true,\"valueName\":\"search_term_string\"}}],\"inLanguage\":\"pt-PT\"},{\"@type\":\"Organization\",\"@id\":\"https:\\\/\\\/encompaniastj.org\\\/pt-pt\\\/#organization\",\"name\":\"Compa\u00f1\u00eda de Santa Teresa de Jes\u00fas\",\"url\":\"https:\\\/\\\/encompaniastj.org\\\/pt-pt\\\/\",\"logo\":{\"@type\":\"ImageObject\",\"inLanguage\":\"pt-PT\",\"@id\":\"https:\\\/\\\/encompaniastj.org\\\/pt-pt\\\/#\\\/schema\\\/logo\\\/image\\\/\",\"url\":\"https:\\\/\\\/encompaniastj.org\\\/wp-content\\\/uploads\\\/2025\\\/04\\\/logo_provincias02-1-3.png\",\"contentUrl\":\"https:\\\/\\\/encompaniastj.org\\\/wp-content\\\/uploads\\\/2025\\\/04\\\/logo_provincias02-1-3.png\",\"width\":2368,\"height\":825,\"caption\":\"Compa\u00f1\u00eda de Santa Teresa de Jes\u00fas\"},\"image\":{\"@id\":\"https:\\\/\\\/encompaniastj.org\\\/pt-pt\\\/#\\\/schema\\\/logo\\\/image\\\/\"}},{\"@type\":\"Person\",\"@id\":\"https:\\\/\\\/encompaniastj.org\\\/pt-pt\\\/#\\\/schema\\\/person\\\/520e7ecc314793d40091993c2a02b651\",\"name\":\"admin\",\"image\":{\"@type\":\"ImageObject\",\"inLanguage\":\"pt-PT\",\"@id\":\"https:\\\/\\\/secure.gravatar.com\\\/avatar\\\/948b492cce32b586ac2db0eaa926ee87024f7afe218d73b397ea5ddfc5f43ea1?s=96&d=mm&r=g\",\"url\":\"https:\\\/\\\/secure.gravatar.com\\\/avatar\\\/948b492cce32b586ac2db0eaa926ee87024f7afe218d73b397ea5ddfc5f43ea1?s=96&d=mm&r=g\",\"contentUrl\":\"https:\\\/\\\/secure.gravatar.com\\\/avatar\\\/948b492cce32b586ac2db0eaa926ee87024f7afe218d73b397ea5ddfc5f43ea1?s=96&d=mm&r=g\",\"caption\":\"admin\"},\"sameAs\":[\"https:\\\/\\\/encompaniastj.org\"],\"url\":\"https:\\\/\\\/encompaniastj.org\\\/pt-pt\\\/author\\\/sjdigital\\\/\"}]}<\/script>\n<!-- \/ Yoast SEO plugin. -->","yoast_head_json":{"title":"Tempo de agradecer - En Compa\u00f1\u00eda STJ","robots":{"index":"index","follow":"follow","max-snippet":"max-snippet:-1","max-image-preview":"max-image-preview:large","max-video-preview":"max-video-preview:-1"},"canonical":"https:\/\/encompaniastj.org\/pt-pt\/tempo-de-agradecer\/","og_locale":"pt_PT","og_type":"article","og_title":"Tempo de agradecer - En Compa\u00f1\u00eda STJ","og_description":"Vivo nestes dias de \u201cdesconfinamento\u201d sensa\u00e7\u00f5es contradit\u00f3rias. A vida vai avan\u00e7ando e tem que se dar lugar a que possa emergir. Est\u00e1 pressionando a necessidade de que se mova a [&hellip;]","og_url":"https:\/\/encompaniastj.org\/pt-pt\/tempo-de-agradecer\/","og_site_name":"En Compa\u00f1\u00eda STJ","article_published_time":"2020-05-23T13:37:01+00:00","article_modified_time":"2025-07-07T14:21:38+00:00","og_image":[{"width":1920,"height":1280,"url":"https:\/\/encompaniastj.org\/wp-content\/uploads\/2025\/05\/book-3998252_1920.jpg","type":"image\/jpeg"}],"author":"admin","twitter_card":"summary_large_image","twitter_misc":{"Escrito por":"admin","Tempo estimado de leitura":"3 minutos"},"schema":{"@context":"https:\/\/schema.org","@graph":[{"@type":"Article","@id":"https:\/\/encompaniastj.org\/pt-pt\/tempo-de-agradecer\/#article","isPartOf":{"@id":"https:\/\/encompaniastj.org\/pt-pt\/tempo-de-agradecer\/"},"author":{"name":"admin","@id":"https:\/\/encompaniastj.org\/pt-pt\/#\/schema\/person\/520e7ecc314793d40091993c2a02b651"},"headline":"Tempo de agradecer","datePublished":"2020-05-23T13:37:01+00:00","dateModified":"2025-07-07T14:21:38+00:00","mainEntityOfPage":{"@id":"https:\/\/encompaniastj.org\/pt-pt\/tempo-de-agradecer\/"},"wordCount":574,"commentCount":0,"publisher":{"@id":"https:\/\/encompaniastj.org\/pt-pt\/#organization"},"image":{"@id":"https:\/\/encompaniastj.org\/pt-pt\/tempo-de-agradecer\/#primaryimage"},"thumbnailUrl":"https:\/\/encompaniastj.org\/wp-content\/uploads\/2025\/05\/book-3998252_1920.jpg","articleSection":["Noticias","Otras","Outras"],"inLanguage":"pt-PT","potentialAction":[{"@type":"CommentAction","name":"Comment","target":["https:\/\/encompaniastj.org\/pt-pt\/tempo-de-agradecer\/#respond"]}]},{"@type":"WebPage","@id":"https:\/\/encompaniastj.org\/pt-pt\/tempo-de-agradecer\/","url":"https:\/\/encompaniastj.org\/pt-pt\/tempo-de-agradecer\/","name":"Tempo de agradecer - En Compa\u00f1\u00eda STJ","isPartOf":{"@id":"https:\/\/encompaniastj.org\/pt-pt\/#website"},"primaryImageOfPage":{"@id":"https:\/\/encompaniastj.org\/pt-pt\/tempo-de-agradecer\/#primaryimage"},"image":{"@id":"https:\/\/encompaniastj.org\/pt-pt\/tempo-de-agradecer\/#primaryimage"},"thumbnailUrl":"https:\/\/encompaniastj.org\/wp-content\/uploads\/2025\/05\/book-3998252_1920.jpg","datePublished":"2020-05-23T13:37:01+00:00","dateModified":"2025-07-07T14:21:38+00:00","breadcrumb":{"@id":"https:\/\/encompaniastj.org\/pt-pt\/tempo-de-agradecer\/#breadcrumb"},"inLanguage":"pt-PT","potentialAction":[{"@type":"ReadAction","target":["https:\/\/encompaniastj.org\/pt-pt\/tempo-de-agradecer\/"]}]},{"@type":"ImageObject","inLanguage":"pt-PT","@id":"https:\/\/encompaniastj.org\/pt-pt\/tempo-de-agradecer\/#primaryimage","url":"https:\/\/encompaniastj.org\/wp-content\/uploads\/2025\/05\/book-3998252_1920.jpg","contentUrl":"https:\/\/encompaniastj.org\/wp-content\/uploads\/2025\/05\/book-3998252_1920.jpg","width":1920,"height":1280},{"@type":"BreadcrumbList","@id":"https:\/\/encompaniastj.org\/pt-pt\/tempo-de-agradecer\/#breadcrumb","itemListElement":[{"@type":"ListItem","position":1,"name":"Portada","item":"https:\/\/encompaniastj.org\/pt-pt\/"},{"@type":"ListItem","position":2,"name":"Tempo de agradecer"}]},{"@type":"WebSite","@id":"https:\/\/encompaniastj.org\/pt-pt\/#website","url":"https:\/\/encompaniastj.org\/pt-pt\/","name":"En Compa\u00f1\u00eda STJ","description":"Bolet\u00edn de la Compa\u00f1\u00eda de Santa Teresa de Jes\u00fas","publisher":{"@id":"https:\/\/encompaniastj.org\/pt-pt\/#organization"},"potentialAction":[{"@type":"SearchAction","target":{"@type":"EntryPoint","urlTemplate":"https:\/\/encompaniastj.org\/pt-pt\/?s={search_term_string}"},"query-input":{"@type":"PropertyValueSpecification","valueRequired":true,"valueName":"search_term_string"}}],"inLanguage":"pt-PT"},{"@type":"Organization","@id":"https:\/\/encompaniastj.org\/pt-pt\/#organization","name":"Compa\u00f1\u00eda de Santa Teresa de Jes\u00fas","url":"https:\/\/encompaniastj.org\/pt-pt\/","logo":{"@type":"ImageObject","inLanguage":"pt-PT","@id":"https:\/\/encompaniastj.org\/pt-pt\/#\/schema\/logo\/image\/","url":"https:\/\/encompaniastj.org\/wp-content\/uploads\/2025\/04\/logo_provincias02-1-3.png","contentUrl":"https:\/\/encompaniastj.org\/wp-content\/uploads\/2025\/04\/logo_provincias02-1-3.png","width":2368,"height":825,"caption":"Compa\u00f1\u00eda de Santa Teresa de Jes\u00fas"},"image":{"@id":"https:\/\/encompaniastj.org\/pt-pt\/#\/schema\/logo\/image\/"}},{"@type":"Person","@id":"https:\/\/encompaniastj.org\/pt-pt\/#\/schema\/person\/520e7ecc314793d40091993c2a02b651","name":"admin","image":{"@type":"ImageObject","inLanguage":"pt-PT","@id":"https:\/\/secure.gravatar.com\/avatar\/948b492cce32b586ac2db0eaa926ee87024f7afe218d73b397ea5ddfc5f43ea1?s=96&d=mm&r=g","url":"https:\/\/secure.gravatar.com\/avatar\/948b492cce32b586ac2db0eaa926ee87024f7afe218d73b397ea5ddfc5f43ea1?s=96&d=mm&r=g","contentUrl":"https:\/\/secure.gravatar.com\/avatar\/948b492cce32b586ac2db0eaa926ee87024f7afe218d73b397ea5ddfc5f43ea1?s=96&d=mm&r=g","caption":"admin"},"sameAs":["https:\/\/encompaniastj.org"],"url":"https:\/\/encompaniastj.org\/pt-pt\/author\/sjdigital\/"}]}},"_links":{"self":[{"href":"https:\/\/encompaniastj.org\/pt-pt\/wp-json\/wp\/v2\/posts\/10146","targetHints":{"allow":["GET"]}}],"collection":[{"href":"https:\/\/encompaniastj.org\/pt-pt\/wp-json\/wp\/v2\/posts"}],"about":[{"href":"https:\/\/encompaniastj.org\/pt-pt\/wp-json\/wp\/v2\/types\/post"}],"author":[{"embeddable":true,"href":"https:\/\/encompaniastj.org\/pt-pt\/wp-json\/wp\/v2\/users\/1"}],"replies":[{"embeddable":true,"href":"https:\/\/encompaniastj.org\/pt-pt\/wp-json\/wp\/v2\/comments?post=10146"}],"version-history":[{"count":1,"href":"https:\/\/encompaniastj.org\/pt-pt\/wp-json\/wp\/v2\/posts\/10146\/revisions"}],"predecessor-version":[{"id":10147,"href":"https:\/\/encompaniastj.org\/pt-pt\/wp-json\/wp\/v2\/posts\/10146\/revisions\/10147"}],"wp:featuredmedia":[{"embeddable":true,"href":"https:\/\/encompaniastj.org\/pt-pt\/wp-json\/wp\/v2\/media\/7480"}],"wp:attachment":[{"href":"https:\/\/encompaniastj.org\/pt-pt\/wp-json\/wp\/v2\/media?parent=10146"}],"wp:term":[{"taxonomy":"category","embeddable":true,"href":"https:\/\/encompaniastj.org\/pt-pt\/wp-json\/wp\/v2\/categories?post=10146"},{"taxonomy":"post_tag","embeddable":true,"href":"https:\/\/encompaniastj.org\/pt-pt\/wp-json\/wp\/v2\/tags?post=10146"}],"curies":[{"name":"wp","href":"https:\/\/api.w.org\/{rel}","templated":true}]}}