{"id":10136,"date":"2020-05-21T15:51:26","date_gmt":"2020-05-21T13:51:26","guid":{"rendered":"https:\/\/encompaniastj.org\/santa-teresa-ikastetxea-s-sebastiao-fet\/"},"modified":"2025-07-07T16:21:37","modified_gmt":"2025-07-07T14:21:37","slug":"santa-teresa-ikastetxea-s-sebastiao-fet","status":"publish","type":"post","link":"https:\/\/encompaniastj.org\/pt-pt\/santa-teresa-ikastetxea-s-sebastiao-fet\/","title":{"rendered":"Santa Teresa Ikastetxea, S. Sebasti\u00e3o (FET)"},"content":{"rendered":"\n<p>A educa\u00e7\u00e3o teresiana esteve presente em S. Sebasti\u00e3o desde o ano de 1929, ano em que as Teresianas chegaram a Donosti para abrir um col\u00e9gio com o objetivo de educar as crian\u00e7as e jovens segundo as orienta\u00e7\u00f5es educativas e pedag\u00f3gicas de Henrique de Oss\u00f3.<\/p>\n\n\n\n<p>Em outubro de 1968, o col\u00e9gio trasladou-se para o edif\u00edcio onde atualmente se situa, na zona universit\u00e1ria de S. Sebasti\u00e3o.  Foi o primeiro edif\u00edcio que se construiu na zona.<\/p>\n\n\n\n<p>No nosso col\u00e9gio conhecemo-nos todos: conhecemos cada sonho, cada possibilidade, cada projeto. Todos e cada um dos alunos e alunas s\u00e3o pessoas importantes, com os seus problemas e suas capacidades especiais, \u00fanicos e irrepet\u00edveis; todos, pequenos criadores de um futuro comum que algum dia partilharemos com empatia, responsabilidade e respeito.<\/p>\n\n\n\n<p>Ningu\u00e9m sabe como ser\u00e1 o mundo do futuro, mas sim, h\u00e1 algo que sabemos: ser\u00e1 um mundo em mudan\u00e7a permanente e as pessoas s\u00f3 poder\u00e3o desenvolver-se nele se forem preparadas e educadas para a mudan\u00e7a. Por isso, n\u00f3s mudamos hoje, adotamos as \u00faltimas inova\u00e7\u00f5es pedag\u00f3gicas e oferecemos desde os 0 anos, estimula\u00e7\u00e3o intelectual, social, afetiva e f\u00edsica.<\/p>\n\n\n\n<p>Como Santo Henrique, acreditamos na capacidade transformadora das crian\u00e7as e jovens e por isso acreditamos que a escola h\u00e1-de ser um lugar de aprendizagem, onde se aprende a desenvolver a capacidade de nos transformarmos e transformar a sociedade. Um mundo melhor constr\u00f3i-se com pessoas melhores: um mundo aberto, integrador, consciente de que as diferen\u00e7as s\u00e3o fonte de riqueza, onde n\u00e3o deixamos ningu\u00e9m para tr\u00e1s; um mundo com consci\u00eancia, que n\u00e3o se conforma, que tem a ilus\u00e3o e a energia para transformar; um mundo melhor onde viver.<\/p>\n\n\n\n<ul class=\"wp-block-gallery columns-2 is-cropped wp-block-gallery-1 is-layout-flex wp-block-gallery-is-layout-flex\"><li class=\"blocks-gallery-item\"><figure><a href=\"https:\/\/encompaniastj.org\/wp-content\/uploads\/2025\/05\/Donosti-1.jpg\"><img decoding=\"async\" src=\"https:\/\/encompaniastj.org\/wp-content\/uploads\/2025\/05\/Donosti-1.jpg\" alt=\"\" data-id=\"6537\" data-link=\"https:\/\/encompaniastj.org\/?attachment_id=6537\" class=\"wp-image-6537\"\/><\/a><\/figure><\/li><li class=\"blocks-gallery-item\"><figure><a href=\"https:\/\/encompaniastj.org\/wp-content\/uploads\/2025\/05\/Donosti-3.jpg\"><img decoding=\"async\" src=\"https:\/\/encompaniastj.org\/wp-content\/uploads\/2025\/05\/Donosti-3.jpg\" alt=\"\" data-id=\"6541\" data-link=\"https:\/\/encompaniastj.org\/?attachment_id=6541\" class=\"wp-image-6541\"\/><\/a><\/figure><\/li><li class=\"blocks-gallery-item\"><figure><a href=\"https:\/\/encompaniastj.org\/wp-content\/uploads\/2025\/05\/Donosti-4.jpg\"><img decoding=\"async\" src=\"https:\/\/encompaniastj.org\/wp-content\/uploads\/2025\/05\/Donosti-4.jpg\" alt=\"\" data-id=\"6543\" data-link=\"https:\/\/encompaniastj.org\/?attachment_id=6543\" class=\"wp-image-6543\"\/><\/a><\/figure><\/li><li class=\"blocks-gallery-item\"><figure><a href=\"https:\/\/encompaniastj.org\/wp-content\/uploads\/2025\/05\/Donosti-2.jpg\"><img decoding=\"async\" src=\"https:\/\/encompaniastj.org\/wp-content\/uploads\/2025\/05\/Donosti-2.jpg\" alt=\"\" data-id=\"6539\" data-link=\"https:\/\/encompaniastj.org\/?attachment_id=6539\" class=\"wp-image-6539\"\/><\/a><\/figure><\/li><li class=\"blocks-gallery-item\"><figure><a href=\"https:\/\/encompaniastj.org\/wp-content\/uploads\/2025\/05\/Santa-Teresa-Colegio-Donosti.jpg\"><img decoding=\"async\" src=\"https:\/\/encompaniastj.org\/wp-content\/uploads\/2025\/05\/Santa-Teresa-Colegio-Donosti.jpg\" alt=\"\" data-id=\"6545\" data-link=\"https:\/\/encompaniastj.org\/?attachment_id=6545\" class=\"wp-image-6545\"\/><\/a><\/figure><\/li><\/ul>\n","protected":false},"excerpt":{"rendered":"<p>A educa\u00e7\u00e3o teresiana esteve presente em S. Sebasti\u00e3o desde o ano de 1929, ano em que as Teresianas chegaram a Donosti para abrir um col\u00e9gio com o objetivo de educar [&hellip;]<\/p>\n","protected":false},"author":1,"featured_media":7469,"comment_status":"open","ping_status":"open","sticky":false,"template":"","format":"standard","meta":{"_acf_changed":false,"footnotes":""},"categories":[66,59,70,60],"tags":[],"class_list":["post-10136","post","type-post","status-publish","format-standard","has-post-thumbnail","hentry","category-conhecemo-nos","category-nos-conocemos","category-projetos","category-proyectos"],"acf":[],"yoast_head":"<!-- This site is optimized with the Yoast SEO plugin v27.5 - https:\/\/yoast.com\/product\/yoast-seo-wordpress\/ -->\n<title>Santa Teresa Ikastetxea, S. Sebasti\u00e3o (FET) - En Compa\u00f1\u00eda STJ<\/title>\n<meta name=\"robots\" content=\"index, follow, max-snippet:-1, max-image-preview:large, max-video-preview:-1\" \/>\n<link rel=\"canonical\" href=\"https:\/\/encompaniastj.org\/pt-pt\/santa-teresa-ikastetxea-s-sebastiao-fet\/\" \/>\n<meta property=\"og:locale\" content=\"pt_PT\" \/>\n<meta property=\"og:type\" content=\"article\" \/>\n<meta property=\"og:title\" content=\"Santa Teresa Ikastetxea, S. Sebasti\u00e3o (FET) - En Compa\u00f1\u00eda STJ\" \/>\n<meta property=\"og:description\" content=\"A educa\u00e7\u00e3o teresiana esteve presente em S. Sebasti\u00e3o desde o ano de 1929, ano em que as Teresianas chegaram a Donosti para abrir um col\u00e9gio com o objetivo de educar [&hellip;]\" \/>\n<meta property=\"og:url\" content=\"https:\/\/encompaniastj.org\/pt-pt\/santa-teresa-ikastetxea-s-sebastiao-fet\/\" \/>\n<meta property=\"og:site_name\" content=\"En Compa\u00f1\u00eda STJ\" \/>\n<meta property=\"article:published_time\" content=\"2020-05-21T13:51:26+00:00\" \/>\n<meta property=\"article:modified_time\" content=\"2025-07-07T14:21:37+00:00\" \/>\n<meta property=\"og:image\" content=\"https:\/\/encompaniastj.org\/wp-content\/uploads\/2025\/05\/Santa-Teresa-Colegio-Donosti.jpg\" \/>\n\t<meta property=\"og:image:width\" content=\"1821\" \/>\n\t<meta property=\"og:image:height\" content=\"1024\" \/>\n\t<meta property=\"og:image:type\" content=\"image\/jpeg\" \/>\n<meta name=\"author\" content=\"admin\" \/>\n<meta name=\"twitter:card\" content=\"summary_large_image\" \/>\n<meta name=\"twitter:label1\" content=\"Escrito por\" \/>\n\t<meta name=\"twitter:data1\" content=\"admin\" \/>\n\t<meta name=\"twitter:label2\" content=\"Tempo estimado de leitura\" \/>\n\t<meta name=\"twitter:data2\" content=\"1 minuto\" \/>\n<script type=\"application\/ld+json\" class=\"yoast-schema-graph\">{\"@context\":\"https:\\\/\\\/schema.org\",\"@graph\":[{\"@type\":\"Article\",\"@id\":\"https:\\\/\\\/encompaniastj.org\\\/pt-pt\\\/santa-teresa-ikastetxea-s-sebastiao-fet\\\/#article\",\"isPartOf\":{\"@id\":\"https:\\\/\\\/encompaniastj.org\\\/pt-pt\\\/santa-teresa-ikastetxea-s-sebastiao-fet\\\/\"},\"author\":{\"name\":\"admin\",\"@id\":\"https:\\\/\\\/encompaniastj.org\\\/pt-pt\\\/#\\\/schema\\\/person\\\/520e7ecc314793d40091993c2a02b651\"},\"headline\":\"Santa Teresa Ikastetxea, S. Sebasti\u00e3o (FET)\",\"datePublished\":\"2020-05-21T13:51:26+00:00\",\"dateModified\":\"2025-07-07T14:21:37+00:00\",\"mainEntityOfPage\":{\"@id\":\"https:\\\/\\\/encompaniastj.org\\\/pt-pt\\\/santa-teresa-ikastetxea-s-sebastiao-fet\\\/\"},\"wordCount\":304,\"commentCount\":0,\"publisher\":{\"@id\":\"https:\\\/\\\/encompaniastj.org\\\/pt-pt\\\/#organization\"},\"image\":{\"@id\":\"https:\\\/\\\/encompaniastj.org\\\/pt-pt\\\/santa-teresa-ikastetxea-s-sebastiao-fet\\\/#primaryimage\"},\"thumbnailUrl\":\"https:\\\/\\\/encompaniastj.org\\\/wp-content\\\/uploads\\\/2025\\\/05\\\/Santa-Teresa-Colegio-Donosti.jpg\",\"articleSection\":[\"Conhecemo-nos\",\"Nos conocemos\",\"Projetos\",\"Proyectos\"],\"inLanguage\":\"pt-PT\",\"potentialAction\":[{\"@type\":\"CommentAction\",\"name\":\"Comment\",\"target\":[\"https:\\\/\\\/encompaniastj.org\\\/pt-pt\\\/santa-teresa-ikastetxea-s-sebastiao-fet\\\/#respond\"]}]},{\"@type\":\"WebPage\",\"@id\":\"https:\\\/\\\/encompaniastj.org\\\/pt-pt\\\/santa-teresa-ikastetxea-s-sebastiao-fet\\\/\",\"url\":\"https:\\\/\\\/encompaniastj.org\\\/pt-pt\\\/santa-teresa-ikastetxea-s-sebastiao-fet\\\/\",\"name\":\"Santa Teresa Ikastetxea, S. Sebasti\u00e3o (FET) - En Compa\u00f1\u00eda STJ\",\"isPartOf\":{\"@id\":\"https:\\\/\\\/encompaniastj.org\\\/pt-pt\\\/#website\"},\"primaryImageOfPage\":{\"@id\":\"https:\\\/\\\/encompaniastj.org\\\/pt-pt\\\/santa-teresa-ikastetxea-s-sebastiao-fet\\\/#primaryimage\"},\"image\":{\"@id\":\"https:\\\/\\\/encompaniastj.org\\\/pt-pt\\\/santa-teresa-ikastetxea-s-sebastiao-fet\\\/#primaryimage\"},\"thumbnailUrl\":\"https:\\\/\\\/encompaniastj.org\\\/wp-content\\\/uploads\\\/2025\\\/05\\\/Santa-Teresa-Colegio-Donosti.jpg\",\"datePublished\":\"2020-05-21T13:51:26+00:00\",\"dateModified\":\"2025-07-07T14:21:37+00:00\",\"breadcrumb\":{\"@id\":\"https:\\\/\\\/encompaniastj.org\\\/pt-pt\\\/santa-teresa-ikastetxea-s-sebastiao-fet\\\/#breadcrumb\"},\"inLanguage\":\"pt-PT\",\"potentialAction\":[{\"@type\":\"ReadAction\",\"target\":[\"https:\\\/\\\/encompaniastj.org\\\/pt-pt\\\/santa-teresa-ikastetxea-s-sebastiao-fet\\\/\"]}]},{\"@type\":\"ImageObject\",\"inLanguage\":\"pt-PT\",\"@id\":\"https:\\\/\\\/encompaniastj.org\\\/pt-pt\\\/santa-teresa-ikastetxea-s-sebastiao-fet\\\/#primaryimage\",\"url\":\"https:\\\/\\\/encompaniastj.org\\\/wp-content\\\/uploads\\\/2025\\\/05\\\/Santa-Teresa-Colegio-Donosti.jpg\",\"contentUrl\":\"https:\\\/\\\/encompaniastj.org\\\/wp-content\\\/uploads\\\/2025\\\/05\\\/Santa-Teresa-Colegio-Donosti.jpg\",\"width\":1821,\"height\":1024},{\"@type\":\"BreadcrumbList\",\"@id\":\"https:\\\/\\\/encompaniastj.org\\\/pt-pt\\\/santa-teresa-ikastetxea-s-sebastiao-fet\\\/#breadcrumb\",\"itemListElement\":[{\"@type\":\"ListItem\",\"position\":1,\"name\":\"Portada\",\"item\":\"https:\\\/\\\/encompaniastj.org\\\/pt-pt\\\/\"},{\"@type\":\"ListItem\",\"position\":2,\"name\":\"Santa Teresa Ikastetxea, S. Sebasti\u00e3o (FET)\"}]},{\"@type\":\"WebSite\",\"@id\":\"https:\\\/\\\/encompaniastj.org\\\/pt-pt\\\/#website\",\"url\":\"https:\\\/\\\/encompaniastj.org\\\/pt-pt\\\/\",\"name\":\"En Compa\u00f1\u00eda STJ\",\"description\":\"Bolet\u00edn de la Compa\u00f1\u00eda de Santa Teresa de Jes\u00fas\",\"publisher\":{\"@id\":\"https:\\\/\\\/encompaniastj.org\\\/pt-pt\\\/#organization\"},\"potentialAction\":[{\"@type\":\"SearchAction\",\"target\":{\"@type\":\"EntryPoint\",\"urlTemplate\":\"https:\\\/\\\/encompaniastj.org\\\/pt-pt\\\/?s={search_term_string}\"},\"query-input\":{\"@type\":\"PropertyValueSpecification\",\"valueRequired\":true,\"valueName\":\"search_term_string\"}}],\"inLanguage\":\"pt-PT\"},{\"@type\":\"Organization\",\"@id\":\"https:\\\/\\\/encompaniastj.org\\\/pt-pt\\\/#organization\",\"name\":\"Compa\u00f1\u00eda de Santa Teresa de Jes\u00fas\",\"url\":\"https:\\\/\\\/encompaniastj.org\\\/pt-pt\\\/\",\"logo\":{\"@type\":\"ImageObject\",\"inLanguage\":\"pt-PT\",\"@id\":\"https:\\\/\\\/encompaniastj.org\\\/pt-pt\\\/#\\\/schema\\\/logo\\\/image\\\/\",\"url\":\"https:\\\/\\\/encompaniastj.org\\\/wp-content\\\/uploads\\\/2025\\\/04\\\/logo_provincias02-1-3.png\",\"contentUrl\":\"https:\\\/\\\/encompaniastj.org\\\/wp-content\\\/uploads\\\/2025\\\/04\\\/logo_provincias02-1-3.png\",\"width\":2368,\"height\":825,\"caption\":\"Compa\u00f1\u00eda de Santa Teresa de Jes\u00fas\"},\"image\":{\"@id\":\"https:\\\/\\\/encompaniastj.org\\\/pt-pt\\\/#\\\/schema\\\/logo\\\/image\\\/\"}},{\"@type\":\"Person\",\"@id\":\"https:\\\/\\\/encompaniastj.org\\\/pt-pt\\\/#\\\/schema\\\/person\\\/520e7ecc314793d40091993c2a02b651\",\"name\":\"admin\",\"image\":{\"@type\":\"ImageObject\",\"inLanguage\":\"pt-PT\",\"@id\":\"https:\\\/\\\/secure.gravatar.com\\\/avatar\\\/948b492cce32b586ac2db0eaa926ee87024f7afe218d73b397ea5ddfc5f43ea1?s=96&d=mm&r=g\",\"url\":\"https:\\\/\\\/secure.gravatar.com\\\/avatar\\\/948b492cce32b586ac2db0eaa926ee87024f7afe218d73b397ea5ddfc5f43ea1?s=96&d=mm&r=g\",\"contentUrl\":\"https:\\\/\\\/secure.gravatar.com\\\/avatar\\\/948b492cce32b586ac2db0eaa926ee87024f7afe218d73b397ea5ddfc5f43ea1?s=96&d=mm&r=g\",\"caption\":\"admin\"},\"sameAs\":[\"https:\\\/\\\/encompaniastj.org\"],\"url\":\"https:\\\/\\\/encompaniastj.org\\\/pt-pt\\\/author\\\/sjdigital\\\/\"}]}<\/script>\n<!-- \/ Yoast SEO plugin. -->","yoast_head_json":{"title":"Santa Teresa Ikastetxea, S. Sebasti\u00e3o (FET) - En Compa\u00f1\u00eda STJ","robots":{"index":"index","follow":"follow","max-snippet":"max-snippet:-1","max-image-preview":"max-image-preview:large","max-video-preview":"max-video-preview:-1"},"canonical":"https:\/\/encompaniastj.org\/pt-pt\/santa-teresa-ikastetxea-s-sebastiao-fet\/","og_locale":"pt_PT","og_type":"article","og_title":"Santa Teresa Ikastetxea, S. Sebasti\u00e3o (FET) - En Compa\u00f1\u00eda STJ","og_description":"A educa\u00e7\u00e3o teresiana esteve presente em S. Sebasti\u00e3o desde o ano de 1929, ano em que as Teresianas chegaram a Donosti para abrir um col\u00e9gio com o objetivo de educar [&hellip;]","og_url":"https:\/\/encompaniastj.org\/pt-pt\/santa-teresa-ikastetxea-s-sebastiao-fet\/","og_site_name":"En Compa\u00f1\u00eda STJ","article_published_time":"2020-05-21T13:51:26+00:00","article_modified_time":"2025-07-07T14:21:37+00:00","og_image":[{"width":1821,"height":1024,"url":"https:\/\/encompaniastj.org\/wp-content\/uploads\/2025\/05\/Santa-Teresa-Colegio-Donosti.jpg","type":"image\/jpeg"}],"author":"admin","twitter_card":"summary_large_image","twitter_misc":{"Escrito por":"admin","Tempo estimado de leitura":"1 minuto"},"schema":{"@context":"https:\/\/schema.org","@graph":[{"@type":"Article","@id":"https:\/\/encompaniastj.org\/pt-pt\/santa-teresa-ikastetxea-s-sebastiao-fet\/#article","isPartOf":{"@id":"https:\/\/encompaniastj.org\/pt-pt\/santa-teresa-ikastetxea-s-sebastiao-fet\/"},"author":{"name":"admin","@id":"https:\/\/encompaniastj.org\/pt-pt\/#\/schema\/person\/520e7ecc314793d40091993c2a02b651"},"headline":"Santa Teresa Ikastetxea, S. Sebasti\u00e3o (FET)","datePublished":"2020-05-21T13:51:26+00:00","dateModified":"2025-07-07T14:21:37+00:00","mainEntityOfPage":{"@id":"https:\/\/encompaniastj.org\/pt-pt\/santa-teresa-ikastetxea-s-sebastiao-fet\/"},"wordCount":304,"commentCount":0,"publisher":{"@id":"https:\/\/encompaniastj.org\/pt-pt\/#organization"},"image":{"@id":"https:\/\/encompaniastj.org\/pt-pt\/santa-teresa-ikastetxea-s-sebastiao-fet\/#primaryimage"},"thumbnailUrl":"https:\/\/encompaniastj.org\/wp-content\/uploads\/2025\/05\/Santa-Teresa-Colegio-Donosti.jpg","articleSection":["Conhecemo-nos","Nos conocemos","Projetos","Proyectos"],"inLanguage":"pt-PT","potentialAction":[{"@type":"CommentAction","name":"Comment","target":["https:\/\/encompaniastj.org\/pt-pt\/santa-teresa-ikastetxea-s-sebastiao-fet\/#respond"]}]},{"@type":"WebPage","@id":"https:\/\/encompaniastj.org\/pt-pt\/santa-teresa-ikastetxea-s-sebastiao-fet\/","url":"https:\/\/encompaniastj.org\/pt-pt\/santa-teresa-ikastetxea-s-sebastiao-fet\/","name":"Santa Teresa Ikastetxea, S. Sebasti\u00e3o (FET) - En Compa\u00f1\u00eda STJ","isPartOf":{"@id":"https:\/\/encompaniastj.org\/pt-pt\/#website"},"primaryImageOfPage":{"@id":"https:\/\/encompaniastj.org\/pt-pt\/santa-teresa-ikastetxea-s-sebastiao-fet\/#primaryimage"},"image":{"@id":"https:\/\/encompaniastj.org\/pt-pt\/santa-teresa-ikastetxea-s-sebastiao-fet\/#primaryimage"},"thumbnailUrl":"https:\/\/encompaniastj.org\/wp-content\/uploads\/2025\/05\/Santa-Teresa-Colegio-Donosti.jpg","datePublished":"2020-05-21T13:51:26+00:00","dateModified":"2025-07-07T14:21:37+00:00","breadcrumb":{"@id":"https:\/\/encompaniastj.org\/pt-pt\/santa-teresa-ikastetxea-s-sebastiao-fet\/#breadcrumb"},"inLanguage":"pt-PT","potentialAction":[{"@type":"ReadAction","target":["https:\/\/encompaniastj.org\/pt-pt\/santa-teresa-ikastetxea-s-sebastiao-fet\/"]}]},{"@type":"ImageObject","inLanguage":"pt-PT","@id":"https:\/\/encompaniastj.org\/pt-pt\/santa-teresa-ikastetxea-s-sebastiao-fet\/#primaryimage","url":"https:\/\/encompaniastj.org\/wp-content\/uploads\/2025\/05\/Santa-Teresa-Colegio-Donosti.jpg","contentUrl":"https:\/\/encompaniastj.org\/wp-content\/uploads\/2025\/05\/Santa-Teresa-Colegio-Donosti.jpg","width":1821,"height":1024},{"@type":"BreadcrumbList","@id":"https:\/\/encompaniastj.org\/pt-pt\/santa-teresa-ikastetxea-s-sebastiao-fet\/#breadcrumb","itemListElement":[{"@type":"ListItem","position":1,"name":"Portada","item":"https:\/\/encompaniastj.org\/pt-pt\/"},{"@type":"ListItem","position":2,"name":"Santa Teresa Ikastetxea, S. Sebasti\u00e3o (FET)"}]},{"@type":"WebSite","@id":"https:\/\/encompaniastj.org\/pt-pt\/#website","url":"https:\/\/encompaniastj.org\/pt-pt\/","name":"En Compa\u00f1\u00eda STJ","description":"Bolet\u00edn de la Compa\u00f1\u00eda de Santa Teresa de Jes\u00fas","publisher":{"@id":"https:\/\/encompaniastj.org\/pt-pt\/#organization"},"potentialAction":[{"@type":"SearchAction","target":{"@type":"EntryPoint","urlTemplate":"https:\/\/encompaniastj.org\/pt-pt\/?s={search_term_string}"},"query-input":{"@type":"PropertyValueSpecification","valueRequired":true,"valueName":"search_term_string"}}],"inLanguage":"pt-PT"},{"@type":"Organization","@id":"https:\/\/encompaniastj.org\/pt-pt\/#organization","name":"Compa\u00f1\u00eda de Santa Teresa de Jes\u00fas","url":"https:\/\/encompaniastj.org\/pt-pt\/","logo":{"@type":"ImageObject","inLanguage":"pt-PT","@id":"https:\/\/encompaniastj.org\/pt-pt\/#\/schema\/logo\/image\/","url":"https:\/\/encompaniastj.org\/wp-content\/uploads\/2025\/04\/logo_provincias02-1-3.png","contentUrl":"https:\/\/encompaniastj.org\/wp-content\/uploads\/2025\/04\/logo_provincias02-1-3.png","width":2368,"height":825,"caption":"Compa\u00f1\u00eda de Santa Teresa de Jes\u00fas"},"image":{"@id":"https:\/\/encompaniastj.org\/pt-pt\/#\/schema\/logo\/image\/"}},{"@type":"Person","@id":"https:\/\/encompaniastj.org\/pt-pt\/#\/schema\/person\/520e7ecc314793d40091993c2a02b651","name":"admin","image":{"@type":"ImageObject","inLanguage":"pt-PT","@id":"https:\/\/secure.gravatar.com\/avatar\/948b492cce32b586ac2db0eaa926ee87024f7afe218d73b397ea5ddfc5f43ea1?s=96&d=mm&r=g","url":"https:\/\/secure.gravatar.com\/avatar\/948b492cce32b586ac2db0eaa926ee87024f7afe218d73b397ea5ddfc5f43ea1?s=96&d=mm&r=g","contentUrl":"https:\/\/secure.gravatar.com\/avatar\/948b492cce32b586ac2db0eaa926ee87024f7afe218d73b397ea5ddfc5f43ea1?s=96&d=mm&r=g","caption":"admin"},"sameAs":["https:\/\/encompaniastj.org"],"url":"https:\/\/encompaniastj.org\/pt-pt\/author\/sjdigital\/"}]}},"_links":{"self":[{"href":"https:\/\/encompaniastj.org\/pt-pt\/wp-json\/wp\/v2\/posts\/10136","targetHints":{"allow":["GET"]}}],"collection":[{"href":"https:\/\/encompaniastj.org\/pt-pt\/wp-json\/wp\/v2\/posts"}],"about":[{"href":"https:\/\/encompaniastj.org\/pt-pt\/wp-json\/wp\/v2\/types\/post"}],"author":[{"embeddable":true,"href":"https:\/\/encompaniastj.org\/pt-pt\/wp-json\/wp\/v2\/users\/1"}],"replies":[{"embeddable":true,"href":"https:\/\/encompaniastj.org\/pt-pt\/wp-json\/wp\/v2\/comments?post=10136"}],"version-history":[{"count":1,"href":"https:\/\/encompaniastj.org\/pt-pt\/wp-json\/wp\/v2\/posts\/10136\/revisions"}],"predecessor-version":[{"id":10137,"href":"https:\/\/encompaniastj.org\/pt-pt\/wp-json\/wp\/v2\/posts\/10136\/revisions\/10137"}],"wp:featuredmedia":[{"embeddable":true,"href":"https:\/\/encompaniastj.org\/pt-pt\/wp-json\/wp\/v2\/media\/7469"}],"wp:attachment":[{"href":"https:\/\/encompaniastj.org\/pt-pt\/wp-json\/wp\/v2\/media?parent=10136"}],"wp:term":[{"taxonomy":"category","embeddable":true,"href":"https:\/\/encompaniastj.org\/pt-pt\/wp-json\/wp\/v2\/categories?post=10136"},{"taxonomy":"post_tag","embeddable":true,"href":"https:\/\/encompaniastj.org\/pt-pt\/wp-json\/wp\/v2\/tags?post=10136"}],"curies":[{"name":"wp","href":"https:\/\/api.w.org\/{rel}","templated":true}]}}