{"id":10110,"date":"2020-04-21T20:04:49","date_gmt":"2020-04-21T18:04:49","guid":{"rendered":"https:\/\/encompaniastj.org\/porventura-serei-eu-mestre-mt-2625\/"},"modified":"2025-07-07T16:21:34","modified_gmt":"2025-07-07T14:21:34","slug":"porventura-serei-eu-mestre-mt-2625","status":"publish","type":"post","link":"https:\/\/encompaniastj.org\/pt-pt\/porventura-serei-eu-mestre-mt-2625\/","title":{"rendered":"\u201cPorventura serei eu, Mestre?\u201d (Mt. 26,25)"},"content":{"rendered":"\n<p>H\u00e1 uns dias na Semana Santa, escut\u00e1vamos esta pregunta, no Evangelho que narra a ceia da p\u00e1scoa de Jesus. Ao escutar o Evangelho fazemo-nos a mesma pergunta, e as respostas ficam dentro de n\u00f3s, como eco. Aquela pergunta era na realidade uma resposta e a confirma\u00e7\u00e3o de um facto: Judas ia entregar Jesus.<\/p>\n\n<p>Escutei-a por dentro quando ouvia repetidamente que desta pandemia n\u00e3o sairemos iguais, que mudaremos depois de tanta aprendizagem dentro de casa, que n\u00e3o voltaremos a ser os mesmos depois desta experi\u00eancia de confinamento\u2026 E ca\u00eda na conta de que alguns j\u00e1 come\u00e7aram a exercitar-se nessa mudan\u00e7a sem esperar para depois. Quanta criatividade solid\u00e1ria para satisfazer as necessidades e oferecer o que acreditam que pode ajudar os outros!<\/p>\n\n<p>Quem fabricava carros faz  ventiladores, quem se dedicava a cortar pinhos doa  as suas viseiras protetoras aos que trabalham na sa\u00fade e outros fazem-nas em impressoras 3D; os que tinham casas de moda unem-se para fazer m\u00e1scaras, e porque se deram conta de que os transportadores n\u00e3o encontram agora centros de restaura\u00e7\u00e3o no caminho, oferecem a sua carrinha aberta com produtos de alimenta\u00e7\u00e3o gratuita; os que tinham restaurantes fazem comidas caseiras para o pessoal dos hospitais, e outros lhes oferecem hot\u00e9is para descansar\u2026 e tantas outras iniciativas de voluntariado para escutar, escrever cartas \u00e0s pessoas que est\u00e3o sozinhas, fazer as compras ou levar comida a quem n\u00e3o pode sair ou n\u00e3o tem meios para a comprar\u2026 <\/p>\n\n<p>E por dentro voltava a perguntar-me e a perguntar a Deus se eu seria dessas pessoas que v\u00e3o mudar quando tudo isto terminar, e v\u00e3o ser diferentes porque ter\u00e3o aprendido a pensar nos outros, a fazer algo por quem passa necessidades, a sair de mim e dar o meu tempo aos outros, os vizinhos ou os de longe, a n\u00e3o correr os dias e as horas por chegar ao combinado num papel\u2026 seria eu dos que mudariam depois disto?... porventura serei eu, Senhor? <\/p>\n\n<p>Como podemos ajudar-nos a responder no concreto sem esperar que termine o confinamento, e \u201ctreinar-nos\u201d j\u00e1 noutro modo menos acomodado e egoc\u00eantrico, mais sereno e atento \u00e0s palavras da vida e do Evangelho, menos exigente e mais centrado no que verdadeiramente importa, que saia mais de si e partilhe, que d\u00ea sinais de que vai entrando j\u00e1 nessa mudan\u00e7a? <\/p>\n\n<p>Jesus respondeu a Judas com um gesto: molhar o p\u00e3o no mesmo prato. Estavam sentados \u00e0 mesma mesa e tinham partilhado caminhos e amizade, palavras, perguntas e p\u00e3o\u2026 Jesus tinha-se desvivido at\u00e9 que cresceu demasiado em Judas a d\u00favida, o fechamento e o medo, a solid\u00e3o. N\u00f3s, ainda em casa, partilhando tantos momentos de conv\u00edvio e trabalho, andamos aprendendo hoje a viver este futuro e desejado caminho de humaniza\u00e7\u00e3o e colabora\u00e7\u00e3o, de maior comunica\u00e7\u00e3o, de dignidade e cuidado pessoal e m\u00fatuo\u2026 importamo-nos muito com isso que tanto experimentamos?<\/p>\n\n<p>Oxal\u00e1 v\u00e3o nascendo, em casa e fora, os gestos que far\u00e3o que sejamos contados entre esses tr\u00eas de cada quatro que dizem nas <em>estat\u00edsticas<\/em><em>,<\/em> que isto vai ser diferente a partir de agora. Porque para essa mudan\u00e7a, dizia Eduardo Galeano, <em>somos o que fazemos para mudar o que somos.<\/em> Por isso\u2026 \u00e2nimo com os gestos e sinais para semear o futuro que \u00e9 agora! Em teresiano seria aquilo que dizia a nossa mestra de vida, Teresa, perante as not\u00edcias d<em>os males<\/em> do mundo: <em>determinei-me a fazer esse pouquinho que est\u00e1 em mim, que \u00e9 seguir os conselhos evang\u00e9licos com toda a perfei\u00e7\u00e3o que eu puder e procurar que estas pouquinhas que est\u00e3o aqui fizessem o mesmo, confiada na grande bondade de Deus, que nunca falta para ajudar..<\/em>. E eu? E n\u00f3s?<\/p>\n\n<p>Isabel del Valle, stj<\/p>\n","protected":false},"excerpt":{"rendered":"<p>H\u00e1 uns dias na Semana Santa, escut\u00e1vamos esta pregunta, no Evangelho que narra a ceia da p\u00e1scoa de Jesus. Ao escutar o Evangelho fazemo-nos a mesma pergunta, e as respostas [&hellip;]<\/p>\n","protected":false},"author":1,"featured_media":7452,"comment_status":"open","ping_status":"open","sticky":false,"template":"","format":"standard","meta":{"_acf_changed":false,"footnotes":""},"categories":[77,82],"tags":[],"class_list":["post-10110","post","type-post","status-publish","format-standard","has-post-thumbnail","hentry","category-palabras","category-sin-categorizar"],"acf":[],"yoast_head":"<!-- This site is optimized with the Yoast SEO plugin v27.5 - https:\/\/yoast.com\/product\/yoast-seo-wordpress\/ -->\n<title>\u201cPorventura serei eu, Mestre?\u201d (Mt. 26,25) - En Compa\u00f1\u00eda STJ<\/title>\n<meta name=\"robots\" content=\"index, follow, max-snippet:-1, max-image-preview:large, max-video-preview:-1\" \/>\n<link rel=\"canonical\" href=\"https:\/\/encompaniastj.org\/pt-pt\/porventura-serei-eu-mestre-mt-2625\/\" \/>\n<meta property=\"og:locale\" content=\"pt_PT\" \/>\n<meta property=\"og:type\" content=\"article\" \/>\n<meta property=\"og:title\" content=\"\u201cPorventura serei eu, Mestre?\u201d (Mt. 26,25) - En Compa\u00f1\u00eda STJ\" \/>\n<meta property=\"og:description\" content=\"H\u00e1 uns dias na Semana Santa, escut\u00e1vamos esta pregunta, no Evangelho que narra a ceia da p\u00e1scoa de Jesus. Ao escutar o Evangelho fazemo-nos a mesma pergunta, e as respostas [&hellip;]\" \/>\n<meta property=\"og:url\" content=\"https:\/\/encompaniastj.org\/pt-pt\/porventura-serei-eu-mestre-mt-2625\/\" \/>\n<meta property=\"og:site_name\" content=\"En Compa\u00f1\u00eda STJ\" \/>\n<meta property=\"article:published_time\" content=\"2020-04-21T18:04:49+00:00\" \/>\n<meta property=\"article:modified_time\" content=\"2025-07-07T14:21:34+00:00\" \/>\n<meta property=\"og:image\" content=\"https:\/\/encompaniastj.org\/wp-content\/uploads\/2025\/05\/blonde-1867768_1920.jpg\" \/>\n\t<meta property=\"og:image:width\" content=\"1920\" \/>\n\t<meta property=\"og:image:height\" content=\"1280\" \/>\n\t<meta property=\"og:image:type\" content=\"image\/jpeg\" \/>\n<meta name=\"author\" content=\"admin\" \/>\n<meta name=\"twitter:card\" content=\"summary_large_image\" \/>\n<meta name=\"twitter:label1\" content=\"Escrito por\" \/>\n\t<meta name=\"twitter:data1\" content=\"admin\" \/>\n\t<meta name=\"twitter:label2\" content=\"Tempo estimado de leitura\" \/>\n\t<meta name=\"twitter:data2\" content=\"3 minutos\" \/>\n<script type=\"application\/ld+json\" class=\"yoast-schema-graph\">{\"@context\":\"https:\\\/\\\/schema.org\",\"@graph\":[{\"@type\":\"Article\",\"@id\":\"https:\\\/\\\/encompaniastj.org\\\/pt-pt\\\/porventura-serei-eu-mestre-mt-2625\\\/#article\",\"isPartOf\":{\"@id\":\"https:\\\/\\\/encompaniastj.org\\\/pt-pt\\\/porventura-serei-eu-mestre-mt-2625\\\/\"},\"author\":{\"name\":\"admin\",\"@id\":\"https:\\\/\\\/encompaniastj.org\\\/pt-pt\\\/#\\\/schema\\\/person\\\/520e7ecc314793d40091993c2a02b651\"},\"headline\":\"\u201cPorventura serei eu, Mestre?\u201d (Mt. 26,25)\",\"datePublished\":\"2020-04-21T18:04:49+00:00\",\"dateModified\":\"2025-07-07T14:21:34+00:00\",\"mainEntityOfPage\":{\"@id\":\"https:\\\/\\\/encompaniastj.org\\\/pt-pt\\\/porventura-serei-eu-mestre-mt-2625\\\/\"},\"wordCount\":649,\"commentCount\":0,\"publisher\":{\"@id\":\"https:\\\/\\\/encompaniastj.org\\\/pt-pt\\\/#organization\"},\"image\":{\"@id\":\"https:\\\/\\\/encompaniastj.org\\\/pt-pt\\\/porventura-serei-eu-mestre-mt-2625\\\/#primaryimage\"},\"thumbnailUrl\":\"https:\\\/\\\/encompaniastj.org\\\/wp-content\\\/uploads\\\/2025\\\/05\\\/blonde-1867768_1920.jpg\",\"articleSection\":[\"Palabras\",\"Sin categorizar\"],\"inLanguage\":\"pt-PT\",\"potentialAction\":[{\"@type\":\"CommentAction\",\"name\":\"Comment\",\"target\":[\"https:\\\/\\\/encompaniastj.org\\\/pt-pt\\\/porventura-serei-eu-mestre-mt-2625\\\/#respond\"]}]},{\"@type\":\"WebPage\",\"@id\":\"https:\\\/\\\/encompaniastj.org\\\/pt-pt\\\/porventura-serei-eu-mestre-mt-2625\\\/\",\"url\":\"https:\\\/\\\/encompaniastj.org\\\/pt-pt\\\/porventura-serei-eu-mestre-mt-2625\\\/\",\"name\":\"\u201cPorventura serei eu, Mestre?\u201d (Mt. 26,25) - En Compa\u00f1\u00eda STJ\",\"isPartOf\":{\"@id\":\"https:\\\/\\\/encompaniastj.org\\\/pt-pt\\\/#website\"},\"primaryImageOfPage\":{\"@id\":\"https:\\\/\\\/encompaniastj.org\\\/pt-pt\\\/porventura-serei-eu-mestre-mt-2625\\\/#primaryimage\"},\"image\":{\"@id\":\"https:\\\/\\\/encompaniastj.org\\\/pt-pt\\\/porventura-serei-eu-mestre-mt-2625\\\/#primaryimage\"},\"thumbnailUrl\":\"https:\\\/\\\/encompaniastj.org\\\/wp-content\\\/uploads\\\/2025\\\/05\\\/blonde-1867768_1920.jpg\",\"datePublished\":\"2020-04-21T18:04:49+00:00\",\"dateModified\":\"2025-07-07T14:21:34+00:00\",\"breadcrumb\":{\"@id\":\"https:\\\/\\\/encompaniastj.org\\\/pt-pt\\\/porventura-serei-eu-mestre-mt-2625\\\/#breadcrumb\"},\"inLanguage\":\"pt-PT\",\"potentialAction\":[{\"@type\":\"ReadAction\",\"target\":[\"https:\\\/\\\/encompaniastj.org\\\/pt-pt\\\/porventura-serei-eu-mestre-mt-2625\\\/\"]}]},{\"@type\":\"ImageObject\",\"inLanguage\":\"pt-PT\",\"@id\":\"https:\\\/\\\/encompaniastj.org\\\/pt-pt\\\/porventura-serei-eu-mestre-mt-2625\\\/#primaryimage\",\"url\":\"https:\\\/\\\/encompaniastj.org\\\/wp-content\\\/uploads\\\/2025\\\/05\\\/blonde-1867768_1920.jpg\",\"contentUrl\":\"https:\\\/\\\/encompaniastj.org\\\/wp-content\\\/uploads\\\/2025\\\/05\\\/blonde-1867768_1920.jpg\",\"width\":1920,\"height\":1280},{\"@type\":\"BreadcrumbList\",\"@id\":\"https:\\\/\\\/encompaniastj.org\\\/pt-pt\\\/porventura-serei-eu-mestre-mt-2625\\\/#breadcrumb\",\"itemListElement\":[{\"@type\":\"ListItem\",\"position\":1,\"name\":\"Portada\",\"item\":\"https:\\\/\\\/encompaniastj.org\\\/pt-pt\\\/\"},{\"@type\":\"ListItem\",\"position\":2,\"name\":\"\u201cPorventura serei eu, Mestre?\u201d (Mt. 26,25)\"}]},{\"@type\":\"WebSite\",\"@id\":\"https:\\\/\\\/encompaniastj.org\\\/pt-pt\\\/#website\",\"url\":\"https:\\\/\\\/encompaniastj.org\\\/pt-pt\\\/\",\"name\":\"En Compa\u00f1\u00eda STJ\",\"description\":\"Bolet\u00edn de la Compa\u00f1\u00eda de Santa Teresa de Jes\u00fas\",\"publisher\":{\"@id\":\"https:\\\/\\\/encompaniastj.org\\\/pt-pt\\\/#organization\"},\"potentialAction\":[{\"@type\":\"SearchAction\",\"target\":{\"@type\":\"EntryPoint\",\"urlTemplate\":\"https:\\\/\\\/encompaniastj.org\\\/pt-pt\\\/?s={search_term_string}\"},\"query-input\":{\"@type\":\"PropertyValueSpecification\",\"valueRequired\":true,\"valueName\":\"search_term_string\"}}],\"inLanguage\":\"pt-PT\"},{\"@type\":\"Organization\",\"@id\":\"https:\\\/\\\/encompaniastj.org\\\/pt-pt\\\/#organization\",\"name\":\"Compa\u00f1\u00eda de Santa Teresa de Jes\u00fas\",\"url\":\"https:\\\/\\\/encompaniastj.org\\\/pt-pt\\\/\",\"logo\":{\"@type\":\"ImageObject\",\"inLanguage\":\"pt-PT\",\"@id\":\"https:\\\/\\\/encompaniastj.org\\\/pt-pt\\\/#\\\/schema\\\/logo\\\/image\\\/\",\"url\":\"https:\\\/\\\/encompaniastj.org\\\/wp-content\\\/uploads\\\/2025\\\/04\\\/logo_provincias02-1-3.png\",\"contentUrl\":\"https:\\\/\\\/encompaniastj.org\\\/wp-content\\\/uploads\\\/2025\\\/04\\\/logo_provincias02-1-3.png\",\"width\":2368,\"height\":825,\"caption\":\"Compa\u00f1\u00eda de Santa Teresa de Jes\u00fas\"},\"image\":{\"@id\":\"https:\\\/\\\/encompaniastj.org\\\/pt-pt\\\/#\\\/schema\\\/logo\\\/image\\\/\"}},{\"@type\":\"Person\",\"@id\":\"https:\\\/\\\/encompaniastj.org\\\/pt-pt\\\/#\\\/schema\\\/person\\\/520e7ecc314793d40091993c2a02b651\",\"name\":\"admin\",\"image\":{\"@type\":\"ImageObject\",\"inLanguage\":\"pt-PT\",\"@id\":\"https:\\\/\\\/secure.gravatar.com\\\/avatar\\\/948b492cce32b586ac2db0eaa926ee87024f7afe218d73b397ea5ddfc5f43ea1?s=96&d=mm&r=g\",\"url\":\"https:\\\/\\\/secure.gravatar.com\\\/avatar\\\/948b492cce32b586ac2db0eaa926ee87024f7afe218d73b397ea5ddfc5f43ea1?s=96&d=mm&r=g\",\"contentUrl\":\"https:\\\/\\\/secure.gravatar.com\\\/avatar\\\/948b492cce32b586ac2db0eaa926ee87024f7afe218d73b397ea5ddfc5f43ea1?s=96&d=mm&r=g\",\"caption\":\"admin\"},\"sameAs\":[\"https:\\\/\\\/encompaniastj.org\"],\"url\":\"https:\\\/\\\/encompaniastj.org\\\/pt-pt\\\/author\\\/sjdigital\\\/\"}]}<\/script>\n<!-- \/ Yoast SEO plugin. -->","yoast_head_json":{"title":"\u201cPorventura serei eu, Mestre?\u201d (Mt. 26,25) - En Compa\u00f1\u00eda STJ","robots":{"index":"index","follow":"follow","max-snippet":"max-snippet:-1","max-image-preview":"max-image-preview:large","max-video-preview":"max-video-preview:-1"},"canonical":"https:\/\/encompaniastj.org\/pt-pt\/porventura-serei-eu-mestre-mt-2625\/","og_locale":"pt_PT","og_type":"article","og_title":"\u201cPorventura serei eu, Mestre?\u201d (Mt. 26,25) - En Compa\u00f1\u00eda STJ","og_description":"H\u00e1 uns dias na Semana Santa, escut\u00e1vamos esta pregunta, no Evangelho que narra a ceia da p\u00e1scoa de Jesus. Ao escutar o Evangelho fazemo-nos a mesma pergunta, e as respostas [&hellip;]","og_url":"https:\/\/encompaniastj.org\/pt-pt\/porventura-serei-eu-mestre-mt-2625\/","og_site_name":"En Compa\u00f1\u00eda STJ","article_published_time":"2020-04-21T18:04:49+00:00","article_modified_time":"2025-07-07T14:21:34+00:00","og_image":[{"width":1920,"height":1280,"url":"https:\/\/encompaniastj.org\/wp-content\/uploads\/2025\/05\/blonde-1867768_1920.jpg","type":"image\/jpeg"}],"author":"admin","twitter_card":"summary_large_image","twitter_misc":{"Escrito por":"admin","Tempo estimado de leitura":"3 minutos"},"schema":{"@context":"https:\/\/schema.org","@graph":[{"@type":"Article","@id":"https:\/\/encompaniastj.org\/pt-pt\/porventura-serei-eu-mestre-mt-2625\/#article","isPartOf":{"@id":"https:\/\/encompaniastj.org\/pt-pt\/porventura-serei-eu-mestre-mt-2625\/"},"author":{"name":"admin","@id":"https:\/\/encompaniastj.org\/pt-pt\/#\/schema\/person\/520e7ecc314793d40091993c2a02b651"},"headline":"\u201cPorventura serei eu, Mestre?\u201d (Mt. 26,25)","datePublished":"2020-04-21T18:04:49+00:00","dateModified":"2025-07-07T14:21:34+00:00","mainEntityOfPage":{"@id":"https:\/\/encompaniastj.org\/pt-pt\/porventura-serei-eu-mestre-mt-2625\/"},"wordCount":649,"commentCount":0,"publisher":{"@id":"https:\/\/encompaniastj.org\/pt-pt\/#organization"},"image":{"@id":"https:\/\/encompaniastj.org\/pt-pt\/porventura-serei-eu-mestre-mt-2625\/#primaryimage"},"thumbnailUrl":"https:\/\/encompaniastj.org\/wp-content\/uploads\/2025\/05\/blonde-1867768_1920.jpg","articleSection":["Palabras","Sin categorizar"],"inLanguage":"pt-PT","potentialAction":[{"@type":"CommentAction","name":"Comment","target":["https:\/\/encompaniastj.org\/pt-pt\/porventura-serei-eu-mestre-mt-2625\/#respond"]}]},{"@type":"WebPage","@id":"https:\/\/encompaniastj.org\/pt-pt\/porventura-serei-eu-mestre-mt-2625\/","url":"https:\/\/encompaniastj.org\/pt-pt\/porventura-serei-eu-mestre-mt-2625\/","name":"\u201cPorventura serei eu, Mestre?\u201d (Mt. 26,25) - En Compa\u00f1\u00eda STJ","isPartOf":{"@id":"https:\/\/encompaniastj.org\/pt-pt\/#website"},"primaryImageOfPage":{"@id":"https:\/\/encompaniastj.org\/pt-pt\/porventura-serei-eu-mestre-mt-2625\/#primaryimage"},"image":{"@id":"https:\/\/encompaniastj.org\/pt-pt\/porventura-serei-eu-mestre-mt-2625\/#primaryimage"},"thumbnailUrl":"https:\/\/encompaniastj.org\/wp-content\/uploads\/2025\/05\/blonde-1867768_1920.jpg","datePublished":"2020-04-21T18:04:49+00:00","dateModified":"2025-07-07T14:21:34+00:00","breadcrumb":{"@id":"https:\/\/encompaniastj.org\/pt-pt\/porventura-serei-eu-mestre-mt-2625\/#breadcrumb"},"inLanguage":"pt-PT","potentialAction":[{"@type":"ReadAction","target":["https:\/\/encompaniastj.org\/pt-pt\/porventura-serei-eu-mestre-mt-2625\/"]}]},{"@type":"ImageObject","inLanguage":"pt-PT","@id":"https:\/\/encompaniastj.org\/pt-pt\/porventura-serei-eu-mestre-mt-2625\/#primaryimage","url":"https:\/\/encompaniastj.org\/wp-content\/uploads\/2025\/05\/blonde-1867768_1920.jpg","contentUrl":"https:\/\/encompaniastj.org\/wp-content\/uploads\/2025\/05\/blonde-1867768_1920.jpg","width":1920,"height":1280},{"@type":"BreadcrumbList","@id":"https:\/\/encompaniastj.org\/pt-pt\/porventura-serei-eu-mestre-mt-2625\/#breadcrumb","itemListElement":[{"@type":"ListItem","position":1,"name":"Portada","item":"https:\/\/encompaniastj.org\/pt-pt\/"},{"@type":"ListItem","position":2,"name":"\u201cPorventura serei eu, Mestre?\u201d (Mt. 26,25)"}]},{"@type":"WebSite","@id":"https:\/\/encompaniastj.org\/pt-pt\/#website","url":"https:\/\/encompaniastj.org\/pt-pt\/","name":"En Compa\u00f1\u00eda STJ","description":"Bolet\u00edn de la Compa\u00f1\u00eda de Santa Teresa de Jes\u00fas","publisher":{"@id":"https:\/\/encompaniastj.org\/pt-pt\/#organization"},"potentialAction":[{"@type":"SearchAction","target":{"@type":"EntryPoint","urlTemplate":"https:\/\/encompaniastj.org\/pt-pt\/?s={search_term_string}"},"query-input":{"@type":"PropertyValueSpecification","valueRequired":true,"valueName":"search_term_string"}}],"inLanguage":"pt-PT"},{"@type":"Organization","@id":"https:\/\/encompaniastj.org\/pt-pt\/#organization","name":"Compa\u00f1\u00eda de Santa Teresa de Jes\u00fas","url":"https:\/\/encompaniastj.org\/pt-pt\/","logo":{"@type":"ImageObject","inLanguage":"pt-PT","@id":"https:\/\/encompaniastj.org\/pt-pt\/#\/schema\/logo\/image\/","url":"https:\/\/encompaniastj.org\/wp-content\/uploads\/2025\/04\/logo_provincias02-1-3.png","contentUrl":"https:\/\/encompaniastj.org\/wp-content\/uploads\/2025\/04\/logo_provincias02-1-3.png","width":2368,"height":825,"caption":"Compa\u00f1\u00eda de Santa Teresa de Jes\u00fas"},"image":{"@id":"https:\/\/encompaniastj.org\/pt-pt\/#\/schema\/logo\/image\/"}},{"@type":"Person","@id":"https:\/\/encompaniastj.org\/pt-pt\/#\/schema\/person\/520e7ecc314793d40091993c2a02b651","name":"admin","image":{"@type":"ImageObject","inLanguage":"pt-PT","@id":"https:\/\/secure.gravatar.com\/avatar\/948b492cce32b586ac2db0eaa926ee87024f7afe218d73b397ea5ddfc5f43ea1?s=96&d=mm&r=g","url":"https:\/\/secure.gravatar.com\/avatar\/948b492cce32b586ac2db0eaa926ee87024f7afe218d73b397ea5ddfc5f43ea1?s=96&d=mm&r=g","contentUrl":"https:\/\/secure.gravatar.com\/avatar\/948b492cce32b586ac2db0eaa926ee87024f7afe218d73b397ea5ddfc5f43ea1?s=96&d=mm&r=g","caption":"admin"},"sameAs":["https:\/\/encompaniastj.org"],"url":"https:\/\/encompaniastj.org\/pt-pt\/author\/sjdigital\/"}]}},"_links":{"self":[{"href":"https:\/\/encompaniastj.org\/pt-pt\/wp-json\/wp\/v2\/posts\/10110","targetHints":{"allow":["GET"]}}],"collection":[{"href":"https:\/\/encompaniastj.org\/pt-pt\/wp-json\/wp\/v2\/posts"}],"about":[{"href":"https:\/\/encompaniastj.org\/pt-pt\/wp-json\/wp\/v2\/types\/post"}],"author":[{"embeddable":true,"href":"https:\/\/encompaniastj.org\/pt-pt\/wp-json\/wp\/v2\/users\/1"}],"replies":[{"embeddable":true,"href":"https:\/\/encompaniastj.org\/pt-pt\/wp-json\/wp\/v2\/comments?post=10110"}],"version-history":[{"count":1,"href":"https:\/\/encompaniastj.org\/pt-pt\/wp-json\/wp\/v2\/posts\/10110\/revisions"}],"predecessor-version":[{"id":10111,"href":"https:\/\/encompaniastj.org\/pt-pt\/wp-json\/wp\/v2\/posts\/10110\/revisions\/10111"}],"wp:featuredmedia":[{"embeddable":true,"href":"https:\/\/encompaniastj.org\/pt-pt\/wp-json\/wp\/v2\/media\/7452"}],"wp:attachment":[{"href":"https:\/\/encompaniastj.org\/pt-pt\/wp-json\/wp\/v2\/media?parent=10110"}],"wp:term":[{"taxonomy":"category","embeddable":true,"href":"https:\/\/encompaniastj.org\/pt-pt\/wp-json\/wp\/v2\/categories?post=10110"},{"taxonomy":"post_tag","embeddable":true,"href":"https:\/\/encompaniastj.org\/pt-pt\/wp-json\/wp\/v2\/tags?post=10110"}],"curies":[{"name":"wp","href":"https:\/\/api.w.org\/{rel}","templated":true}]}}