{"id":10106,"date":"2020-04-20T16:55:33","date_gmt":"2020-04-20T14:55:33","guid":{"rendered":"https:\/\/encompaniastj.org\/experiencia-cit-lourdes-badenes-2\/"},"modified":"2025-07-07T16:21:32","modified_gmt":"2025-07-07T14:21:32","slug":"experiencia-cit-lourdes-badenes-2","status":"publish","type":"post","link":"https:\/\/encompaniastj.org\/pt-pt\/experiencia-cit-lourdes-badenes-2\/","title":{"rendered":"Experi\u00eancia CIT-Lourdes Badenes"},"content":{"rendered":"\n<p>Penso na experi\u00eancia deste tempo no CIT de comunicadores e vem-me \u00e0 mem\u00f3ria a minha av\u00f3 com as suas duas agulhas de tric\u00f4 e novelos de fios, p\u00e9rolas, l\u00e3 \u2026 dedicando tempo ao trabalho\u2026 <\/p>\n\n<p>Come\u00e7o assim, porque isto foi para mim o vivido neste tempo t\u00e3o especial (e n\u00e3o s\u00f3 pelo Covid-19, mas tamb\u00e9m) em Roma com mais 50 \u201ctecel\u00f5es\u201d. Um rebobinar, tecer, escolher o fio mais adequado para o que quer\u00edamos que fosse o \u201cresultado final\u201d. Convocou-nos um lema <strong>\u201canimadores de um novo modo de comunica\u00e7\u00e3o<\/strong>\u201d e uniu-nos uma certeza, comunicar \u00e9 \u201cconectar hist\u00f3rias\u201d. Todos ali est\u00e1vamos de \u00a0algum modo, convocados por uma ou outra raz\u00e3o, mas ao come\u00e7ar a viver juntos foi-se tecendo uma hist\u00f3ria muito real, com um ambiente familiar, entranh\u00e1vel, de pessoas que nos p\u00fanhamos em jogo e oferec\u00edamos com a simplicidade e a cordialidade (do cora\u00e7\u00e3o) o que sab\u00edamos, t\u00ednhamos acredit\u00e1vamos, viv\u00edamos\u2026 o pouco ou muito que somos p\u00f4s-se em jogo e cresceu. Vem-me \u00e0 \u201clembran\u00e7a\u201d com for\u00e7a que desde o primeiro dia est\u00e1vamos com a nossa hist\u00f3ria em jogo tentando que \u201cos n\u00f3s\u201d (que sempre se d\u00e3o ao tecer) n\u00e3o se estorvassem para continuar a fazer juntos(as) essa hist\u00f3ria comum que nos estava a ser oferecida.<\/p>\n\n<p>Para isso, acompanharam-nos outros tecedores de hist\u00f3rias: Charo, o Papa Francisco, Natasa, Silvonei, \u00d3scar, Jo\u00e3o Carlos, as nossas irm\u00e3s Teresa e Vict\u00f3ria, Alexandre, Helena, Gustavo\u2026 pessoas com muita for\u00e7a no mundo da comunica\u00e7\u00e3o que conectaram as suas vidas com as nossas para abrir novos caminhos e conseguiram-no! J\u00e1 s\u00e3o parte do nosso \u201ctecer hist\u00f3rias\u201d hoje. As \u201cagulhas\u201d deste entretecer foram carinhosamente acompanhadas por uma equipe de irm\u00e3s; Asunci\u00f3n, \u00c1ngela C. (e toda a equipa Geral que participou no CIT), Gema M, Elza S., Cristine J., Palmira C. que com paci\u00eancia e bem fazer foram remediando as circunst\u00e2ncias que se davam por raz\u00f5es alheias mas que tamb\u00e9m formaram parte desta experi\u00eancia que hoje agrade\u00e7o de cora\u00e7\u00e3o. E o \u201cproduto final\u201d \u00e9 um grupo de pessoas que, disseminadas por diferentes pa\u00edses do mundo, nas suas diversas congrega\u00e7\u00f5es (preciosa experi\u00eancia tamb\u00e9m de fam\u00edlias conectadas num mesmo sentido: EVANGELIZAR), nas suas diversas realidades pessoais, conectadas numa hist\u00f3ria de Salva\u00e7\u00e3o que merece ser contada com o cora\u00e7\u00e3o e fazendo mem\u00f3ria agradecida com tantos(as) como hoje tecem no nosso mundo. OBRIGADA por ter tido a oportunidade de participar, por ter sido parte deste tecido e por poder despertar para um novo modo de comunicar que n\u00e3o \u00e9 informar, que n\u00e3o \u00e9 pura tecnologia, que n\u00e3o \u00e9 contar por contar\u2026 habitar a pr\u00f3pria hist\u00f3ria e tornarmo-nos pr\u00f3ximos de outros que tecem juntamente com tantos, uma narrativa de consola\u00e7\u00e3o e esperan\u00e7a que hoje, todos estamos necessitando, mais que nunca. <\/p>\n\n<p>Jesus, a boa noticia, o Reino, o nosso Carisma, os nossos irm\u00e3os e n\u00f3s mesmas\u2026 \u201cmerecem\u201d que seja contada\u2026 <\/p>\n\n<p>OBRIGADA por tudo que n\u00e3o pode ser expresso numas linhas, mas que fica gravado no mais profundo, porque forma parte de uma experi\u00eancia de vida.<\/p>\n\n<p>Lourdes Badenes, stj<\/p>\n\n<ul class=\"wp-block-gallery columns-2 is-cropped wp-block-gallery-1 is-layout-flex wp-block-gallery-is-layout-flex\">\n<li class=\"blocks-gallery-item\"><figure><a href=\"https:\/\/encompaniastj.org\/wp-content\/uploads\/2025\/05\/cit-3.jpg\"><img decoding=\"async\" src=\"https:\/\/encompaniastj.org\/wp-content\/uploads\/2025\/05\/cit-3.jpg\" alt=\"\" data-id=\"6424\" data-link=\"https:\/\/encompaniastj.org\/?attachment_id=6424\" class=\"wp-image-6424\"><\/a><\/figure><\/li>\n<li class=\"blocks-gallery-item\"><figure><a href=\"https:\/\/encompaniastj.org\/wp-content\/uploads\/2025\/05\/cit-2.jpg\"><img decoding=\"async\" src=\"https:\/\/encompaniastj.org\/wp-content\/uploads\/2025\/05\/cit-2.jpg\" alt=\"\" data-id=\"6422\" data-link=\"https:\/\/encompaniastj.org\/?attachment_id=6422\" class=\"wp-image-6422\"><\/a><\/figure><\/li>\n<li class=\"blocks-gallery-item\"><figure><a href=\"https:\/\/encompaniastj.org\/wp-content\/uploads\/2025\/05\/cit-1.jpg\"><img decoding=\"async\" src=\"https:\/\/encompaniastj.org\/wp-content\/uploads\/2025\/05\/cit-1.jpg\" alt=\"\" data-id=\"6420\" data-link=\"https:\/\/encompaniastj.org\/?attachment_id=6420\" class=\"wp-image-6420\"><\/a><\/figure><\/li>\n<\/ul>\n<figure class=\"wp-block-image\"><a href=\"https:\/\/encompaniastj.org\/wp-content\/uploads\/2025\/05\/r-cit-4.jpg\"><img decoding=\"async\" src=\"https:\/\/encompaniastj.org\/wp-content\/uploads\/2025\/05\/r-cit-4.jpg\" alt=\"\" class=\"wp-image-6426\"><\/a><\/figure>","protected":false},"excerpt":{"rendered":"<p>Penso na experi\u00eancia deste tempo no CIT de comunicadores e vem-me \u00e0 mem\u00f3ria a minha av\u00f3 com as suas duas agulhas de tric\u00f4 e novelos de fios, p\u00e9rolas, l\u00e3 \u2026 [&hellip;]<\/p>\n","protected":false},"author":1,"featured_media":7449,"comment_status":"open","ping_status":"open","sticky":false,"template":"","format":"standard","meta":{"_acf_changed":false,"footnotes":""},"categories":[79,81],"tags":[],"class_list":["post-10106","post","type-post","status-publish","format-standard","has-post-thumbnail","hentry","category-stj","category-stj-pt"],"acf":[],"yoast_head":"<!-- This site is optimized with the Yoast SEO plugin v27.5 - https:\/\/yoast.com\/product\/yoast-seo-wordpress\/ -->\n<title>Experi\u00eancia CIT-Lourdes Badenes - En Compa\u00f1\u00eda STJ<\/title>\n<meta name=\"robots\" content=\"index, follow, max-snippet:-1, max-image-preview:large, max-video-preview:-1\" \/>\n<link rel=\"canonical\" href=\"https:\/\/encompaniastj.org\/pt-pt\/experiencia-cit-lourdes-badenes-2\/\" \/>\n<meta property=\"og:locale\" content=\"pt_PT\" \/>\n<meta property=\"og:type\" content=\"article\" \/>\n<meta property=\"og:title\" content=\"Experi\u00eancia CIT-Lourdes Badenes - En Compa\u00f1\u00eda STJ\" \/>\n<meta property=\"og:description\" content=\"Penso na experi\u00eancia deste tempo no CIT de comunicadores e vem-me \u00e0 mem\u00f3ria a minha av\u00f3 com as suas duas agulhas de tric\u00f4 e novelos de fios, p\u00e9rolas, l\u00e3 \u2026 [&hellip;]\" \/>\n<meta property=\"og:url\" content=\"https:\/\/encompaniastj.org\/pt-pt\/experiencia-cit-lourdes-badenes-2\/\" \/>\n<meta property=\"og:site_name\" content=\"En Compa\u00f1\u00eda STJ\" \/>\n<meta property=\"article:published_time\" content=\"2020-04-20T14:55:33+00:00\" \/>\n<meta property=\"article:modified_time\" content=\"2025-07-07T14:21:32+00:00\" \/>\n<meta property=\"og:image\" content=\"https:\/\/encompaniastj.org\/wp-content\/uploads\/2025\/05\/cit-2.jpg\" \/>\n\t<meta property=\"og:image:width\" content=\"2354\" \/>\n\t<meta property=\"og:image:height\" content=\"1325\" \/>\n\t<meta property=\"og:image:type\" content=\"image\/jpeg\" \/>\n<meta name=\"author\" content=\"admin\" \/>\n<meta name=\"twitter:card\" content=\"summary_large_image\" \/>\n<meta name=\"twitter:label1\" content=\"Escrito por\" \/>\n\t<meta name=\"twitter:data1\" content=\"admin\" \/>\n\t<meta name=\"twitter:label2\" content=\"Tempo estimado de leitura\" \/>\n\t<meta name=\"twitter:data2\" content=\"3 minutos\" \/>\n<script type=\"application\/ld+json\" class=\"yoast-schema-graph\">{\"@context\":\"https:\\\/\\\/schema.org\",\"@graph\":[{\"@type\":\"Article\",\"@id\":\"https:\\\/\\\/encompaniastj.org\\\/pt-pt\\\/experiencia-cit-lourdes-badenes-2\\\/#article\",\"isPartOf\":{\"@id\":\"https:\\\/\\\/encompaniastj.org\\\/pt-pt\\\/experiencia-cit-lourdes-badenes-2\\\/\"},\"author\":{\"name\":\"admin\",\"@id\":\"https:\\\/\\\/encompaniastj.org\\\/pt-pt\\\/#\\\/schema\\\/person\\\/520e7ecc314793d40091993c2a02b651\"},\"headline\":\"Experi\u00eancia CIT-Lourdes Badenes\",\"datePublished\":\"2020-04-20T14:55:33+00:00\",\"dateModified\":\"2025-07-07T14:21:32+00:00\",\"mainEntityOfPage\":{\"@id\":\"https:\\\/\\\/encompaniastj.org\\\/pt-pt\\\/experiencia-cit-lourdes-badenes-2\\\/\"},\"wordCount\":557,\"commentCount\":0,\"publisher\":{\"@id\":\"https:\\\/\\\/encompaniastj.org\\\/pt-pt\\\/#organization\"},\"image\":{\"@id\":\"https:\\\/\\\/encompaniastj.org\\\/pt-pt\\\/experiencia-cit-lourdes-badenes-2\\\/#primaryimage\"},\"thumbnailUrl\":\"https:\\\/\\\/encompaniastj.org\\\/wp-content\\\/uploads\\\/2025\\\/05\\\/cit-2.jpg\",\"articleSection\":[\"STJ\",\"STJ pt\"],\"inLanguage\":\"pt-PT\",\"potentialAction\":[{\"@type\":\"CommentAction\",\"name\":\"Comment\",\"target\":[\"https:\\\/\\\/encompaniastj.org\\\/pt-pt\\\/experiencia-cit-lourdes-badenes-2\\\/#respond\"]}]},{\"@type\":\"WebPage\",\"@id\":\"https:\\\/\\\/encompaniastj.org\\\/pt-pt\\\/experiencia-cit-lourdes-badenes-2\\\/\",\"url\":\"https:\\\/\\\/encompaniastj.org\\\/pt-pt\\\/experiencia-cit-lourdes-badenes-2\\\/\",\"name\":\"Experi\u00eancia CIT-Lourdes Badenes - En Compa\u00f1\u00eda STJ\",\"isPartOf\":{\"@id\":\"https:\\\/\\\/encompaniastj.org\\\/pt-pt\\\/#website\"},\"primaryImageOfPage\":{\"@id\":\"https:\\\/\\\/encompaniastj.org\\\/pt-pt\\\/experiencia-cit-lourdes-badenes-2\\\/#primaryimage\"},\"image\":{\"@id\":\"https:\\\/\\\/encompaniastj.org\\\/pt-pt\\\/experiencia-cit-lourdes-badenes-2\\\/#primaryimage\"},\"thumbnailUrl\":\"https:\\\/\\\/encompaniastj.org\\\/wp-content\\\/uploads\\\/2025\\\/05\\\/cit-2.jpg\",\"datePublished\":\"2020-04-20T14:55:33+00:00\",\"dateModified\":\"2025-07-07T14:21:32+00:00\",\"breadcrumb\":{\"@id\":\"https:\\\/\\\/encompaniastj.org\\\/pt-pt\\\/experiencia-cit-lourdes-badenes-2\\\/#breadcrumb\"},\"inLanguage\":\"pt-PT\",\"potentialAction\":[{\"@type\":\"ReadAction\",\"target\":[\"https:\\\/\\\/encompaniastj.org\\\/pt-pt\\\/experiencia-cit-lourdes-badenes-2\\\/\"]}]},{\"@type\":\"ImageObject\",\"inLanguage\":\"pt-PT\",\"@id\":\"https:\\\/\\\/encompaniastj.org\\\/pt-pt\\\/experiencia-cit-lourdes-badenes-2\\\/#primaryimage\",\"url\":\"https:\\\/\\\/encompaniastj.org\\\/wp-content\\\/uploads\\\/2025\\\/05\\\/cit-2.jpg\",\"contentUrl\":\"https:\\\/\\\/encompaniastj.org\\\/wp-content\\\/uploads\\\/2025\\\/05\\\/cit-2.jpg\",\"width\":2354,\"height\":1325},{\"@type\":\"BreadcrumbList\",\"@id\":\"https:\\\/\\\/encompaniastj.org\\\/pt-pt\\\/experiencia-cit-lourdes-badenes-2\\\/#breadcrumb\",\"itemListElement\":[{\"@type\":\"ListItem\",\"position\":1,\"name\":\"Portada\",\"item\":\"https:\\\/\\\/encompaniastj.org\\\/pt-pt\\\/\"},{\"@type\":\"ListItem\",\"position\":2,\"name\":\"Experi\u00eancia CIT-Lourdes Badenes\"}]},{\"@type\":\"WebSite\",\"@id\":\"https:\\\/\\\/encompaniastj.org\\\/pt-pt\\\/#website\",\"url\":\"https:\\\/\\\/encompaniastj.org\\\/pt-pt\\\/\",\"name\":\"En Compa\u00f1\u00eda STJ\",\"description\":\"Bolet\u00edn de la Compa\u00f1\u00eda de Santa Teresa de Jes\u00fas\",\"publisher\":{\"@id\":\"https:\\\/\\\/encompaniastj.org\\\/pt-pt\\\/#organization\"},\"potentialAction\":[{\"@type\":\"SearchAction\",\"target\":{\"@type\":\"EntryPoint\",\"urlTemplate\":\"https:\\\/\\\/encompaniastj.org\\\/pt-pt\\\/?s={search_term_string}\"},\"query-input\":{\"@type\":\"PropertyValueSpecification\",\"valueRequired\":true,\"valueName\":\"search_term_string\"}}],\"inLanguage\":\"pt-PT\"},{\"@type\":\"Organization\",\"@id\":\"https:\\\/\\\/encompaniastj.org\\\/pt-pt\\\/#organization\",\"name\":\"Compa\u00f1\u00eda de Santa Teresa de Jes\u00fas\",\"url\":\"https:\\\/\\\/encompaniastj.org\\\/pt-pt\\\/\",\"logo\":{\"@type\":\"ImageObject\",\"inLanguage\":\"pt-PT\",\"@id\":\"https:\\\/\\\/encompaniastj.org\\\/pt-pt\\\/#\\\/schema\\\/logo\\\/image\\\/\",\"url\":\"https:\\\/\\\/encompaniastj.org\\\/wp-content\\\/uploads\\\/2025\\\/04\\\/logo_provincias02-1-3.png\",\"contentUrl\":\"https:\\\/\\\/encompaniastj.org\\\/wp-content\\\/uploads\\\/2025\\\/04\\\/logo_provincias02-1-3.png\",\"width\":2368,\"height\":825,\"caption\":\"Compa\u00f1\u00eda de Santa Teresa de Jes\u00fas\"},\"image\":{\"@id\":\"https:\\\/\\\/encompaniastj.org\\\/pt-pt\\\/#\\\/schema\\\/logo\\\/image\\\/\"}},{\"@type\":\"Person\",\"@id\":\"https:\\\/\\\/encompaniastj.org\\\/pt-pt\\\/#\\\/schema\\\/person\\\/520e7ecc314793d40091993c2a02b651\",\"name\":\"admin\",\"image\":{\"@type\":\"ImageObject\",\"inLanguage\":\"pt-PT\",\"@id\":\"https:\\\/\\\/secure.gravatar.com\\\/avatar\\\/948b492cce32b586ac2db0eaa926ee87024f7afe218d73b397ea5ddfc5f43ea1?s=96&d=mm&r=g\",\"url\":\"https:\\\/\\\/secure.gravatar.com\\\/avatar\\\/948b492cce32b586ac2db0eaa926ee87024f7afe218d73b397ea5ddfc5f43ea1?s=96&d=mm&r=g\",\"contentUrl\":\"https:\\\/\\\/secure.gravatar.com\\\/avatar\\\/948b492cce32b586ac2db0eaa926ee87024f7afe218d73b397ea5ddfc5f43ea1?s=96&d=mm&r=g\",\"caption\":\"admin\"},\"sameAs\":[\"https:\\\/\\\/encompaniastj.org\"],\"url\":\"https:\\\/\\\/encompaniastj.org\\\/pt-pt\\\/author\\\/sjdigital\\\/\"}]}<\/script>\n<!-- \/ Yoast SEO plugin. -->","yoast_head_json":{"title":"Experi\u00eancia CIT-Lourdes Badenes - En Compa\u00f1\u00eda STJ","robots":{"index":"index","follow":"follow","max-snippet":"max-snippet:-1","max-image-preview":"max-image-preview:large","max-video-preview":"max-video-preview:-1"},"canonical":"https:\/\/encompaniastj.org\/pt-pt\/experiencia-cit-lourdes-badenes-2\/","og_locale":"pt_PT","og_type":"article","og_title":"Experi\u00eancia CIT-Lourdes Badenes - En Compa\u00f1\u00eda STJ","og_description":"Penso na experi\u00eancia deste tempo no CIT de comunicadores e vem-me \u00e0 mem\u00f3ria a minha av\u00f3 com as suas duas agulhas de tric\u00f4 e novelos de fios, p\u00e9rolas, l\u00e3 \u2026 [&hellip;]","og_url":"https:\/\/encompaniastj.org\/pt-pt\/experiencia-cit-lourdes-badenes-2\/","og_site_name":"En Compa\u00f1\u00eda STJ","article_published_time":"2020-04-20T14:55:33+00:00","article_modified_time":"2025-07-07T14:21:32+00:00","og_image":[{"width":2354,"height":1325,"url":"https:\/\/encompaniastj.org\/wp-content\/uploads\/2025\/05\/cit-2.jpg","type":"image\/jpeg"}],"author":"admin","twitter_card":"summary_large_image","twitter_misc":{"Escrito por":"admin","Tempo estimado de leitura":"3 minutos"},"schema":{"@context":"https:\/\/schema.org","@graph":[{"@type":"Article","@id":"https:\/\/encompaniastj.org\/pt-pt\/experiencia-cit-lourdes-badenes-2\/#article","isPartOf":{"@id":"https:\/\/encompaniastj.org\/pt-pt\/experiencia-cit-lourdes-badenes-2\/"},"author":{"name":"admin","@id":"https:\/\/encompaniastj.org\/pt-pt\/#\/schema\/person\/520e7ecc314793d40091993c2a02b651"},"headline":"Experi\u00eancia CIT-Lourdes Badenes","datePublished":"2020-04-20T14:55:33+00:00","dateModified":"2025-07-07T14:21:32+00:00","mainEntityOfPage":{"@id":"https:\/\/encompaniastj.org\/pt-pt\/experiencia-cit-lourdes-badenes-2\/"},"wordCount":557,"commentCount":0,"publisher":{"@id":"https:\/\/encompaniastj.org\/pt-pt\/#organization"},"image":{"@id":"https:\/\/encompaniastj.org\/pt-pt\/experiencia-cit-lourdes-badenes-2\/#primaryimage"},"thumbnailUrl":"https:\/\/encompaniastj.org\/wp-content\/uploads\/2025\/05\/cit-2.jpg","articleSection":["STJ","STJ pt"],"inLanguage":"pt-PT","potentialAction":[{"@type":"CommentAction","name":"Comment","target":["https:\/\/encompaniastj.org\/pt-pt\/experiencia-cit-lourdes-badenes-2\/#respond"]}]},{"@type":"WebPage","@id":"https:\/\/encompaniastj.org\/pt-pt\/experiencia-cit-lourdes-badenes-2\/","url":"https:\/\/encompaniastj.org\/pt-pt\/experiencia-cit-lourdes-badenes-2\/","name":"Experi\u00eancia CIT-Lourdes Badenes - En Compa\u00f1\u00eda STJ","isPartOf":{"@id":"https:\/\/encompaniastj.org\/pt-pt\/#website"},"primaryImageOfPage":{"@id":"https:\/\/encompaniastj.org\/pt-pt\/experiencia-cit-lourdes-badenes-2\/#primaryimage"},"image":{"@id":"https:\/\/encompaniastj.org\/pt-pt\/experiencia-cit-lourdes-badenes-2\/#primaryimage"},"thumbnailUrl":"https:\/\/encompaniastj.org\/wp-content\/uploads\/2025\/05\/cit-2.jpg","datePublished":"2020-04-20T14:55:33+00:00","dateModified":"2025-07-07T14:21:32+00:00","breadcrumb":{"@id":"https:\/\/encompaniastj.org\/pt-pt\/experiencia-cit-lourdes-badenes-2\/#breadcrumb"},"inLanguage":"pt-PT","potentialAction":[{"@type":"ReadAction","target":["https:\/\/encompaniastj.org\/pt-pt\/experiencia-cit-lourdes-badenes-2\/"]}]},{"@type":"ImageObject","inLanguage":"pt-PT","@id":"https:\/\/encompaniastj.org\/pt-pt\/experiencia-cit-lourdes-badenes-2\/#primaryimage","url":"https:\/\/encompaniastj.org\/wp-content\/uploads\/2025\/05\/cit-2.jpg","contentUrl":"https:\/\/encompaniastj.org\/wp-content\/uploads\/2025\/05\/cit-2.jpg","width":2354,"height":1325},{"@type":"BreadcrumbList","@id":"https:\/\/encompaniastj.org\/pt-pt\/experiencia-cit-lourdes-badenes-2\/#breadcrumb","itemListElement":[{"@type":"ListItem","position":1,"name":"Portada","item":"https:\/\/encompaniastj.org\/pt-pt\/"},{"@type":"ListItem","position":2,"name":"Experi\u00eancia CIT-Lourdes Badenes"}]},{"@type":"WebSite","@id":"https:\/\/encompaniastj.org\/pt-pt\/#website","url":"https:\/\/encompaniastj.org\/pt-pt\/","name":"En Compa\u00f1\u00eda STJ","description":"Bolet\u00edn de la Compa\u00f1\u00eda de Santa Teresa de Jes\u00fas","publisher":{"@id":"https:\/\/encompaniastj.org\/pt-pt\/#organization"},"potentialAction":[{"@type":"SearchAction","target":{"@type":"EntryPoint","urlTemplate":"https:\/\/encompaniastj.org\/pt-pt\/?s={search_term_string}"},"query-input":{"@type":"PropertyValueSpecification","valueRequired":true,"valueName":"search_term_string"}}],"inLanguage":"pt-PT"},{"@type":"Organization","@id":"https:\/\/encompaniastj.org\/pt-pt\/#organization","name":"Compa\u00f1\u00eda de Santa Teresa de Jes\u00fas","url":"https:\/\/encompaniastj.org\/pt-pt\/","logo":{"@type":"ImageObject","inLanguage":"pt-PT","@id":"https:\/\/encompaniastj.org\/pt-pt\/#\/schema\/logo\/image\/","url":"https:\/\/encompaniastj.org\/wp-content\/uploads\/2025\/04\/logo_provincias02-1-3.png","contentUrl":"https:\/\/encompaniastj.org\/wp-content\/uploads\/2025\/04\/logo_provincias02-1-3.png","width":2368,"height":825,"caption":"Compa\u00f1\u00eda de Santa Teresa de Jes\u00fas"},"image":{"@id":"https:\/\/encompaniastj.org\/pt-pt\/#\/schema\/logo\/image\/"}},{"@type":"Person","@id":"https:\/\/encompaniastj.org\/pt-pt\/#\/schema\/person\/520e7ecc314793d40091993c2a02b651","name":"admin","image":{"@type":"ImageObject","inLanguage":"pt-PT","@id":"https:\/\/secure.gravatar.com\/avatar\/948b492cce32b586ac2db0eaa926ee87024f7afe218d73b397ea5ddfc5f43ea1?s=96&d=mm&r=g","url":"https:\/\/secure.gravatar.com\/avatar\/948b492cce32b586ac2db0eaa926ee87024f7afe218d73b397ea5ddfc5f43ea1?s=96&d=mm&r=g","contentUrl":"https:\/\/secure.gravatar.com\/avatar\/948b492cce32b586ac2db0eaa926ee87024f7afe218d73b397ea5ddfc5f43ea1?s=96&d=mm&r=g","caption":"admin"},"sameAs":["https:\/\/encompaniastj.org"],"url":"https:\/\/encompaniastj.org\/pt-pt\/author\/sjdigital\/"}]}},"_links":{"self":[{"href":"https:\/\/encompaniastj.org\/pt-pt\/wp-json\/wp\/v2\/posts\/10106","targetHints":{"allow":["GET"]}}],"collection":[{"href":"https:\/\/encompaniastj.org\/pt-pt\/wp-json\/wp\/v2\/posts"}],"about":[{"href":"https:\/\/encompaniastj.org\/pt-pt\/wp-json\/wp\/v2\/types\/post"}],"author":[{"embeddable":true,"href":"https:\/\/encompaniastj.org\/pt-pt\/wp-json\/wp\/v2\/users\/1"}],"replies":[{"embeddable":true,"href":"https:\/\/encompaniastj.org\/pt-pt\/wp-json\/wp\/v2\/comments?post=10106"}],"version-history":[{"count":1,"href":"https:\/\/encompaniastj.org\/pt-pt\/wp-json\/wp\/v2\/posts\/10106\/revisions"}],"predecessor-version":[{"id":10107,"href":"https:\/\/encompaniastj.org\/pt-pt\/wp-json\/wp\/v2\/posts\/10106\/revisions\/10107"}],"wp:featuredmedia":[{"embeddable":true,"href":"https:\/\/encompaniastj.org\/pt-pt\/wp-json\/wp\/v2\/media\/7449"}],"wp:attachment":[{"href":"https:\/\/encompaniastj.org\/pt-pt\/wp-json\/wp\/v2\/media?parent=10106"}],"wp:term":[{"taxonomy":"category","embeddable":true,"href":"https:\/\/encompaniastj.org\/pt-pt\/wp-json\/wp\/v2\/categories?post=10106"},{"taxonomy":"post_tag","embeddable":true,"href":"https:\/\/encompaniastj.org\/pt-pt\/wp-json\/wp\/v2\/tags?post=10106"}],"curies":[{"name":"wp","href":"https:\/\/api.w.org\/{rel}","templated":true}]}}