{"id":10104,"date":"2020-04-20T16:45:04","date_gmt":"2020-04-20T14:45:04","guid":{"rendered":"https:\/\/encompaniastj.org\/experiencia-cit-gema-gil-2\/"},"modified":"2025-07-07T16:21:32","modified_gmt":"2025-07-07T14:21:32","slug":"experiencia-cit-gema-gil-2","status":"publish","type":"post","link":"https:\/\/encompaniastj.org\/pt-pt\/experiencia-cit-gema-gil-2\/","title":{"rendered":"Experi\u00eancia CIT-Gema Gil"},"content":{"rendered":"\n<p>\u201c<em>Chamados a #conectarhist\u00f3rias<\/em>\u201d esse \u00e9 o convite mais importante que recebi durante o tempo de forma\u00e7\u00e3o recebido no CIT de comunica\u00e7\u00e3o que vivemos este m\u00eas de mar\u00e7o passado em Roma. Chamados a conectar hist\u00f3rias e comunicar boas hist\u00f3rias... hist\u00f3rias de vida. Uma das certezas com as quais regressei, foi que nestes tempos em que vivemos, a comunica\u00e7\u00e3o \u00e9 tamb\u00e9m miss\u00e3o, a nossa miss\u00e3o. Mais, nos momentos em que vivemos onde estamos convidadas, cada uma, a partilhar boas not\u00edcias, a Boa Not\u00edcia que recebemos do encontro com o Senhor da Hist\u00f3ria. Se olharmos para as nossas origens na f\u00e9, Jesus, ou se voltamos o nosso olhar para os nossos mestres Teresa e Henrique, damo-nos conta que a comunica\u00e7\u00e3o est\u00e1 intrinsecamente unida ao nosso ser de mulheres crentes e a nossa identidade carism\u00e1tica. Jesus, Teresa, Henrique\u2026 n\u00e3o podem deixar de nos dizer, nem querem, uma mensagem: a op\u00e7\u00e3o pela vida sempre, em todo momento, com outros, favorecendo o cuidado e gerando a mudan\u00e7a.<\/p>\n\n<p>Foram tr\u00eas semanas muito intensas, muito enriquecedoras em todos os sentidos. Os conferencistas \u00e0 altura do tema proposto, tornando realidade que o \u201cstreaming\u201d \u00e9 poss\u00edvel com uma boa rede WiFi e, sobretudo, com muita vontade e paix\u00e3o por partilhar aquilo no que acreditam e trabalham. Os companheiros do CIT, como sempre, com possibilidade real e concreta de estabelecer la\u00e7os e ampliar a rede teresiana, reconhecendo-nos membros ativos desta Fam\u00edlia Teresiana que quer continuar a crescer. Agradecendo, especialmente, a oportunidade de viver este CIT como fam\u00edlia ampliada de Igreja, ao partilhar espa\u00e7o e palavra com irm\u00e3os e irm\u00e3s de outras congrega\u00e7\u00f5es.<\/p>\n\n<p>As dificuldades que pudemos viver pelas restri\u00e7\u00f5es de movimento impostas pela situa\u00e7\u00e3o do Covid-19 foram muito bem resolvidas por uma equipa bem organizada, que soube cuidar muito bem o ambiente de trabalho, de fam\u00edlia e de serenidade em todo o momento. <\/p>\n\n<p>Falta-nos uma quarta semana, de concretiza\u00e7\u00e3o, de aterragem, de horizonte\u2026 e essa, fazemo-la desde casa, conectados pelos meios que descobrimos que aproximam e encurtam dist\u00e2ncias. Sabemos que, nos tempos em que vivemos, cada vez temos mais facilidade para nos encontrarmos com os de longe, e poder gerar sinergias e redes que fazem crescer e comunicam a boa nova do carisma teresiano. Corresponde-nos sair, querer acolher esta proposta e come\u00e7ar a construir essas boas not\u00edcias que necessitamos, que o mundo necessita\u2026, sobretudo, nestes tempos de dist\u00e2ncia imposta e necess\u00e1ria para o bem de todos. <\/p>\n\n<p>Ficou-nos por fazer a visita a Roma e admir\u00e1-la como merece. Numa \u00fanica sa\u00edda, pude deitar a minha moeda na Fontana de Trevi. Espero poder voltar a v\u00ea-la, e \u201candar\u201d por essas ruas que tanto gosto. <\/p>\n\n<p>#conectandohist\u00f3rias #conectandovidas #Miss\u00e3oComunica\u00e7\u00e3o #Muitoporpartilhar #Seguirdandovidaaocarisma<\/p>\n\n<p>Gema Gil Jim\u00e9nez, stj<\/p>\n\n<ul class=\"wp-block-gallery columns-2 is-cropped wp-block-gallery-1 is-layout-flex wp-block-gallery-is-layout-flex\">\n<li class=\"blocks-gallery-item\"><figure><a href=\"https:\/\/encompaniastj.org\/wp-content\/uploads\/2025\/05\/Gema6-scaled.jpg\"><img decoding=\"async\" src=\"https:\/\/encompaniastj.org\/wp-content\/uploads\/2025\/05\/Gema6-scaled.jpg\" alt=\"\" data-id=\"6416\" data-link=\"https:\/\/encompaniastj.org\/?attachment_id=6416\" class=\"wp-image-6416\"><\/a><\/figure><\/li>\n<li class=\"blocks-gallery-item\"><figure><a href=\"https:\/\/encompaniastj.org\/wp-content\/uploads\/2025\/05\/gema-4.jpg\"><img decoding=\"async\" src=\"https:\/\/encompaniastj.org\/wp-content\/uploads\/2025\/05\/gema-4.jpg\" alt=\"\" data-id=\"6408\" data-link=\"https:\/\/encompaniastj.org\/?attachment_id=6408\" class=\"wp-image-6408\"><\/a><\/figure><\/li>\n<li class=\"blocks-gallery-item\"><figure><a href=\"https:\/\/encompaniastj.org\/wp-content\/uploads\/2025\/05\/gema-5.jpg\"><img decoding=\"async\" src=\"https:\/\/encompaniastj.org\/wp-content\/uploads\/2025\/05\/gema-5.jpg\" alt=\"\" data-id=\"6410\" data-link=\"https:\/\/encompaniastj.org\/?attachment_id=6410\" class=\"wp-image-6410\"><\/a><\/figure><\/li>\n<li class=\"blocks-gallery-item\"><figure><a href=\"https:\/\/encompaniastj.org\/wp-content\/uploads\/2025\/05\/Gema-gil-2.jpg\"><img decoding=\"async\" src=\"https:\/\/encompaniastj.org\/wp-content\/uploads\/2025\/05\/Gema-gil-2.jpg\" alt=\"\" data-id=\"6412\" data-link=\"https:\/\/encompaniastj.org\/?attachment_id=6412\" class=\"wp-image-6412\"><\/a><\/figure><\/li>\n<li class=\"blocks-gallery-item\"><figure><a href=\"https:\/\/encompaniastj.org\/wp-content\/uploads\/2025\/05\/Gema-Gil.jpg\"><img decoding=\"async\" src=\"https:\/\/encompaniastj.org\/wp-content\/uploads\/2025\/05\/Gema-Gil.jpg\" alt=\"\" data-id=\"6414\" data-link=\"https:\/\/encompaniastj.org\/?attachment_id=6414\" class=\"wp-image-6414\"><\/a><\/figure><\/li>\n<\/ul>","protected":false},"excerpt":{"rendered":"<p>\u201cChamados a #conectarhist\u00f3rias\u201d esse \u00e9 o convite mais importante que recebi durante o tempo de forma\u00e7\u00e3o recebido no CIT de comunica\u00e7\u00e3o que vivemos este m\u00eas de mar\u00e7o passado em Roma. [&hellip;]<\/p>\n","protected":false},"author":1,"featured_media":7445,"comment_status":"open","ping_status":"open","sticky":false,"template":"","format":"standard","meta":{"_acf_changed":false,"footnotes":""},"categories":[79,81],"tags":[],"class_list":["post-10104","post","type-post","status-publish","format-standard","has-post-thumbnail","hentry","category-stj","category-stj-pt"],"acf":[],"yoast_head":"<!-- This site is optimized with the Yoast SEO plugin v27.5 - https:\/\/yoast.com\/product\/yoast-seo-wordpress\/ -->\n<title>Experi\u00eancia CIT-Gema Gil - En Compa\u00f1\u00eda STJ<\/title>\n<meta name=\"robots\" content=\"index, follow, max-snippet:-1, max-image-preview:large, max-video-preview:-1\" \/>\n<link rel=\"canonical\" href=\"https:\/\/encompaniastj.org\/pt-pt\/experiencia-cit-gema-gil-2\/\" \/>\n<meta property=\"og:locale\" content=\"pt_PT\" \/>\n<meta property=\"og:type\" content=\"article\" \/>\n<meta property=\"og:title\" content=\"Experi\u00eancia CIT-Gema Gil - En Compa\u00f1\u00eda STJ\" \/>\n<meta property=\"og:description\" content=\"\u201cChamados a #conectarhist\u00f3rias\u201d esse \u00e9 o convite mais importante que recebi durante o tempo de forma\u00e7\u00e3o recebido no CIT de comunica\u00e7\u00e3o que vivemos este m\u00eas de mar\u00e7o passado em Roma. [&hellip;]\" \/>\n<meta property=\"og:url\" content=\"https:\/\/encompaniastj.org\/pt-pt\/experiencia-cit-gema-gil-2\/\" \/>\n<meta property=\"og:site_name\" content=\"En Compa\u00f1\u00eda STJ\" \/>\n<meta property=\"article:published_time\" content=\"2020-04-20T14:45:04+00:00\" \/>\n<meta property=\"article:modified_time\" content=\"2025-07-07T14:21:32+00:00\" \/>\n<meta property=\"og:image\" content=\"https:\/\/encompaniastj.org\/wp-content\/uploads\/2025\/05\/Gema-gil-2.jpg\" \/>\n\t<meta property=\"og:image:width\" content=\"1984\" \/>\n\t<meta property=\"og:image:height\" content=\"1116\" \/>\n\t<meta property=\"og:image:type\" content=\"image\/jpeg\" \/>\n<meta name=\"author\" content=\"admin\" \/>\n<meta name=\"twitter:card\" content=\"summary_large_image\" \/>\n<meta name=\"twitter:label1\" content=\"Escrito por\" \/>\n\t<meta name=\"twitter:data1\" content=\"admin\" \/>\n\t<meta name=\"twitter:label2\" content=\"Tempo estimado de leitura\" \/>\n\t<meta name=\"twitter:data2\" content=\"2 minutos\" \/>\n<script type=\"application\/ld+json\" class=\"yoast-schema-graph\">{\"@context\":\"https:\\\/\\\/schema.org\",\"@graph\":[{\"@type\":\"Article\",\"@id\":\"https:\\\/\\\/encompaniastj.org\\\/pt-pt\\\/experiencia-cit-gema-gil-2\\\/#article\",\"isPartOf\":{\"@id\":\"https:\\\/\\\/encompaniastj.org\\\/pt-pt\\\/experiencia-cit-gema-gil-2\\\/\"},\"author\":{\"name\":\"admin\",\"@id\":\"https:\\\/\\\/encompaniastj.org\\\/pt-pt\\\/#\\\/schema\\\/person\\\/520e7ecc314793d40091993c2a02b651\"},\"headline\":\"Experi\u00eancia CIT-Gema Gil\",\"datePublished\":\"2020-04-20T14:45:04+00:00\",\"dateModified\":\"2025-07-07T14:21:32+00:00\",\"mainEntityOfPage\":{\"@id\":\"https:\\\/\\\/encompaniastj.org\\\/pt-pt\\\/experiencia-cit-gema-gil-2\\\/\"},\"wordCount\":486,\"commentCount\":0,\"publisher\":{\"@id\":\"https:\\\/\\\/encompaniastj.org\\\/pt-pt\\\/#organization\"},\"image\":{\"@id\":\"https:\\\/\\\/encompaniastj.org\\\/pt-pt\\\/experiencia-cit-gema-gil-2\\\/#primaryimage\"},\"thumbnailUrl\":\"https:\\\/\\\/encompaniastj.org\\\/wp-content\\\/uploads\\\/2025\\\/05\\\/Gema-gil-2.jpg\",\"articleSection\":[\"STJ\",\"STJ pt\"],\"inLanguage\":\"pt-PT\",\"potentialAction\":[{\"@type\":\"CommentAction\",\"name\":\"Comment\",\"target\":[\"https:\\\/\\\/encompaniastj.org\\\/pt-pt\\\/experiencia-cit-gema-gil-2\\\/#respond\"]}]},{\"@type\":\"WebPage\",\"@id\":\"https:\\\/\\\/encompaniastj.org\\\/pt-pt\\\/experiencia-cit-gema-gil-2\\\/\",\"url\":\"https:\\\/\\\/encompaniastj.org\\\/pt-pt\\\/experiencia-cit-gema-gil-2\\\/\",\"name\":\"Experi\u00eancia CIT-Gema Gil - En Compa\u00f1\u00eda STJ\",\"isPartOf\":{\"@id\":\"https:\\\/\\\/encompaniastj.org\\\/pt-pt\\\/#website\"},\"primaryImageOfPage\":{\"@id\":\"https:\\\/\\\/encompaniastj.org\\\/pt-pt\\\/experiencia-cit-gema-gil-2\\\/#primaryimage\"},\"image\":{\"@id\":\"https:\\\/\\\/encompaniastj.org\\\/pt-pt\\\/experiencia-cit-gema-gil-2\\\/#primaryimage\"},\"thumbnailUrl\":\"https:\\\/\\\/encompaniastj.org\\\/wp-content\\\/uploads\\\/2025\\\/05\\\/Gema-gil-2.jpg\",\"datePublished\":\"2020-04-20T14:45:04+00:00\",\"dateModified\":\"2025-07-07T14:21:32+00:00\",\"breadcrumb\":{\"@id\":\"https:\\\/\\\/encompaniastj.org\\\/pt-pt\\\/experiencia-cit-gema-gil-2\\\/#breadcrumb\"},\"inLanguage\":\"pt-PT\",\"potentialAction\":[{\"@type\":\"ReadAction\",\"target\":[\"https:\\\/\\\/encompaniastj.org\\\/pt-pt\\\/experiencia-cit-gema-gil-2\\\/\"]}]},{\"@type\":\"ImageObject\",\"inLanguage\":\"pt-PT\",\"@id\":\"https:\\\/\\\/encompaniastj.org\\\/pt-pt\\\/experiencia-cit-gema-gil-2\\\/#primaryimage\",\"url\":\"https:\\\/\\\/encompaniastj.org\\\/wp-content\\\/uploads\\\/2025\\\/05\\\/Gema-gil-2.jpg\",\"contentUrl\":\"https:\\\/\\\/encompaniastj.org\\\/wp-content\\\/uploads\\\/2025\\\/05\\\/Gema-gil-2.jpg\",\"width\":1984,\"height\":1116},{\"@type\":\"BreadcrumbList\",\"@id\":\"https:\\\/\\\/encompaniastj.org\\\/pt-pt\\\/experiencia-cit-gema-gil-2\\\/#breadcrumb\",\"itemListElement\":[{\"@type\":\"ListItem\",\"position\":1,\"name\":\"Portada\",\"item\":\"https:\\\/\\\/encompaniastj.org\\\/pt-pt\\\/\"},{\"@type\":\"ListItem\",\"position\":2,\"name\":\"Experi\u00eancia CIT-Gema Gil\"}]},{\"@type\":\"WebSite\",\"@id\":\"https:\\\/\\\/encompaniastj.org\\\/pt-pt\\\/#website\",\"url\":\"https:\\\/\\\/encompaniastj.org\\\/pt-pt\\\/\",\"name\":\"En Compa\u00f1\u00eda STJ\",\"description\":\"Bolet\u00edn de la Compa\u00f1\u00eda de Santa Teresa de Jes\u00fas\",\"publisher\":{\"@id\":\"https:\\\/\\\/encompaniastj.org\\\/pt-pt\\\/#organization\"},\"potentialAction\":[{\"@type\":\"SearchAction\",\"target\":{\"@type\":\"EntryPoint\",\"urlTemplate\":\"https:\\\/\\\/encompaniastj.org\\\/pt-pt\\\/?s={search_term_string}\"},\"query-input\":{\"@type\":\"PropertyValueSpecification\",\"valueRequired\":true,\"valueName\":\"search_term_string\"}}],\"inLanguage\":\"pt-PT\"},{\"@type\":\"Organization\",\"@id\":\"https:\\\/\\\/encompaniastj.org\\\/pt-pt\\\/#organization\",\"name\":\"Compa\u00f1\u00eda de Santa Teresa de Jes\u00fas\",\"url\":\"https:\\\/\\\/encompaniastj.org\\\/pt-pt\\\/\",\"logo\":{\"@type\":\"ImageObject\",\"inLanguage\":\"pt-PT\",\"@id\":\"https:\\\/\\\/encompaniastj.org\\\/pt-pt\\\/#\\\/schema\\\/logo\\\/image\\\/\",\"url\":\"https:\\\/\\\/encompaniastj.org\\\/wp-content\\\/uploads\\\/2025\\\/04\\\/logo_provincias02-1-3.png\",\"contentUrl\":\"https:\\\/\\\/encompaniastj.org\\\/wp-content\\\/uploads\\\/2025\\\/04\\\/logo_provincias02-1-3.png\",\"width\":2368,\"height\":825,\"caption\":\"Compa\u00f1\u00eda de Santa Teresa de Jes\u00fas\"},\"image\":{\"@id\":\"https:\\\/\\\/encompaniastj.org\\\/pt-pt\\\/#\\\/schema\\\/logo\\\/image\\\/\"}},{\"@type\":\"Person\",\"@id\":\"https:\\\/\\\/encompaniastj.org\\\/pt-pt\\\/#\\\/schema\\\/person\\\/520e7ecc314793d40091993c2a02b651\",\"name\":\"admin\",\"image\":{\"@type\":\"ImageObject\",\"inLanguage\":\"pt-PT\",\"@id\":\"https:\\\/\\\/secure.gravatar.com\\\/avatar\\\/948b492cce32b586ac2db0eaa926ee87024f7afe218d73b397ea5ddfc5f43ea1?s=96&d=mm&r=g\",\"url\":\"https:\\\/\\\/secure.gravatar.com\\\/avatar\\\/948b492cce32b586ac2db0eaa926ee87024f7afe218d73b397ea5ddfc5f43ea1?s=96&d=mm&r=g\",\"contentUrl\":\"https:\\\/\\\/secure.gravatar.com\\\/avatar\\\/948b492cce32b586ac2db0eaa926ee87024f7afe218d73b397ea5ddfc5f43ea1?s=96&d=mm&r=g\",\"caption\":\"admin\"},\"sameAs\":[\"https:\\\/\\\/encompaniastj.org\"],\"url\":\"https:\\\/\\\/encompaniastj.org\\\/pt-pt\\\/author\\\/sjdigital\\\/\"}]}<\/script>\n<!-- \/ Yoast SEO plugin. -->","yoast_head_json":{"title":"Experi\u00eancia CIT-Gema Gil - En Compa\u00f1\u00eda STJ","robots":{"index":"index","follow":"follow","max-snippet":"max-snippet:-1","max-image-preview":"max-image-preview:large","max-video-preview":"max-video-preview:-1"},"canonical":"https:\/\/encompaniastj.org\/pt-pt\/experiencia-cit-gema-gil-2\/","og_locale":"pt_PT","og_type":"article","og_title":"Experi\u00eancia CIT-Gema Gil - En Compa\u00f1\u00eda STJ","og_description":"\u201cChamados a #conectarhist\u00f3rias\u201d esse \u00e9 o convite mais importante que recebi durante o tempo de forma\u00e7\u00e3o recebido no CIT de comunica\u00e7\u00e3o que vivemos este m\u00eas de mar\u00e7o passado em Roma. [&hellip;]","og_url":"https:\/\/encompaniastj.org\/pt-pt\/experiencia-cit-gema-gil-2\/","og_site_name":"En Compa\u00f1\u00eda STJ","article_published_time":"2020-04-20T14:45:04+00:00","article_modified_time":"2025-07-07T14:21:32+00:00","og_image":[{"width":1984,"height":1116,"url":"https:\/\/encompaniastj.org\/wp-content\/uploads\/2025\/05\/Gema-gil-2.jpg","type":"image\/jpeg"}],"author":"admin","twitter_card":"summary_large_image","twitter_misc":{"Escrito por":"admin","Tempo estimado de leitura":"2 minutos"},"schema":{"@context":"https:\/\/schema.org","@graph":[{"@type":"Article","@id":"https:\/\/encompaniastj.org\/pt-pt\/experiencia-cit-gema-gil-2\/#article","isPartOf":{"@id":"https:\/\/encompaniastj.org\/pt-pt\/experiencia-cit-gema-gil-2\/"},"author":{"name":"admin","@id":"https:\/\/encompaniastj.org\/pt-pt\/#\/schema\/person\/520e7ecc314793d40091993c2a02b651"},"headline":"Experi\u00eancia CIT-Gema Gil","datePublished":"2020-04-20T14:45:04+00:00","dateModified":"2025-07-07T14:21:32+00:00","mainEntityOfPage":{"@id":"https:\/\/encompaniastj.org\/pt-pt\/experiencia-cit-gema-gil-2\/"},"wordCount":486,"commentCount":0,"publisher":{"@id":"https:\/\/encompaniastj.org\/pt-pt\/#organization"},"image":{"@id":"https:\/\/encompaniastj.org\/pt-pt\/experiencia-cit-gema-gil-2\/#primaryimage"},"thumbnailUrl":"https:\/\/encompaniastj.org\/wp-content\/uploads\/2025\/05\/Gema-gil-2.jpg","articleSection":["STJ","STJ pt"],"inLanguage":"pt-PT","potentialAction":[{"@type":"CommentAction","name":"Comment","target":["https:\/\/encompaniastj.org\/pt-pt\/experiencia-cit-gema-gil-2\/#respond"]}]},{"@type":"WebPage","@id":"https:\/\/encompaniastj.org\/pt-pt\/experiencia-cit-gema-gil-2\/","url":"https:\/\/encompaniastj.org\/pt-pt\/experiencia-cit-gema-gil-2\/","name":"Experi\u00eancia CIT-Gema Gil - En Compa\u00f1\u00eda STJ","isPartOf":{"@id":"https:\/\/encompaniastj.org\/pt-pt\/#website"},"primaryImageOfPage":{"@id":"https:\/\/encompaniastj.org\/pt-pt\/experiencia-cit-gema-gil-2\/#primaryimage"},"image":{"@id":"https:\/\/encompaniastj.org\/pt-pt\/experiencia-cit-gema-gil-2\/#primaryimage"},"thumbnailUrl":"https:\/\/encompaniastj.org\/wp-content\/uploads\/2025\/05\/Gema-gil-2.jpg","datePublished":"2020-04-20T14:45:04+00:00","dateModified":"2025-07-07T14:21:32+00:00","breadcrumb":{"@id":"https:\/\/encompaniastj.org\/pt-pt\/experiencia-cit-gema-gil-2\/#breadcrumb"},"inLanguage":"pt-PT","potentialAction":[{"@type":"ReadAction","target":["https:\/\/encompaniastj.org\/pt-pt\/experiencia-cit-gema-gil-2\/"]}]},{"@type":"ImageObject","inLanguage":"pt-PT","@id":"https:\/\/encompaniastj.org\/pt-pt\/experiencia-cit-gema-gil-2\/#primaryimage","url":"https:\/\/encompaniastj.org\/wp-content\/uploads\/2025\/05\/Gema-gil-2.jpg","contentUrl":"https:\/\/encompaniastj.org\/wp-content\/uploads\/2025\/05\/Gema-gil-2.jpg","width":1984,"height":1116},{"@type":"BreadcrumbList","@id":"https:\/\/encompaniastj.org\/pt-pt\/experiencia-cit-gema-gil-2\/#breadcrumb","itemListElement":[{"@type":"ListItem","position":1,"name":"Portada","item":"https:\/\/encompaniastj.org\/pt-pt\/"},{"@type":"ListItem","position":2,"name":"Experi\u00eancia CIT-Gema Gil"}]},{"@type":"WebSite","@id":"https:\/\/encompaniastj.org\/pt-pt\/#website","url":"https:\/\/encompaniastj.org\/pt-pt\/","name":"En Compa\u00f1\u00eda STJ","description":"Bolet\u00edn de la Compa\u00f1\u00eda de Santa Teresa de Jes\u00fas","publisher":{"@id":"https:\/\/encompaniastj.org\/pt-pt\/#organization"},"potentialAction":[{"@type":"SearchAction","target":{"@type":"EntryPoint","urlTemplate":"https:\/\/encompaniastj.org\/pt-pt\/?s={search_term_string}"},"query-input":{"@type":"PropertyValueSpecification","valueRequired":true,"valueName":"search_term_string"}}],"inLanguage":"pt-PT"},{"@type":"Organization","@id":"https:\/\/encompaniastj.org\/pt-pt\/#organization","name":"Compa\u00f1\u00eda de Santa Teresa de Jes\u00fas","url":"https:\/\/encompaniastj.org\/pt-pt\/","logo":{"@type":"ImageObject","inLanguage":"pt-PT","@id":"https:\/\/encompaniastj.org\/pt-pt\/#\/schema\/logo\/image\/","url":"https:\/\/encompaniastj.org\/wp-content\/uploads\/2025\/04\/logo_provincias02-1-3.png","contentUrl":"https:\/\/encompaniastj.org\/wp-content\/uploads\/2025\/04\/logo_provincias02-1-3.png","width":2368,"height":825,"caption":"Compa\u00f1\u00eda de Santa Teresa de Jes\u00fas"},"image":{"@id":"https:\/\/encompaniastj.org\/pt-pt\/#\/schema\/logo\/image\/"}},{"@type":"Person","@id":"https:\/\/encompaniastj.org\/pt-pt\/#\/schema\/person\/520e7ecc314793d40091993c2a02b651","name":"admin","image":{"@type":"ImageObject","inLanguage":"pt-PT","@id":"https:\/\/secure.gravatar.com\/avatar\/948b492cce32b586ac2db0eaa926ee87024f7afe218d73b397ea5ddfc5f43ea1?s=96&d=mm&r=g","url":"https:\/\/secure.gravatar.com\/avatar\/948b492cce32b586ac2db0eaa926ee87024f7afe218d73b397ea5ddfc5f43ea1?s=96&d=mm&r=g","contentUrl":"https:\/\/secure.gravatar.com\/avatar\/948b492cce32b586ac2db0eaa926ee87024f7afe218d73b397ea5ddfc5f43ea1?s=96&d=mm&r=g","caption":"admin"},"sameAs":["https:\/\/encompaniastj.org"],"url":"https:\/\/encompaniastj.org\/pt-pt\/author\/sjdigital\/"}]}},"_links":{"self":[{"href":"https:\/\/encompaniastj.org\/pt-pt\/wp-json\/wp\/v2\/posts\/10104","targetHints":{"allow":["GET"]}}],"collection":[{"href":"https:\/\/encompaniastj.org\/pt-pt\/wp-json\/wp\/v2\/posts"}],"about":[{"href":"https:\/\/encompaniastj.org\/pt-pt\/wp-json\/wp\/v2\/types\/post"}],"author":[{"embeddable":true,"href":"https:\/\/encompaniastj.org\/pt-pt\/wp-json\/wp\/v2\/users\/1"}],"replies":[{"embeddable":true,"href":"https:\/\/encompaniastj.org\/pt-pt\/wp-json\/wp\/v2\/comments?post=10104"}],"version-history":[{"count":1,"href":"https:\/\/encompaniastj.org\/pt-pt\/wp-json\/wp\/v2\/posts\/10104\/revisions"}],"predecessor-version":[{"id":10105,"href":"https:\/\/encompaniastj.org\/pt-pt\/wp-json\/wp\/v2\/posts\/10104\/revisions\/10105"}],"wp:featuredmedia":[{"embeddable":true,"href":"https:\/\/encompaniastj.org\/pt-pt\/wp-json\/wp\/v2\/media\/7445"}],"wp:attachment":[{"href":"https:\/\/encompaniastj.org\/pt-pt\/wp-json\/wp\/v2\/media?parent=10104"}],"wp:term":[{"taxonomy":"category","embeddable":true,"href":"https:\/\/encompaniastj.org\/pt-pt\/wp-json\/wp\/v2\/categories?post=10104"},{"taxonomy":"post_tag","embeddable":true,"href":"https:\/\/encompaniastj.org\/pt-pt\/wp-json\/wp\/v2\/tags?post=10104"}],"curies":[{"name":"wp","href":"https:\/\/api.w.org\/{rel}","templated":true}]}}