{"id":10098,"date":"2020-04-20T15:47:27","date_gmt":"2020-04-20T13:47:27","guid":{"rendered":"https:\/\/encompaniastj.org\/mta-portugal-a-vida-em-tempo-de-quaresma\/"},"modified":"2025-07-07T16:21:31","modified_gmt":"2025-07-07T14:21:31","slug":"mta-portugal-a-vida-em-tempo-de-quaresma","status":"publish","type":"post","link":"https:\/\/encompaniastj.org\/pt-pt\/mta-portugal-a-vida-em-tempo-de-quaresma\/","title":{"rendered":"MTA PORTUGAL: a vida em tempo de Quaresma"},"content":{"rendered":"\n<p>Como sempre, a Quaresma foi tempo muito rico para o MTA.<\/p>\n\n<p>Este que \u00e9 um dos tempos maiores do ano lit\u00fargico, \u00e9 tamb\u00e9m um dos tempos maiores para o ano pastoral do MTA em Portugal, tanto a n\u00edvel local como nacional. Mas falemos do nacional\u2026<\/p>\n\n<p>O MTA foi mais uma vez convidado a promover um dia para os adolescentes da catequese do Patriarcado de Lisboa, miss\u00e3o que aceita h\u00e1 j\u00e1 alguns anos e que desta vez voltou a realizar, no primeiro s\u00e1bado da Quaresma, acolhendo mais de uma centena de jovens no Externato de Penafirme, em Santa Cruz, para um dia din\u00e2mico e intenso.<\/p>\n\n<p>No fim de semana seguinte, o segundo da Quaresma, foi tempo de encontro e decis\u00f5es em F\u00e1tima, com o Encontro Nacional de Jovens (ENJ), no s\u00e1bado, cujo tema central foi a Eucaristia, e a X Assembleia Nacional, no domingo, na qual foi avaliado o tri\u00e9nio 2017-2020 e foram eleitos os novos \u00f3rg\u00e3os sociais que tomar\u00e3o posse em setembro (Coordenador Nacional - Pedro Matos; Pres. Mesa da Assembleia - Rita Batista; Pres. Conselho Fiscal \u2013 Jo\u00e3o Costa).<\/p>\n\n<p>Este bonito e marcante momento contou com a presen\u00e7a fraterna de algumas Irm\u00e3s, nomeadamente da Ir. Am\u00e9lia Martins, em representa\u00e7\u00e3o da Equipa Provincial, e do Coordenador Nacional do MTA de Espanha, V\u00edctor Hierro Fuentes, que tamb\u00e9m acompanhou o ENJ.<\/p>\n\n<p>Entretanto o v\u00edrus da COVID-19 assolou o pa\u00eds e tudo ficou em suspenso. Todavia, o MTA continuou a dinamizar as suas redes sociais e a manter o desafio semanal que havia come\u00e7ado no in\u00edcio da Quaresma. Desafio esse que terminou com uma outra din\u00e2mica de ora\u00e7\u00e3o durante a Semana Santa, intitulada \u201cUma Semana no Castelo Interior\u201d, com o objeto de ajudar a viver individualmente este tempo importante sem sair de casa.<\/p>\n\n<p>A din\u00e2mica desafiou \u00e0 constru\u00e7\u00e3o de uma cruz no Domingo de Ramos, na qual, ao longo da semana, foram sendo registados os frutos das ora\u00e7\u00f5es di\u00e1rias com base no Evangelho e na reflex\u00e3o lan\u00e7ada pelo MTA, terminando na tarde de Sexta-Feira-Santa com uma medita\u00e7\u00e3o diferente, transmitida em direto na p\u00e1gina do Facebook do MTA, e na qual estiveram unidas em ora\u00e7\u00e3o dezenas de pessoas, jovens e adultos, do MTA e n\u00e3o s\u00f3.<\/p>\n\n<p>Desta forma se conclui um tempo de recolhimento interior, mais uma vez vivido ao m\u00e1ximo pelo MTA em Portugal de modo a preparar uma P\u00e1scoa alegre e exultante, mesmo que a mesma tenha sido apenas vivida tamb\u00e9m interiormente, embora com f\u00e9 e esperan\u00e7a de que o Esp\u00edrito Santo h\u00e1-de ser mais forte que toda esta crise.<\/p>\n\n<ul class=\"wp-block-gallery columns-2 is-cropped wp-block-gallery-1 is-layout-flex wp-block-gallery-is-layout-flex\">\n<li class=\"blocks-gallery-item\"><figure><a href=\"https:\/\/encompaniastj.org\/wp-content\/uploads\/2025\/05\/7-Uma-Semana-no-Castelo-Interior.jpg\"><img decoding=\"async\" src=\"https:\/\/encompaniastj.org\/wp-content\/uploads\/2025\/05\/7-Uma-Semana-no-Castelo-Interior.jpg\" alt=\"\" data-id=\"6385\" data-link=\"https:\/\/encompaniastj.org\/?attachment_id=6385\" class=\"wp-image-6385\"><\/a><\/figure><\/li>\n<li class=\"blocks-gallery-item\"><figure><a href=\"https:\/\/encompaniastj.org\/wp-content\/uploads\/2025\/05\/5-ADOS-2.jpg\"><img decoding=\"async\" src=\"https:\/\/encompaniastj.org\/wp-content\/uploads\/2025\/05\/5-ADOS-2.jpg\" alt=\"\" data-id=\"6383\" data-link=\"https:\/\/encompaniastj.org\/?attachment_id=6383\" class=\"wp-image-6383\"><\/a><\/figure><\/li>\n<li class=\"blocks-gallery-item\"><figure><a href=\"https:\/\/encompaniastj.org\/wp-content\/uploads\/2025\/05\/3-X-Assembleia-Nacional_-JoaoRitaPedro.jpg\"><img decoding=\"async\" src=\"https:\/\/encompaniastj.org\/wp-content\/uploads\/2025\/05\/3-X-Assembleia-Nacional_-JoaoRitaPedro.jpg\" alt=\"\" data-id=\"6381\" data-link=\"https:\/\/encompaniastj.org\/?attachment_id=6381\" class=\"wp-image-6381\"><\/a><\/figure><\/li>\n<li class=\"blocks-gallery-item\"><figure><a href=\"https:\/\/encompaniastj.org\/wp-content\/uploads\/2025\/05\/8-ADOS-1.jpg\"><img decoding=\"async\" src=\"https:\/\/encompaniastj.org\/wp-content\/uploads\/2025\/05\/8-ADOS-1.jpg\" alt=\"\" data-id=\"6387\" data-link=\"https:\/\/encompaniastj.org\/?attachment_id=6387\" class=\"wp-image-6387\"><\/a><\/figure><\/li>\n<li class=\"blocks-gallery-item\"><figure><a href=\"https:\/\/encompaniastj.org\/wp-content\/uploads\/2025\/05\/1-X-Assembleia-Nacional-1.jpg\"><img decoding=\"async\" src=\"https:\/\/encompaniastj.org\/wp-content\/uploads\/2025\/05\/1-X-Assembleia-Nacional-1.jpg\" alt=\"\" data-id=\"6379\" data-link=\"https:\/\/encompaniastj.org\/?attachment_id=6379\" class=\"wp-image-6379\"><\/a><\/figure><\/li>\n<\/ul>","protected":false},"excerpt":{"rendered":"<p>Como sempre, a Quaresma foi tempo muito rico para o MTA. Este que \u00e9 um dos tempos maiores do ano lit\u00fargico, \u00e9 tamb\u00e9m um dos tempos maiores para o ano [&hellip;]<\/p>\n","protected":false},"author":1,"featured_media":7437,"comment_status":"open","ping_status":"open","sticky":false,"template":"","format":"standard","meta":{"_acf_changed":false,"footnotes":""},"categories":[79,81],"tags":[],"class_list":["post-10098","post","type-post","status-publish","format-standard","has-post-thumbnail","hentry","category-stj","category-stj-pt"],"acf":[],"yoast_head":"<!-- This site is optimized with the Yoast SEO plugin v27.5 - https:\/\/yoast.com\/product\/yoast-seo-wordpress\/ -->\n<title>MTA PORTUGAL: a vida em tempo de Quaresma - En Compa\u00f1\u00eda STJ<\/title>\n<meta name=\"robots\" content=\"index, follow, max-snippet:-1, max-image-preview:large, max-video-preview:-1\" \/>\n<link rel=\"canonical\" href=\"https:\/\/encompaniastj.org\/pt-pt\/mta-portugal-a-vida-em-tempo-de-quaresma\/\" \/>\n<meta property=\"og:locale\" content=\"pt_PT\" \/>\n<meta property=\"og:type\" content=\"article\" \/>\n<meta property=\"og:title\" content=\"MTA PORTUGAL: a vida em tempo de Quaresma - En Compa\u00f1\u00eda STJ\" \/>\n<meta property=\"og:description\" content=\"Como sempre, a Quaresma foi tempo muito rico para o MTA. Este que \u00e9 um dos tempos maiores do ano lit\u00fargico, \u00e9 tamb\u00e9m um dos tempos maiores para o ano [&hellip;]\" \/>\n<meta property=\"og:url\" content=\"https:\/\/encompaniastj.org\/pt-pt\/mta-portugal-a-vida-em-tempo-de-quaresma\/\" \/>\n<meta property=\"og:site_name\" content=\"En Compa\u00f1\u00eda STJ\" \/>\n<meta property=\"article:published_time\" content=\"2020-04-20T13:47:27+00:00\" \/>\n<meta property=\"article:modified_time\" content=\"2025-07-07T14:21:31+00:00\" \/>\n<meta property=\"og:image\" content=\"https:\/\/encompaniastj.org\/wp-content\/uploads\/2025\/05\/7-Uma-Semana-no-Castelo-Interior.jpg\" \/>\n\t<meta property=\"og:image:width\" content=\"960\" \/>\n\t<meta property=\"og:image:height\" content=\"540\" \/>\n\t<meta property=\"og:image:type\" content=\"image\/jpeg\" \/>\n<meta name=\"author\" content=\"admin\" \/>\n<meta name=\"twitter:card\" content=\"summary_large_image\" \/>\n<meta name=\"twitter:label1\" content=\"Escrito por\" \/>\n\t<meta name=\"twitter:data1\" content=\"admin\" \/>\n\t<meta name=\"twitter:label2\" content=\"Tempo estimado de leitura\" \/>\n\t<meta name=\"twitter:data2\" content=\"2 minutos\" \/>\n<script type=\"application\/ld+json\" class=\"yoast-schema-graph\">{\"@context\":\"https:\\\/\\\/schema.org\",\"@graph\":[{\"@type\":\"Article\",\"@id\":\"https:\\\/\\\/encompaniastj.org\\\/pt-pt\\\/mta-portugal-a-vida-em-tempo-de-quaresma\\\/#article\",\"isPartOf\":{\"@id\":\"https:\\\/\\\/encompaniastj.org\\\/pt-pt\\\/mta-portugal-a-vida-em-tempo-de-quaresma\\\/\"},\"author\":{\"name\":\"admin\",\"@id\":\"https:\\\/\\\/encompaniastj.org\\\/pt-pt\\\/#\\\/schema\\\/person\\\/520e7ecc314793d40091993c2a02b651\"},\"headline\":\"MTA PORTUGAL: a vida em tempo de Quaresma\",\"datePublished\":\"2020-04-20T13:47:27+00:00\",\"dateModified\":\"2025-07-07T14:21:31+00:00\",\"mainEntityOfPage\":{\"@id\":\"https:\\\/\\\/encompaniastj.org\\\/pt-pt\\\/mta-portugal-a-vida-em-tempo-de-quaresma\\\/\"},\"wordCount\":463,\"commentCount\":0,\"publisher\":{\"@id\":\"https:\\\/\\\/encompaniastj.org\\\/pt-pt\\\/#organization\"},\"image\":{\"@id\":\"https:\\\/\\\/encompaniastj.org\\\/pt-pt\\\/mta-portugal-a-vida-em-tempo-de-quaresma\\\/#primaryimage\"},\"thumbnailUrl\":\"https:\\\/\\\/encompaniastj.org\\\/wp-content\\\/uploads\\\/2025\\\/05\\\/7-Uma-Semana-no-Castelo-Interior.jpg\",\"articleSection\":[\"STJ\",\"STJ pt\"],\"inLanguage\":\"pt-PT\",\"potentialAction\":[{\"@type\":\"CommentAction\",\"name\":\"Comment\",\"target\":[\"https:\\\/\\\/encompaniastj.org\\\/pt-pt\\\/mta-portugal-a-vida-em-tempo-de-quaresma\\\/#respond\"]}]},{\"@type\":\"WebPage\",\"@id\":\"https:\\\/\\\/encompaniastj.org\\\/pt-pt\\\/mta-portugal-a-vida-em-tempo-de-quaresma\\\/\",\"url\":\"https:\\\/\\\/encompaniastj.org\\\/pt-pt\\\/mta-portugal-a-vida-em-tempo-de-quaresma\\\/\",\"name\":\"MTA PORTUGAL: a vida em tempo de Quaresma - En Compa\u00f1\u00eda STJ\",\"isPartOf\":{\"@id\":\"https:\\\/\\\/encompaniastj.org\\\/pt-pt\\\/#website\"},\"primaryImageOfPage\":{\"@id\":\"https:\\\/\\\/encompaniastj.org\\\/pt-pt\\\/mta-portugal-a-vida-em-tempo-de-quaresma\\\/#primaryimage\"},\"image\":{\"@id\":\"https:\\\/\\\/encompaniastj.org\\\/pt-pt\\\/mta-portugal-a-vida-em-tempo-de-quaresma\\\/#primaryimage\"},\"thumbnailUrl\":\"https:\\\/\\\/encompaniastj.org\\\/wp-content\\\/uploads\\\/2025\\\/05\\\/7-Uma-Semana-no-Castelo-Interior.jpg\",\"datePublished\":\"2020-04-20T13:47:27+00:00\",\"dateModified\":\"2025-07-07T14:21:31+00:00\",\"breadcrumb\":{\"@id\":\"https:\\\/\\\/encompaniastj.org\\\/pt-pt\\\/mta-portugal-a-vida-em-tempo-de-quaresma\\\/#breadcrumb\"},\"inLanguage\":\"pt-PT\",\"potentialAction\":[{\"@type\":\"ReadAction\",\"target\":[\"https:\\\/\\\/encompaniastj.org\\\/pt-pt\\\/mta-portugal-a-vida-em-tempo-de-quaresma\\\/\"]}]},{\"@type\":\"ImageObject\",\"inLanguage\":\"pt-PT\",\"@id\":\"https:\\\/\\\/encompaniastj.org\\\/pt-pt\\\/mta-portugal-a-vida-em-tempo-de-quaresma\\\/#primaryimage\",\"url\":\"https:\\\/\\\/encompaniastj.org\\\/wp-content\\\/uploads\\\/2025\\\/05\\\/7-Uma-Semana-no-Castelo-Interior.jpg\",\"contentUrl\":\"https:\\\/\\\/encompaniastj.org\\\/wp-content\\\/uploads\\\/2025\\\/05\\\/7-Uma-Semana-no-Castelo-Interior.jpg\",\"width\":960,\"height\":540},{\"@type\":\"BreadcrumbList\",\"@id\":\"https:\\\/\\\/encompaniastj.org\\\/pt-pt\\\/mta-portugal-a-vida-em-tempo-de-quaresma\\\/#breadcrumb\",\"itemListElement\":[{\"@type\":\"ListItem\",\"position\":1,\"name\":\"Portada\",\"item\":\"https:\\\/\\\/encompaniastj.org\\\/pt-pt\\\/\"},{\"@type\":\"ListItem\",\"position\":2,\"name\":\"MTA PORTUGAL: a vida em tempo de Quaresma\"}]},{\"@type\":\"WebSite\",\"@id\":\"https:\\\/\\\/encompaniastj.org\\\/pt-pt\\\/#website\",\"url\":\"https:\\\/\\\/encompaniastj.org\\\/pt-pt\\\/\",\"name\":\"En Compa\u00f1\u00eda STJ\",\"description\":\"Bolet\u00edn de la Compa\u00f1\u00eda de Santa Teresa de Jes\u00fas\",\"publisher\":{\"@id\":\"https:\\\/\\\/encompaniastj.org\\\/pt-pt\\\/#organization\"},\"potentialAction\":[{\"@type\":\"SearchAction\",\"target\":{\"@type\":\"EntryPoint\",\"urlTemplate\":\"https:\\\/\\\/encompaniastj.org\\\/pt-pt\\\/?s={search_term_string}\"},\"query-input\":{\"@type\":\"PropertyValueSpecification\",\"valueRequired\":true,\"valueName\":\"search_term_string\"}}],\"inLanguage\":\"pt-PT\"},{\"@type\":\"Organization\",\"@id\":\"https:\\\/\\\/encompaniastj.org\\\/pt-pt\\\/#organization\",\"name\":\"Compa\u00f1\u00eda de Santa Teresa de Jes\u00fas\",\"url\":\"https:\\\/\\\/encompaniastj.org\\\/pt-pt\\\/\",\"logo\":{\"@type\":\"ImageObject\",\"inLanguage\":\"pt-PT\",\"@id\":\"https:\\\/\\\/encompaniastj.org\\\/pt-pt\\\/#\\\/schema\\\/logo\\\/image\\\/\",\"url\":\"https:\\\/\\\/encompaniastj.org\\\/wp-content\\\/uploads\\\/2025\\\/04\\\/logo_provincias02-1-3.png\",\"contentUrl\":\"https:\\\/\\\/encompaniastj.org\\\/wp-content\\\/uploads\\\/2025\\\/04\\\/logo_provincias02-1-3.png\",\"width\":2368,\"height\":825,\"caption\":\"Compa\u00f1\u00eda de Santa Teresa de Jes\u00fas\"},\"image\":{\"@id\":\"https:\\\/\\\/encompaniastj.org\\\/pt-pt\\\/#\\\/schema\\\/logo\\\/image\\\/\"}},{\"@type\":\"Person\",\"@id\":\"https:\\\/\\\/encompaniastj.org\\\/pt-pt\\\/#\\\/schema\\\/person\\\/520e7ecc314793d40091993c2a02b651\",\"name\":\"admin\",\"image\":{\"@type\":\"ImageObject\",\"inLanguage\":\"pt-PT\",\"@id\":\"https:\\\/\\\/secure.gravatar.com\\\/avatar\\\/948b492cce32b586ac2db0eaa926ee87024f7afe218d73b397ea5ddfc5f43ea1?s=96&d=mm&r=g\",\"url\":\"https:\\\/\\\/secure.gravatar.com\\\/avatar\\\/948b492cce32b586ac2db0eaa926ee87024f7afe218d73b397ea5ddfc5f43ea1?s=96&d=mm&r=g\",\"contentUrl\":\"https:\\\/\\\/secure.gravatar.com\\\/avatar\\\/948b492cce32b586ac2db0eaa926ee87024f7afe218d73b397ea5ddfc5f43ea1?s=96&d=mm&r=g\",\"caption\":\"admin\"},\"sameAs\":[\"https:\\\/\\\/encompaniastj.org\"],\"url\":\"https:\\\/\\\/encompaniastj.org\\\/pt-pt\\\/author\\\/sjdigital\\\/\"}]}<\/script>\n<!-- \/ Yoast SEO plugin. -->","yoast_head_json":{"title":"MTA PORTUGAL: a vida em tempo de Quaresma - En Compa\u00f1\u00eda STJ","robots":{"index":"index","follow":"follow","max-snippet":"max-snippet:-1","max-image-preview":"max-image-preview:large","max-video-preview":"max-video-preview:-1"},"canonical":"https:\/\/encompaniastj.org\/pt-pt\/mta-portugal-a-vida-em-tempo-de-quaresma\/","og_locale":"pt_PT","og_type":"article","og_title":"MTA PORTUGAL: a vida em tempo de Quaresma - En Compa\u00f1\u00eda STJ","og_description":"Como sempre, a Quaresma foi tempo muito rico para o MTA. Este que \u00e9 um dos tempos maiores do ano lit\u00fargico, \u00e9 tamb\u00e9m um dos tempos maiores para o ano [&hellip;]","og_url":"https:\/\/encompaniastj.org\/pt-pt\/mta-portugal-a-vida-em-tempo-de-quaresma\/","og_site_name":"En Compa\u00f1\u00eda STJ","article_published_time":"2020-04-20T13:47:27+00:00","article_modified_time":"2025-07-07T14:21:31+00:00","og_image":[{"width":960,"height":540,"url":"https:\/\/encompaniastj.org\/wp-content\/uploads\/2025\/05\/7-Uma-Semana-no-Castelo-Interior.jpg","type":"image\/jpeg"}],"author":"admin","twitter_card":"summary_large_image","twitter_misc":{"Escrito por":"admin","Tempo estimado de leitura":"2 minutos"},"schema":{"@context":"https:\/\/schema.org","@graph":[{"@type":"Article","@id":"https:\/\/encompaniastj.org\/pt-pt\/mta-portugal-a-vida-em-tempo-de-quaresma\/#article","isPartOf":{"@id":"https:\/\/encompaniastj.org\/pt-pt\/mta-portugal-a-vida-em-tempo-de-quaresma\/"},"author":{"name":"admin","@id":"https:\/\/encompaniastj.org\/pt-pt\/#\/schema\/person\/520e7ecc314793d40091993c2a02b651"},"headline":"MTA PORTUGAL: a vida em tempo de Quaresma","datePublished":"2020-04-20T13:47:27+00:00","dateModified":"2025-07-07T14:21:31+00:00","mainEntityOfPage":{"@id":"https:\/\/encompaniastj.org\/pt-pt\/mta-portugal-a-vida-em-tempo-de-quaresma\/"},"wordCount":463,"commentCount":0,"publisher":{"@id":"https:\/\/encompaniastj.org\/pt-pt\/#organization"},"image":{"@id":"https:\/\/encompaniastj.org\/pt-pt\/mta-portugal-a-vida-em-tempo-de-quaresma\/#primaryimage"},"thumbnailUrl":"https:\/\/encompaniastj.org\/wp-content\/uploads\/2025\/05\/7-Uma-Semana-no-Castelo-Interior.jpg","articleSection":["STJ","STJ pt"],"inLanguage":"pt-PT","potentialAction":[{"@type":"CommentAction","name":"Comment","target":["https:\/\/encompaniastj.org\/pt-pt\/mta-portugal-a-vida-em-tempo-de-quaresma\/#respond"]}]},{"@type":"WebPage","@id":"https:\/\/encompaniastj.org\/pt-pt\/mta-portugal-a-vida-em-tempo-de-quaresma\/","url":"https:\/\/encompaniastj.org\/pt-pt\/mta-portugal-a-vida-em-tempo-de-quaresma\/","name":"MTA PORTUGAL: a vida em tempo de Quaresma - En Compa\u00f1\u00eda STJ","isPartOf":{"@id":"https:\/\/encompaniastj.org\/pt-pt\/#website"},"primaryImageOfPage":{"@id":"https:\/\/encompaniastj.org\/pt-pt\/mta-portugal-a-vida-em-tempo-de-quaresma\/#primaryimage"},"image":{"@id":"https:\/\/encompaniastj.org\/pt-pt\/mta-portugal-a-vida-em-tempo-de-quaresma\/#primaryimage"},"thumbnailUrl":"https:\/\/encompaniastj.org\/wp-content\/uploads\/2025\/05\/7-Uma-Semana-no-Castelo-Interior.jpg","datePublished":"2020-04-20T13:47:27+00:00","dateModified":"2025-07-07T14:21:31+00:00","breadcrumb":{"@id":"https:\/\/encompaniastj.org\/pt-pt\/mta-portugal-a-vida-em-tempo-de-quaresma\/#breadcrumb"},"inLanguage":"pt-PT","potentialAction":[{"@type":"ReadAction","target":["https:\/\/encompaniastj.org\/pt-pt\/mta-portugal-a-vida-em-tempo-de-quaresma\/"]}]},{"@type":"ImageObject","inLanguage":"pt-PT","@id":"https:\/\/encompaniastj.org\/pt-pt\/mta-portugal-a-vida-em-tempo-de-quaresma\/#primaryimage","url":"https:\/\/encompaniastj.org\/wp-content\/uploads\/2025\/05\/7-Uma-Semana-no-Castelo-Interior.jpg","contentUrl":"https:\/\/encompaniastj.org\/wp-content\/uploads\/2025\/05\/7-Uma-Semana-no-Castelo-Interior.jpg","width":960,"height":540},{"@type":"BreadcrumbList","@id":"https:\/\/encompaniastj.org\/pt-pt\/mta-portugal-a-vida-em-tempo-de-quaresma\/#breadcrumb","itemListElement":[{"@type":"ListItem","position":1,"name":"Portada","item":"https:\/\/encompaniastj.org\/pt-pt\/"},{"@type":"ListItem","position":2,"name":"MTA PORTUGAL: a vida em tempo de Quaresma"}]},{"@type":"WebSite","@id":"https:\/\/encompaniastj.org\/pt-pt\/#website","url":"https:\/\/encompaniastj.org\/pt-pt\/","name":"En Compa\u00f1\u00eda STJ","description":"Bolet\u00edn de la Compa\u00f1\u00eda de Santa Teresa de Jes\u00fas","publisher":{"@id":"https:\/\/encompaniastj.org\/pt-pt\/#organization"},"potentialAction":[{"@type":"SearchAction","target":{"@type":"EntryPoint","urlTemplate":"https:\/\/encompaniastj.org\/pt-pt\/?s={search_term_string}"},"query-input":{"@type":"PropertyValueSpecification","valueRequired":true,"valueName":"search_term_string"}}],"inLanguage":"pt-PT"},{"@type":"Organization","@id":"https:\/\/encompaniastj.org\/pt-pt\/#organization","name":"Compa\u00f1\u00eda de Santa Teresa de Jes\u00fas","url":"https:\/\/encompaniastj.org\/pt-pt\/","logo":{"@type":"ImageObject","inLanguage":"pt-PT","@id":"https:\/\/encompaniastj.org\/pt-pt\/#\/schema\/logo\/image\/","url":"https:\/\/encompaniastj.org\/wp-content\/uploads\/2025\/04\/logo_provincias02-1-3.png","contentUrl":"https:\/\/encompaniastj.org\/wp-content\/uploads\/2025\/04\/logo_provincias02-1-3.png","width":2368,"height":825,"caption":"Compa\u00f1\u00eda de Santa Teresa de Jes\u00fas"},"image":{"@id":"https:\/\/encompaniastj.org\/pt-pt\/#\/schema\/logo\/image\/"}},{"@type":"Person","@id":"https:\/\/encompaniastj.org\/pt-pt\/#\/schema\/person\/520e7ecc314793d40091993c2a02b651","name":"admin","image":{"@type":"ImageObject","inLanguage":"pt-PT","@id":"https:\/\/secure.gravatar.com\/avatar\/948b492cce32b586ac2db0eaa926ee87024f7afe218d73b397ea5ddfc5f43ea1?s=96&d=mm&r=g","url":"https:\/\/secure.gravatar.com\/avatar\/948b492cce32b586ac2db0eaa926ee87024f7afe218d73b397ea5ddfc5f43ea1?s=96&d=mm&r=g","contentUrl":"https:\/\/secure.gravatar.com\/avatar\/948b492cce32b586ac2db0eaa926ee87024f7afe218d73b397ea5ddfc5f43ea1?s=96&d=mm&r=g","caption":"admin"},"sameAs":["https:\/\/encompaniastj.org"],"url":"https:\/\/encompaniastj.org\/pt-pt\/author\/sjdigital\/"}]}},"_links":{"self":[{"href":"https:\/\/encompaniastj.org\/pt-pt\/wp-json\/wp\/v2\/posts\/10098","targetHints":{"allow":["GET"]}}],"collection":[{"href":"https:\/\/encompaniastj.org\/pt-pt\/wp-json\/wp\/v2\/posts"}],"about":[{"href":"https:\/\/encompaniastj.org\/pt-pt\/wp-json\/wp\/v2\/types\/post"}],"author":[{"embeddable":true,"href":"https:\/\/encompaniastj.org\/pt-pt\/wp-json\/wp\/v2\/users\/1"}],"replies":[{"embeddable":true,"href":"https:\/\/encompaniastj.org\/pt-pt\/wp-json\/wp\/v2\/comments?post=10098"}],"version-history":[{"count":1,"href":"https:\/\/encompaniastj.org\/pt-pt\/wp-json\/wp\/v2\/posts\/10098\/revisions"}],"predecessor-version":[{"id":10099,"href":"https:\/\/encompaniastj.org\/pt-pt\/wp-json\/wp\/v2\/posts\/10098\/revisions\/10099"}],"wp:featuredmedia":[{"embeddable":true,"href":"https:\/\/encompaniastj.org\/pt-pt\/wp-json\/wp\/v2\/media\/7437"}],"wp:attachment":[{"href":"https:\/\/encompaniastj.org\/pt-pt\/wp-json\/wp\/v2\/media?parent=10098"}],"wp:term":[{"taxonomy":"category","embeddable":true,"href":"https:\/\/encompaniastj.org\/pt-pt\/wp-json\/wp\/v2\/categories?post=10098"},{"taxonomy":"post_tag","embeddable":true,"href":"https:\/\/encompaniastj.org\/pt-pt\/wp-json\/wp\/v2\/tags?post=10098"}],"curies":[{"name":"wp","href":"https:\/\/api.w.org\/{rel}","templated":true}]}}