{"id":10078,"date":"2020-04-20T11:27:21","date_gmt":"2020-04-20T09:27:21","guid":{"rendered":"https:\/\/encompaniastj.org\/janela-para-a-vida-hoje-sao-as-unicas-visiveis\/"},"modified":"2025-07-07T16:21:28","modified_gmt":"2025-07-07T14:21:28","slug":"janela-para-a-vida-hoje-sao-as-unicas-visiveis","status":"publish","type":"post","link":"https:\/\/encompaniastj.org\/pt-pt\/janela-para-a-vida-hoje-sao-as-unicas-visiveis\/","title":{"rendered":"Janela para a vida- Hoje s\u00e3o as \u00fanicas vis\u00edveis"},"content":{"rendered":"\n<p>Eram invis\u00edveis, mas agora s\u00e3o os \u00fanicos que vemos, porque cada dia chegam, logo de manh\u00e3, \u00e0 rua de Santa Ana em Barcelona. Uma rua tur\u00edstica e comercial, pela qual transita habitualmente uma grande quantidade de gente, ignorando, com frequ\u00eancia os mendigos, como aquele casal que ela apoiada no ombro do seu amigo, costumavam estar sentados no ch\u00e3o esperando que ca\u00edsse alguma moeda num copo de papel.<\/p>\n\n<p>A gente costumava passar ao seu lado e eram muito poucos os que os viam, ou pelo menos, os que os olhavam. Eu tenho-os muito presentes porque me recordavam a cena de um famoso quadro, \"O beijo\" de Gustav Klimt. Acab\u00e1mos por nos tornarmos amigos e explicaram-me a sua hist\u00f3ria depois de n\u00e3o os ter visto durante alguns dias e sentir a falta deles: ela estava muito doente e tinham estado no Hospital. <\/p>\n\n<p>Como aquele casal, conheci e tratei muitos outros desses \"invis\u00edveis\". Agora com o meu telem\u00f3vel - a \u00fanica maneira que tenho para comunicar cada dia com o Hospital de Campanha de Santa Ana-, vejo uma fila enorme que chega mais al\u00e9m do Portal do Anjo, em sil\u00eancio e guardando o metro e meio de separa\u00e7\u00e3o regulamentar. S\u00e3o um coletivo desses \"invis\u00edveis\" que, precisamente agora, s\u00e3o os \u00fanicos que se podem ver na rua deserta e solit\u00e1ria. A gente que antes enchia a cidade, agora est\u00e1 em suas casas, protegida. Desapareceu das ruas de uma cidade at\u00e9 h\u00e1 um m\u00eas cheia de caminhantes, de turistas, de vida e de movimento.<\/p>\n\n<p>E agora vem <em>o milagre da fraternidade. <\/em>A maior parte dos que \u00edamos a Santa Ana e a ench\u00edamos de vida, atividade e acolhimento aos nossos irm\u00e3os, estamos numa idade ou situa\u00e7\u00e3o de risco e, portanto, confinados. Tamb\u00e9m n\u00e3o pode ser aberta a igreja para convert\u00ea-la no lar dos sem tecto. O estado de alarme o pro\u00edbe. Mas nove homens, antigos acolhidos - que n\u00e3o h\u00e1 \u00a0demasiado tempo formavam parte desse coletivo de invis\u00edveis- converteram-se agora em volunt\u00e1rios eficientes, abnegados, colaboradores imprescind\u00edveis que, protegidos com coletes, m\u00e1scaras e luvas organizam cada dia -juntamente com o reitor, Monsenhor Peio e o educador- uns 200 pequenos almo\u00e7os, almo\u00e7os e jantares que partilham aos indigentes juntamente com os elementos de prote\u00e7\u00e3o-luvas e m\u00e1scaras- que eles n\u00e3o poderiam conseguir. Mais al\u00e9m da benefic\u00eancia, Santa Ana est\u00e1 comprometida no acolhimento que inicie uma promo\u00e7\u00e3o da pessoa.... Agora estamos contemplando esse fruto e damos gra\u00e7as a Deus por isso.<\/p>\n\n<p>Vict\u00f3ria Molins, stj<\/p>\n\n<ul class=\"wp-block-gallery columns-2 is-cropped wp-block-gallery-1 is-layout-flex wp-block-gallery-is-layout-flex\">\n<li class=\"blocks-gallery-item\"><figure><a href=\"https:\/\/encompaniastj.org\/wp-content\/uploads\/2025\/05\/2-1-2.jpg\"><img decoding=\"async\" src=\"https:\/\/encompaniastj.org\/wp-content\/uploads\/2025\/05\/2-1-2.jpg\" alt=\"\" data-id=\"6325\" data-link=\"https:\/\/encompaniastj.org\/?attachment_id=6325\" class=\"wp-image-6325\"><\/a><\/figure><\/li>\n<li class=\"blocks-gallery-item\"><figure><a href=\"https:\/\/encompaniastj.org\/wp-content\/uploads\/2025\/05\/3-1-2.jpg\"><img decoding=\"async\" src=\"https:\/\/encompaniastj.org\/wp-content\/uploads\/2025\/05\/3-1-2.jpg\" alt=\"\" data-id=\"6327\" data-link=\"https:\/\/encompaniastj.org\/?attachment_id=6327\" class=\"wp-image-6327\"><\/a><\/figure><\/li>\n<li class=\"blocks-gallery-item\"><figure><a href=\"https:\/\/encompaniastj.org\/wp-content\/uploads\/2025\/05\/4-4.jpg\"><img decoding=\"async\" src=\"https:\/\/encompaniastj.org\/wp-content\/uploads\/2025\/05\/4-4.jpg\" alt=\"\" data-id=\"6329\" data-link=\"https:\/\/encompaniastj.org\/?attachment_id=6329\" class=\"wp-image-6329\"><\/a><\/figure><\/li>\n<\/ul>","protected":false},"excerpt":{"rendered":"<p>Eram invis\u00edveis, mas agora s\u00e3o os \u00fanicos que vemos, porque cada dia chegam, logo de manh\u00e3, \u00e0 rua de Santa Ana em Barcelona. Uma rua tur\u00edstica e comercial, pela qual [&hellip;]<\/p>\n","protected":false},"author":1,"featured_media":7415,"comment_status":"open","ping_status":"open","sticky":false,"template":"","format":"standard","meta":{"_acf_changed":false,"footnotes":""},"categories":[76,74,61],"tags":[],"class_list":["post-10078","post","type-post","status-publish","format-standard","has-post-thumbnail","hentry","category-acao-social","category-accion-social","category-noticias"],"acf":[],"yoast_head":"<!-- This site is optimized with the Yoast SEO plugin v27.5 - https:\/\/yoast.com\/product\/yoast-seo-wordpress\/ -->\n<title>Janela para a vida- Hoje s\u00e3o as \u00fanicas vis\u00edveis - En Compa\u00f1\u00eda STJ<\/title>\n<meta name=\"robots\" content=\"index, follow, max-snippet:-1, max-image-preview:large, max-video-preview:-1\" \/>\n<link rel=\"canonical\" href=\"https:\/\/encompaniastj.org\/pt-pt\/janela-para-a-vida-hoje-sao-as-unicas-visiveis\/\" \/>\n<meta property=\"og:locale\" content=\"pt_PT\" \/>\n<meta property=\"og:type\" content=\"article\" \/>\n<meta property=\"og:title\" content=\"Janela para a vida- Hoje s\u00e3o as \u00fanicas vis\u00edveis - En Compa\u00f1\u00eda STJ\" \/>\n<meta property=\"og:description\" content=\"Eram invis\u00edveis, mas agora s\u00e3o os \u00fanicos que vemos, porque cada dia chegam, logo de manh\u00e3, \u00e0 rua de Santa Ana em Barcelona. Uma rua tur\u00edstica e comercial, pela qual [&hellip;]\" \/>\n<meta property=\"og:url\" content=\"https:\/\/encompaniastj.org\/pt-pt\/janela-para-a-vida-hoje-sao-as-unicas-visiveis\/\" \/>\n<meta property=\"og:site_name\" content=\"En Compa\u00f1\u00eda STJ\" \/>\n<meta property=\"article:published_time\" content=\"2020-04-20T09:27:21+00:00\" \/>\n<meta property=\"article:modified_time\" content=\"2025-07-07T14:21:28+00:00\" \/>\n<meta property=\"og:image\" content=\"https:\/\/encompaniastj.org\/wp-content\/uploads\/2025\/05\/2-1-2.jpg\" \/>\n\t<meta property=\"og:image:width\" content=\"992\" \/>\n\t<meta property=\"og:image:height\" content=\"558\" \/>\n\t<meta property=\"og:image:type\" content=\"image\/jpeg\" \/>\n<meta name=\"author\" content=\"admin\" \/>\n<meta name=\"twitter:card\" content=\"summary_large_image\" \/>\n<meta name=\"twitter:label1\" content=\"Escrito por\" \/>\n\t<meta name=\"twitter:data1\" content=\"admin\" \/>\n\t<meta name=\"twitter:label2\" content=\"Tempo estimado de leitura\" \/>\n\t<meta name=\"twitter:data2\" content=\"2 minutos\" \/>\n<script type=\"application\/ld+json\" class=\"yoast-schema-graph\">{\"@context\":\"https:\\\/\\\/schema.org\",\"@graph\":[{\"@type\":\"Article\",\"@id\":\"https:\\\/\\\/encompaniastj.org\\\/pt-pt\\\/janela-para-a-vida-hoje-sao-as-unicas-visiveis\\\/#article\",\"isPartOf\":{\"@id\":\"https:\\\/\\\/encompaniastj.org\\\/pt-pt\\\/janela-para-a-vida-hoje-sao-as-unicas-visiveis\\\/\"},\"author\":{\"name\":\"admin\",\"@id\":\"https:\\\/\\\/encompaniastj.org\\\/pt-pt\\\/#\\\/schema\\\/person\\\/520e7ecc314793d40091993c2a02b651\"},\"headline\":\"Janela para a vida- Hoje s\u00e3o as \u00fanicas vis\u00edveis\",\"datePublished\":\"2020-04-20T09:27:21+00:00\",\"dateModified\":\"2025-07-07T14:21:28+00:00\",\"mainEntityOfPage\":{\"@id\":\"https:\\\/\\\/encompaniastj.org\\\/pt-pt\\\/janela-para-a-vida-hoje-sao-as-unicas-visiveis\\\/\"},\"wordCount\":455,\"commentCount\":0,\"publisher\":{\"@id\":\"https:\\\/\\\/encompaniastj.org\\\/pt-pt\\\/#organization\"},\"image\":{\"@id\":\"https:\\\/\\\/encompaniastj.org\\\/pt-pt\\\/janela-para-a-vida-hoje-sao-as-unicas-visiveis\\\/#primaryimage\"},\"thumbnailUrl\":\"https:\\\/\\\/encompaniastj.org\\\/wp-content\\\/uploads\\\/2025\\\/05\\\/2-1-2.jpg\",\"articleSection\":[\"A\u00e7\u00e3o Social\",\"Acci\u00f3n Social\",\"Noticias\"],\"inLanguage\":\"pt-PT\",\"potentialAction\":[{\"@type\":\"CommentAction\",\"name\":\"Comment\",\"target\":[\"https:\\\/\\\/encompaniastj.org\\\/pt-pt\\\/janela-para-a-vida-hoje-sao-as-unicas-visiveis\\\/#respond\"]}]},{\"@type\":\"WebPage\",\"@id\":\"https:\\\/\\\/encompaniastj.org\\\/pt-pt\\\/janela-para-a-vida-hoje-sao-as-unicas-visiveis\\\/\",\"url\":\"https:\\\/\\\/encompaniastj.org\\\/pt-pt\\\/janela-para-a-vida-hoje-sao-as-unicas-visiveis\\\/\",\"name\":\"Janela para a vida- Hoje s\u00e3o as \u00fanicas vis\u00edveis - En Compa\u00f1\u00eda STJ\",\"isPartOf\":{\"@id\":\"https:\\\/\\\/encompaniastj.org\\\/pt-pt\\\/#website\"},\"primaryImageOfPage\":{\"@id\":\"https:\\\/\\\/encompaniastj.org\\\/pt-pt\\\/janela-para-a-vida-hoje-sao-as-unicas-visiveis\\\/#primaryimage\"},\"image\":{\"@id\":\"https:\\\/\\\/encompaniastj.org\\\/pt-pt\\\/janela-para-a-vida-hoje-sao-as-unicas-visiveis\\\/#primaryimage\"},\"thumbnailUrl\":\"https:\\\/\\\/encompaniastj.org\\\/wp-content\\\/uploads\\\/2025\\\/05\\\/2-1-2.jpg\",\"datePublished\":\"2020-04-20T09:27:21+00:00\",\"dateModified\":\"2025-07-07T14:21:28+00:00\",\"breadcrumb\":{\"@id\":\"https:\\\/\\\/encompaniastj.org\\\/pt-pt\\\/janela-para-a-vida-hoje-sao-as-unicas-visiveis\\\/#breadcrumb\"},\"inLanguage\":\"pt-PT\",\"potentialAction\":[{\"@type\":\"ReadAction\",\"target\":[\"https:\\\/\\\/encompaniastj.org\\\/pt-pt\\\/janela-para-a-vida-hoje-sao-as-unicas-visiveis\\\/\"]}]},{\"@type\":\"ImageObject\",\"inLanguage\":\"pt-PT\",\"@id\":\"https:\\\/\\\/encompaniastj.org\\\/pt-pt\\\/janela-para-a-vida-hoje-sao-as-unicas-visiveis\\\/#primaryimage\",\"url\":\"https:\\\/\\\/encompaniastj.org\\\/wp-content\\\/uploads\\\/2025\\\/05\\\/2-1-2.jpg\",\"contentUrl\":\"https:\\\/\\\/encompaniastj.org\\\/wp-content\\\/uploads\\\/2025\\\/05\\\/2-1-2.jpg\",\"width\":992,\"height\":558},{\"@type\":\"BreadcrumbList\",\"@id\":\"https:\\\/\\\/encompaniastj.org\\\/pt-pt\\\/janela-para-a-vida-hoje-sao-as-unicas-visiveis\\\/#breadcrumb\",\"itemListElement\":[{\"@type\":\"ListItem\",\"position\":1,\"name\":\"Portada\",\"item\":\"https:\\\/\\\/encompaniastj.org\\\/pt-pt\\\/\"},{\"@type\":\"ListItem\",\"position\":2,\"name\":\"Janela para a vida- Hoje s\u00e3o as \u00fanicas vis\u00edveis\"}]},{\"@type\":\"WebSite\",\"@id\":\"https:\\\/\\\/encompaniastj.org\\\/pt-pt\\\/#website\",\"url\":\"https:\\\/\\\/encompaniastj.org\\\/pt-pt\\\/\",\"name\":\"En Compa\u00f1\u00eda STJ\",\"description\":\"Bolet\u00edn de la Compa\u00f1\u00eda de Santa Teresa de Jes\u00fas\",\"publisher\":{\"@id\":\"https:\\\/\\\/encompaniastj.org\\\/pt-pt\\\/#organization\"},\"potentialAction\":[{\"@type\":\"SearchAction\",\"target\":{\"@type\":\"EntryPoint\",\"urlTemplate\":\"https:\\\/\\\/encompaniastj.org\\\/pt-pt\\\/?s={search_term_string}\"},\"query-input\":{\"@type\":\"PropertyValueSpecification\",\"valueRequired\":true,\"valueName\":\"search_term_string\"}}],\"inLanguage\":\"pt-PT\"},{\"@type\":\"Organization\",\"@id\":\"https:\\\/\\\/encompaniastj.org\\\/pt-pt\\\/#organization\",\"name\":\"Compa\u00f1\u00eda de Santa Teresa de Jes\u00fas\",\"url\":\"https:\\\/\\\/encompaniastj.org\\\/pt-pt\\\/\",\"logo\":{\"@type\":\"ImageObject\",\"inLanguage\":\"pt-PT\",\"@id\":\"https:\\\/\\\/encompaniastj.org\\\/pt-pt\\\/#\\\/schema\\\/logo\\\/image\\\/\",\"url\":\"https:\\\/\\\/encompaniastj.org\\\/wp-content\\\/uploads\\\/2025\\\/04\\\/logo_provincias02-1-3.png\",\"contentUrl\":\"https:\\\/\\\/encompaniastj.org\\\/wp-content\\\/uploads\\\/2025\\\/04\\\/logo_provincias02-1-3.png\",\"width\":2368,\"height\":825,\"caption\":\"Compa\u00f1\u00eda de Santa Teresa de Jes\u00fas\"},\"image\":{\"@id\":\"https:\\\/\\\/encompaniastj.org\\\/pt-pt\\\/#\\\/schema\\\/logo\\\/image\\\/\"}},{\"@type\":\"Person\",\"@id\":\"https:\\\/\\\/encompaniastj.org\\\/pt-pt\\\/#\\\/schema\\\/person\\\/520e7ecc314793d40091993c2a02b651\",\"name\":\"admin\",\"image\":{\"@type\":\"ImageObject\",\"inLanguage\":\"pt-PT\",\"@id\":\"https:\\\/\\\/secure.gravatar.com\\\/avatar\\\/948b492cce32b586ac2db0eaa926ee87024f7afe218d73b397ea5ddfc5f43ea1?s=96&d=mm&r=g\",\"url\":\"https:\\\/\\\/secure.gravatar.com\\\/avatar\\\/948b492cce32b586ac2db0eaa926ee87024f7afe218d73b397ea5ddfc5f43ea1?s=96&d=mm&r=g\",\"contentUrl\":\"https:\\\/\\\/secure.gravatar.com\\\/avatar\\\/948b492cce32b586ac2db0eaa926ee87024f7afe218d73b397ea5ddfc5f43ea1?s=96&d=mm&r=g\",\"caption\":\"admin\"},\"sameAs\":[\"https:\\\/\\\/encompaniastj.org\"],\"url\":\"https:\\\/\\\/encompaniastj.org\\\/pt-pt\\\/author\\\/sjdigital\\\/\"}]}<\/script>\n<!-- \/ Yoast SEO plugin. -->","yoast_head_json":{"title":"Janela para a vida- Hoje s\u00e3o as \u00fanicas vis\u00edveis - En Compa\u00f1\u00eda STJ","robots":{"index":"index","follow":"follow","max-snippet":"max-snippet:-1","max-image-preview":"max-image-preview:large","max-video-preview":"max-video-preview:-1"},"canonical":"https:\/\/encompaniastj.org\/pt-pt\/janela-para-a-vida-hoje-sao-as-unicas-visiveis\/","og_locale":"pt_PT","og_type":"article","og_title":"Janela para a vida- Hoje s\u00e3o as \u00fanicas vis\u00edveis - En Compa\u00f1\u00eda STJ","og_description":"Eram invis\u00edveis, mas agora s\u00e3o os \u00fanicos que vemos, porque cada dia chegam, logo de manh\u00e3, \u00e0 rua de Santa Ana em Barcelona. Uma rua tur\u00edstica e comercial, pela qual [&hellip;]","og_url":"https:\/\/encompaniastj.org\/pt-pt\/janela-para-a-vida-hoje-sao-as-unicas-visiveis\/","og_site_name":"En Compa\u00f1\u00eda STJ","article_published_time":"2020-04-20T09:27:21+00:00","article_modified_time":"2025-07-07T14:21:28+00:00","og_image":[{"width":992,"height":558,"url":"https:\/\/encompaniastj.org\/wp-content\/uploads\/2025\/05\/2-1-2.jpg","type":"image\/jpeg"}],"author":"admin","twitter_card":"summary_large_image","twitter_misc":{"Escrito por":"admin","Tempo estimado de leitura":"2 minutos"},"schema":{"@context":"https:\/\/schema.org","@graph":[{"@type":"Article","@id":"https:\/\/encompaniastj.org\/pt-pt\/janela-para-a-vida-hoje-sao-as-unicas-visiveis\/#article","isPartOf":{"@id":"https:\/\/encompaniastj.org\/pt-pt\/janela-para-a-vida-hoje-sao-as-unicas-visiveis\/"},"author":{"name":"admin","@id":"https:\/\/encompaniastj.org\/pt-pt\/#\/schema\/person\/520e7ecc314793d40091993c2a02b651"},"headline":"Janela para a vida- Hoje s\u00e3o as \u00fanicas vis\u00edveis","datePublished":"2020-04-20T09:27:21+00:00","dateModified":"2025-07-07T14:21:28+00:00","mainEntityOfPage":{"@id":"https:\/\/encompaniastj.org\/pt-pt\/janela-para-a-vida-hoje-sao-as-unicas-visiveis\/"},"wordCount":455,"commentCount":0,"publisher":{"@id":"https:\/\/encompaniastj.org\/pt-pt\/#organization"},"image":{"@id":"https:\/\/encompaniastj.org\/pt-pt\/janela-para-a-vida-hoje-sao-as-unicas-visiveis\/#primaryimage"},"thumbnailUrl":"https:\/\/encompaniastj.org\/wp-content\/uploads\/2025\/05\/2-1-2.jpg","articleSection":["A\u00e7\u00e3o Social","Acci\u00f3n Social","Noticias"],"inLanguage":"pt-PT","potentialAction":[{"@type":"CommentAction","name":"Comment","target":["https:\/\/encompaniastj.org\/pt-pt\/janela-para-a-vida-hoje-sao-as-unicas-visiveis\/#respond"]}]},{"@type":"WebPage","@id":"https:\/\/encompaniastj.org\/pt-pt\/janela-para-a-vida-hoje-sao-as-unicas-visiveis\/","url":"https:\/\/encompaniastj.org\/pt-pt\/janela-para-a-vida-hoje-sao-as-unicas-visiveis\/","name":"Janela para a vida- Hoje s\u00e3o as \u00fanicas vis\u00edveis - En Compa\u00f1\u00eda STJ","isPartOf":{"@id":"https:\/\/encompaniastj.org\/pt-pt\/#website"},"primaryImageOfPage":{"@id":"https:\/\/encompaniastj.org\/pt-pt\/janela-para-a-vida-hoje-sao-as-unicas-visiveis\/#primaryimage"},"image":{"@id":"https:\/\/encompaniastj.org\/pt-pt\/janela-para-a-vida-hoje-sao-as-unicas-visiveis\/#primaryimage"},"thumbnailUrl":"https:\/\/encompaniastj.org\/wp-content\/uploads\/2025\/05\/2-1-2.jpg","datePublished":"2020-04-20T09:27:21+00:00","dateModified":"2025-07-07T14:21:28+00:00","breadcrumb":{"@id":"https:\/\/encompaniastj.org\/pt-pt\/janela-para-a-vida-hoje-sao-as-unicas-visiveis\/#breadcrumb"},"inLanguage":"pt-PT","potentialAction":[{"@type":"ReadAction","target":["https:\/\/encompaniastj.org\/pt-pt\/janela-para-a-vida-hoje-sao-as-unicas-visiveis\/"]}]},{"@type":"ImageObject","inLanguage":"pt-PT","@id":"https:\/\/encompaniastj.org\/pt-pt\/janela-para-a-vida-hoje-sao-as-unicas-visiveis\/#primaryimage","url":"https:\/\/encompaniastj.org\/wp-content\/uploads\/2025\/05\/2-1-2.jpg","contentUrl":"https:\/\/encompaniastj.org\/wp-content\/uploads\/2025\/05\/2-1-2.jpg","width":992,"height":558},{"@type":"BreadcrumbList","@id":"https:\/\/encompaniastj.org\/pt-pt\/janela-para-a-vida-hoje-sao-as-unicas-visiveis\/#breadcrumb","itemListElement":[{"@type":"ListItem","position":1,"name":"Portada","item":"https:\/\/encompaniastj.org\/pt-pt\/"},{"@type":"ListItem","position":2,"name":"Janela para a vida- Hoje s\u00e3o as \u00fanicas vis\u00edveis"}]},{"@type":"WebSite","@id":"https:\/\/encompaniastj.org\/pt-pt\/#website","url":"https:\/\/encompaniastj.org\/pt-pt\/","name":"En Compa\u00f1\u00eda STJ","description":"Bolet\u00edn de la Compa\u00f1\u00eda de Santa Teresa de Jes\u00fas","publisher":{"@id":"https:\/\/encompaniastj.org\/pt-pt\/#organization"},"potentialAction":[{"@type":"SearchAction","target":{"@type":"EntryPoint","urlTemplate":"https:\/\/encompaniastj.org\/pt-pt\/?s={search_term_string}"},"query-input":{"@type":"PropertyValueSpecification","valueRequired":true,"valueName":"search_term_string"}}],"inLanguage":"pt-PT"},{"@type":"Organization","@id":"https:\/\/encompaniastj.org\/pt-pt\/#organization","name":"Compa\u00f1\u00eda de Santa Teresa de Jes\u00fas","url":"https:\/\/encompaniastj.org\/pt-pt\/","logo":{"@type":"ImageObject","inLanguage":"pt-PT","@id":"https:\/\/encompaniastj.org\/pt-pt\/#\/schema\/logo\/image\/","url":"https:\/\/encompaniastj.org\/wp-content\/uploads\/2025\/04\/logo_provincias02-1-3.png","contentUrl":"https:\/\/encompaniastj.org\/wp-content\/uploads\/2025\/04\/logo_provincias02-1-3.png","width":2368,"height":825,"caption":"Compa\u00f1\u00eda de Santa Teresa de Jes\u00fas"},"image":{"@id":"https:\/\/encompaniastj.org\/pt-pt\/#\/schema\/logo\/image\/"}},{"@type":"Person","@id":"https:\/\/encompaniastj.org\/pt-pt\/#\/schema\/person\/520e7ecc314793d40091993c2a02b651","name":"admin","image":{"@type":"ImageObject","inLanguage":"pt-PT","@id":"https:\/\/secure.gravatar.com\/avatar\/948b492cce32b586ac2db0eaa926ee87024f7afe218d73b397ea5ddfc5f43ea1?s=96&d=mm&r=g","url":"https:\/\/secure.gravatar.com\/avatar\/948b492cce32b586ac2db0eaa926ee87024f7afe218d73b397ea5ddfc5f43ea1?s=96&d=mm&r=g","contentUrl":"https:\/\/secure.gravatar.com\/avatar\/948b492cce32b586ac2db0eaa926ee87024f7afe218d73b397ea5ddfc5f43ea1?s=96&d=mm&r=g","caption":"admin"},"sameAs":["https:\/\/encompaniastj.org"],"url":"https:\/\/encompaniastj.org\/pt-pt\/author\/sjdigital\/"}]}},"_links":{"self":[{"href":"https:\/\/encompaniastj.org\/pt-pt\/wp-json\/wp\/v2\/posts\/10078","targetHints":{"allow":["GET"]}}],"collection":[{"href":"https:\/\/encompaniastj.org\/pt-pt\/wp-json\/wp\/v2\/posts"}],"about":[{"href":"https:\/\/encompaniastj.org\/pt-pt\/wp-json\/wp\/v2\/types\/post"}],"author":[{"embeddable":true,"href":"https:\/\/encompaniastj.org\/pt-pt\/wp-json\/wp\/v2\/users\/1"}],"replies":[{"embeddable":true,"href":"https:\/\/encompaniastj.org\/pt-pt\/wp-json\/wp\/v2\/comments?post=10078"}],"version-history":[{"count":1,"href":"https:\/\/encompaniastj.org\/pt-pt\/wp-json\/wp\/v2\/posts\/10078\/revisions"}],"predecessor-version":[{"id":10079,"href":"https:\/\/encompaniastj.org\/pt-pt\/wp-json\/wp\/v2\/posts\/10078\/revisions\/10079"}],"wp:featuredmedia":[{"embeddable":true,"href":"https:\/\/encompaniastj.org\/pt-pt\/wp-json\/wp\/v2\/media\/7415"}],"wp:attachment":[{"href":"https:\/\/encompaniastj.org\/pt-pt\/wp-json\/wp\/v2\/media?parent=10078"}],"wp:term":[{"taxonomy":"category","embeddable":true,"href":"https:\/\/encompaniastj.org\/pt-pt\/wp-json\/wp\/v2\/categories?post=10078"},{"taxonomy":"post_tag","embeddable":true,"href":"https:\/\/encompaniastj.org\/pt-pt\/wp-json\/wp\/v2\/tags?post=10078"}],"curies":[{"name":"wp","href":"https:\/\/api.w.org\/{rel}","templated":true}]}}