{"id":10058,"date":"2020-04-12T15:15:57","date_gmt":"2020-04-12T13:15:57","guid":{"rendered":"https:\/\/encompaniastj.org\/irma-matilde-matheu-10-de-abril-de-2020-barcelona-casa-madre\/"},"modified":"2025-07-07T16:21:24","modified_gmt":"2025-07-07T14:21:24","slug":"irma-matilde-matheu-10-de-abril-de-2020-barcelona-casa-madre","status":"publish","type":"post","link":"https:\/\/encompaniastj.org\/pt-pt\/irma-matilde-matheu-10-de-abril-de-2020-barcelona-casa-madre\/","title":{"rendered":"Irm\u00e3 Matilde Matheu. 10 de abril de 2020 (Barcelona-Casa Madre)"},"content":{"rendered":"\n<p>Identificar-se\ncom Jesus foi o objetivo que a nossa Irm\u00e3 Matilde seguiu ao longo da sua vida.\nEla, que tinha tornado seu, o \u201c<em>Juntos\nandemos, Senhor\u201d,<\/em> t\u00e3o teresiano, e que ao longo da sua vida se sentira conduzida\ne acompanhada por Ele, terminou dizendo com Jesus<em>: Nas tuas<\/em><em> m\u00e3os encomendo o meu esp\u00edrito\u201d,<\/em> numa Sexta-Feira\nSanta pelas 4 da tarde, depois de um tempo de Paix\u00e3o no qual ia aceitando a sua\nfragilidade corporal e preparando-se para o encontro definitivo com o Pai. <\/p>\n\n\n\n<p>Nasceu num 27\nde janeiro e em Tortosa, fazia j\u00e1 92 anos. Tinha que ser Teresiana! Contava-nos\nela que a sua m\u00e3e pedia muito \u00e0 Virgem que os seus filhos fossem piedosos, e quando\nela lhe falou da sua voca\u00e7\u00e3o religiosa, a sua m\u00e3e foi junto de Maria a\ndizer-lhe: \u201cmas n\u00e3o tanto\u201d. E entrou no Noviciado em 1952. Depois da sua Profiss\u00e3o\nchegou a Barcelona, Casa Madre, que foi a sua casa desde que entrou na vida\nreligiosa at\u00e9 ao momento da sua morte, de um modo intermitente, j\u00e1 que Matilde,\ndepois de estudar Belas Artes em Barcelona, foi professora de desenho e ec\u00f3noma\nali e em Tarragona, Tortosa, S. Sebasti\u00e3o, Pamplona, Val\u00eancia e Roma. <\/p>\n\n\n\n<p>A sua sensibilidade\nde artista manifestava-se nas suas pinturas a \u00f3leo: temos quadros que nos recordam\n\u201ccomo ela prendia a beleza de Deus no seu cora\u00e7\u00e3o.\u201d A profundidade da sua vida\ninterior e a ternura para quem a rodeava n\u00e3o sabia express\u00e1-la em palavras \u2013\nfalava pouco, dizia ela que isso era de nascimento- mas com pormenores de\ndelicadeza, de cuidado, de interesse por todas, mas sobretudo por aquelas que\nsentia que eram mais d\u00e9beis e necessitavam mais. <\/p>\n\n\n\n<p>A sua fam\u00edlia\ntinha em Tortosa uma pastelaria com doces muito bons e Matilde, al\u00e9m de gulosa,\nera boa pasteleira e ensinou v\u00e1rias irm\u00e3s a s\u00ea-lo. Quando j\u00e1 n\u00e3o estava em\ncondi\u00e7\u00f5es de alegrar a comunidade com doces, trazia-lhos o seu irm\u00e3o, que lhos\npreparava pessoalmente com muit\u00edssimo carinho.<\/p>\n\n\n\n<p>Assim a\nrecordamos: piedosa e dedicada, silenciosa e atenta aos pormenores, engra\u00e7ada com\numa frescura graciosa e capaz de aceitar qualquer brincadeira, sens\u00edvel e am\u00e1vel;\no seu temperamento forte, com os anos, foi tornando-se doce. E assim a recordam\ntamb\u00e9m as que foram as suas alunas e as que foram professoras do Col\u00e9gio quando\nela era a ec\u00f3noma do mesmo.\n\nDeixou-nos um grande vazio, mas a f\u00e9 d\u00e1-nos a certeza\nde que partiu numa Sexta-Feira Santa para celebrar a P\u00e1scoa da Ressurrei\u00e7\u00e3o com\nJesus. A Virgem da Cinta ter\u00e1 sa\u00eddo ao seu encontro para at\u00e1-la definitivamente\nao seu Filho no seio da Trindade.\n\n\n\n<\/p>\n","protected":false},"excerpt":{"rendered":"<p>Identificar-se com Jesus foi o objetivo que a nossa Irm\u00e3 Matilde seguiu ao longo da sua vida. Ela, que tinha tornado seu, o \u201cJuntos andemos, Senhor\u201d, t\u00e3o teresiano, e que [&hellip;]<\/p>\n","protected":false},"author":1,"featured_media":7407,"comment_status":"open","ping_status":"open","sticky":false,"template":"","format":"standard","meta":{"_acf_changed":false,"footnotes":""},"categories":[69,63],"tags":[],"class_list":["post-10058","post","type-post","status-publish","format-standard","has-post-thumbnail","hentry","category-falecimentos","category-fallecimientos"],"acf":[],"yoast_head":"<!-- This site is optimized with the Yoast SEO plugin v27.5 - https:\/\/yoast.com\/product\/yoast-seo-wordpress\/ -->\n<title>Irm\u00e3 Matilde Matheu. 10 de abril de 2020 (Barcelona-Casa Madre) - En Compa\u00f1\u00eda STJ<\/title>\n<meta name=\"robots\" content=\"index, follow, max-snippet:-1, max-image-preview:large, max-video-preview:-1\" \/>\n<link rel=\"canonical\" href=\"https:\/\/encompaniastj.org\/pt-pt\/irma-matilde-matheu-10-de-abril-de-2020-barcelona-casa-madre\/\" \/>\n<meta property=\"og:locale\" content=\"pt_PT\" \/>\n<meta property=\"og:type\" content=\"article\" \/>\n<meta property=\"og:title\" content=\"Irm\u00e3 Matilde Matheu. 10 de abril de 2020 (Barcelona-Casa Madre) - En Compa\u00f1\u00eda STJ\" \/>\n<meta property=\"og:description\" content=\"Identificar-se com Jesus foi o objetivo que a nossa Irm\u00e3 Matilde seguiu ao longo da sua vida. Ela, que tinha tornado seu, o \u201cJuntos andemos, Senhor\u201d, t\u00e3o teresiano, e que [&hellip;]\" \/>\n<meta property=\"og:url\" content=\"https:\/\/encompaniastj.org\/pt-pt\/irma-matilde-matheu-10-de-abril-de-2020-barcelona-casa-madre\/\" \/>\n<meta property=\"og:site_name\" content=\"En Compa\u00f1\u00eda STJ\" \/>\n<meta property=\"article:published_time\" content=\"2020-04-12T13:15:57+00:00\" \/>\n<meta property=\"article:modified_time\" content=\"2025-07-07T14:21:24+00:00\" \/>\n<meta property=\"og:image\" content=\"https:\/\/encompaniastj.org\/wp-content\/uploads\/2025\/05\/primavera.jpg\" \/>\n\t<meta property=\"og:image:width\" content=\"1920\" \/>\n\t<meta property=\"og:image:height\" content=\"1221\" \/>\n\t<meta property=\"og:image:type\" content=\"image\/jpeg\" \/>\n<meta name=\"author\" content=\"admin\" \/>\n<meta name=\"twitter:card\" content=\"summary_large_image\" \/>\n<meta name=\"twitter:label1\" content=\"Escrito por\" \/>\n\t<meta name=\"twitter:data1\" content=\"admin\" \/>\n\t<meta name=\"twitter:label2\" content=\"Tempo estimado de leitura\" \/>\n\t<meta name=\"twitter:data2\" content=\"2 minutos\" \/>\n<script type=\"application\/ld+json\" class=\"yoast-schema-graph\">{\"@context\":\"https:\\\/\\\/schema.org\",\"@graph\":[{\"@type\":\"Article\",\"@id\":\"https:\\\/\\\/encompaniastj.org\\\/pt-pt\\\/irma-matilde-matheu-10-de-abril-de-2020-barcelona-casa-madre\\\/#article\",\"isPartOf\":{\"@id\":\"https:\\\/\\\/encompaniastj.org\\\/pt-pt\\\/irma-matilde-matheu-10-de-abril-de-2020-barcelona-casa-madre\\\/\"},\"author\":{\"name\":\"admin\",\"@id\":\"https:\\\/\\\/encompaniastj.org\\\/pt-pt\\\/#\\\/schema\\\/person\\\/520e7ecc314793d40091993c2a02b651\"},\"headline\":\"Irm\u00e3 Matilde Matheu. 10 de abril de 2020 (Barcelona-Casa Madre)\",\"datePublished\":\"2020-04-12T13:15:57+00:00\",\"dateModified\":\"2025-07-07T14:21:24+00:00\",\"mainEntityOfPage\":{\"@id\":\"https:\\\/\\\/encompaniastj.org\\\/pt-pt\\\/irma-matilde-matheu-10-de-abril-de-2020-barcelona-casa-madre\\\/\"},\"wordCount\":467,\"commentCount\":0,\"publisher\":{\"@id\":\"https:\\\/\\\/encompaniastj.org\\\/pt-pt\\\/#organization\"},\"image\":{\"@id\":\"https:\\\/\\\/encompaniastj.org\\\/pt-pt\\\/irma-matilde-matheu-10-de-abril-de-2020-barcelona-casa-madre\\\/#primaryimage\"},\"thumbnailUrl\":\"https:\\\/\\\/encompaniastj.org\\\/wp-content\\\/uploads\\\/2025\\\/05\\\/primavera.jpg\",\"articleSection\":[\"Falecimentos\",\"Fallecimientos\"],\"inLanguage\":\"pt-PT\",\"potentialAction\":[{\"@type\":\"CommentAction\",\"name\":\"Comment\",\"target\":[\"https:\\\/\\\/encompaniastj.org\\\/pt-pt\\\/irma-matilde-matheu-10-de-abril-de-2020-barcelona-casa-madre\\\/#respond\"]}]},{\"@type\":\"WebPage\",\"@id\":\"https:\\\/\\\/encompaniastj.org\\\/pt-pt\\\/irma-matilde-matheu-10-de-abril-de-2020-barcelona-casa-madre\\\/\",\"url\":\"https:\\\/\\\/encompaniastj.org\\\/pt-pt\\\/irma-matilde-matheu-10-de-abril-de-2020-barcelona-casa-madre\\\/\",\"name\":\"Irm\u00e3 Matilde Matheu. 10 de abril de 2020 (Barcelona-Casa Madre) - En Compa\u00f1\u00eda STJ\",\"isPartOf\":{\"@id\":\"https:\\\/\\\/encompaniastj.org\\\/pt-pt\\\/#website\"},\"primaryImageOfPage\":{\"@id\":\"https:\\\/\\\/encompaniastj.org\\\/pt-pt\\\/irma-matilde-matheu-10-de-abril-de-2020-barcelona-casa-madre\\\/#primaryimage\"},\"image\":{\"@id\":\"https:\\\/\\\/encompaniastj.org\\\/pt-pt\\\/irma-matilde-matheu-10-de-abril-de-2020-barcelona-casa-madre\\\/#primaryimage\"},\"thumbnailUrl\":\"https:\\\/\\\/encompaniastj.org\\\/wp-content\\\/uploads\\\/2025\\\/05\\\/primavera.jpg\",\"datePublished\":\"2020-04-12T13:15:57+00:00\",\"dateModified\":\"2025-07-07T14:21:24+00:00\",\"breadcrumb\":{\"@id\":\"https:\\\/\\\/encompaniastj.org\\\/pt-pt\\\/irma-matilde-matheu-10-de-abril-de-2020-barcelona-casa-madre\\\/#breadcrumb\"},\"inLanguage\":\"pt-PT\",\"potentialAction\":[{\"@type\":\"ReadAction\",\"target\":[\"https:\\\/\\\/encompaniastj.org\\\/pt-pt\\\/irma-matilde-matheu-10-de-abril-de-2020-barcelona-casa-madre\\\/\"]}]},{\"@type\":\"ImageObject\",\"inLanguage\":\"pt-PT\",\"@id\":\"https:\\\/\\\/encompaniastj.org\\\/pt-pt\\\/irma-matilde-matheu-10-de-abril-de-2020-barcelona-casa-madre\\\/#primaryimage\",\"url\":\"https:\\\/\\\/encompaniastj.org\\\/wp-content\\\/uploads\\\/2025\\\/05\\\/primavera.jpg\",\"contentUrl\":\"https:\\\/\\\/encompaniastj.org\\\/wp-content\\\/uploads\\\/2025\\\/05\\\/primavera.jpg\",\"width\":1920,\"height\":1221},{\"@type\":\"BreadcrumbList\",\"@id\":\"https:\\\/\\\/encompaniastj.org\\\/pt-pt\\\/irma-matilde-matheu-10-de-abril-de-2020-barcelona-casa-madre\\\/#breadcrumb\",\"itemListElement\":[{\"@type\":\"ListItem\",\"position\":1,\"name\":\"Portada\",\"item\":\"https:\\\/\\\/encompaniastj.org\\\/pt-pt\\\/\"},{\"@type\":\"ListItem\",\"position\":2,\"name\":\"Irm\u00e3 Matilde Matheu. 10 de abril de 2020 (Barcelona-Casa Madre)\"}]},{\"@type\":\"WebSite\",\"@id\":\"https:\\\/\\\/encompaniastj.org\\\/pt-pt\\\/#website\",\"url\":\"https:\\\/\\\/encompaniastj.org\\\/pt-pt\\\/\",\"name\":\"En Compa\u00f1\u00eda STJ\",\"description\":\"Bolet\u00edn de la Compa\u00f1\u00eda de Santa Teresa de Jes\u00fas\",\"publisher\":{\"@id\":\"https:\\\/\\\/encompaniastj.org\\\/pt-pt\\\/#organization\"},\"potentialAction\":[{\"@type\":\"SearchAction\",\"target\":{\"@type\":\"EntryPoint\",\"urlTemplate\":\"https:\\\/\\\/encompaniastj.org\\\/pt-pt\\\/?s={search_term_string}\"},\"query-input\":{\"@type\":\"PropertyValueSpecification\",\"valueRequired\":true,\"valueName\":\"search_term_string\"}}],\"inLanguage\":\"pt-PT\"},{\"@type\":\"Organization\",\"@id\":\"https:\\\/\\\/encompaniastj.org\\\/pt-pt\\\/#organization\",\"name\":\"Compa\u00f1\u00eda de Santa Teresa de Jes\u00fas\",\"url\":\"https:\\\/\\\/encompaniastj.org\\\/pt-pt\\\/\",\"logo\":{\"@type\":\"ImageObject\",\"inLanguage\":\"pt-PT\",\"@id\":\"https:\\\/\\\/encompaniastj.org\\\/pt-pt\\\/#\\\/schema\\\/logo\\\/image\\\/\",\"url\":\"https:\\\/\\\/encompaniastj.org\\\/wp-content\\\/uploads\\\/2025\\\/04\\\/logo_provincias02-1-3.png\",\"contentUrl\":\"https:\\\/\\\/encompaniastj.org\\\/wp-content\\\/uploads\\\/2025\\\/04\\\/logo_provincias02-1-3.png\",\"width\":2368,\"height\":825,\"caption\":\"Compa\u00f1\u00eda de Santa Teresa de Jes\u00fas\"},\"image\":{\"@id\":\"https:\\\/\\\/encompaniastj.org\\\/pt-pt\\\/#\\\/schema\\\/logo\\\/image\\\/\"}},{\"@type\":\"Person\",\"@id\":\"https:\\\/\\\/encompaniastj.org\\\/pt-pt\\\/#\\\/schema\\\/person\\\/520e7ecc314793d40091993c2a02b651\",\"name\":\"admin\",\"image\":{\"@type\":\"ImageObject\",\"inLanguage\":\"pt-PT\",\"@id\":\"https:\\\/\\\/secure.gravatar.com\\\/avatar\\\/948b492cce32b586ac2db0eaa926ee87024f7afe218d73b397ea5ddfc5f43ea1?s=96&d=mm&r=g\",\"url\":\"https:\\\/\\\/secure.gravatar.com\\\/avatar\\\/948b492cce32b586ac2db0eaa926ee87024f7afe218d73b397ea5ddfc5f43ea1?s=96&d=mm&r=g\",\"contentUrl\":\"https:\\\/\\\/secure.gravatar.com\\\/avatar\\\/948b492cce32b586ac2db0eaa926ee87024f7afe218d73b397ea5ddfc5f43ea1?s=96&d=mm&r=g\",\"caption\":\"admin\"},\"sameAs\":[\"https:\\\/\\\/encompaniastj.org\"],\"url\":\"https:\\\/\\\/encompaniastj.org\\\/pt-pt\\\/author\\\/sjdigital\\\/\"}]}<\/script>\n<!-- \/ Yoast SEO plugin. -->","yoast_head_json":{"title":"Irm\u00e3 Matilde Matheu. 10 de abril de 2020 (Barcelona-Casa Madre) - En Compa\u00f1\u00eda STJ","robots":{"index":"index","follow":"follow","max-snippet":"max-snippet:-1","max-image-preview":"max-image-preview:large","max-video-preview":"max-video-preview:-1"},"canonical":"https:\/\/encompaniastj.org\/pt-pt\/irma-matilde-matheu-10-de-abril-de-2020-barcelona-casa-madre\/","og_locale":"pt_PT","og_type":"article","og_title":"Irm\u00e3 Matilde Matheu. 10 de abril de 2020 (Barcelona-Casa Madre) - En Compa\u00f1\u00eda STJ","og_description":"Identificar-se com Jesus foi o objetivo que a nossa Irm\u00e3 Matilde seguiu ao longo da sua vida. Ela, que tinha tornado seu, o \u201cJuntos andemos, Senhor\u201d, t\u00e3o teresiano, e que [&hellip;]","og_url":"https:\/\/encompaniastj.org\/pt-pt\/irma-matilde-matheu-10-de-abril-de-2020-barcelona-casa-madre\/","og_site_name":"En Compa\u00f1\u00eda STJ","article_published_time":"2020-04-12T13:15:57+00:00","article_modified_time":"2025-07-07T14:21:24+00:00","og_image":[{"width":1920,"height":1221,"url":"https:\/\/encompaniastj.org\/wp-content\/uploads\/2025\/05\/primavera.jpg","type":"image\/jpeg"}],"author":"admin","twitter_card":"summary_large_image","twitter_misc":{"Escrito por":"admin","Tempo estimado de leitura":"2 minutos"},"schema":{"@context":"https:\/\/schema.org","@graph":[{"@type":"Article","@id":"https:\/\/encompaniastj.org\/pt-pt\/irma-matilde-matheu-10-de-abril-de-2020-barcelona-casa-madre\/#article","isPartOf":{"@id":"https:\/\/encompaniastj.org\/pt-pt\/irma-matilde-matheu-10-de-abril-de-2020-barcelona-casa-madre\/"},"author":{"name":"admin","@id":"https:\/\/encompaniastj.org\/pt-pt\/#\/schema\/person\/520e7ecc314793d40091993c2a02b651"},"headline":"Irm\u00e3 Matilde Matheu. 10 de abril de 2020 (Barcelona-Casa Madre)","datePublished":"2020-04-12T13:15:57+00:00","dateModified":"2025-07-07T14:21:24+00:00","mainEntityOfPage":{"@id":"https:\/\/encompaniastj.org\/pt-pt\/irma-matilde-matheu-10-de-abril-de-2020-barcelona-casa-madre\/"},"wordCount":467,"commentCount":0,"publisher":{"@id":"https:\/\/encompaniastj.org\/pt-pt\/#organization"},"image":{"@id":"https:\/\/encompaniastj.org\/pt-pt\/irma-matilde-matheu-10-de-abril-de-2020-barcelona-casa-madre\/#primaryimage"},"thumbnailUrl":"https:\/\/encompaniastj.org\/wp-content\/uploads\/2025\/05\/primavera.jpg","articleSection":["Falecimentos","Fallecimientos"],"inLanguage":"pt-PT","potentialAction":[{"@type":"CommentAction","name":"Comment","target":["https:\/\/encompaniastj.org\/pt-pt\/irma-matilde-matheu-10-de-abril-de-2020-barcelona-casa-madre\/#respond"]}]},{"@type":"WebPage","@id":"https:\/\/encompaniastj.org\/pt-pt\/irma-matilde-matheu-10-de-abril-de-2020-barcelona-casa-madre\/","url":"https:\/\/encompaniastj.org\/pt-pt\/irma-matilde-matheu-10-de-abril-de-2020-barcelona-casa-madre\/","name":"Irm\u00e3 Matilde Matheu. 10 de abril de 2020 (Barcelona-Casa Madre) - En Compa\u00f1\u00eda STJ","isPartOf":{"@id":"https:\/\/encompaniastj.org\/pt-pt\/#website"},"primaryImageOfPage":{"@id":"https:\/\/encompaniastj.org\/pt-pt\/irma-matilde-matheu-10-de-abril-de-2020-barcelona-casa-madre\/#primaryimage"},"image":{"@id":"https:\/\/encompaniastj.org\/pt-pt\/irma-matilde-matheu-10-de-abril-de-2020-barcelona-casa-madre\/#primaryimage"},"thumbnailUrl":"https:\/\/encompaniastj.org\/wp-content\/uploads\/2025\/05\/primavera.jpg","datePublished":"2020-04-12T13:15:57+00:00","dateModified":"2025-07-07T14:21:24+00:00","breadcrumb":{"@id":"https:\/\/encompaniastj.org\/pt-pt\/irma-matilde-matheu-10-de-abril-de-2020-barcelona-casa-madre\/#breadcrumb"},"inLanguage":"pt-PT","potentialAction":[{"@type":"ReadAction","target":["https:\/\/encompaniastj.org\/pt-pt\/irma-matilde-matheu-10-de-abril-de-2020-barcelona-casa-madre\/"]}]},{"@type":"ImageObject","inLanguage":"pt-PT","@id":"https:\/\/encompaniastj.org\/pt-pt\/irma-matilde-matheu-10-de-abril-de-2020-barcelona-casa-madre\/#primaryimage","url":"https:\/\/encompaniastj.org\/wp-content\/uploads\/2025\/05\/primavera.jpg","contentUrl":"https:\/\/encompaniastj.org\/wp-content\/uploads\/2025\/05\/primavera.jpg","width":1920,"height":1221},{"@type":"BreadcrumbList","@id":"https:\/\/encompaniastj.org\/pt-pt\/irma-matilde-matheu-10-de-abril-de-2020-barcelona-casa-madre\/#breadcrumb","itemListElement":[{"@type":"ListItem","position":1,"name":"Portada","item":"https:\/\/encompaniastj.org\/pt-pt\/"},{"@type":"ListItem","position":2,"name":"Irm\u00e3 Matilde Matheu. 10 de abril de 2020 (Barcelona-Casa Madre)"}]},{"@type":"WebSite","@id":"https:\/\/encompaniastj.org\/pt-pt\/#website","url":"https:\/\/encompaniastj.org\/pt-pt\/","name":"En Compa\u00f1\u00eda STJ","description":"Bolet\u00edn de la Compa\u00f1\u00eda de Santa Teresa de Jes\u00fas","publisher":{"@id":"https:\/\/encompaniastj.org\/pt-pt\/#organization"},"potentialAction":[{"@type":"SearchAction","target":{"@type":"EntryPoint","urlTemplate":"https:\/\/encompaniastj.org\/pt-pt\/?s={search_term_string}"},"query-input":{"@type":"PropertyValueSpecification","valueRequired":true,"valueName":"search_term_string"}}],"inLanguage":"pt-PT"},{"@type":"Organization","@id":"https:\/\/encompaniastj.org\/pt-pt\/#organization","name":"Compa\u00f1\u00eda de Santa Teresa de Jes\u00fas","url":"https:\/\/encompaniastj.org\/pt-pt\/","logo":{"@type":"ImageObject","inLanguage":"pt-PT","@id":"https:\/\/encompaniastj.org\/pt-pt\/#\/schema\/logo\/image\/","url":"https:\/\/encompaniastj.org\/wp-content\/uploads\/2025\/04\/logo_provincias02-1-3.png","contentUrl":"https:\/\/encompaniastj.org\/wp-content\/uploads\/2025\/04\/logo_provincias02-1-3.png","width":2368,"height":825,"caption":"Compa\u00f1\u00eda de Santa Teresa de Jes\u00fas"},"image":{"@id":"https:\/\/encompaniastj.org\/pt-pt\/#\/schema\/logo\/image\/"}},{"@type":"Person","@id":"https:\/\/encompaniastj.org\/pt-pt\/#\/schema\/person\/520e7ecc314793d40091993c2a02b651","name":"admin","image":{"@type":"ImageObject","inLanguage":"pt-PT","@id":"https:\/\/secure.gravatar.com\/avatar\/948b492cce32b586ac2db0eaa926ee87024f7afe218d73b397ea5ddfc5f43ea1?s=96&d=mm&r=g","url":"https:\/\/secure.gravatar.com\/avatar\/948b492cce32b586ac2db0eaa926ee87024f7afe218d73b397ea5ddfc5f43ea1?s=96&d=mm&r=g","contentUrl":"https:\/\/secure.gravatar.com\/avatar\/948b492cce32b586ac2db0eaa926ee87024f7afe218d73b397ea5ddfc5f43ea1?s=96&d=mm&r=g","caption":"admin"},"sameAs":["https:\/\/encompaniastj.org"],"url":"https:\/\/encompaniastj.org\/pt-pt\/author\/sjdigital\/"}]}},"_links":{"self":[{"href":"https:\/\/encompaniastj.org\/pt-pt\/wp-json\/wp\/v2\/posts\/10058","targetHints":{"allow":["GET"]}}],"collection":[{"href":"https:\/\/encompaniastj.org\/pt-pt\/wp-json\/wp\/v2\/posts"}],"about":[{"href":"https:\/\/encompaniastj.org\/pt-pt\/wp-json\/wp\/v2\/types\/post"}],"author":[{"embeddable":true,"href":"https:\/\/encompaniastj.org\/pt-pt\/wp-json\/wp\/v2\/users\/1"}],"replies":[{"embeddable":true,"href":"https:\/\/encompaniastj.org\/pt-pt\/wp-json\/wp\/v2\/comments?post=10058"}],"version-history":[{"count":1,"href":"https:\/\/encompaniastj.org\/pt-pt\/wp-json\/wp\/v2\/posts\/10058\/revisions"}],"predecessor-version":[{"id":10059,"href":"https:\/\/encompaniastj.org\/pt-pt\/wp-json\/wp\/v2\/posts\/10058\/revisions\/10059"}],"wp:featuredmedia":[{"embeddable":true,"href":"https:\/\/encompaniastj.org\/pt-pt\/wp-json\/wp\/v2\/media\/7407"}],"wp:attachment":[{"href":"https:\/\/encompaniastj.org\/pt-pt\/wp-json\/wp\/v2\/media?parent=10058"}],"wp:term":[{"taxonomy":"category","embeddable":true,"href":"https:\/\/encompaniastj.org\/pt-pt\/wp-json\/wp\/v2\/categories?post=10058"},{"taxonomy":"post_tag","embeddable":true,"href":"https:\/\/encompaniastj.org\/pt-pt\/wp-json\/wp\/v2\/tags?post=10058"}],"curies":[{"name":"wp","href":"https:\/\/api.w.org\/{rel}","templated":true}]}}