{"id":10050,"date":"2020-03-30T14:46:55","date_gmt":"2020-03-30T12:46:55","guid":{"rendered":"https:\/\/encompaniastj.org\/irma-valeriana-ramos-30-de-marco-de-2020-avila-residencia\/"},"modified":"2025-07-07T16:21:24","modified_gmt":"2025-07-07T14:21:24","slug":"irma-valeriana-ramos-30-de-marco-de-2020-avila-residencia","status":"publish","type":"post","link":"https:\/\/encompaniastj.org\/pt-pt\/irma-valeriana-ramos-30-de-marco-de-2020-avila-residencia\/","title":{"rendered":"Irm\u00e3 Valeriana Ramos. 30 de mar\u00e7o de 2020 (Avila-Resid\u00eancia)"},"content":{"rendered":"\n<p>\u201cO Senhor te aben\u00e7oe e te guarde, reflita o Seu rosto sobre ti e te conceda\na Sua gra\u00e7a. O Senhor se fixe em ti e te conceda a Paz\u201d. <\/p>\n\n\n\n<p>Quando Valeriana recebia esta b\u00ean\u00e7\u00e3o que lhe oferecia a sua irm\u00e3 Natividade\ntodas as noites, iluminava-se-lhe o rosto e mostrava que sim, que verdadeiramente\no Senhor lhe estava dando a Sua Paz, abundantemente. Nos \u00faltimos meses da sua\ndoen\u00e7a n\u00e3o podia falar nada, mas os seus olhos mostravam que escutava, que\nestava atenta, e que aceitava o momento presente tal como era. Valeriana tinha\numa experi\u00eancia grande do amor de Deus e estava muito segura d\u2019Ele.<\/p>\n\n\n\n<p>Nasceu em 1933 em Villamu\u00f1\u00edo, uma aldeiazinha da prov\u00edncia de Le\u00f3n, numa\nfam\u00edlia muito piedosa que poderia ajustar-se perfeitamente ao apelativo de \u201cigreja\ndom\u00e9stica\u201d. A viv\u00eancia da f\u00e9 e as boas obras iam muito unidas naquele lar em que\nValeriana era a mais nova de seis irm\u00e3os e podia aprender muito deles. Quatro foram\nreligiosos: duas teresianas e dois de Cister, al\u00e9m de outros religiosos familiares\npr\u00f3ximos que exerciam uma boa e santa influ\u00eancia na sua forma\u00e7\u00e3o.<\/p>\n\n\n\n<p>Come\u00e7ou o seu Noviciado em 1955 e, depois de fazer os primeiros votos,\niniciou a sua etapa como professora em Huelva. Viveu tamb\u00e9m nas comunidades de\nDue\u00f1as, Madrid- Goya, Jesus Maestro e Casa Provincial, Federico Grases, Mora,\nCiudad Rodrigo, Oviedo. Cruzou o oceano e esteve em Man\u00e1gua dois anos. Esteve\npor duas vezes nalgumas casas de Espanha. Terminou em Salamanca os seus anos de\ndoc\u00eancia e, mesmo depois de deixar as aulas, continuava oferecendo apoio no col\u00e9gio\nat\u00e9 que as suas for\u00e7as lho permitiram. Participava tamb\u00e9m na par\u00f3quia, na\ncatequese de inf\u00e2ncia, em grupos de ora\u00e7\u00e3o e anima\u00e7\u00e3o das Eucaristias dominicais.\n<\/p>\n\n\n\n<p>Valeriana foi uma irm\u00e3 muito apost\u00f3lica, professora dedicada e pr\u00f3ximas das\npessoas que Deus p\u00f4s no seu caminho. Sempre alegre, bondosa, muito servi\u00e7al e\nagradecida. Como nome de Companhia escolheu \"do Cora\u00e7\u00e3o de Maria\" e\nparece que a sua vida honrou o nome, porque&nbsp;o seu cora\u00e7\u00e3o era terno, carinhoso\ne pr\u00f3ximo.<\/p>\n\n\n\n<p>A doen\u00e7a de Parkinson foi debilitando as suas for\u00e7as e fez que chegasse a\ndepender totalmente das outras, e por isso foi para a Resid\u00eancia-enfermaria de\n\u00c1vila em 2017. Apesar de quase n\u00e3o poder mover-se, quando algu\u00e9m se aproximava\ndela, oferecia-lhe um&nbsp;beijo que deixava entrever que o amor de Deus continuava\na ench\u00ea-la<\/p>\n\n\n\n<p>Recebeu o abra\u00e7o do Pai no dia 30 de mar\u00e7o de 2020. J\u00e1 h\u00e1 uma semana que\nestava acamada, muito d\u00e9bil e exausta, e o Senhor\nlevou-a a gozar d\u2019Ele deixando-nos tamb\u00e9m a consola\u00e7\u00e3o e o agradecimento por ter\nvivido com uma irm\u00e3 t\u00e3o boa.<\/p>\n","protected":false},"excerpt":{"rendered":"<p>\u201cO Senhor te aben\u00e7oe e te guarde, reflita o Seu rosto sobre ti e te conceda a Sua gra\u00e7a. O Senhor se fixe em ti e te conceda a Paz\u201d. [&hellip;]<\/p>\n","protected":false},"author":1,"featured_media":7405,"comment_status":"open","ping_status":"open","sticky":false,"template":"","format":"standard","meta":{"_acf_changed":false,"footnotes":""},"categories":[69,63],"tags":[],"class_list":["post-10050","post","type-post","status-publish","format-standard","has-post-thumbnail","hentry","category-falecimentos","category-fallecimientos"],"acf":[],"yoast_head":"<!-- This site is optimized with the Yoast SEO plugin v27.5 - https:\/\/yoast.com\/product\/yoast-seo-wordpress\/ -->\n<title>Irm\u00e3 Valeriana Ramos. 30 de mar\u00e7o de 2020 (Avila-Resid\u00eancia) - En Compa\u00f1\u00eda STJ<\/title>\n<meta name=\"robots\" content=\"index, follow, max-snippet:-1, max-image-preview:large, max-video-preview:-1\" \/>\n<link rel=\"canonical\" href=\"https:\/\/encompaniastj.org\/pt-pt\/irma-valeriana-ramos-30-de-marco-de-2020-avila-residencia\/\" \/>\n<meta property=\"og:locale\" content=\"pt_PT\" \/>\n<meta property=\"og:type\" content=\"article\" \/>\n<meta property=\"og:title\" content=\"Irm\u00e3 Valeriana Ramos. 30 de mar\u00e7o de 2020 (Avila-Resid\u00eancia) - En Compa\u00f1\u00eda STJ\" \/>\n<meta property=\"og:description\" content=\"\u201cO Senhor te aben\u00e7oe e te guarde, reflita o Seu rosto sobre ti e te conceda a Sua gra\u00e7a. O Senhor se fixe em ti e te conceda a Paz\u201d. [&hellip;]\" \/>\n<meta property=\"og:url\" content=\"https:\/\/encompaniastj.org\/pt-pt\/irma-valeriana-ramos-30-de-marco-de-2020-avila-residencia\/\" \/>\n<meta property=\"og:site_name\" content=\"En Compa\u00f1\u00eda STJ\" \/>\n<meta property=\"article:published_time\" content=\"2020-03-30T12:46:55+00:00\" \/>\n<meta property=\"article:modified_time\" content=\"2025-07-07T14:21:24+00:00\" \/>\n<meta property=\"og:image\" content=\"https:\/\/encompaniastj.org\/wp-content\/uploads\/2025\/05\/amapola-Valeriana.jpg\" \/>\n\t<meta property=\"og:image:width\" content=\"1920\" \/>\n\t<meta property=\"og:image:height\" content=\"1279\" \/>\n\t<meta property=\"og:image:type\" content=\"image\/jpeg\" \/>\n<meta name=\"author\" content=\"admin\" \/>\n<meta name=\"twitter:card\" content=\"summary_large_image\" \/>\n<meta name=\"twitter:label1\" content=\"Escrito por\" \/>\n\t<meta name=\"twitter:data1\" content=\"admin\" \/>\n\t<meta name=\"twitter:label2\" content=\"Tempo estimado de leitura\" \/>\n\t<meta name=\"twitter:data2\" content=\"2 minutos\" \/>\n<script type=\"application\/ld+json\" class=\"yoast-schema-graph\">{\"@context\":\"https:\\\/\\\/schema.org\",\"@graph\":[{\"@type\":\"Article\",\"@id\":\"https:\\\/\\\/encompaniastj.org\\\/pt-pt\\\/irma-valeriana-ramos-30-de-marco-de-2020-avila-residencia\\\/#article\",\"isPartOf\":{\"@id\":\"https:\\\/\\\/encompaniastj.org\\\/pt-pt\\\/irma-valeriana-ramos-30-de-marco-de-2020-avila-residencia\\\/\"},\"author\":{\"name\":\"admin\",\"@id\":\"https:\\\/\\\/encompaniastj.org\\\/pt-pt\\\/#\\\/schema\\\/person\\\/520e7ecc314793d40091993c2a02b651\"},\"headline\":\"Irm\u00e3 Valeriana Ramos. 30 de mar\u00e7o de 2020 (Avila-Resid\u00eancia)\",\"datePublished\":\"2020-03-30T12:46:55+00:00\",\"dateModified\":\"2025-07-07T14:21:24+00:00\",\"mainEntityOfPage\":{\"@id\":\"https:\\\/\\\/encompaniastj.org\\\/pt-pt\\\/irma-valeriana-ramos-30-de-marco-de-2020-avila-residencia\\\/\"},\"wordCount\":492,\"commentCount\":0,\"publisher\":{\"@id\":\"https:\\\/\\\/encompaniastj.org\\\/pt-pt\\\/#organization\"},\"image\":{\"@id\":\"https:\\\/\\\/encompaniastj.org\\\/pt-pt\\\/irma-valeriana-ramos-30-de-marco-de-2020-avila-residencia\\\/#primaryimage\"},\"thumbnailUrl\":\"https:\\\/\\\/encompaniastj.org\\\/wp-content\\\/uploads\\\/2025\\\/05\\\/amapola-Valeriana.jpg\",\"articleSection\":[\"Falecimentos\",\"Fallecimientos\"],\"inLanguage\":\"pt-PT\",\"potentialAction\":[{\"@type\":\"CommentAction\",\"name\":\"Comment\",\"target\":[\"https:\\\/\\\/encompaniastj.org\\\/pt-pt\\\/irma-valeriana-ramos-30-de-marco-de-2020-avila-residencia\\\/#respond\"]}]},{\"@type\":\"WebPage\",\"@id\":\"https:\\\/\\\/encompaniastj.org\\\/pt-pt\\\/irma-valeriana-ramos-30-de-marco-de-2020-avila-residencia\\\/\",\"url\":\"https:\\\/\\\/encompaniastj.org\\\/pt-pt\\\/irma-valeriana-ramos-30-de-marco-de-2020-avila-residencia\\\/\",\"name\":\"Irm\u00e3 Valeriana Ramos. 30 de mar\u00e7o de 2020 (Avila-Resid\u00eancia) - En Compa\u00f1\u00eda STJ\",\"isPartOf\":{\"@id\":\"https:\\\/\\\/encompaniastj.org\\\/pt-pt\\\/#website\"},\"primaryImageOfPage\":{\"@id\":\"https:\\\/\\\/encompaniastj.org\\\/pt-pt\\\/irma-valeriana-ramos-30-de-marco-de-2020-avila-residencia\\\/#primaryimage\"},\"image\":{\"@id\":\"https:\\\/\\\/encompaniastj.org\\\/pt-pt\\\/irma-valeriana-ramos-30-de-marco-de-2020-avila-residencia\\\/#primaryimage\"},\"thumbnailUrl\":\"https:\\\/\\\/encompaniastj.org\\\/wp-content\\\/uploads\\\/2025\\\/05\\\/amapola-Valeriana.jpg\",\"datePublished\":\"2020-03-30T12:46:55+00:00\",\"dateModified\":\"2025-07-07T14:21:24+00:00\",\"breadcrumb\":{\"@id\":\"https:\\\/\\\/encompaniastj.org\\\/pt-pt\\\/irma-valeriana-ramos-30-de-marco-de-2020-avila-residencia\\\/#breadcrumb\"},\"inLanguage\":\"pt-PT\",\"potentialAction\":[{\"@type\":\"ReadAction\",\"target\":[\"https:\\\/\\\/encompaniastj.org\\\/pt-pt\\\/irma-valeriana-ramos-30-de-marco-de-2020-avila-residencia\\\/\"]}]},{\"@type\":\"ImageObject\",\"inLanguage\":\"pt-PT\",\"@id\":\"https:\\\/\\\/encompaniastj.org\\\/pt-pt\\\/irma-valeriana-ramos-30-de-marco-de-2020-avila-residencia\\\/#primaryimage\",\"url\":\"https:\\\/\\\/encompaniastj.org\\\/wp-content\\\/uploads\\\/2025\\\/05\\\/amapola-Valeriana.jpg\",\"contentUrl\":\"https:\\\/\\\/encompaniastj.org\\\/wp-content\\\/uploads\\\/2025\\\/05\\\/amapola-Valeriana.jpg\",\"width\":1920,\"height\":1279},{\"@type\":\"BreadcrumbList\",\"@id\":\"https:\\\/\\\/encompaniastj.org\\\/pt-pt\\\/irma-valeriana-ramos-30-de-marco-de-2020-avila-residencia\\\/#breadcrumb\",\"itemListElement\":[{\"@type\":\"ListItem\",\"position\":1,\"name\":\"Portada\",\"item\":\"https:\\\/\\\/encompaniastj.org\\\/pt-pt\\\/\"},{\"@type\":\"ListItem\",\"position\":2,\"name\":\"Irm\u00e3 Valeriana Ramos. 30 de mar\u00e7o de 2020 (Avila-Resid\u00eancia)\"}]},{\"@type\":\"WebSite\",\"@id\":\"https:\\\/\\\/encompaniastj.org\\\/pt-pt\\\/#website\",\"url\":\"https:\\\/\\\/encompaniastj.org\\\/pt-pt\\\/\",\"name\":\"En Compa\u00f1\u00eda STJ\",\"description\":\"Bolet\u00edn de la Compa\u00f1\u00eda de Santa Teresa de Jes\u00fas\",\"publisher\":{\"@id\":\"https:\\\/\\\/encompaniastj.org\\\/pt-pt\\\/#organization\"},\"potentialAction\":[{\"@type\":\"SearchAction\",\"target\":{\"@type\":\"EntryPoint\",\"urlTemplate\":\"https:\\\/\\\/encompaniastj.org\\\/pt-pt\\\/?s={search_term_string}\"},\"query-input\":{\"@type\":\"PropertyValueSpecification\",\"valueRequired\":true,\"valueName\":\"search_term_string\"}}],\"inLanguage\":\"pt-PT\"},{\"@type\":\"Organization\",\"@id\":\"https:\\\/\\\/encompaniastj.org\\\/pt-pt\\\/#organization\",\"name\":\"Compa\u00f1\u00eda de Santa Teresa de Jes\u00fas\",\"url\":\"https:\\\/\\\/encompaniastj.org\\\/pt-pt\\\/\",\"logo\":{\"@type\":\"ImageObject\",\"inLanguage\":\"pt-PT\",\"@id\":\"https:\\\/\\\/encompaniastj.org\\\/pt-pt\\\/#\\\/schema\\\/logo\\\/image\\\/\",\"url\":\"https:\\\/\\\/encompaniastj.org\\\/wp-content\\\/uploads\\\/2025\\\/04\\\/logo_provincias02-1-3.png\",\"contentUrl\":\"https:\\\/\\\/encompaniastj.org\\\/wp-content\\\/uploads\\\/2025\\\/04\\\/logo_provincias02-1-3.png\",\"width\":2368,\"height\":825,\"caption\":\"Compa\u00f1\u00eda de Santa Teresa de Jes\u00fas\"},\"image\":{\"@id\":\"https:\\\/\\\/encompaniastj.org\\\/pt-pt\\\/#\\\/schema\\\/logo\\\/image\\\/\"}},{\"@type\":\"Person\",\"@id\":\"https:\\\/\\\/encompaniastj.org\\\/pt-pt\\\/#\\\/schema\\\/person\\\/520e7ecc314793d40091993c2a02b651\",\"name\":\"admin\",\"image\":{\"@type\":\"ImageObject\",\"inLanguage\":\"pt-PT\",\"@id\":\"https:\\\/\\\/secure.gravatar.com\\\/avatar\\\/948b492cce32b586ac2db0eaa926ee87024f7afe218d73b397ea5ddfc5f43ea1?s=96&d=mm&r=g\",\"url\":\"https:\\\/\\\/secure.gravatar.com\\\/avatar\\\/948b492cce32b586ac2db0eaa926ee87024f7afe218d73b397ea5ddfc5f43ea1?s=96&d=mm&r=g\",\"contentUrl\":\"https:\\\/\\\/secure.gravatar.com\\\/avatar\\\/948b492cce32b586ac2db0eaa926ee87024f7afe218d73b397ea5ddfc5f43ea1?s=96&d=mm&r=g\",\"caption\":\"admin\"},\"sameAs\":[\"https:\\\/\\\/encompaniastj.org\"],\"url\":\"https:\\\/\\\/encompaniastj.org\\\/pt-pt\\\/author\\\/sjdigital\\\/\"}]}<\/script>\n<!-- \/ Yoast SEO plugin. -->","yoast_head_json":{"title":"Irm\u00e3 Valeriana Ramos. 30 de mar\u00e7o de 2020 (Avila-Resid\u00eancia) - En Compa\u00f1\u00eda STJ","robots":{"index":"index","follow":"follow","max-snippet":"max-snippet:-1","max-image-preview":"max-image-preview:large","max-video-preview":"max-video-preview:-1"},"canonical":"https:\/\/encompaniastj.org\/pt-pt\/irma-valeriana-ramos-30-de-marco-de-2020-avila-residencia\/","og_locale":"pt_PT","og_type":"article","og_title":"Irm\u00e3 Valeriana Ramos. 30 de mar\u00e7o de 2020 (Avila-Resid\u00eancia) - En Compa\u00f1\u00eda STJ","og_description":"\u201cO Senhor te aben\u00e7oe e te guarde, reflita o Seu rosto sobre ti e te conceda a Sua gra\u00e7a. O Senhor se fixe em ti e te conceda a Paz\u201d. [&hellip;]","og_url":"https:\/\/encompaniastj.org\/pt-pt\/irma-valeriana-ramos-30-de-marco-de-2020-avila-residencia\/","og_site_name":"En Compa\u00f1\u00eda STJ","article_published_time":"2020-03-30T12:46:55+00:00","article_modified_time":"2025-07-07T14:21:24+00:00","og_image":[{"width":1920,"height":1279,"url":"https:\/\/encompaniastj.org\/wp-content\/uploads\/2025\/05\/amapola-Valeriana.jpg","type":"image\/jpeg"}],"author":"admin","twitter_card":"summary_large_image","twitter_misc":{"Escrito por":"admin","Tempo estimado de leitura":"2 minutos"},"schema":{"@context":"https:\/\/schema.org","@graph":[{"@type":"Article","@id":"https:\/\/encompaniastj.org\/pt-pt\/irma-valeriana-ramos-30-de-marco-de-2020-avila-residencia\/#article","isPartOf":{"@id":"https:\/\/encompaniastj.org\/pt-pt\/irma-valeriana-ramos-30-de-marco-de-2020-avila-residencia\/"},"author":{"name":"admin","@id":"https:\/\/encompaniastj.org\/pt-pt\/#\/schema\/person\/520e7ecc314793d40091993c2a02b651"},"headline":"Irm\u00e3 Valeriana Ramos. 30 de mar\u00e7o de 2020 (Avila-Resid\u00eancia)","datePublished":"2020-03-30T12:46:55+00:00","dateModified":"2025-07-07T14:21:24+00:00","mainEntityOfPage":{"@id":"https:\/\/encompaniastj.org\/pt-pt\/irma-valeriana-ramos-30-de-marco-de-2020-avila-residencia\/"},"wordCount":492,"commentCount":0,"publisher":{"@id":"https:\/\/encompaniastj.org\/pt-pt\/#organization"},"image":{"@id":"https:\/\/encompaniastj.org\/pt-pt\/irma-valeriana-ramos-30-de-marco-de-2020-avila-residencia\/#primaryimage"},"thumbnailUrl":"https:\/\/encompaniastj.org\/wp-content\/uploads\/2025\/05\/amapola-Valeriana.jpg","articleSection":["Falecimentos","Fallecimientos"],"inLanguage":"pt-PT","potentialAction":[{"@type":"CommentAction","name":"Comment","target":["https:\/\/encompaniastj.org\/pt-pt\/irma-valeriana-ramos-30-de-marco-de-2020-avila-residencia\/#respond"]}]},{"@type":"WebPage","@id":"https:\/\/encompaniastj.org\/pt-pt\/irma-valeriana-ramos-30-de-marco-de-2020-avila-residencia\/","url":"https:\/\/encompaniastj.org\/pt-pt\/irma-valeriana-ramos-30-de-marco-de-2020-avila-residencia\/","name":"Irm\u00e3 Valeriana Ramos. 30 de mar\u00e7o de 2020 (Avila-Resid\u00eancia) - En Compa\u00f1\u00eda STJ","isPartOf":{"@id":"https:\/\/encompaniastj.org\/pt-pt\/#website"},"primaryImageOfPage":{"@id":"https:\/\/encompaniastj.org\/pt-pt\/irma-valeriana-ramos-30-de-marco-de-2020-avila-residencia\/#primaryimage"},"image":{"@id":"https:\/\/encompaniastj.org\/pt-pt\/irma-valeriana-ramos-30-de-marco-de-2020-avila-residencia\/#primaryimage"},"thumbnailUrl":"https:\/\/encompaniastj.org\/wp-content\/uploads\/2025\/05\/amapola-Valeriana.jpg","datePublished":"2020-03-30T12:46:55+00:00","dateModified":"2025-07-07T14:21:24+00:00","breadcrumb":{"@id":"https:\/\/encompaniastj.org\/pt-pt\/irma-valeriana-ramos-30-de-marco-de-2020-avila-residencia\/#breadcrumb"},"inLanguage":"pt-PT","potentialAction":[{"@type":"ReadAction","target":["https:\/\/encompaniastj.org\/pt-pt\/irma-valeriana-ramos-30-de-marco-de-2020-avila-residencia\/"]}]},{"@type":"ImageObject","inLanguage":"pt-PT","@id":"https:\/\/encompaniastj.org\/pt-pt\/irma-valeriana-ramos-30-de-marco-de-2020-avila-residencia\/#primaryimage","url":"https:\/\/encompaniastj.org\/wp-content\/uploads\/2025\/05\/amapola-Valeriana.jpg","contentUrl":"https:\/\/encompaniastj.org\/wp-content\/uploads\/2025\/05\/amapola-Valeriana.jpg","width":1920,"height":1279},{"@type":"BreadcrumbList","@id":"https:\/\/encompaniastj.org\/pt-pt\/irma-valeriana-ramos-30-de-marco-de-2020-avila-residencia\/#breadcrumb","itemListElement":[{"@type":"ListItem","position":1,"name":"Portada","item":"https:\/\/encompaniastj.org\/pt-pt\/"},{"@type":"ListItem","position":2,"name":"Irm\u00e3 Valeriana Ramos. 30 de mar\u00e7o de 2020 (Avila-Resid\u00eancia)"}]},{"@type":"WebSite","@id":"https:\/\/encompaniastj.org\/pt-pt\/#website","url":"https:\/\/encompaniastj.org\/pt-pt\/","name":"En Compa\u00f1\u00eda STJ","description":"Bolet\u00edn de la Compa\u00f1\u00eda de Santa Teresa de Jes\u00fas","publisher":{"@id":"https:\/\/encompaniastj.org\/pt-pt\/#organization"},"potentialAction":[{"@type":"SearchAction","target":{"@type":"EntryPoint","urlTemplate":"https:\/\/encompaniastj.org\/pt-pt\/?s={search_term_string}"},"query-input":{"@type":"PropertyValueSpecification","valueRequired":true,"valueName":"search_term_string"}}],"inLanguage":"pt-PT"},{"@type":"Organization","@id":"https:\/\/encompaniastj.org\/pt-pt\/#organization","name":"Compa\u00f1\u00eda de Santa Teresa de Jes\u00fas","url":"https:\/\/encompaniastj.org\/pt-pt\/","logo":{"@type":"ImageObject","inLanguage":"pt-PT","@id":"https:\/\/encompaniastj.org\/pt-pt\/#\/schema\/logo\/image\/","url":"https:\/\/encompaniastj.org\/wp-content\/uploads\/2025\/04\/logo_provincias02-1-3.png","contentUrl":"https:\/\/encompaniastj.org\/wp-content\/uploads\/2025\/04\/logo_provincias02-1-3.png","width":2368,"height":825,"caption":"Compa\u00f1\u00eda de Santa Teresa de Jes\u00fas"},"image":{"@id":"https:\/\/encompaniastj.org\/pt-pt\/#\/schema\/logo\/image\/"}},{"@type":"Person","@id":"https:\/\/encompaniastj.org\/pt-pt\/#\/schema\/person\/520e7ecc314793d40091993c2a02b651","name":"admin","image":{"@type":"ImageObject","inLanguage":"pt-PT","@id":"https:\/\/secure.gravatar.com\/avatar\/948b492cce32b586ac2db0eaa926ee87024f7afe218d73b397ea5ddfc5f43ea1?s=96&d=mm&r=g","url":"https:\/\/secure.gravatar.com\/avatar\/948b492cce32b586ac2db0eaa926ee87024f7afe218d73b397ea5ddfc5f43ea1?s=96&d=mm&r=g","contentUrl":"https:\/\/secure.gravatar.com\/avatar\/948b492cce32b586ac2db0eaa926ee87024f7afe218d73b397ea5ddfc5f43ea1?s=96&d=mm&r=g","caption":"admin"},"sameAs":["https:\/\/encompaniastj.org"],"url":"https:\/\/encompaniastj.org\/pt-pt\/author\/sjdigital\/"}]}},"_links":{"self":[{"href":"https:\/\/encompaniastj.org\/pt-pt\/wp-json\/wp\/v2\/posts\/10050","targetHints":{"allow":["GET"]}}],"collection":[{"href":"https:\/\/encompaniastj.org\/pt-pt\/wp-json\/wp\/v2\/posts"}],"about":[{"href":"https:\/\/encompaniastj.org\/pt-pt\/wp-json\/wp\/v2\/types\/post"}],"author":[{"embeddable":true,"href":"https:\/\/encompaniastj.org\/pt-pt\/wp-json\/wp\/v2\/users\/1"}],"replies":[{"embeddable":true,"href":"https:\/\/encompaniastj.org\/pt-pt\/wp-json\/wp\/v2\/comments?post=10050"}],"version-history":[{"count":1,"href":"https:\/\/encompaniastj.org\/pt-pt\/wp-json\/wp\/v2\/posts\/10050\/revisions"}],"predecessor-version":[{"id":10051,"href":"https:\/\/encompaniastj.org\/pt-pt\/wp-json\/wp\/v2\/posts\/10050\/revisions\/10051"}],"wp:featuredmedia":[{"embeddable":true,"href":"https:\/\/encompaniastj.org\/pt-pt\/wp-json\/wp\/v2\/media\/7405"}],"wp:attachment":[{"href":"https:\/\/encompaniastj.org\/pt-pt\/wp-json\/wp\/v2\/media?parent=10050"}],"wp:term":[{"taxonomy":"category","embeddable":true,"href":"https:\/\/encompaniastj.org\/pt-pt\/wp-json\/wp\/v2\/categories?post=10050"},{"taxonomy":"post_tag","embeddable":true,"href":"https:\/\/encompaniastj.org\/pt-pt\/wp-json\/wp\/v2\/tags?post=10050"}],"curies":[{"name":"wp","href":"https:\/\/api.w.org\/{rel}","templated":true}]}}