{"id":10046,"date":"2020-03-30T14:40:03","date_gmt":"2020-03-30T12:40:03","guid":{"rendered":"https:\/\/encompaniastj.org\/irma-pepa-monserrat-28-de-marco-de-2020-barcelona-ganduxer\/"},"modified":"2025-07-07T16:21:22","modified_gmt":"2025-07-07T14:21:22","slug":"irma-pepa-monserrat-28-de-marco-de-2020-barcelona-ganduxer","status":"publish","type":"post","link":"https:\/\/encompaniastj.org\/pt-pt\/irma-pepa-monserrat-28-de-marco-de-2020-barcelona-ganduxer\/","title":{"rendered":"Irm\u00e3 Pepa Monserrat. 28 de mar\u00e7o de 2020 (Barcelona-Ganduxer)"},"content":{"rendered":"\n<p><em>Tudo\npassa. <\/em><em>S\u00f3 Deus basta<\/em>. Estas palavras exprimem como as Irm\u00e3s da Companhia de\nSanta Teresa de Jesus, queremos viver. Toda a vida, este foi o desejo da nossa Irm\u00e3\nJosefa Monserrat Mesanza \u2013 Pepa, para todas que a conhec\u00edamos.<\/p>\n\n\n\n<p>No dia 28 de mar\u00e7o de 2020, anivers\u00e1rio\ndo nascimento de Santa Teresa e rec\u00e9m-estreados os 72 anos, entrou para sempre na\ncasa do Pai. Em apenas 10 dias, sem o esperar, sem tempo para tomarmos\nconsci\u00eancia, quase sem nos darmos conta do que sucedia no meio desta pandemia que\ninvadiu o nosso mundo, tivemos que a despedir, de uma maneira diferente de\nquanto poder\u00edamos ter imaginado.<\/p>\n\n\n\n<p>Pepa nasceu em Zaragoza no dia 22 de\nmar\u00e7o de 1948, numa fam\u00edlia numerosa, na qual abundavam os valores humanos e a\nf\u00e9 se nutria. No dia 14 de outubro de 1967 \u2013 aos 19 anos\u2013 entrou na Companhia, na\nqual entregar\u00e1 a Jesus 53 anos de vida em fidelidade e compromisso.<\/p>\n\n\n\n<p>Mulher a caminho, sempre abrindo passagens\ne mantendo o percurso com ritmo. Tortosa, Roma, Montpellier, Tarragona, Zona\nFranca e Ganduxer, as comunidades e obras onde desenvolveu a sua miss\u00e3o, foram para\nela lugares de vida e encontro. Especialmente, o seu muito querido Col\u00e9gio de\nGanduxer, onde entregou a maior parte da sua vida \u201333 anos- em tr\u00eas etapas diferentes.\nEsta casa \u00e9 testemunha eloquente da sua entrega apaixonada e apost\u00f3lica, de que\nfazendo seu, o <em>tudo por Jesus,<\/em> deu\ntudo para criar fam\u00edlia, construir e estender o Reino.<\/p>\n\n\n\n<p>Enamorada de Jesus, vivia com Ele e na\nvida o encontrava, e em cada pessoa o reconhecia. De cora\u00e7\u00e3o magn\u00e2nimo, resistente\ne forte, apaixonada e dedicada sem condi\u00e7\u00f5es; austera e generosa; leal. Nada da\nCompanhia, nunca lhe foi indiferente. <\/p>\n\n\n\n<p>Educadora por voca\u00e7\u00e3o. Professora,\ncatequista, assessora do MTA, coordenadora\u2026 Em todos os \u00e2mbitos ou projetos onde\nentrava, aparecia algo de novo e, com sua sociabilidade, contagiava outros para\nque se implicassem. Inquieta, din\u00e2mica, e qualquer momento era para ela oportunidade\nde rela\u00e7\u00e3o, de di\u00e1logo, de acolhimento e convite. <\/p>\n\n\n\n<p>Lutou sempre por fazer de Ganduxer <em>casa de todos e para todos<\/em>. Acreditava na\ndignidade de cada pessoa e passava por cima do negativo e dos erros, para continuar\noferecendo oportunidades. A porta do seu gabinete, sempre aberta, acolhia toda\na gente que passava. Da mesma maneira que animava, consolava ou felicitava,\ntamb\u00e9m dava um pux\u00e3o de orelhas\u2026 Ningu\u00e9m sa\u00eda dali igual nem indiferente.<\/p>\n\n\n\n<p>Professora de franc\u00eas, apostou nas\nl\u00ednguas como express\u00e3o de um cora\u00e7\u00e3o e uma mente aberta ao mundo e n\u00e3o fechados\nno pr\u00f3prio ambiente. Era feliz com as viagens de interc\u00e2mbio dos alunos a Paris.\nA guitarra acompanhou-a sempre e foi para ela um instrumento apost\u00f3lico, com os\njovens e com as Irm\u00e3s. A todos arrastava com o seu entusiasmo, com os seus c\u00e2nticos,\na dan\u00e7a e a guitarra.<\/p>\n\n\n\n<p>Nada a travava e de igual modo se metia\nnuma obra, assumindo os riscos que comportava, como dedicava o seu tempo ao\ncuidado quotidiano das plantas e aos pormenores do \u201cdia-a-dia\u201d. Atrav\u00e9s das coisas\nquotidianas contagiava alegria, vida e entusiasmo \u00e0quelas que tivemos a alegria\nde viver com ela. <\/p>\n\n\n\n<p>Como delegada de FundEO na Catalunha,\ntrabalhou incansavelmente pelos mais desfavorecidos buscando a forma de continuar\nano ap\u00f3s ano, os projetos e implicando a todos quantos conhecia. Dava o seu\ntempo e os seus talentos aos grupos de MTA com quem, durante anos, fez etapas do\ncaminho inaciano, buscando em cada passagem &nbsp;tirar o melhor proveito de cada um. \n\nRecordar hoje a sua\nvida, \u00e9 oportunidade para cada uma de n\u00f3s \u2013 quer a tenhamos conhecido ou n\u00e3o - de\ndar gra\u00e7as a Deus por termos caminhado juntas, \u201cem Companhia\u201d.\n\n\n\n<\/p>\n","protected":false},"excerpt":{"rendered":"<p>Tudo passa. S\u00f3 Deus basta. Estas palavras exprimem como as Irm\u00e3s da Companhia de Santa Teresa de Jesus, queremos viver. Toda a vida, este foi o desejo da nossa Irm\u00e3 [&hellip;]<\/p>\n","protected":false},"author":1,"featured_media":7404,"comment_status":"open","ping_status":"open","sticky":false,"template":"","format":"standard","meta":{"_acf_changed":false,"footnotes":""},"categories":[69,63],"tags":[],"class_list":["post-10046","post","type-post","status-publish","format-standard","has-post-thumbnail","hentry","category-falecimentos","category-fallecimientos"],"acf":[],"yoast_head":"<!-- This site is optimized with the Yoast SEO plugin v27.5 - https:\/\/yoast.com\/product\/yoast-seo-wordpress\/ -->\n<title>Irm\u00e3 Pepa Monserrat. 28 de mar\u00e7o de 2020 (Barcelona-Ganduxer) - En Compa\u00f1\u00eda STJ<\/title>\n<meta name=\"robots\" content=\"index, follow, max-snippet:-1, max-image-preview:large, max-video-preview:-1\" \/>\n<link rel=\"canonical\" href=\"https:\/\/encompaniastj.org\/pt-pt\/irma-pepa-monserrat-28-de-marco-de-2020-barcelona-ganduxer\/\" \/>\n<meta property=\"og:locale\" content=\"pt_PT\" \/>\n<meta property=\"og:type\" content=\"article\" \/>\n<meta property=\"og:title\" content=\"Irm\u00e3 Pepa Monserrat. 28 de mar\u00e7o de 2020 (Barcelona-Ganduxer) - En Compa\u00f1\u00eda STJ\" \/>\n<meta property=\"og:description\" content=\"Tudo passa. S\u00f3 Deus basta. Estas palavras exprimem como as Irm\u00e3s da Companhia de Santa Teresa de Jesus, queremos viver. Toda a vida, este foi o desejo da nossa Irm\u00e3 [&hellip;]\" \/>\n<meta property=\"og:url\" content=\"https:\/\/encompaniastj.org\/pt-pt\/irma-pepa-monserrat-28-de-marco-de-2020-barcelona-ganduxer\/\" \/>\n<meta property=\"og:site_name\" content=\"En Compa\u00f1\u00eda STJ\" \/>\n<meta property=\"article:published_time\" content=\"2020-03-30T12:40:03+00:00\" \/>\n<meta property=\"article:modified_time\" content=\"2025-07-07T14:21:22+00:00\" \/>\n<meta property=\"og:image\" content=\"https:\/\/encompaniastj.org\/wp-content\/uploads\/2025\/05\/grass-with-water.jpg\" \/>\n\t<meta property=\"og:image:width\" content=\"1920\" \/>\n\t<meta property=\"og:image:height\" content=\"1080\" \/>\n\t<meta property=\"og:image:type\" content=\"image\/jpeg\" \/>\n<meta name=\"author\" content=\"admin\" \/>\n<meta name=\"twitter:card\" content=\"summary_large_image\" \/>\n<meta name=\"twitter:label1\" content=\"Escrito por\" \/>\n\t<meta name=\"twitter:data1\" content=\"admin\" \/>\n\t<meta name=\"twitter:label2\" content=\"Tempo estimado de leitura\" \/>\n\t<meta name=\"twitter:data2\" content=\"3 minutos\" \/>\n<script type=\"application\/ld+json\" class=\"yoast-schema-graph\">{\"@context\":\"https:\\\/\\\/schema.org\",\"@graph\":[{\"@type\":\"Article\",\"@id\":\"https:\\\/\\\/encompaniastj.org\\\/pt-pt\\\/irma-pepa-monserrat-28-de-marco-de-2020-barcelona-ganduxer\\\/#article\",\"isPartOf\":{\"@id\":\"https:\\\/\\\/encompaniastj.org\\\/pt-pt\\\/irma-pepa-monserrat-28-de-marco-de-2020-barcelona-ganduxer\\\/\"},\"author\":{\"name\":\"admin\",\"@id\":\"https:\\\/\\\/encompaniastj.org\\\/pt-pt\\\/#\\\/schema\\\/person\\\/520e7ecc314793d40091993c2a02b651\"},\"headline\":\"Irm\u00e3 Pepa Monserrat. 28 de mar\u00e7o de 2020 (Barcelona-Ganduxer)\",\"datePublished\":\"2020-03-30T12:40:03+00:00\",\"dateModified\":\"2025-07-07T14:21:22+00:00\",\"mainEntityOfPage\":{\"@id\":\"https:\\\/\\\/encompaniastj.org\\\/pt-pt\\\/irma-pepa-monserrat-28-de-marco-de-2020-barcelona-ganduxer\\\/\"},\"wordCount\":639,\"commentCount\":0,\"publisher\":{\"@id\":\"https:\\\/\\\/encompaniastj.org\\\/pt-pt\\\/#organization\"},\"image\":{\"@id\":\"https:\\\/\\\/encompaniastj.org\\\/pt-pt\\\/irma-pepa-monserrat-28-de-marco-de-2020-barcelona-ganduxer\\\/#primaryimage\"},\"thumbnailUrl\":\"https:\\\/\\\/encompaniastj.org\\\/wp-content\\\/uploads\\\/2025\\\/05\\\/grass-with-water.jpg\",\"articleSection\":[\"Falecimentos\",\"Fallecimientos\"],\"inLanguage\":\"pt-PT\",\"potentialAction\":[{\"@type\":\"CommentAction\",\"name\":\"Comment\",\"target\":[\"https:\\\/\\\/encompaniastj.org\\\/pt-pt\\\/irma-pepa-monserrat-28-de-marco-de-2020-barcelona-ganduxer\\\/#respond\"]}]},{\"@type\":\"WebPage\",\"@id\":\"https:\\\/\\\/encompaniastj.org\\\/pt-pt\\\/irma-pepa-monserrat-28-de-marco-de-2020-barcelona-ganduxer\\\/\",\"url\":\"https:\\\/\\\/encompaniastj.org\\\/pt-pt\\\/irma-pepa-monserrat-28-de-marco-de-2020-barcelona-ganduxer\\\/\",\"name\":\"Irm\u00e3 Pepa Monserrat. 28 de mar\u00e7o de 2020 (Barcelona-Ganduxer) - En Compa\u00f1\u00eda STJ\",\"isPartOf\":{\"@id\":\"https:\\\/\\\/encompaniastj.org\\\/pt-pt\\\/#website\"},\"primaryImageOfPage\":{\"@id\":\"https:\\\/\\\/encompaniastj.org\\\/pt-pt\\\/irma-pepa-monserrat-28-de-marco-de-2020-barcelona-ganduxer\\\/#primaryimage\"},\"image\":{\"@id\":\"https:\\\/\\\/encompaniastj.org\\\/pt-pt\\\/irma-pepa-monserrat-28-de-marco-de-2020-barcelona-ganduxer\\\/#primaryimage\"},\"thumbnailUrl\":\"https:\\\/\\\/encompaniastj.org\\\/wp-content\\\/uploads\\\/2025\\\/05\\\/grass-with-water.jpg\",\"datePublished\":\"2020-03-30T12:40:03+00:00\",\"dateModified\":\"2025-07-07T14:21:22+00:00\",\"breadcrumb\":{\"@id\":\"https:\\\/\\\/encompaniastj.org\\\/pt-pt\\\/irma-pepa-monserrat-28-de-marco-de-2020-barcelona-ganduxer\\\/#breadcrumb\"},\"inLanguage\":\"pt-PT\",\"potentialAction\":[{\"@type\":\"ReadAction\",\"target\":[\"https:\\\/\\\/encompaniastj.org\\\/pt-pt\\\/irma-pepa-monserrat-28-de-marco-de-2020-barcelona-ganduxer\\\/\"]}]},{\"@type\":\"ImageObject\",\"inLanguage\":\"pt-PT\",\"@id\":\"https:\\\/\\\/encompaniastj.org\\\/pt-pt\\\/irma-pepa-monserrat-28-de-marco-de-2020-barcelona-ganduxer\\\/#primaryimage\",\"url\":\"https:\\\/\\\/encompaniastj.org\\\/wp-content\\\/uploads\\\/2025\\\/05\\\/grass-with-water.jpg\",\"contentUrl\":\"https:\\\/\\\/encompaniastj.org\\\/wp-content\\\/uploads\\\/2025\\\/05\\\/grass-with-water.jpg\",\"width\":1920,\"height\":1080},{\"@type\":\"BreadcrumbList\",\"@id\":\"https:\\\/\\\/encompaniastj.org\\\/pt-pt\\\/irma-pepa-monserrat-28-de-marco-de-2020-barcelona-ganduxer\\\/#breadcrumb\",\"itemListElement\":[{\"@type\":\"ListItem\",\"position\":1,\"name\":\"Portada\",\"item\":\"https:\\\/\\\/encompaniastj.org\\\/pt-pt\\\/\"},{\"@type\":\"ListItem\",\"position\":2,\"name\":\"Irm\u00e3 Pepa Monserrat. 28 de mar\u00e7o de 2020 (Barcelona-Ganduxer)\"}]},{\"@type\":\"WebSite\",\"@id\":\"https:\\\/\\\/encompaniastj.org\\\/pt-pt\\\/#website\",\"url\":\"https:\\\/\\\/encompaniastj.org\\\/pt-pt\\\/\",\"name\":\"En Compa\u00f1\u00eda STJ\",\"description\":\"Bolet\u00edn de la Compa\u00f1\u00eda de Santa Teresa de Jes\u00fas\",\"publisher\":{\"@id\":\"https:\\\/\\\/encompaniastj.org\\\/pt-pt\\\/#organization\"},\"potentialAction\":[{\"@type\":\"SearchAction\",\"target\":{\"@type\":\"EntryPoint\",\"urlTemplate\":\"https:\\\/\\\/encompaniastj.org\\\/pt-pt\\\/?s={search_term_string}\"},\"query-input\":{\"@type\":\"PropertyValueSpecification\",\"valueRequired\":true,\"valueName\":\"search_term_string\"}}],\"inLanguage\":\"pt-PT\"},{\"@type\":\"Organization\",\"@id\":\"https:\\\/\\\/encompaniastj.org\\\/pt-pt\\\/#organization\",\"name\":\"Compa\u00f1\u00eda de Santa Teresa de Jes\u00fas\",\"url\":\"https:\\\/\\\/encompaniastj.org\\\/pt-pt\\\/\",\"logo\":{\"@type\":\"ImageObject\",\"inLanguage\":\"pt-PT\",\"@id\":\"https:\\\/\\\/encompaniastj.org\\\/pt-pt\\\/#\\\/schema\\\/logo\\\/image\\\/\",\"url\":\"https:\\\/\\\/encompaniastj.org\\\/wp-content\\\/uploads\\\/2025\\\/04\\\/logo_provincias02-1-3.png\",\"contentUrl\":\"https:\\\/\\\/encompaniastj.org\\\/wp-content\\\/uploads\\\/2025\\\/04\\\/logo_provincias02-1-3.png\",\"width\":2368,\"height\":825,\"caption\":\"Compa\u00f1\u00eda de Santa Teresa de Jes\u00fas\"},\"image\":{\"@id\":\"https:\\\/\\\/encompaniastj.org\\\/pt-pt\\\/#\\\/schema\\\/logo\\\/image\\\/\"}},{\"@type\":\"Person\",\"@id\":\"https:\\\/\\\/encompaniastj.org\\\/pt-pt\\\/#\\\/schema\\\/person\\\/520e7ecc314793d40091993c2a02b651\",\"name\":\"admin\",\"image\":{\"@type\":\"ImageObject\",\"inLanguage\":\"pt-PT\",\"@id\":\"https:\\\/\\\/secure.gravatar.com\\\/avatar\\\/948b492cce32b586ac2db0eaa926ee87024f7afe218d73b397ea5ddfc5f43ea1?s=96&d=mm&r=g\",\"url\":\"https:\\\/\\\/secure.gravatar.com\\\/avatar\\\/948b492cce32b586ac2db0eaa926ee87024f7afe218d73b397ea5ddfc5f43ea1?s=96&d=mm&r=g\",\"contentUrl\":\"https:\\\/\\\/secure.gravatar.com\\\/avatar\\\/948b492cce32b586ac2db0eaa926ee87024f7afe218d73b397ea5ddfc5f43ea1?s=96&d=mm&r=g\",\"caption\":\"admin\"},\"sameAs\":[\"https:\\\/\\\/encompaniastj.org\"],\"url\":\"https:\\\/\\\/encompaniastj.org\\\/pt-pt\\\/author\\\/sjdigital\\\/\"}]}<\/script>\n<!-- \/ Yoast SEO plugin. -->","yoast_head_json":{"title":"Irm\u00e3 Pepa Monserrat. 28 de mar\u00e7o de 2020 (Barcelona-Ganduxer) - En Compa\u00f1\u00eda STJ","robots":{"index":"index","follow":"follow","max-snippet":"max-snippet:-1","max-image-preview":"max-image-preview:large","max-video-preview":"max-video-preview:-1"},"canonical":"https:\/\/encompaniastj.org\/pt-pt\/irma-pepa-monserrat-28-de-marco-de-2020-barcelona-ganduxer\/","og_locale":"pt_PT","og_type":"article","og_title":"Irm\u00e3 Pepa Monserrat. 28 de mar\u00e7o de 2020 (Barcelona-Ganduxer) - En Compa\u00f1\u00eda STJ","og_description":"Tudo passa. S\u00f3 Deus basta. Estas palavras exprimem como as Irm\u00e3s da Companhia de Santa Teresa de Jesus, queremos viver. Toda a vida, este foi o desejo da nossa Irm\u00e3 [&hellip;]","og_url":"https:\/\/encompaniastj.org\/pt-pt\/irma-pepa-monserrat-28-de-marco-de-2020-barcelona-ganduxer\/","og_site_name":"En Compa\u00f1\u00eda STJ","article_published_time":"2020-03-30T12:40:03+00:00","article_modified_time":"2025-07-07T14:21:22+00:00","og_image":[{"width":1920,"height":1080,"url":"https:\/\/encompaniastj.org\/wp-content\/uploads\/2025\/05\/grass-with-water.jpg","type":"image\/jpeg"}],"author":"admin","twitter_card":"summary_large_image","twitter_misc":{"Escrito por":"admin","Tempo estimado de leitura":"3 minutos"},"schema":{"@context":"https:\/\/schema.org","@graph":[{"@type":"Article","@id":"https:\/\/encompaniastj.org\/pt-pt\/irma-pepa-monserrat-28-de-marco-de-2020-barcelona-ganduxer\/#article","isPartOf":{"@id":"https:\/\/encompaniastj.org\/pt-pt\/irma-pepa-monserrat-28-de-marco-de-2020-barcelona-ganduxer\/"},"author":{"name":"admin","@id":"https:\/\/encompaniastj.org\/pt-pt\/#\/schema\/person\/520e7ecc314793d40091993c2a02b651"},"headline":"Irm\u00e3 Pepa Monserrat. 28 de mar\u00e7o de 2020 (Barcelona-Ganduxer)","datePublished":"2020-03-30T12:40:03+00:00","dateModified":"2025-07-07T14:21:22+00:00","mainEntityOfPage":{"@id":"https:\/\/encompaniastj.org\/pt-pt\/irma-pepa-monserrat-28-de-marco-de-2020-barcelona-ganduxer\/"},"wordCount":639,"commentCount":0,"publisher":{"@id":"https:\/\/encompaniastj.org\/pt-pt\/#organization"},"image":{"@id":"https:\/\/encompaniastj.org\/pt-pt\/irma-pepa-monserrat-28-de-marco-de-2020-barcelona-ganduxer\/#primaryimage"},"thumbnailUrl":"https:\/\/encompaniastj.org\/wp-content\/uploads\/2025\/05\/grass-with-water.jpg","articleSection":["Falecimentos","Fallecimientos"],"inLanguage":"pt-PT","potentialAction":[{"@type":"CommentAction","name":"Comment","target":["https:\/\/encompaniastj.org\/pt-pt\/irma-pepa-monserrat-28-de-marco-de-2020-barcelona-ganduxer\/#respond"]}]},{"@type":"WebPage","@id":"https:\/\/encompaniastj.org\/pt-pt\/irma-pepa-monserrat-28-de-marco-de-2020-barcelona-ganduxer\/","url":"https:\/\/encompaniastj.org\/pt-pt\/irma-pepa-monserrat-28-de-marco-de-2020-barcelona-ganduxer\/","name":"Irm\u00e3 Pepa Monserrat. 28 de mar\u00e7o de 2020 (Barcelona-Ganduxer) - En Compa\u00f1\u00eda STJ","isPartOf":{"@id":"https:\/\/encompaniastj.org\/pt-pt\/#website"},"primaryImageOfPage":{"@id":"https:\/\/encompaniastj.org\/pt-pt\/irma-pepa-monserrat-28-de-marco-de-2020-barcelona-ganduxer\/#primaryimage"},"image":{"@id":"https:\/\/encompaniastj.org\/pt-pt\/irma-pepa-monserrat-28-de-marco-de-2020-barcelona-ganduxer\/#primaryimage"},"thumbnailUrl":"https:\/\/encompaniastj.org\/wp-content\/uploads\/2025\/05\/grass-with-water.jpg","datePublished":"2020-03-30T12:40:03+00:00","dateModified":"2025-07-07T14:21:22+00:00","breadcrumb":{"@id":"https:\/\/encompaniastj.org\/pt-pt\/irma-pepa-monserrat-28-de-marco-de-2020-barcelona-ganduxer\/#breadcrumb"},"inLanguage":"pt-PT","potentialAction":[{"@type":"ReadAction","target":["https:\/\/encompaniastj.org\/pt-pt\/irma-pepa-monserrat-28-de-marco-de-2020-barcelona-ganduxer\/"]}]},{"@type":"ImageObject","inLanguage":"pt-PT","@id":"https:\/\/encompaniastj.org\/pt-pt\/irma-pepa-monserrat-28-de-marco-de-2020-barcelona-ganduxer\/#primaryimage","url":"https:\/\/encompaniastj.org\/wp-content\/uploads\/2025\/05\/grass-with-water.jpg","contentUrl":"https:\/\/encompaniastj.org\/wp-content\/uploads\/2025\/05\/grass-with-water.jpg","width":1920,"height":1080},{"@type":"BreadcrumbList","@id":"https:\/\/encompaniastj.org\/pt-pt\/irma-pepa-monserrat-28-de-marco-de-2020-barcelona-ganduxer\/#breadcrumb","itemListElement":[{"@type":"ListItem","position":1,"name":"Portada","item":"https:\/\/encompaniastj.org\/pt-pt\/"},{"@type":"ListItem","position":2,"name":"Irm\u00e3 Pepa Monserrat. 28 de mar\u00e7o de 2020 (Barcelona-Ganduxer)"}]},{"@type":"WebSite","@id":"https:\/\/encompaniastj.org\/pt-pt\/#website","url":"https:\/\/encompaniastj.org\/pt-pt\/","name":"En Compa\u00f1\u00eda STJ","description":"Bolet\u00edn de la Compa\u00f1\u00eda de Santa Teresa de Jes\u00fas","publisher":{"@id":"https:\/\/encompaniastj.org\/pt-pt\/#organization"},"potentialAction":[{"@type":"SearchAction","target":{"@type":"EntryPoint","urlTemplate":"https:\/\/encompaniastj.org\/pt-pt\/?s={search_term_string}"},"query-input":{"@type":"PropertyValueSpecification","valueRequired":true,"valueName":"search_term_string"}}],"inLanguage":"pt-PT"},{"@type":"Organization","@id":"https:\/\/encompaniastj.org\/pt-pt\/#organization","name":"Compa\u00f1\u00eda de Santa Teresa de Jes\u00fas","url":"https:\/\/encompaniastj.org\/pt-pt\/","logo":{"@type":"ImageObject","inLanguage":"pt-PT","@id":"https:\/\/encompaniastj.org\/pt-pt\/#\/schema\/logo\/image\/","url":"https:\/\/encompaniastj.org\/wp-content\/uploads\/2025\/04\/logo_provincias02-1-3.png","contentUrl":"https:\/\/encompaniastj.org\/wp-content\/uploads\/2025\/04\/logo_provincias02-1-3.png","width":2368,"height":825,"caption":"Compa\u00f1\u00eda de Santa Teresa de Jes\u00fas"},"image":{"@id":"https:\/\/encompaniastj.org\/pt-pt\/#\/schema\/logo\/image\/"}},{"@type":"Person","@id":"https:\/\/encompaniastj.org\/pt-pt\/#\/schema\/person\/520e7ecc314793d40091993c2a02b651","name":"admin","image":{"@type":"ImageObject","inLanguage":"pt-PT","@id":"https:\/\/secure.gravatar.com\/avatar\/948b492cce32b586ac2db0eaa926ee87024f7afe218d73b397ea5ddfc5f43ea1?s=96&d=mm&r=g","url":"https:\/\/secure.gravatar.com\/avatar\/948b492cce32b586ac2db0eaa926ee87024f7afe218d73b397ea5ddfc5f43ea1?s=96&d=mm&r=g","contentUrl":"https:\/\/secure.gravatar.com\/avatar\/948b492cce32b586ac2db0eaa926ee87024f7afe218d73b397ea5ddfc5f43ea1?s=96&d=mm&r=g","caption":"admin"},"sameAs":["https:\/\/encompaniastj.org"],"url":"https:\/\/encompaniastj.org\/pt-pt\/author\/sjdigital\/"}]}},"_links":{"self":[{"href":"https:\/\/encompaniastj.org\/pt-pt\/wp-json\/wp\/v2\/posts\/10046","targetHints":{"allow":["GET"]}}],"collection":[{"href":"https:\/\/encompaniastj.org\/pt-pt\/wp-json\/wp\/v2\/posts"}],"about":[{"href":"https:\/\/encompaniastj.org\/pt-pt\/wp-json\/wp\/v2\/types\/post"}],"author":[{"embeddable":true,"href":"https:\/\/encompaniastj.org\/pt-pt\/wp-json\/wp\/v2\/users\/1"}],"replies":[{"embeddable":true,"href":"https:\/\/encompaniastj.org\/pt-pt\/wp-json\/wp\/v2\/comments?post=10046"}],"version-history":[{"count":1,"href":"https:\/\/encompaniastj.org\/pt-pt\/wp-json\/wp\/v2\/posts\/10046\/revisions"}],"predecessor-version":[{"id":10047,"href":"https:\/\/encompaniastj.org\/pt-pt\/wp-json\/wp\/v2\/posts\/10046\/revisions\/10047"}],"wp:featuredmedia":[{"embeddable":true,"href":"https:\/\/encompaniastj.org\/pt-pt\/wp-json\/wp\/v2\/media\/7404"}],"wp:attachment":[{"href":"https:\/\/encompaniastj.org\/pt-pt\/wp-json\/wp\/v2\/media?parent=10046"}],"wp:term":[{"taxonomy":"category","embeddable":true,"href":"https:\/\/encompaniastj.org\/pt-pt\/wp-json\/wp\/v2\/categories?post=10046"},{"taxonomy":"post_tag","embeddable":true,"href":"https:\/\/encompaniastj.org\/pt-pt\/wp-json\/wp\/v2\/tags?post=10046"}],"curies":[{"name":"wp","href":"https:\/\/api.w.org\/{rel}","templated":true}]}}