{"id":10042,"date":"2020-03-24T14:15:46","date_gmt":"2020-03-24T13:15:46","guid":{"rendered":"https:\/\/encompaniastj.org\/o-que-mais-vos-despertar-a-amar\/"},"modified":"2025-07-07T16:21:22","modified_gmt":"2025-07-07T14:21:22","slug":"o-que-mais-vos-despertar-a-amar","status":"publish","type":"post","link":"https:\/\/encompaniastj.org\/pt-pt\/o-que-mais-vos-despertar-a-amar\/","title":{"rendered":"\u201cO que mais vos despertar a amar\u201d"},"content":{"rendered":"\n<p>Teresa de Jesus falava disto, nas quartas Moradas do Castelo Interior, quando a pessoa come\u00e7a a dar-se conta de que entra noutro momento da vida, no qual \u00e9 capaz de reconhecer tudo o que recebeu e de oferec\u00ea-lo humildemente. Vai crescendo o amor porque cresce tamb\u00e9m o ser consciente de qu\u00e3o gratuitamente somos amados, e n\u00e3o se passa \u201cfatura\u201d do que fazemos pelos outros. E agradece-se mais.<\/p>\n\n<p>Ant\u00f3nio Mas, grande teresianista, diz que nesta Morada come\u00e7a a transforma\u00e7\u00e3o da pessoa com o pr\u00f3prio conhecimento e o caminho de ora\u00e7\u00e3o, porque j\u00e1 h\u00e1 \u201cespa\u00e7o interior\u201d dispon\u00edvel\u2026 como hoje, os nossos telem\u00f3veis pedem, porque precisam de limpeza constante dos v\u00eddeos, \u00e1udios e imagens, com a avalanche de informa\u00e7\u00e3o, leituras, entretenimento, m\u00fasica\u2026 que recebemos e enchem a capacidade da sua mem\u00f3ria.<\/p>\n\n<p>J\u00e1 h\u00e1 <em>espa\u00e7o interior dispon\u00edvel<\/em> para o encontro, para o sil\u00eancio, para o que podemos escolher no nosso dia, quando est\u00e1vamos habituados a que tudo estivesse cheio: agenda, rotinas, trabalho, voluntariado, viagens,\u2026 isto soa-me a algo do que estamos vivendo nestes momentos, nos quais a vida nos est\u00e1 oferecendo essa oportunidade de transforma\u00e7\u00e3o, de libertar espa\u00e7o e fazer boas \u201climpezas\u201d na organiza\u00e7\u00e3o do nosso dia, do que nos importa, e no como estamos vivendo\u2026 talvez tamb\u00e9m nessa \u201climpeza\u201d do cora\u00e7\u00e3o.<\/p>\n\n<p>Quem nos diria que nos ia a chegar dado, sim, sim, o tempo e o espa\u00e7o para essa poss\u00edvel transforma\u00e7\u00e3o desejada, que n\u00e3o est\u00e1 t\u00e3o fora, mas dentro, em casa, com os nossos, no nosso interior\u2026 E que bom, se o aproveitamos para esse conhecimento pr\u00f3prio e ao tempo de encontro e doa\u00e7\u00e3o: escutar mais, acolher a Palavra e o sil\u00eancio, acompanhar-nos sem fugir do encontro, sair ao encontro e aproveitar o que cada um sabe e pode, gerar la\u00e7os em fam\u00edlia e com quem nos vemos atrav\u00e9s das janelas porque escutamos e nos unimos ao aplauso agradecido e cheio de \u00e2nimo para quem nos cuida cada dia.<\/p>\n\n<p>Cada dia destes, que hoje, nos s\u00e3o oferecidos, constitui uma aprendizagem, e oxal\u00e1 para olh\u00e1-los e \u201cl\u00ea-los\u201d juntos depois. Poderia ser como esse \u201cdespertar\u201d que diz Teresa de Jesus, do qual depende que o amor continue a crescer e a passar na vida, e n\u00e3o tanto do falar e pensar a que estamos habituados. O despertar do amor que \u00e9 \u201cfazer\u201d, \u00e9 inventar o que ajude mais, e unir-nos no bem maior, e chegar a cordo no que una mais, e\u2026 como Teresa diz: <em>\u201cPara aproveitar muito neste caminho, n\u00e3o est\u00e1 a coisa em pensar muito, \u00a0mas em amar muito, e assim, o que mais vos despertar a amar, isso fazei\u201d<\/em> (IV Moradas 1, 7).<\/p>\n\n<p>Fazei o que mais vos despertar a amar. Temos pela frente uns dias de luxo para o \u201cmais\u201d, o \u201cdespertar-nos\u201d, o \u201camar\u201d e o \u201cfazer\u201d \u2026 muito em poucas palavras e muito concreto se aterrarmos na vida e nas pessoas, apesar da incerteza em que vivemos. Jesus fazia-o assim: Ele <em>ia a caminho e viu um cego, aproximou-se, ungiu-lhe os olhos com a sua saliva e com barro e curou-o, porque al\u00e9m de lhe devolver a vista, deu-se a conhecer dizendo-lhe \u201cEu sou a luz\u201d \u2026 <\/em>Por exemplo.<\/p>\n\n<p>Irm\u00e3 Isabel del Valle, stj<\/p>\n","protected":false},"excerpt":{"rendered":"<p>Teresa de Jesus falava disto, nas quartas Moradas do Castelo Interior, quando a pessoa come\u00e7a a dar-se conta de que entra noutro momento da vida, no qual \u00e9 capaz de [&hellip;]<\/p>\n","protected":false},"author":1,"featured_media":7402,"comment_status":"open","ping_status":"open","sticky":false,"template":"","format":"standard","meta":{"_acf_changed":false,"footnotes":""},"categories":[77],"tags":[],"class_list":["post-10042","post","type-post","status-publish","format-standard","has-post-thumbnail","hentry","category-palabras"],"acf":[],"yoast_head":"<!-- This site is optimized with the Yoast SEO plugin v27.5 - https:\/\/yoast.com\/product\/yoast-seo-wordpress\/ -->\n<title>\u201cO que mais vos despertar a amar\u201d - En Compa\u00f1\u00eda STJ<\/title>\n<meta name=\"robots\" content=\"index, follow, max-snippet:-1, max-image-preview:large, max-video-preview:-1\" \/>\n<link rel=\"canonical\" href=\"https:\/\/encompaniastj.org\/pt-pt\/o-que-mais-vos-despertar-a-amar\/\" \/>\n<meta property=\"og:locale\" content=\"pt_PT\" \/>\n<meta property=\"og:type\" content=\"article\" \/>\n<meta property=\"og:title\" content=\"\u201cO que mais vos despertar a amar\u201d - En Compa\u00f1\u00eda STJ\" \/>\n<meta property=\"og:description\" content=\"Teresa de Jesus falava disto, nas quartas Moradas do Castelo Interior, quando a pessoa come\u00e7a a dar-se conta de que entra noutro momento da vida, no qual \u00e9 capaz de [&hellip;]\" \/>\n<meta property=\"og:url\" content=\"https:\/\/encompaniastj.org\/pt-pt\/o-que-mais-vos-despertar-a-amar\/\" \/>\n<meta property=\"og:site_name\" content=\"En Compa\u00f1\u00eda STJ\" \/>\n<meta property=\"article:published_time\" content=\"2020-03-24T13:15:46+00:00\" \/>\n<meta property=\"article:modified_time\" content=\"2025-07-07T14:21:22+00:00\" \/>\n<meta property=\"og:image\" content=\"https:\/\/encompaniastj.org\/wp-content\/uploads\/2025\/05\/mar.jpg\" \/>\n\t<meta property=\"og:image:width\" content=\"1920\" \/>\n\t<meta property=\"og:image:height\" content=\"1277\" \/>\n\t<meta property=\"og:image:type\" content=\"image\/jpeg\" \/>\n<meta name=\"author\" content=\"admin\" \/>\n<meta name=\"twitter:card\" content=\"summary_large_image\" \/>\n<meta name=\"twitter:label1\" content=\"Escrito por\" \/>\n\t<meta name=\"twitter:data1\" content=\"admin\" \/>\n\t<meta name=\"twitter:label2\" content=\"Tempo estimado de leitura\" \/>\n\t<meta name=\"twitter:data2\" content=\"3 minutos\" \/>\n<script type=\"application\/ld+json\" class=\"yoast-schema-graph\">{\"@context\":\"https:\\\/\\\/schema.org\",\"@graph\":[{\"@type\":\"Article\",\"@id\":\"https:\\\/\\\/encompaniastj.org\\\/pt-pt\\\/o-que-mais-vos-despertar-a-amar\\\/#article\",\"isPartOf\":{\"@id\":\"https:\\\/\\\/encompaniastj.org\\\/pt-pt\\\/o-que-mais-vos-despertar-a-amar\\\/\"},\"author\":{\"name\":\"admin\",\"@id\":\"https:\\\/\\\/encompaniastj.org\\\/pt-pt\\\/#\\\/schema\\\/person\\\/520e7ecc314793d40091993c2a02b651\"},\"headline\":\"\u201cO que mais vos despertar a amar\u201d\",\"datePublished\":\"2020-03-24T13:15:46+00:00\",\"dateModified\":\"2025-07-07T14:21:22+00:00\",\"mainEntityOfPage\":{\"@id\":\"https:\\\/\\\/encompaniastj.org\\\/pt-pt\\\/o-que-mais-vos-despertar-a-amar\\\/\"},\"wordCount\":567,\"commentCount\":0,\"publisher\":{\"@id\":\"https:\\\/\\\/encompaniastj.org\\\/pt-pt\\\/#organization\"},\"image\":{\"@id\":\"https:\\\/\\\/encompaniastj.org\\\/pt-pt\\\/o-que-mais-vos-despertar-a-amar\\\/#primaryimage\"},\"thumbnailUrl\":\"https:\\\/\\\/encompaniastj.org\\\/wp-content\\\/uploads\\\/2025\\\/05\\\/mar.jpg\",\"articleSection\":[\"Palabras\"],\"inLanguage\":\"pt-PT\",\"potentialAction\":[{\"@type\":\"CommentAction\",\"name\":\"Comment\",\"target\":[\"https:\\\/\\\/encompaniastj.org\\\/pt-pt\\\/o-que-mais-vos-despertar-a-amar\\\/#respond\"]}]},{\"@type\":\"WebPage\",\"@id\":\"https:\\\/\\\/encompaniastj.org\\\/pt-pt\\\/o-que-mais-vos-despertar-a-amar\\\/\",\"url\":\"https:\\\/\\\/encompaniastj.org\\\/pt-pt\\\/o-que-mais-vos-despertar-a-amar\\\/\",\"name\":\"\u201cO que mais vos despertar a amar\u201d - En Compa\u00f1\u00eda STJ\",\"isPartOf\":{\"@id\":\"https:\\\/\\\/encompaniastj.org\\\/pt-pt\\\/#website\"},\"primaryImageOfPage\":{\"@id\":\"https:\\\/\\\/encompaniastj.org\\\/pt-pt\\\/o-que-mais-vos-despertar-a-amar\\\/#primaryimage\"},\"image\":{\"@id\":\"https:\\\/\\\/encompaniastj.org\\\/pt-pt\\\/o-que-mais-vos-despertar-a-amar\\\/#primaryimage\"},\"thumbnailUrl\":\"https:\\\/\\\/encompaniastj.org\\\/wp-content\\\/uploads\\\/2025\\\/05\\\/mar.jpg\",\"datePublished\":\"2020-03-24T13:15:46+00:00\",\"dateModified\":\"2025-07-07T14:21:22+00:00\",\"breadcrumb\":{\"@id\":\"https:\\\/\\\/encompaniastj.org\\\/pt-pt\\\/o-que-mais-vos-despertar-a-amar\\\/#breadcrumb\"},\"inLanguage\":\"pt-PT\",\"potentialAction\":[{\"@type\":\"ReadAction\",\"target\":[\"https:\\\/\\\/encompaniastj.org\\\/pt-pt\\\/o-que-mais-vos-despertar-a-amar\\\/\"]}]},{\"@type\":\"ImageObject\",\"inLanguage\":\"pt-PT\",\"@id\":\"https:\\\/\\\/encompaniastj.org\\\/pt-pt\\\/o-que-mais-vos-despertar-a-amar\\\/#primaryimage\",\"url\":\"https:\\\/\\\/encompaniastj.org\\\/wp-content\\\/uploads\\\/2025\\\/05\\\/mar.jpg\",\"contentUrl\":\"https:\\\/\\\/encompaniastj.org\\\/wp-content\\\/uploads\\\/2025\\\/05\\\/mar.jpg\",\"width\":1920,\"height\":1277},{\"@type\":\"BreadcrumbList\",\"@id\":\"https:\\\/\\\/encompaniastj.org\\\/pt-pt\\\/o-que-mais-vos-despertar-a-amar\\\/#breadcrumb\",\"itemListElement\":[{\"@type\":\"ListItem\",\"position\":1,\"name\":\"Portada\",\"item\":\"https:\\\/\\\/encompaniastj.org\\\/pt-pt\\\/\"},{\"@type\":\"ListItem\",\"position\":2,\"name\":\"\u201cO que mais vos despertar a amar\u201d\"}]},{\"@type\":\"WebSite\",\"@id\":\"https:\\\/\\\/encompaniastj.org\\\/pt-pt\\\/#website\",\"url\":\"https:\\\/\\\/encompaniastj.org\\\/pt-pt\\\/\",\"name\":\"En Compa\u00f1\u00eda STJ\",\"description\":\"Bolet\u00edn de la Compa\u00f1\u00eda de Santa Teresa de Jes\u00fas\",\"publisher\":{\"@id\":\"https:\\\/\\\/encompaniastj.org\\\/pt-pt\\\/#organization\"},\"potentialAction\":[{\"@type\":\"SearchAction\",\"target\":{\"@type\":\"EntryPoint\",\"urlTemplate\":\"https:\\\/\\\/encompaniastj.org\\\/pt-pt\\\/?s={search_term_string}\"},\"query-input\":{\"@type\":\"PropertyValueSpecification\",\"valueRequired\":true,\"valueName\":\"search_term_string\"}}],\"inLanguage\":\"pt-PT\"},{\"@type\":\"Organization\",\"@id\":\"https:\\\/\\\/encompaniastj.org\\\/pt-pt\\\/#organization\",\"name\":\"Compa\u00f1\u00eda de Santa Teresa de Jes\u00fas\",\"url\":\"https:\\\/\\\/encompaniastj.org\\\/pt-pt\\\/\",\"logo\":{\"@type\":\"ImageObject\",\"inLanguage\":\"pt-PT\",\"@id\":\"https:\\\/\\\/encompaniastj.org\\\/pt-pt\\\/#\\\/schema\\\/logo\\\/image\\\/\",\"url\":\"https:\\\/\\\/encompaniastj.org\\\/wp-content\\\/uploads\\\/2025\\\/04\\\/logo_provincias02-1-3.png\",\"contentUrl\":\"https:\\\/\\\/encompaniastj.org\\\/wp-content\\\/uploads\\\/2025\\\/04\\\/logo_provincias02-1-3.png\",\"width\":2368,\"height\":825,\"caption\":\"Compa\u00f1\u00eda de Santa Teresa de Jes\u00fas\"},\"image\":{\"@id\":\"https:\\\/\\\/encompaniastj.org\\\/pt-pt\\\/#\\\/schema\\\/logo\\\/image\\\/\"}},{\"@type\":\"Person\",\"@id\":\"https:\\\/\\\/encompaniastj.org\\\/pt-pt\\\/#\\\/schema\\\/person\\\/520e7ecc314793d40091993c2a02b651\",\"name\":\"admin\",\"image\":{\"@type\":\"ImageObject\",\"inLanguage\":\"pt-PT\",\"@id\":\"https:\\\/\\\/secure.gravatar.com\\\/avatar\\\/948b492cce32b586ac2db0eaa926ee87024f7afe218d73b397ea5ddfc5f43ea1?s=96&d=mm&r=g\",\"url\":\"https:\\\/\\\/secure.gravatar.com\\\/avatar\\\/948b492cce32b586ac2db0eaa926ee87024f7afe218d73b397ea5ddfc5f43ea1?s=96&d=mm&r=g\",\"contentUrl\":\"https:\\\/\\\/secure.gravatar.com\\\/avatar\\\/948b492cce32b586ac2db0eaa926ee87024f7afe218d73b397ea5ddfc5f43ea1?s=96&d=mm&r=g\",\"caption\":\"admin\"},\"sameAs\":[\"https:\\\/\\\/encompaniastj.org\"],\"url\":\"https:\\\/\\\/encompaniastj.org\\\/pt-pt\\\/author\\\/sjdigital\\\/\"}]}<\/script>\n<!-- \/ Yoast SEO plugin. -->","yoast_head_json":{"title":"\u201cO que mais vos despertar a amar\u201d - En Compa\u00f1\u00eda STJ","robots":{"index":"index","follow":"follow","max-snippet":"max-snippet:-1","max-image-preview":"max-image-preview:large","max-video-preview":"max-video-preview:-1"},"canonical":"https:\/\/encompaniastj.org\/pt-pt\/o-que-mais-vos-despertar-a-amar\/","og_locale":"pt_PT","og_type":"article","og_title":"\u201cO que mais vos despertar a amar\u201d - En Compa\u00f1\u00eda STJ","og_description":"Teresa de Jesus falava disto, nas quartas Moradas do Castelo Interior, quando a pessoa come\u00e7a a dar-se conta de que entra noutro momento da vida, no qual \u00e9 capaz de [&hellip;]","og_url":"https:\/\/encompaniastj.org\/pt-pt\/o-que-mais-vos-despertar-a-amar\/","og_site_name":"En Compa\u00f1\u00eda STJ","article_published_time":"2020-03-24T13:15:46+00:00","article_modified_time":"2025-07-07T14:21:22+00:00","og_image":[{"width":1920,"height":1277,"url":"https:\/\/encompaniastj.org\/wp-content\/uploads\/2025\/05\/mar.jpg","type":"image\/jpeg"}],"author":"admin","twitter_card":"summary_large_image","twitter_misc":{"Escrito por":"admin","Tempo estimado de leitura":"3 minutos"},"schema":{"@context":"https:\/\/schema.org","@graph":[{"@type":"Article","@id":"https:\/\/encompaniastj.org\/pt-pt\/o-que-mais-vos-despertar-a-amar\/#article","isPartOf":{"@id":"https:\/\/encompaniastj.org\/pt-pt\/o-que-mais-vos-despertar-a-amar\/"},"author":{"name":"admin","@id":"https:\/\/encompaniastj.org\/pt-pt\/#\/schema\/person\/520e7ecc314793d40091993c2a02b651"},"headline":"\u201cO que mais vos despertar a amar\u201d","datePublished":"2020-03-24T13:15:46+00:00","dateModified":"2025-07-07T14:21:22+00:00","mainEntityOfPage":{"@id":"https:\/\/encompaniastj.org\/pt-pt\/o-que-mais-vos-despertar-a-amar\/"},"wordCount":567,"commentCount":0,"publisher":{"@id":"https:\/\/encompaniastj.org\/pt-pt\/#organization"},"image":{"@id":"https:\/\/encompaniastj.org\/pt-pt\/o-que-mais-vos-despertar-a-amar\/#primaryimage"},"thumbnailUrl":"https:\/\/encompaniastj.org\/wp-content\/uploads\/2025\/05\/mar.jpg","articleSection":["Palabras"],"inLanguage":"pt-PT","potentialAction":[{"@type":"CommentAction","name":"Comment","target":["https:\/\/encompaniastj.org\/pt-pt\/o-que-mais-vos-despertar-a-amar\/#respond"]}]},{"@type":"WebPage","@id":"https:\/\/encompaniastj.org\/pt-pt\/o-que-mais-vos-despertar-a-amar\/","url":"https:\/\/encompaniastj.org\/pt-pt\/o-que-mais-vos-despertar-a-amar\/","name":"\u201cO que mais vos despertar a amar\u201d - En Compa\u00f1\u00eda STJ","isPartOf":{"@id":"https:\/\/encompaniastj.org\/pt-pt\/#website"},"primaryImageOfPage":{"@id":"https:\/\/encompaniastj.org\/pt-pt\/o-que-mais-vos-despertar-a-amar\/#primaryimage"},"image":{"@id":"https:\/\/encompaniastj.org\/pt-pt\/o-que-mais-vos-despertar-a-amar\/#primaryimage"},"thumbnailUrl":"https:\/\/encompaniastj.org\/wp-content\/uploads\/2025\/05\/mar.jpg","datePublished":"2020-03-24T13:15:46+00:00","dateModified":"2025-07-07T14:21:22+00:00","breadcrumb":{"@id":"https:\/\/encompaniastj.org\/pt-pt\/o-que-mais-vos-despertar-a-amar\/#breadcrumb"},"inLanguage":"pt-PT","potentialAction":[{"@type":"ReadAction","target":["https:\/\/encompaniastj.org\/pt-pt\/o-que-mais-vos-despertar-a-amar\/"]}]},{"@type":"ImageObject","inLanguage":"pt-PT","@id":"https:\/\/encompaniastj.org\/pt-pt\/o-que-mais-vos-despertar-a-amar\/#primaryimage","url":"https:\/\/encompaniastj.org\/wp-content\/uploads\/2025\/05\/mar.jpg","contentUrl":"https:\/\/encompaniastj.org\/wp-content\/uploads\/2025\/05\/mar.jpg","width":1920,"height":1277},{"@type":"BreadcrumbList","@id":"https:\/\/encompaniastj.org\/pt-pt\/o-que-mais-vos-despertar-a-amar\/#breadcrumb","itemListElement":[{"@type":"ListItem","position":1,"name":"Portada","item":"https:\/\/encompaniastj.org\/pt-pt\/"},{"@type":"ListItem","position":2,"name":"\u201cO que mais vos despertar a amar\u201d"}]},{"@type":"WebSite","@id":"https:\/\/encompaniastj.org\/pt-pt\/#website","url":"https:\/\/encompaniastj.org\/pt-pt\/","name":"En Compa\u00f1\u00eda STJ","description":"Bolet\u00edn de la Compa\u00f1\u00eda de Santa Teresa de Jes\u00fas","publisher":{"@id":"https:\/\/encompaniastj.org\/pt-pt\/#organization"},"potentialAction":[{"@type":"SearchAction","target":{"@type":"EntryPoint","urlTemplate":"https:\/\/encompaniastj.org\/pt-pt\/?s={search_term_string}"},"query-input":{"@type":"PropertyValueSpecification","valueRequired":true,"valueName":"search_term_string"}}],"inLanguage":"pt-PT"},{"@type":"Organization","@id":"https:\/\/encompaniastj.org\/pt-pt\/#organization","name":"Compa\u00f1\u00eda de Santa Teresa de Jes\u00fas","url":"https:\/\/encompaniastj.org\/pt-pt\/","logo":{"@type":"ImageObject","inLanguage":"pt-PT","@id":"https:\/\/encompaniastj.org\/pt-pt\/#\/schema\/logo\/image\/","url":"https:\/\/encompaniastj.org\/wp-content\/uploads\/2025\/04\/logo_provincias02-1-3.png","contentUrl":"https:\/\/encompaniastj.org\/wp-content\/uploads\/2025\/04\/logo_provincias02-1-3.png","width":2368,"height":825,"caption":"Compa\u00f1\u00eda de Santa Teresa de Jes\u00fas"},"image":{"@id":"https:\/\/encompaniastj.org\/pt-pt\/#\/schema\/logo\/image\/"}},{"@type":"Person","@id":"https:\/\/encompaniastj.org\/pt-pt\/#\/schema\/person\/520e7ecc314793d40091993c2a02b651","name":"admin","image":{"@type":"ImageObject","inLanguage":"pt-PT","@id":"https:\/\/secure.gravatar.com\/avatar\/948b492cce32b586ac2db0eaa926ee87024f7afe218d73b397ea5ddfc5f43ea1?s=96&d=mm&r=g","url":"https:\/\/secure.gravatar.com\/avatar\/948b492cce32b586ac2db0eaa926ee87024f7afe218d73b397ea5ddfc5f43ea1?s=96&d=mm&r=g","contentUrl":"https:\/\/secure.gravatar.com\/avatar\/948b492cce32b586ac2db0eaa926ee87024f7afe218d73b397ea5ddfc5f43ea1?s=96&d=mm&r=g","caption":"admin"},"sameAs":["https:\/\/encompaniastj.org"],"url":"https:\/\/encompaniastj.org\/pt-pt\/author\/sjdigital\/"}]}},"_links":{"self":[{"href":"https:\/\/encompaniastj.org\/pt-pt\/wp-json\/wp\/v2\/posts\/10042","targetHints":{"allow":["GET"]}}],"collection":[{"href":"https:\/\/encompaniastj.org\/pt-pt\/wp-json\/wp\/v2\/posts"}],"about":[{"href":"https:\/\/encompaniastj.org\/pt-pt\/wp-json\/wp\/v2\/types\/post"}],"author":[{"embeddable":true,"href":"https:\/\/encompaniastj.org\/pt-pt\/wp-json\/wp\/v2\/users\/1"}],"replies":[{"embeddable":true,"href":"https:\/\/encompaniastj.org\/pt-pt\/wp-json\/wp\/v2\/comments?post=10042"}],"version-history":[{"count":1,"href":"https:\/\/encompaniastj.org\/pt-pt\/wp-json\/wp\/v2\/posts\/10042\/revisions"}],"predecessor-version":[{"id":10043,"href":"https:\/\/encompaniastj.org\/pt-pt\/wp-json\/wp\/v2\/posts\/10042\/revisions\/10043"}],"wp:featuredmedia":[{"embeddable":true,"href":"https:\/\/encompaniastj.org\/pt-pt\/wp-json\/wp\/v2\/media\/7402"}],"wp:attachment":[{"href":"https:\/\/encompaniastj.org\/pt-pt\/wp-json\/wp\/v2\/media?parent=10042"}],"wp:term":[{"taxonomy":"category","embeddable":true,"href":"https:\/\/encompaniastj.org\/pt-pt\/wp-json\/wp\/v2\/categories?post=10042"},{"taxonomy":"post_tag","embeddable":true,"href":"https:\/\/encompaniastj.org\/pt-pt\/wp-json\/wp\/v2\/tags?post=10042"}],"curies":[{"name":"wp","href":"https:\/\/api.w.org\/{rel}","templated":true}]}}