{"id":10038,"date":"2020-03-24T11:43:21","date_gmt":"2020-03-24T10:43:21","guid":{"rendered":"https:\/\/encompaniastj.org\/animadores-de-um-novo-modo-de-comunicacao-2\/"},"modified":"2025-07-07T16:21:21","modified_gmt":"2025-07-07T14:21:21","slug":"animadores-de-um-novo-modo-de-comunicacao-2","status":"publish","type":"post","link":"https:\/\/encompaniastj.org\/pt-pt\/animadores-de-um-novo-modo-de-comunicacao-2\/","title":{"rendered":"\u201cAnimadores de um novo modo de comunica\u00e7\u00e3o\u201d"},"content":{"rendered":"\n<p>Quando a equipa do CIT escolhemos o lema <em>#conectandohist\u00f3rias <\/em>n\u00e3o pod\u00edamos imaginar que o que foi uma intui\u00e7\u00e3o, se ia converter numa realidade. Porque se agora pensamos nos \u201canimadores\u201d, n\u00e3o pensamos em pessoas isoladas, mas nos 51 participantes, e em cada um dos conferencistas com quem vivemos e partilh\u00e1mos durante estes dias.<\/p>\n\n\n\n<p>A cr\u00f3nica do que foi o CIT est\u00e1 <strong><a href=\"http:\/\/www.stjteresianas.org\/\">na p\u00e1gina web da Companhia,<\/a><\/strong> mas h\u00e1 outras cr\u00f3nicas que v\u00e3o voando para os diversos lugares donde proced\u00edamos ou ficaram em Roma.<\/p>\n\n\n\n<p>Tivemos que acabar antes do previsto porque o coronav\u00edrus cercou-nos a cidade, a preciosa Roma que muitos nem pudemos visitar, mas parecia que enquanto o temor se tornava mais forte, n\u00f3s t\u00ednhamos o privilegio de nos encontrarmos, uma e outra vez, com a raiz do que foi o CIT: temos uma grande not\u00edcia que contar e n\u00e3o a podemos calar.<\/p>\n\n\n\n<p>N\u00e3o a podemos calar agora, que o mundo geme, ou pelo menos geme t\u00e3o perto, e o seu pranto nos oprime; n\u00e3o a podemos calar porque sem querer ela nos escapa, porque a nossa Boa Not\u00edcia chama-se Deus encarnado, Evangelho, Boa Not\u00edcia que \u00e9 esperan\u00e7a e ressurrei\u00e7\u00e3o.<\/p>\n\n\n\n<p>Sim, aprendemos conceitos e conte\u00fados, pass\u00e1mos um bom tempo nos ateliers e com os companheiros que ensinavam aos que sab\u00edamos menos, descobrimos que todos sem poder sair da nossa casa, nos convert\u00edamos em pr\u00f3ximos de um tempo estranhamente diferente, aprendemos que a riqueza de  partilhar com outras congrega\u00e7\u00f5es nos enriquece e faz mais igreja, e que a presen\u00e7a dos leigos e leigas \u00e9 ar fresco que nos ajuda a aproveitar o melhor de todos, e eles, no-lo agradecem.<\/p>\n\n\n\n<p>Tanto que contar\u2026!, mas talvez o mais importante,  \u00e9 que descobrimos que a comunica\u00e7\u00e3o \u00e9 miss\u00e3o, porque atrav\u00e9s dela, podemos oferecer a GRANDE NOT\u00cdCIA DO NOSSO DEUS, na nossa terra. <\/p>\n\n\n\n<p>Nestes dias em que parece que o mal se torna dono de tudo, recordamos as palavras do Papa Francisco e vo-las oferecemos como uma \u201ctarefa\u201d a realizar neste tempo: \u201ccada um de n\u00f3s conhece diferentes hist\u00f3rias que cheiram a Evangelho, que &nbsp;deram testemunho do Amor que transforma a vida. Estas hist\u00f3rias requerem que se partilhem, se contem e se fa\u00e7am viver em todas as \u00e9pocas, com todas as linguagens, e por todos os meios\u201d.<a href=\"#_ftn1\" name=\"_ftnref1\">[1]<\/a>\n\n&nbsp;<\/p>\n\n\n\n<p>Oxal\u00e1 saibamos valorizar essas hist\u00f3rias que cheiram a Evangelho e que estes dias nos surpreendem, e que, ao partilh\u00e1-las em comunidade, com as nossas fam\u00edlias, atrav\u00e9s das redes sociais, ou na ora\u00e7\u00e3o, tornemos Deus vis\u00edvel. H\u00e1 muitas pessoas que o esperam e necessitam, hoje mais que nunca. Comunicar em crist\u00e3o \u00e9 e ser\u00e1 sempre ANUNCIAR, n\u00e3o importa que os meios mudem, o essencial, n\u00e3o mudar\u00e1. <\/p>\n\n\n\n<p>Por tudo o que foi partilhado, OBRIGADA, do cora\u00e7\u00e3o. &nbsp;&nbsp;&nbsp;&nbsp;&nbsp;&nbsp;&nbsp;&nbsp;&nbsp;&nbsp;&nbsp;&nbsp;&nbsp;&nbsp;&nbsp;&nbsp;&nbsp;&nbsp;&nbsp;&nbsp;&nbsp;&nbsp;&nbsp;&nbsp;&nbsp;&nbsp;&nbsp;&nbsp;&nbsp;&nbsp;&nbsp;&nbsp;&nbsp;&nbsp;&nbsp;&nbsp;&nbsp;&nbsp;&nbsp;&nbsp;&nbsp; &nbsp;&nbsp;&nbsp;&nbsp;&nbsp;&nbsp;&nbsp;&nbsp;&nbsp;&nbsp;&nbsp;&nbsp;&nbsp;&nbsp;&nbsp;&nbsp;&nbsp;&nbsp;&nbsp;&nbsp;&nbsp;&nbsp;&nbsp;&nbsp;&nbsp;&nbsp;&nbsp;&nbsp;&nbsp;&nbsp;&nbsp;&nbsp;&nbsp;&nbsp;&nbsp;&nbsp;&nbsp;&nbsp;&nbsp;&nbsp;&nbsp;&nbsp;&nbsp;&nbsp;&nbsp;&nbsp;&nbsp;&nbsp;&nbsp;&nbsp;&nbsp;&nbsp;&nbsp;&nbsp;&nbsp;&nbsp; Gema Mero\u00f1o, stj<\/p>\n\n\n\n<hr class=\"wp-block-separator\"\/>\n\n\n\n<p><a href=\"#_ftnref1\" name=\"_ftn1\">[1]<\/a> (Mensagem para o 54.\u00ba Dia das Comunica\u00e7\u00f5es Sociais)<\/p>\n\n\n\n<figure class=\"wp-block-image\"><a href=\"https:\/\/encompaniastj.org\/wp-content\/uploads\/2025\/05\/CIT-.jpg\"><img decoding=\"async\" src=\"https:\/\/encompaniastj.org\/wp-content\/uploads\/2025\/05\/CIT-.jpg\" alt=\"\" class=\"wp-image-6245\"\/><\/a><\/figure>\n","protected":false},"excerpt":{"rendered":"<p>Quando a equipa do CIT escolhemos o lema #conectandohist\u00f3rias n\u00e3o pod\u00edamos imaginar que o que foi uma intui\u00e7\u00e3o, se ia converter numa realidade. Porque se agora pensamos nos \u201canimadores\u201d, n\u00e3o [&hellip;]<\/p>\n","protected":false},"author":1,"featured_media":7150,"comment_status":"open","ping_status":"open","sticky":false,"template":"","format":"standard","meta":{"_acf_changed":false,"footnotes":""},"categories":[61,62,68,82],"tags":[],"class_list":["post-10038","post","type-post","status-publish","format-standard","has-post-thumbnail","hentry","category-noticias","category-otras","category-outras","category-sin-categorizar"],"acf":[],"yoast_head":"<!-- This site is optimized with the Yoast SEO plugin v27.5 - https:\/\/yoast.com\/product\/yoast-seo-wordpress\/ -->\n<title>\u201cAnimadores de um novo modo de comunica\u00e7\u00e3o\u201d - En Compa\u00f1\u00eda STJ<\/title>\n<meta name=\"robots\" content=\"index, follow, max-snippet:-1, max-image-preview:large, max-video-preview:-1\" \/>\n<link rel=\"canonical\" href=\"https:\/\/encompaniastj.org\/pt-pt\/animadores-de-um-novo-modo-de-comunicacao-2\/\" \/>\n<meta property=\"og:locale\" content=\"pt_PT\" \/>\n<meta property=\"og:type\" content=\"article\" \/>\n<meta property=\"og:title\" content=\"\u201cAnimadores de um novo modo de comunica\u00e7\u00e3o\u201d - En Compa\u00f1\u00eda STJ\" \/>\n<meta property=\"og:description\" content=\"Quando a equipa do CIT escolhemos o lema #conectandohist\u00f3rias n\u00e3o pod\u00edamos imaginar que o que foi uma intui\u00e7\u00e3o, se ia converter numa realidade. Porque se agora pensamos nos \u201canimadores\u201d, n\u00e3o [&hellip;]\" \/>\n<meta property=\"og:url\" content=\"https:\/\/encompaniastj.org\/pt-pt\/animadores-de-um-novo-modo-de-comunicacao-2\/\" \/>\n<meta property=\"og:site_name\" content=\"En Compa\u00f1\u00eda STJ\" \/>\n<meta property=\"article:published_time\" content=\"2020-03-24T10:43:21+00:00\" \/>\n<meta property=\"article:modified_time\" content=\"2025-07-07T14:21:21+00:00\" \/>\n<meta property=\"og:image\" content=\"https:\/\/encompaniastj.org\/wp-content\/uploads\/2025\/05\/conectandohistorias-02.png\" \/>\n\t<meta property=\"og:image:width\" content=\"766\" \/>\n\t<meta property=\"og:image:height\" content=\"341\" \/>\n\t<meta property=\"og:image:type\" content=\"image\/png\" \/>\n<meta name=\"author\" content=\"admin\" \/>\n<meta name=\"twitter:card\" content=\"summary_large_image\" \/>\n<meta name=\"twitter:label1\" content=\"Escrito por\" \/>\n\t<meta name=\"twitter:data1\" content=\"admin\" \/>\n\t<meta name=\"twitter:label2\" content=\"Tempo estimado de leitura\" \/>\n\t<meta name=\"twitter:data2\" content=\"3 minutos\" \/>\n<script type=\"application\/ld+json\" class=\"yoast-schema-graph\">{\"@context\":\"https:\\\/\\\/schema.org\",\"@graph\":[{\"@type\":\"Article\",\"@id\":\"https:\\\/\\\/encompaniastj.org\\\/pt-pt\\\/animadores-de-um-novo-modo-de-comunicacao-2\\\/#article\",\"isPartOf\":{\"@id\":\"https:\\\/\\\/encompaniastj.org\\\/pt-pt\\\/animadores-de-um-novo-modo-de-comunicacao-2\\\/\"},\"author\":{\"name\":\"admin\",\"@id\":\"https:\\\/\\\/encompaniastj.org\\\/pt-pt\\\/#\\\/schema\\\/person\\\/520e7ecc314793d40091993c2a02b651\"},\"headline\":\"\u201cAnimadores de um novo modo de comunica\u00e7\u00e3o\u201d\",\"datePublished\":\"2020-03-24T10:43:21+00:00\",\"dateModified\":\"2025-07-07T14:21:21+00:00\",\"mainEntityOfPage\":{\"@id\":\"https:\\\/\\\/encompaniastj.org\\\/pt-pt\\\/animadores-de-um-novo-modo-de-comunicacao-2\\\/\"},\"wordCount\":606,\"commentCount\":0,\"publisher\":{\"@id\":\"https:\\\/\\\/encompaniastj.org\\\/pt-pt\\\/#organization\"},\"image\":{\"@id\":\"https:\\\/\\\/encompaniastj.org\\\/pt-pt\\\/animadores-de-um-novo-modo-de-comunicacao-2\\\/#primaryimage\"},\"thumbnailUrl\":\"https:\\\/\\\/encompaniastj.org\\\/wp-content\\\/uploads\\\/2025\\\/05\\\/conectandohistorias-02.png\",\"articleSection\":[\"Noticias\",\"Otras\",\"Outras\",\"Sin categorizar\"],\"inLanguage\":\"pt-PT\",\"potentialAction\":[{\"@type\":\"CommentAction\",\"name\":\"Comment\",\"target\":[\"https:\\\/\\\/encompaniastj.org\\\/pt-pt\\\/animadores-de-um-novo-modo-de-comunicacao-2\\\/#respond\"]}]},{\"@type\":\"WebPage\",\"@id\":\"https:\\\/\\\/encompaniastj.org\\\/pt-pt\\\/animadores-de-um-novo-modo-de-comunicacao-2\\\/\",\"url\":\"https:\\\/\\\/encompaniastj.org\\\/pt-pt\\\/animadores-de-um-novo-modo-de-comunicacao-2\\\/\",\"name\":\"\u201cAnimadores de um novo modo de comunica\u00e7\u00e3o\u201d - En Compa\u00f1\u00eda STJ\",\"isPartOf\":{\"@id\":\"https:\\\/\\\/encompaniastj.org\\\/pt-pt\\\/#website\"},\"primaryImageOfPage\":{\"@id\":\"https:\\\/\\\/encompaniastj.org\\\/pt-pt\\\/animadores-de-um-novo-modo-de-comunicacao-2\\\/#primaryimage\"},\"image\":{\"@id\":\"https:\\\/\\\/encompaniastj.org\\\/pt-pt\\\/animadores-de-um-novo-modo-de-comunicacao-2\\\/#primaryimage\"},\"thumbnailUrl\":\"https:\\\/\\\/encompaniastj.org\\\/wp-content\\\/uploads\\\/2025\\\/05\\\/conectandohistorias-02.png\",\"datePublished\":\"2020-03-24T10:43:21+00:00\",\"dateModified\":\"2025-07-07T14:21:21+00:00\",\"breadcrumb\":{\"@id\":\"https:\\\/\\\/encompaniastj.org\\\/pt-pt\\\/animadores-de-um-novo-modo-de-comunicacao-2\\\/#breadcrumb\"},\"inLanguage\":\"pt-PT\",\"potentialAction\":[{\"@type\":\"ReadAction\",\"target\":[\"https:\\\/\\\/encompaniastj.org\\\/pt-pt\\\/animadores-de-um-novo-modo-de-comunicacao-2\\\/\"]}]},{\"@type\":\"ImageObject\",\"inLanguage\":\"pt-PT\",\"@id\":\"https:\\\/\\\/encompaniastj.org\\\/pt-pt\\\/animadores-de-um-novo-modo-de-comunicacao-2\\\/#primaryimage\",\"url\":\"https:\\\/\\\/encompaniastj.org\\\/wp-content\\\/uploads\\\/2025\\\/05\\\/conectandohistorias-02.png\",\"contentUrl\":\"https:\\\/\\\/encompaniastj.org\\\/wp-content\\\/uploads\\\/2025\\\/05\\\/conectandohistorias-02.png\",\"width\":766,\"height\":341},{\"@type\":\"BreadcrumbList\",\"@id\":\"https:\\\/\\\/encompaniastj.org\\\/pt-pt\\\/animadores-de-um-novo-modo-de-comunicacao-2\\\/#breadcrumb\",\"itemListElement\":[{\"@type\":\"ListItem\",\"position\":1,\"name\":\"Portada\",\"item\":\"https:\\\/\\\/encompaniastj.org\\\/pt-pt\\\/\"},{\"@type\":\"ListItem\",\"position\":2,\"name\":\"\u201cAnimadores de um novo modo de comunica\u00e7\u00e3o\u201d\"}]},{\"@type\":\"WebSite\",\"@id\":\"https:\\\/\\\/encompaniastj.org\\\/pt-pt\\\/#website\",\"url\":\"https:\\\/\\\/encompaniastj.org\\\/pt-pt\\\/\",\"name\":\"En Compa\u00f1\u00eda STJ\",\"description\":\"Bolet\u00edn de la Compa\u00f1\u00eda de Santa Teresa de Jes\u00fas\",\"publisher\":{\"@id\":\"https:\\\/\\\/encompaniastj.org\\\/pt-pt\\\/#organization\"},\"potentialAction\":[{\"@type\":\"SearchAction\",\"target\":{\"@type\":\"EntryPoint\",\"urlTemplate\":\"https:\\\/\\\/encompaniastj.org\\\/pt-pt\\\/?s={search_term_string}\"},\"query-input\":{\"@type\":\"PropertyValueSpecification\",\"valueRequired\":true,\"valueName\":\"search_term_string\"}}],\"inLanguage\":\"pt-PT\"},{\"@type\":\"Organization\",\"@id\":\"https:\\\/\\\/encompaniastj.org\\\/pt-pt\\\/#organization\",\"name\":\"Compa\u00f1\u00eda de Santa Teresa de Jes\u00fas\",\"url\":\"https:\\\/\\\/encompaniastj.org\\\/pt-pt\\\/\",\"logo\":{\"@type\":\"ImageObject\",\"inLanguage\":\"pt-PT\",\"@id\":\"https:\\\/\\\/encompaniastj.org\\\/pt-pt\\\/#\\\/schema\\\/logo\\\/image\\\/\",\"url\":\"https:\\\/\\\/encompaniastj.org\\\/wp-content\\\/uploads\\\/2025\\\/04\\\/logo_provincias02-1-3.png\",\"contentUrl\":\"https:\\\/\\\/encompaniastj.org\\\/wp-content\\\/uploads\\\/2025\\\/04\\\/logo_provincias02-1-3.png\",\"width\":2368,\"height\":825,\"caption\":\"Compa\u00f1\u00eda de Santa Teresa de Jes\u00fas\"},\"image\":{\"@id\":\"https:\\\/\\\/encompaniastj.org\\\/pt-pt\\\/#\\\/schema\\\/logo\\\/image\\\/\"}},{\"@type\":\"Person\",\"@id\":\"https:\\\/\\\/encompaniastj.org\\\/pt-pt\\\/#\\\/schema\\\/person\\\/520e7ecc314793d40091993c2a02b651\",\"name\":\"admin\",\"image\":{\"@type\":\"ImageObject\",\"inLanguage\":\"pt-PT\",\"@id\":\"https:\\\/\\\/secure.gravatar.com\\\/avatar\\\/948b492cce32b586ac2db0eaa926ee87024f7afe218d73b397ea5ddfc5f43ea1?s=96&d=mm&r=g\",\"url\":\"https:\\\/\\\/secure.gravatar.com\\\/avatar\\\/948b492cce32b586ac2db0eaa926ee87024f7afe218d73b397ea5ddfc5f43ea1?s=96&d=mm&r=g\",\"contentUrl\":\"https:\\\/\\\/secure.gravatar.com\\\/avatar\\\/948b492cce32b586ac2db0eaa926ee87024f7afe218d73b397ea5ddfc5f43ea1?s=96&d=mm&r=g\",\"caption\":\"admin\"},\"sameAs\":[\"https:\\\/\\\/encompaniastj.org\"],\"url\":\"https:\\\/\\\/encompaniastj.org\\\/pt-pt\\\/author\\\/sjdigital\\\/\"}]}<\/script>\n<!-- \/ Yoast SEO plugin. -->","yoast_head_json":{"title":"\u201cAnimadores de um novo modo de comunica\u00e7\u00e3o\u201d - En Compa\u00f1\u00eda STJ","robots":{"index":"index","follow":"follow","max-snippet":"max-snippet:-1","max-image-preview":"max-image-preview:large","max-video-preview":"max-video-preview:-1"},"canonical":"https:\/\/encompaniastj.org\/pt-pt\/animadores-de-um-novo-modo-de-comunicacao-2\/","og_locale":"pt_PT","og_type":"article","og_title":"\u201cAnimadores de um novo modo de comunica\u00e7\u00e3o\u201d - En Compa\u00f1\u00eda STJ","og_description":"Quando a equipa do CIT escolhemos o lema #conectandohist\u00f3rias n\u00e3o pod\u00edamos imaginar que o que foi uma intui\u00e7\u00e3o, se ia converter numa realidade. Porque se agora pensamos nos \u201canimadores\u201d, n\u00e3o [&hellip;]","og_url":"https:\/\/encompaniastj.org\/pt-pt\/animadores-de-um-novo-modo-de-comunicacao-2\/","og_site_name":"En Compa\u00f1\u00eda STJ","article_published_time":"2020-03-24T10:43:21+00:00","article_modified_time":"2025-07-07T14:21:21+00:00","og_image":[{"width":766,"height":341,"url":"https:\/\/encompaniastj.org\/wp-content\/uploads\/2025\/05\/conectandohistorias-02.png","type":"image\/png"}],"author":"admin","twitter_card":"summary_large_image","twitter_misc":{"Escrito por":"admin","Tempo estimado de leitura":"3 minutos"},"schema":{"@context":"https:\/\/schema.org","@graph":[{"@type":"Article","@id":"https:\/\/encompaniastj.org\/pt-pt\/animadores-de-um-novo-modo-de-comunicacao-2\/#article","isPartOf":{"@id":"https:\/\/encompaniastj.org\/pt-pt\/animadores-de-um-novo-modo-de-comunicacao-2\/"},"author":{"name":"admin","@id":"https:\/\/encompaniastj.org\/pt-pt\/#\/schema\/person\/520e7ecc314793d40091993c2a02b651"},"headline":"\u201cAnimadores de um novo modo de comunica\u00e7\u00e3o\u201d","datePublished":"2020-03-24T10:43:21+00:00","dateModified":"2025-07-07T14:21:21+00:00","mainEntityOfPage":{"@id":"https:\/\/encompaniastj.org\/pt-pt\/animadores-de-um-novo-modo-de-comunicacao-2\/"},"wordCount":606,"commentCount":0,"publisher":{"@id":"https:\/\/encompaniastj.org\/pt-pt\/#organization"},"image":{"@id":"https:\/\/encompaniastj.org\/pt-pt\/animadores-de-um-novo-modo-de-comunicacao-2\/#primaryimage"},"thumbnailUrl":"https:\/\/encompaniastj.org\/wp-content\/uploads\/2025\/05\/conectandohistorias-02.png","articleSection":["Noticias","Otras","Outras","Sin categorizar"],"inLanguage":"pt-PT","potentialAction":[{"@type":"CommentAction","name":"Comment","target":["https:\/\/encompaniastj.org\/pt-pt\/animadores-de-um-novo-modo-de-comunicacao-2\/#respond"]}]},{"@type":"WebPage","@id":"https:\/\/encompaniastj.org\/pt-pt\/animadores-de-um-novo-modo-de-comunicacao-2\/","url":"https:\/\/encompaniastj.org\/pt-pt\/animadores-de-um-novo-modo-de-comunicacao-2\/","name":"\u201cAnimadores de um novo modo de comunica\u00e7\u00e3o\u201d - En Compa\u00f1\u00eda STJ","isPartOf":{"@id":"https:\/\/encompaniastj.org\/pt-pt\/#website"},"primaryImageOfPage":{"@id":"https:\/\/encompaniastj.org\/pt-pt\/animadores-de-um-novo-modo-de-comunicacao-2\/#primaryimage"},"image":{"@id":"https:\/\/encompaniastj.org\/pt-pt\/animadores-de-um-novo-modo-de-comunicacao-2\/#primaryimage"},"thumbnailUrl":"https:\/\/encompaniastj.org\/wp-content\/uploads\/2025\/05\/conectandohistorias-02.png","datePublished":"2020-03-24T10:43:21+00:00","dateModified":"2025-07-07T14:21:21+00:00","breadcrumb":{"@id":"https:\/\/encompaniastj.org\/pt-pt\/animadores-de-um-novo-modo-de-comunicacao-2\/#breadcrumb"},"inLanguage":"pt-PT","potentialAction":[{"@type":"ReadAction","target":["https:\/\/encompaniastj.org\/pt-pt\/animadores-de-um-novo-modo-de-comunicacao-2\/"]}]},{"@type":"ImageObject","inLanguage":"pt-PT","@id":"https:\/\/encompaniastj.org\/pt-pt\/animadores-de-um-novo-modo-de-comunicacao-2\/#primaryimage","url":"https:\/\/encompaniastj.org\/wp-content\/uploads\/2025\/05\/conectandohistorias-02.png","contentUrl":"https:\/\/encompaniastj.org\/wp-content\/uploads\/2025\/05\/conectandohistorias-02.png","width":766,"height":341},{"@type":"BreadcrumbList","@id":"https:\/\/encompaniastj.org\/pt-pt\/animadores-de-um-novo-modo-de-comunicacao-2\/#breadcrumb","itemListElement":[{"@type":"ListItem","position":1,"name":"Portada","item":"https:\/\/encompaniastj.org\/pt-pt\/"},{"@type":"ListItem","position":2,"name":"\u201cAnimadores de um novo modo de comunica\u00e7\u00e3o\u201d"}]},{"@type":"WebSite","@id":"https:\/\/encompaniastj.org\/pt-pt\/#website","url":"https:\/\/encompaniastj.org\/pt-pt\/","name":"En Compa\u00f1\u00eda STJ","description":"Bolet\u00edn de la Compa\u00f1\u00eda de Santa Teresa de Jes\u00fas","publisher":{"@id":"https:\/\/encompaniastj.org\/pt-pt\/#organization"},"potentialAction":[{"@type":"SearchAction","target":{"@type":"EntryPoint","urlTemplate":"https:\/\/encompaniastj.org\/pt-pt\/?s={search_term_string}"},"query-input":{"@type":"PropertyValueSpecification","valueRequired":true,"valueName":"search_term_string"}}],"inLanguage":"pt-PT"},{"@type":"Organization","@id":"https:\/\/encompaniastj.org\/pt-pt\/#organization","name":"Compa\u00f1\u00eda de Santa Teresa de Jes\u00fas","url":"https:\/\/encompaniastj.org\/pt-pt\/","logo":{"@type":"ImageObject","inLanguage":"pt-PT","@id":"https:\/\/encompaniastj.org\/pt-pt\/#\/schema\/logo\/image\/","url":"https:\/\/encompaniastj.org\/wp-content\/uploads\/2025\/04\/logo_provincias02-1-3.png","contentUrl":"https:\/\/encompaniastj.org\/wp-content\/uploads\/2025\/04\/logo_provincias02-1-3.png","width":2368,"height":825,"caption":"Compa\u00f1\u00eda de Santa Teresa de Jes\u00fas"},"image":{"@id":"https:\/\/encompaniastj.org\/pt-pt\/#\/schema\/logo\/image\/"}},{"@type":"Person","@id":"https:\/\/encompaniastj.org\/pt-pt\/#\/schema\/person\/520e7ecc314793d40091993c2a02b651","name":"admin","image":{"@type":"ImageObject","inLanguage":"pt-PT","@id":"https:\/\/secure.gravatar.com\/avatar\/948b492cce32b586ac2db0eaa926ee87024f7afe218d73b397ea5ddfc5f43ea1?s=96&d=mm&r=g","url":"https:\/\/secure.gravatar.com\/avatar\/948b492cce32b586ac2db0eaa926ee87024f7afe218d73b397ea5ddfc5f43ea1?s=96&d=mm&r=g","contentUrl":"https:\/\/secure.gravatar.com\/avatar\/948b492cce32b586ac2db0eaa926ee87024f7afe218d73b397ea5ddfc5f43ea1?s=96&d=mm&r=g","caption":"admin"},"sameAs":["https:\/\/encompaniastj.org"],"url":"https:\/\/encompaniastj.org\/pt-pt\/author\/sjdigital\/"}]}},"_links":{"self":[{"href":"https:\/\/encompaniastj.org\/pt-pt\/wp-json\/wp\/v2\/posts\/10038","targetHints":{"allow":["GET"]}}],"collection":[{"href":"https:\/\/encompaniastj.org\/pt-pt\/wp-json\/wp\/v2\/posts"}],"about":[{"href":"https:\/\/encompaniastj.org\/pt-pt\/wp-json\/wp\/v2\/types\/post"}],"author":[{"embeddable":true,"href":"https:\/\/encompaniastj.org\/pt-pt\/wp-json\/wp\/v2\/users\/1"}],"replies":[{"embeddable":true,"href":"https:\/\/encompaniastj.org\/pt-pt\/wp-json\/wp\/v2\/comments?post=10038"}],"version-history":[{"count":1,"href":"https:\/\/encompaniastj.org\/pt-pt\/wp-json\/wp\/v2\/posts\/10038\/revisions"}],"predecessor-version":[{"id":10039,"href":"https:\/\/encompaniastj.org\/pt-pt\/wp-json\/wp\/v2\/posts\/10038\/revisions\/10039"}],"wp:featuredmedia":[{"embeddable":true,"href":"https:\/\/encompaniastj.org\/pt-pt\/wp-json\/wp\/v2\/media\/7150"}],"wp:attachment":[{"href":"https:\/\/encompaniastj.org\/pt-pt\/wp-json\/wp\/v2\/media?parent=10038"}],"wp:term":[{"taxonomy":"category","embeddable":true,"href":"https:\/\/encompaniastj.org\/pt-pt\/wp-json\/wp\/v2\/categories?post=10038"},{"taxonomy":"post_tag","embeddable":true,"href":"https:\/\/encompaniastj.org\/pt-pt\/wp-json\/wp\/v2\/tags?post=10038"}],"curies":[{"name":"wp","href":"https:\/\/api.w.org\/{rel}","templated":true}]}}