{"id":10032,"date":"2020-03-23T09:14:17","date_gmt":"2020-03-23T08:14:17","guid":{"rendered":"https:\/\/encompaniastj.org\/col%c2%b7egi-teresia-tortosa-fet-2\/"},"modified":"2025-07-07T16:21:18","modified_gmt":"2025-07-07T14:21:18","slug":"col%c2%b7egi-teresia-tortosa-fet-2","status":"publish","type":"post","link":"https:\/\/encompaniastj.org\/pt-pt\/col%c2%b7egi-teresia-tortosa-fet-2\/","title":{"rendered":"Col\u00b7egi Teresi\u00e0 - Tortosa (FET)"},"content":{"rendered":"\n<p>Falar de Tortosa e de Enrique de Oss\u00f3 \u00e9 falar das nossas ra\u00edzes, do ber\u00e7o do teresianismo.<\/p>\n\n<p>O collegi Teresi\u00e0 est\u00e1 presente  na nossa cidade desde 1895 e no atual edif\u00edcio desde o ano 1929-30. Est\u00e1 situado diante do parque municipal e num bairro de fam\u00edlias jovens.<\/p>\n\n<p>Somos um col\u00e9gio de uma linha, muito familiar e com uma oferta educativa que vai desde os 0 anos a 4\u00ba de ESO. Uma das carater\u00edsticas de identidade que nos caracteriza e que define a nossa miss\u00e3o \u00e9 o trato pr\u00f3ximo com as fam\u00edlias e a a\u00e7\u00e3o de dire\u00e7\u00e3o de turma que focaliza a aten\u00e7\u00e3o na pessoa.<\/p>\n\n<p>No ano escolar 2011-12, incorpor\u00e1mo-nos na Funda\u00e7\u00e3o Escola Teresiana. Este facto colocou-nos grandes desafios motivou a mudan\u00e7a pedag\u00f3gico-pastoral e encheu-nos de ilus\u00e3o como parte de um projeto renovado e de uma miss\u00e3o partilhada, tendo como referentes a Santo Henrique e Santa Teresa.<\/p>\n\n<p>O nosso col\u00e9gio \u00e9 uma mistura preciosa de tradi\u00e7\u00e3o e de futuro. A tradi\u00e7\u00e3o dos nossos referentes carism\u00e1ticos, Henrique e Teresa, e da educa\u00e7\u00e3o para o futuro baseada na f\u00e9 crist\u00e3 que gera novas formas para manter a ess\u00eancia do que nos identifica como teresianos: O Quarto de Hora de ora\u00e7\u00e3o e a educa\u00e7\u00e3o para a transcend\u00eancia.<\/p>\n\n<p>Somos uma escola aberta ao mundo e comprometida, que acompanha processos formativos, que acolhe a riqueza da diversidade dos nossos alunos e que procura formar transformadores sociais.<\/p>\n\n<p>A nossa mudan\u00e7a metodol\u00f3gica tem como refer\u00eancia o Projeto Educativo Institucional. Incorpor\u00e1mos novas pr\u00e1ticas como o trabalho por projetos, APS, DFC, o trabalho cooperativo e o tratamento integral das l\u00ednguas na Prim\u00e1ria e Secund\u00e1rio.<\/p>\n\n<p>Tamb\u00e9m somos centro de refer\u00eancia na zona, pela incorpora\u00e7\u00e3o da rob\u00f3tica educativa \u00e0 nossa oferta de atividades complementares. A implementa\u00e7\u00e3o foi gradual e neste momento \u00e9 ensinada do 4\u00ba da Prim\u00e1ria ao 4\u00ba do ESO. <\/p>\n\n<p>Apost\u00e1mos por fomentar o ensino de l\u00ednguas. Somos centro examinador de Cambridge, participamos em interc\u00e2mbios e projetos com outros pa\u00edses, oferecemos o Bacharelato Dual americano e temos professores nativos como auxiliares de conversa\u00e7\u00e3o da l\u00edngua inglesa no ESO. Em 1\u00ba e 2\u00ba de Prim\u00e1ria d\u00e1-se a disciplina de atividades pl\u00e1sticas em ingl\u00eas. Tamb\u00e9m aument\u00e1mos a oferta de l\u00ednguas nas atividades extraescolares.<\/p>\n\n<p>Uma das nossas fortalezas \u00e9 a aten\u00e7\u00e3o \u00e0 diversidade. Temos o reconhecimento do Departamento de Educa\u00e7\u00e3o e, desde h\u00e1 dois anos escolares, contamos com uma aula SIEI (Suporte Intensivo para a Escolariza\u00e7\u00e3o Inclusiva).<\/p>\n\n<p>A nossa verdadeira riqueza \u00e9 o nosso capital humano. Pessoas identificadas com o nosso projeto, entusiasmadas e com vontade de melhorar. Une-nos o carisma teresiano e o compromisso da miss\u00e3o partilhada. <\/p>\n\n<ul class=\"wp-block-gallery columns-3 is-cropped wp-block-gallery-1 is-layout-flex wp-block-gallery-is-layout-flex\">\n<li class=\"blocks-gallery-item\"><figure><a href=\"https:\/\/encompaniastj.org\/wp-content\/uploads\/2025\/05\/r-ESO-4.jpg\"><img decoding=\"async\" src=\"https:\/\/encompaniastj.org\/wp-content\/uploads\/2025\/05\/r-ESO-4.jpg\" alt=\"\" data-id=\"6189\" data-link=\"https:\/\/encompaniastj.org\/?attachment_id=6189\" class=\"wp-image-6189\"><\/a><\/figure><\/li>\n<li class=\"blocks-gallery-item\"><figure><a href=\"https:\/\/encompaniastj.org\/wp-content\/uploads\/2025\/05\/r-INFANTIL-3.jpg\"><img decoding=\"async\" src=\"https:\/\/encompaniastj.org\/wp-content\/uploads\/2025\/05\/r-INFANTIL-3.jpg\" alt=\"\" data-id=\"6191\" data-link=\"https:\/\/encompaniastj.org\/?attachment_id=6191\" class=\"wp-image-6191\"><\/a><\/figure><\/li>\n<li class=\"blocks-gallery-item\"><figure><a href=\"https:\/\/encompaniastj.org\/wp-content\/uploads\/2025\/05\/r-INFANTIL-4.jpg\"><img decoding=\"async\" src=\"https:\/\/encompaniastj.org\/wp-content\/uploads\/2025\/05\/r-INFANTIL-4.jpg\" alt=\"\" data-id=\"6193\" data-link=\"https:\/\/encompaniastj.org\/?attachment_id=6193\" class=\"wp-image-6193\"><\/a><\/figure><\/li>\n<li class=\"blocks-gallery-item\"><figure><a href=\"https:\/\/encompaniastj.org\/wp-content\/uploads\/2025\/05\/r-LLAR-3.jpg\"><img decoding=\"async\" src=\"https:\/\/encompaniastj.org\/wp-content\/uploads\/2025\/05\/r-LLAR-3.jpg\" alt=\"\" data-id=\"6195\" data-link=\"https:\/\/encompaniastj.org\/?attachment_id=6195\" class=\"wp-image-6195\"><\/a><\/figure><\/li>\n<li class=\"blocks-gallery-item\"><figure><a href=\"https:\/\/encompaniastj.org\/wp-content\/uploads\/2025\/05\/r-MIRAR-TE-2.jpg\"><img decoding=\"async\" src=\"https:\/\/encompaniastj.org\/wp-content\/uploads\/2025\/05\/r-MIRAR-TE-2.jpg\" alt=\"\" data-id=\"6197\" data-link=\"https:\/\/encompaniastj.org\/?attachment_id=6197\" class=\"wp-image-6197\"><\/a><\/figure><\/li>\n<li class=\"blocks-gallery-item\"><figure><a href=\"https:\/\/encompaniastj.org\/wp-content\/uploads\/2025\/05\/r-MITJA-2.jpg\"><img decoding=\"async\" src=\"https:\/\/encompaniastj.org\/wp-content\/uploads\/2025\/05\/r-MITJA-2.jpg\" alt=\"\" data-id=\"6199\" data-link=\"https:\/\/encompaniastj.org\/?attachment_id=6199\" class=\"wp-image-6199\"><\/a><\/figure><\/li>\n<li class=\"blocks-gallery-item\"><figure><a href=\"https:\/\/encompaniastj.org\/wp-content\/uploads\/2025\/05\/r-SUPERIOR-2.jpg\"><img decoding=\"async\" src=\"https:\/\/encompaniastj.org\/wp-content\/uploads\/2025\/05\/r-SUPERIOR-2.jpg\" alt=\"\" data-id=\"6201\" data-link=\"https:\/\/encompaniastj.org\/?attachment_id=6201\" class=\"wp-image-6201\"><\/a><\/figure><\/li>\n<\/ul>","protected":false},"excerpt":{"rendered":"<p>Falar de Tortosa e de Enrique de Oss\u00f3 \u00e9 falar das nossas ra\u00edzes, do ber\u00e7o do teresianismo. O collegi Teresi\u00e0 est\u00e1 presente na nossa cidade desde 1895 e no atual [&hellip;]<\/p>\n","protected":false},"author":1,"featured_media":7387,"comment_status":"open","ping_status":"open","sticky":false,"template":"","format":"standard","meta":{"_acf_changed":false,"footnotes":""},"categories":[66,59,70,60],"tags":[],"class_list":["post-10032","post","type-post","status-publish","format-standard","has-post-thumbnail","hentry","category-conhecemo-nos","category-nos-conocemos","category-projetos","category-proyectos"],"acf":[],"yoast_head":"<!-- This site is optimized with the Yoast SEO plugin v27.5 - https:\/\/yoast.com\/product\/yoast-seo-wordpress\/ -->\n<title>Col\u00b7egi Teresi\u00e0 - Tortosa (FET) - En Compa\u00f1\u00eda STJ<\/title>\n<meta name=\"robots\" content=\"index, follow, max-snippet:-1, max-image-preview:large, max-video-preview:-1\" \/>\n<link rel=\"canonical\" href=\"https:\/\/encompaniastj.org\/pt-pt\/col%c2%b7egi-teresia-tortosa-fet-2\/\" \/>\n<meta property=\"og:locale\" content=\"pt_PT\" \/>\n<meta property=\"og:type\" content=\"article\" \/>\n<meta property=\"og:title\" content=\"Col\u00b7egi Teresi\u00e0 - Tortosa (FET) - En Compa\u00f1\u00eda STJ\" \/>\n<meta property=\"og:description\" content=\"Falar de Tortosa e de Enrique de Oss\u00f3 \u00e9 falar das nossas ra\u00edzes, do ber\u00e7o do teresianismo. O collegi Teresi\u00e0 est\u00e1 presente na nossa cidade desde 1895 e no atual [&hellip;]\" \/>\n<meta property=\"og:url\" content=\"https:\/\/encompaniastj.org\/pt-pt\/col%c2%b7egi-teresia-tortosa-fet-2\/\" \/>\n<meta property=\"og:site_name\" content=\"En Compa\u00f1\u00eda STJ\" \/>\n<meta property=\"article:published_time\" content=\"2020-03-23T08:14:17+00:00\" \/>\n<meta property=\"article:modified_time\" content=\"2025-07-07T14:21:18+00:00\" \/>\n<meta property=\"og:image\" content=\"https:\/\/encompaniastj.org\/wp-content\/uploads\/2025\/05\/colegi-tortosa.jpg\" \/>\n\t<meta property=\"og:image:width\" content=\"440\" \/>\n\t<meta property=\"og:image:height\" content=\"248\" \/>\n\t<meta property=\"og:image:type\" content=\"image\/jpeg\" \/>\n<meta name=\"author\" content=\"admin\" \/>\n<meta name=\"twitter:card\" content=\"summary_large_image\" \/>\n<meta name=\"twitter:label1\" content=\"Escrito por\" \/>\n\t<meta name=\"twitter:data1\" content=\"admin\" \/>\n\t<meta name=\"twitter:label2\" content=\"Tempo estimado de leitura\" \/>\n\t<meta name=\"twitter:data2\" content=\"2 minutos\" \/>\n<script type=\"application\/ld+json\" class=\"yoast-schema-graph\">{\"@context\":\"https:\\\/\\\/schema.org\",\"@graph\":[{\"@type\":\"Article\",\"@id\":\"https:\\\/\\\/encompaniastj.org\\\/pt-pt\\\/col%c2%b7egi-teresia-tortosa-fet-2\\\/#article\",\"isPartOf\":{\"@id\":\"https:\\\/\\\/encompaniastj.org\\\/pt-pt\\\/col%c2%b7egi-teresia-tortosa-fet-2\\\/\"},\"author\":{\"name\":\"admin\",\"@id\":\"https:\\\/\\\/encompaniastj.org\\\/pt-pt\\\/#\\\/schema\\\/person\\\/520e7ecc314793d40091993c2a02b651\"},\"headline\":\"Col\u00b7egi Teresi\u00e0 - Tortosa (FET)\",\"datePublished\":\"2020-03-23T08:14:17+00:00\",\"dateModified\":\"2025-07-07T14:21:18+00:00\",\"mainEntityOfPage\":{\"@id\":\"https:\\\/\\\/encompaniastj.org\\\/pt-pt\\\/col%c2%b7egi-teresia-tortosa-fet-2\\\/\"},\"wordCount\":473,\"commentCount\":0,\"publisher\":{\"@id\":\"https:\\\/\\\/encompaniastj.org\\\/pt-pt\\\/#organization\"},\"image\":{\"@id\":\"https:\\\/\\\/encompaniastj.org\\\/pt-pt\\\/col%c2%b7egi-teresia-tortosa-fet-2\\\/#primaryimage\"},\"thumbnailUrl\":\"https:\\\/\\\/encompaniastj.org\\\/wp-content\\\/uploads\\\/2025\\\/05\\\/colegi-tortosa.jpg\",\"articleSection\":[\"Conhecemo-nos\",\"Nos conocemos\",\"Projetos\",\"Proyectos\"],\"inLanguage\":\"pt-PT\",\"potentialAction\":[{\"@type\":\"CommentAction\",\"name\":\"Comment\",\"target\":[\"https:\\\/\\\/encompaniastj.org\\\/pt-pt\\\/col%c2%b7egi-teresia-tortosa-fet-2\\\/#respond\"]}]},{\"@type\":\"WebPage\",\"@id\":\"https:\\\/\\\/encompaniastj.org\\\/pt-pt\\\/col%c2%b7egi-teresia-tortosa-fet-2\\\/\",\"url\":\"https:\\\/\\\/encompaniastj.org\\\/pt-pt\\\/col%c2%b7egi-teresia-tortosa-fet-2\\\/\",\"name\":\"Col\u00b7egi Teresi\u00e0 - Tortosa (FET) - En Compa\u00f1\u00eda STJ\",\"isPartOf\":{\"@id\":\"https:\\\/\\\/encompaniastj.org\\\/pt-pt\\\/#website\"},\"primaryImageOfPage\":{\"@id\":\"https:\\\/\\\/encompaniastj.org\\\/pt-pt\\\/col%c2%b7egi-teresia-tortosa-fet-2\\\/#primaryimage\"},\"image\":{\"@id\":\"https:\\\/\\\/encompaniastj.org\\\/pt-pt\\\/col%c2%b7egi-teresia-tortosa-fet-2\\\/#primaryimage\"},\"thumbnailUrl\":\"https:\\\/\\\/encompaniastj.org\\\/wp-content\\\/uploads\\\/2025\\\/05\\\/colegi-tortosa.jpg\",\"datePublished\":\"2020-03-23T08:14:17+00:00\",\"dateModified\":\"2025-07-07T14:21:18+00:00\",\"breadcrumb\":{\"@id\":\"https:\\\/\\\/encompaniastj.org\\\/pt-pt\\\/col%c2%b7egi-teresia-tortosa-fet-2\\\/#breadcrumb\"},\"inLanguage\":\"pt-PT\",\"potentialAction\":[{\"@type\":\"ReadAction\",\"target\":[\"https:\\\/\\\/encompaniastj.org\\\/pt-pt\\\/col%c2%b7egi-teresia-tortosa-fet-2\\\/\"]}]},{\"@type\":\"ImageObject\",\"inLanguage\":\"pt-PT\",\"@id\":\"https:\\\/\\\/encompaniastj.org\\\/pt-pt\\\/col%c2%b7egi-teresia-tortosa-fet-2\\\/#primaryimage\",\"url\":\"https:\\\/\\\/encompaniastj.org\\\/wp-content\\\/uploads\\\/2025\\\/05\\\/colegi-tortosa.jpg\",\"contentUrl\":\"https:\\\/\\\/encompaniastj.org\\\/wp-content\\\/uploads\\\/2025\\\/05\\\/colegi-tortosa.jpg\",\"width\":440,\"height\":248},{\"@type\":\"BreadcrumbList\",\"@id\":\"https:\\\/\\\/encompaniastj.org\\\/pt-pt\\\/col%c2%b7egi-teresia-tortosa-fet-2\\\/#breadcrumb\",\"itemListElement\":[{\"@type\":\"ListItem\",\"position\":1,\"name\":\"Portada\",\"item\":\"https:\\\/\\\/encompaniastj.org\\\/pt-pt\\\/\"},{\"@type\":\"ListItem\",\"position\":2,\"name\":\"Col\u00b7egi Teresi\u00e0 - Tortosa (FET)\"}]},{\"@type\":\"WebSite\",\"@id\":\"https:\\\/\\\/encompaniastj.org\\\/pt-pt\\\/#website\",\"url\":\"https:\\\/\\\/encompaniastj.org\\\/pt-pt\\\/\",\"name\":\"En Compa\u00f1\u00eda STJ\",\"description\":\"Bolet\u00edn de la Compa\u00f1\u00eda de Santa Teresa de Jes\u00fas\",\"publisher\":{\"@id\":\"https:\\\/\\\/encompaniastj.org\\\/pt-pt\\\/#organization\"},\"potentialAction\":[{\"@type\":\"SearchAction\",\"target\":{\"@type\":\"EntryPoint\",\"urlTemplate\":\"https:\\\/\\\/encompaniastj.org\\\/pt-pt\\\/?s={search_term_string}\"},\"query-input\":{\"@type\":\"PropertyValueSpecification\",\"valueRequired\":true,\"valueName\":\"search_term_string\"}}],\"inLanguage\":\"pt-PT\"},{\"@type\":\"Organization\",\"@id\":\"https:\\\/\\\/encompaniastj.org\\\/pt-pt\\\/#organization\",\"name\":\"Compa\u00f1\u00eda de Santa Teresa de Jes\u00fas\",\"url\":\"https:\\\/\\\/encompaniastj.org\\\/pt-pt\\\/\",\"logo\":{\"@type\":\"ImageObject\",\"inLanguage\":\"pt-PT\",\"@id\":\"https:\\\/\\\/encompaniastj.org\\\/pt-pt\\\/#\\\/schema\\\/logo\\\/image\\\/\",\"url\":\"https:\\\/\\\/encompaniastj.org\\\/wp-content\\\/uploads\\\/2025\\\/04\\\/logo_provincias02-1-3.png\",\"contentUrl\":\"https:\\\/\\\/encompaniastj.org\\\/wp-content\\\/uploads\\\/2025\\\/04\\\/logo_provincias02-1-3.png\",\"width\":2368,\"height\":825,\"caption\":\"Compa\u00f1\u00eda de Santa Teresa de Jes\u00fas\"},\"image\":{\"@id\":\"https:\\\/\\\/encompaniastj.org\\\/pt-pt\\\/#\\\/schema\\\/logo\\\/image\\\/\"}},{\"@type\":\"Person\",\"@id\":\"https:\\\/\\\/encompaniastj.org\\\/pt-pt\\\/#\\\/schema\\\/person\\\/520e7ecc314793d40091993c2a02b651\",\"name\":\"admin\",\"image\":{\"@type\":\"ImageObject\",\"inLanguage\":\"pt-PT\",\"@id\":\"https:\\\/\\\/secure.gravatar.com\\\/avatar\\\/948b492cce32b586ac2db0eaa926ee87024f7afe218d73b397ea5ddfc5f43ea1?s=96&d=mm&r=g\",\"url\":\"https:\\\/\\\/secure.gravatar.com\\\/avatar\\\/948b492cce32b586ac2db0eaa926ee87024f7afe218d73b397ea5ddfc5f43ea1?s=96&d=mm&r=g\",\"contentUrl\":\"https:\\\/\\\/secure.gravatar.com\\\/avatar\\\/948b492cce32b586ac2db0eaa926ee87024f7afe218d73b397ea5ddfc5f43ea1?s=96&d=mm&r=g\",\"caption\":\"admin\"},\"sameAs\":[\"https:\\\/\\\/encompaniastj.org\"],\"url\":\"https:\\\/\\\/encompaniastj.org\\\/pt-pt\\\/author\\\/sjdigital\\\/\"}]}<\/script>\n<!-- \/ Yoast SEO plugin. -->","yoast_head_json":{"title":"Col\u00b7egi Teresi\u00e0 - Tortosa (FET) - En Compa\u00f1\u00eda STJ","robots":{"index":"index","follow":"follow","max-snippet":"max-snippet:-1","max-image-preview":"max-image-preview:large","max-video-preview":"max-video-preview:-1"},"canonical":"https:\/\/encompaniastj.org\/pt-pt\/col%c2%b7egi-teresia-tortosa-fet-2\/","og_locale":"pt_PT","og_type":"article","og_title":"Col\u00b7egi Teresi\u00e0 - Tortosa (FET) - En Compa\u00f1\u00eda STJ","og_description":"Falar de Tortosa e de Enrique de Oss\u00f3 \u00e9 falar das nossas ra\u00edzes, do ber\u00e7o do teresianismo. O collegi Teresi\u00e0 est\u00e1 presente na nossa cidade desde 1895 e no atual [&hellip;]","og_url":"https:\/\/encompaniastj.org\/pt-pt\/col%c2%b7egi-teresia-tortosa-fet-2\/","og_site_name":"En Compa\u00f1\u00eda STJ","article_published_time":"2020-03-23T08:14:17+00:00","article_modified_time":"2025-07-07T14:21:18+00:00","og_image":[{"width":440,"height":248,"url":"https:\/\/encompaniastj.org\/wp-content\/uploads\/2025\/05\/colegi-tortosa.jpg","type":"image\/jpeg"}],"author":"admin","twitter_card":"summary_large_image","twitter_misc":{"Escrito por":"admin","Tempo estimado de leitura":"2 minutos"},"schema":{"@context":"https:\/\/schema.org","@graph":[{"@type":"Article","@id":"https:\/\/encompaniastj.org\/pt-pt\/col%c2%b7egi-teresia-tortosa-fet-2\/#article","isPartOf":{"@id":"https:\/\/encompaniastj.org\/pt-pt\/col%c2%b7egi-teresia-tortosa-fet-2\/"},"author":{"name":"admin","@id":"https:\/\/encompaniastj.org\/pt-pt\/#\/schema\/person\/520e7ecc314793d40091993c2a02b651"},"headline":"Col\u00b7egi Teresi\u00e0 - Tortosa (FET)","datePublished":"2020-03-23T08:14:17+00:00","dateModified":"2025-07-07T14:21:18+00:00","mainEntityOfPage":{"@id":"https:\/\/encompaniastj.org\/pt-pt\/col%c2%b7egi-teresia-tortosa-fet-2\/"},"wordCount":473,"commentCount":0,"publisher":{"@id":"https:\/\/encompaniastj.org\/pt-pt\/#organization"},"image":{"@id":"https:\/\/encompaniastj.org\/pt-pt\/col%c2%b7egi-teresia-tortosa-fet-2\/#primaryimage"},"thumbnailUrl":"https:\/\/encompaniastj.org\/wp-content\/uploads\/2025\/05\/colegi-tortosa.jpg","articleSection":["Conhecemo-nos","Nos conocemos","Projetos","Proyectos"],"inLanguage":"pt-PT","potentialAction":[{"@type":"CommentAction","name":"Comment","target":["https:\/\/encompaniastj.org\/pt-pt\/col%c2%b7egi-teresia-tortosa-fet-2\/#respond"]}]},{"@type":"WebPage","@id":"https:\/\/encompaniastj.org\/pt-pt\/col%c2%b7egi-teresia-tortosa-fet-2\/","url":"https:\/\/encompaniastj.org\/pt-pt\/col%c2%b7egi-teresia-tortosa-fet-2\/","name":"Col\u00b7egi Teresi\u00e0 - Tortosa (FET) - En Compa\u00f1\u00eda STJ","isPartOf":{"@id":"https:\/\/encompaniastj.org\/pt-pt\/#website"},"primaryImageOfPage":{"@id":"https:\/\/encompaniastj.org\/pt-pt\/col%c2%b7egi-teresia-tortosa-fet-2\/#primaryimage"},"image":{"@id":"https:\/\/encompaniastj.org\/pt-pt\/col%c2%b7egi-teresia-tortosa-fet-2\/#primaryimage"},"thumbnailUrl":"https:\/\/encompaniastj.org\/wp-content\/uploads\/2025\/05\/colegi-tortosa.jpg","datePublished":"2020-03-23T08:14:17+00:00","dateModified":"2025-07-07T14:21:18+00:00","breadcrumb":{"@id":"https:\/\/encompaniastj.org\/pt-pt\/col%c2%b7egi-teresia-tortosa-fet-2\/#breadcrumb"},"inLanguage":"pt-PT","potentialAction":[{"@type":"ReadAction","target":["https:\/\/encompaniastj.org\/pt-pt\/col%c2%b7egi-teresia-tortosa-fet-2\/"]}]},{"@type":"ImageObject","inLanguage":"pt-PT","@id":"https:\/\/encompaniastj.org\/pt-pt\/col%c2%b7egi-teresia-tortosa-fet-2\/#primaryimage","url":"https:\/\/encompaniastj.org\/wp-content\/uploads\/2025\/05\/colegi-tortosa.jpg","contentUrl":"https:\/\/encompaniastj.org\/wp-content\/uploads\/2025\/05\/colegi-tortosa.jpg","width":440,"height":248},{"@type":"BreadcrumbList","@id":"https:\/\/encompaniastj.org\/pt-pt\/col%c2%b7egi-teresia-tortosa-fet-2\/#breadcrumb","itemListElement":[{"@type":"ListItem","position":1,"name":"Portada","item":"https:\/\/encompaniastj.org\/pt-pt\/"},{"@type":"ListItem","position":2,"name":"Col\u00b7egi Teresi\u00e0 - Tortosa (FET)"}]},{"@type":"WebSite","@id":"https:\/\/encompaniastj.org\/pt-pt\/#website","url":"https:\/\/encompaniastj.org\/pt-pt\/","name":"En Compa\u00f1\u00eda STJ","description":"Bolet\u00edn de la Compa\u00f1\u00eda de Santa Teresa de Jes\u00fas","publisher":{"@id":"https:\/\/encompaniastj.org\/pt-pt\/#organization"},"potentialAction":[{"@type":"SearchAction","target":{"@type":"EntryPoint","urlTemplate":"https:\/\/encompaniastj.org\/pt-pt\/?s={search_term_string}"},"query-input":{"@type":"PropertyValueSpecification","valueRequired":true,"valueName":"search_term_string"}}],"inLanguage":"pt-PT"},{"@type":"Organization","@id":"https:\/\/encompaniastj.org\/pt-pt\/#organization","name":"Compa\u00f1\u00eda de Santa Teresa de Jes\u00fas","url":"https:\/\/encompaniastj.org\/pt-pt\/","logo":{"@type":"ImageObject","inLanguage":"pt-PT","@id":"https:\/\/encompaniastj.org\/pt-pt\/#\/schema\/logo\/image\/","url":"https:\/\/encompaniastj.org\/wp-content\/uploads\/2025\/04\/logo_provincias02-1-3.png","contentUrl":"https:\/\/encompaniastj.org\/wp-content\/uploads\/2025\/04\/logo_provincias02-1-3.png","width":2368,"height":825,"caption":"Compa\u00f1\u00eda de Santa Teresa de Jes\u00fas"},"image":{"@id":"https:\/\/encompaniastj.org\/pt-pt\/#\/schema\/logo\/image\/"}},{"@type":"Person","@id":"https:\/\/encompaniastj.org\/pt-pt\/#\/schema\/person\/520e7ecc314793d40091993c2a02b651","name":"admin","image":{"@type":"ImageObject","inLanguage":"pt-PT","@id":"https:\/\/secure.gravatar.com\/avatar\/948b492cce32b586ac2db0eaa926ee87024f7afe218d73b397ea5ddfc5f43ea1?s=96&d=mm&r=g","url":"https:\/\/secure.gravatar.com\/avatar\/948b492cce32b586ac2db0eaa926ee87024f7afe218d73b397ea5ddfc5f43ea1?s=96&d=mm&r=g","contentUrl":"https:\/\/secure.gravatar.com\/avatar\/948b492cce32b586ac2db0eaa926ee87024f7afe218d73b397ea5ddfc5f43ea1?s=96&d=mm&r=g","caption":"admin"},"sameAs":["https:\/\/encompaniastj.org"],"url":"https:\/\/encompaniastj.org\/pt-pt\/author\/sjdigital\/"}]}},"_links":{"self":[{"href":"https:\/\/encompaniastj.org\/pt-pt\/wp-json\/wp\/v2\/posts\/10032","targetHints":{"allow":["GET"]}}],"collection":[{"href":"https:\/\/encompaniastj.org\/pt-pt\/wp-json\/wp\/v2\/posts"}],"about":[{"href":"https:\/\/encompaniastj.org\/pt-pt\/wp-json\/wp\/v2\/types\/post"}],"author":[{"embeddable":true,"href":"https:\/\/encompaniastj.org\/pt-pt\/wp-json\/wp\/v2\/users\/1"}],"replies":[{"embeddable":true,"href":"https:\/\/encompaniastj.org\/pt-pt\/wp-json\/wp\/v2\/comments?post=10032"}],"version-history":[{"count":1,"href":"https:\/\/encompaniastj.org\/pt-pt\/wp-json\/wp\/v2\/posts\/10032\/revisions"}],"predecessor-version":[{"id":10033,"href":"https:\/\/encompaniastj.org\/pt-pt\/wp-json\/wp\/v2\/posts\/10032\/revisions\/10033"}],"wp:featuredmedia":[{"embeddable":true,"href":"https:\/\/encompaniastj.org\/pt-pt\/wp-json\/wp\/v2\/media\/7387"}],"wp:attachment":[{"href":"https:\/\/encompaniastj.org\/pt-pt\/wp-json\/wp\/v2\/media?parent=10032"}],"wp:term":[{"taxonomy":"category","embeddable":true,"href":"https:\/\/encompaniastj.org\/pt-pt\/wp-json\/wp\/v2\/categories?post=10032"},{"taxonomy":"post_tag","embeddable":true,"href":"https:\/\/encompaniastj.org\/pt-pt\/wp-json\/wp\/v2\/tags?post=10032"}],"curies":[{"name":"wp","href":"https:\/\/api.w.org\/{rel}","templated":true}]}}