{"id":10024,"date":"2020-03-23T09:25:39","date_gmt":"2020-03-23T08:25:39","guid":{"rendered":"https:\/\/encompaniastj.org\/irma-carmen-r-curiel-12-de-marco-de-2020-avila-residencia\/"},"modified":"2025-07-07T16:21:19","modified_gmt":"2025-07-07T14:21:19","slug":"irma-carmen-r-curiel-12-de-marco-de-2020-avila-residencia","status":"publish","type":"post","link":"https:\/\/encompaniastj.org\/pt-pt\/irma-carmen-r-curiel-12-de-marco-de-2020-avila-residencia\/","title":{"rendered":"Irm\u00e3 Carmen R. Curiel. 12 de mar\u00e7o de 2020 (Avila-Resid\u00eancia)"},"content":{"rendered":"\n<p>A nossa Irm\u00e3 C\u00e1rmen Rodr\u00edguez Curiel encontrou-se\nfrente a frente com o Senhor, na manh\u00e3 do dia 12 de mar\u00e7o de 2020. Tinha 96 anos\ne neste mesmo ano, faria as bodas de diamante na Companhia.<\/p>\n\n\n\n<p>C\u00e1rmen nasceu em Baltan\u00e1s, uma aldeia da prov\u00edncia\nde Pal\u00eancia, numa fam\u00edlia crente, que cuidava com esmero a vida da f\u00e9. Era a\n\u00fanica rapariga e a mais velha dos irm\u00e3os, com quem sempre manteve uma rela\u00e7\u00e3o\npr\u00f3xima. <\/p>\n\n\n\n<p>Entrou na Companhia no ano de 1945. O seu primeiro\ndestino foi Calahorra e neste col\u00e9gio come\u00e7ou a sua experi\u00eancia como educadora\ncom a ilus\u00e3o e a for\u00e7a da juventude. Em 1953 foi enviada a Roma para estudar\nRegina Mundi&nbsp; &nbsp;e permaneceu sete anos na comunidade de Via\nArdea. Outros lugares onde exerceu o seu apostolado, foram Madrid, Jesus\nMaestro, Salamanca e Valladolid, destacando sempre como professora de religi\u00e3o,\ntarefa na qual punha todo o seu empenho para transmitir \u00e0s alunas o que para\nela era essencial: o conhecimento e amor de Jesus. Apaixonada pelo ensino e pelo\nestudo, como boa filha de Henrique de Oss\u00f3, n\u00e3o se conformava com o que sabia, mas\ncontinuava aprofundando na forma\u00e7\u00e3o teol\u00f3gica e espiritual e participava em\ndiversos cursos de reciclagem e atividades formativas. Embora o que verdadeiramente\na entusiasmava era a\u00e7\u00e3o educativa nos col\u00e9gios, ampliou tamb\u00e9m a sua atividade\napost\u00f3lica nas par\u00f3quias trabalhando sobretudo com os pais das crian\u00e7as da\nprimeira comunh\u00e3o. <\/p>\n\n\n\n<p>Viveu os \u00faltimos 26 anos em \u00c1vila, cidade que amava profundamente pela sua liga\u00e7\u00e3o com a\nSanta.&nbsp; J\u00e1 tinha estado anteriormente, nos\nprimeiros anos do Noviciado da Prov\u00edncia do Sagrado Cora\u00e7\u00e3o nesta cidade, como\n\u201cprofessora de segundo\u201d, durante dois anos, e tinha-lhe deixado muitos desejos\nde voltar. <\/p>\n\n\n\n<p>&nbsp;Em \u00c1vila continuou a desenvolver o seu\ntrabalho pastoral de muitas formas: na par\u00f3quia participando na catequese de pais\ne av\u00f3s, visitando e acompanhando fam\u00edlias, partilhando a f\u00e9 em pequenos grupos\nde adultos.<\/p>\n\n\n\n<p>C\u00e1rmen foi uma mulher apost\u00f3lica,\nforte, vital\u2026 com um temperamento impetuoso e prim\u00e1rio que se por um lado a\nanimava no trabalho com dinamismo, por outro lado tamb\u00e9m lhe fazia passar maus\nbocados que v\u00e1rias vezes reconhecia humildemente. Dela podemos recordar a sua\ngrande confian\u00e7a na miseric\u00f3rdia de Deus e a experi\u00eancia do seu amor, que a levou\na sentir-se profundamente querida, e por isso, com a passagem dos anos, cada\nvez mais agradecida e sens\u00edvel ao carinho das irm\u00e3s, de quem a cuidava e da sua\nfam\u00edlia.&nbsp;<\/p>\n\n\n\n<p>As limita\u00e7\u00f5es da idade foram\naparecendo pouco a pouco e cada vez com mais notoriedade. Teve que ir assumindo,\nn\u00e3o sem dificuldade, mas com f\u00e9, a falta de vista e de ouvido, a incapacidade\npara caminhar, a depend\u00eancia \u2026 Nos \u00faltimos anos deslocava-se\nem cadeira de rodas, que usou at\u00e9 \u00e0 v\u00e9spera do seu internamento no hospital, deixando\nprever que nela continuava vivendo a mulher forte que foi.<\/p>\n\n\n\n<p>Estamos certas de que j\u00e1 descansa\nnos bra\u00e7os do Pai bom cuja fidelidade e amor n\u00e3o t\u00eam limite.<\/p>\n","protected":false},"excerpt":{"rendered":"<p>A nossa Irm\u00e3 C\u00e1rmen Rodr\u00edguez Curiel encontrou-se frente a frente com o Senhor, na manh\u00e3 do dia 12 de mar\u00e7o de 2020. Tinha 96 anos e neste mesmo ano, faria [&hellip;]<\/p>\n","protected":false},"author":1,"featured_media":7388,"comment_status":"open","ping_status":"open","sticky":false,"template":"","format":"standard","meta":{"_acf_changed":false,"footnotes":""},"categories":[69,63],"tags":[],"class_list":["post-10024","post","type-post","status-publish","format-standard","has-post-thumbnail","hentry","category-falecimentos","category-fallecimientos"],"acf":[],"yoast_head":"<!-- This site is optimized with the Yoast SEO plugin v27.5 - https:\/\/yoast.com\/product\/yoast-seo-wordpress\/ -->\n<title>Irm\u00e3 Carmen R. Curiel. 12 de mar\u00e7o de 2020 (Avila-Resid\u00eancia) - En Compa\u00f1\u00eda STJ<\/title>\n<meta name=\"robots\" content=\"index, follow, max-snippet:-1, max-image-preview:large, max-video-preview:-1\" \/>\n<link rel=\"canonical\" href=\"https:\/\/encompaniastj.org\/pt-pt\/irma-carmen-r-curiel-12-de-marco-de-2020-avila-residencia\/\" \/>\n<meta property=\"og:locale\" content=\"pt_PT\" \/>\n<meta property=\"og:type\" content=\"article\" \/>\n<meta property=\"og:title\" content=\"Irm\u00e3 Carmen R. Curiel. 12 de mar\u00e7o de 2020 (Avila-Resid\u00eancia) - En Compa\u00f1\u00eda STJ\" \/>\n<meta property=\"og:description\" content=\"A nossa Irm\u00e3 C\u00e1rmen Rodr\u00edguez Curiel encontrou-se frente a frente com o Senhor, na manh\u00e3 do dia 12 de mar\u00e7o de 2020. Tinha 96 anos e neste mesmo ano, faria [&hellip;]\" \/>\n<meta property=\"og:url\" content=\"https:\/\/encompaniastj.org\/pt-pt\/irma-carmen-r-curiel-12-de-marco-de-2020-avila-residencia\/\" \/>\n<meta property=\"og:site_name\" content=\"En Compa\u00f1\u00eda STJ\" \/>\n<meta property=\"article:published_time\" content=\"2020-03-23T08:25:39+00:00\" \/>\n<meta property=\"article:modified_time\" content=\"2025-07-07T14:21:19+00:00\" \/>\n<meta property=\"og:image\" content=\"https:\/\/encompaniastj.org\/wp-content\/uploads\/2025\/05\/r-vela-carmen.jpg\" \/>\n\t<meta property=\"og:image:width\" content=\"1891\" \/>\n\t<meta property=\"og:image:height\" content=\"1064\" \/>\n\t<meta property=\"og:image:type\" content=\"image\/jpeg\" \/>\n<meta name=\"author\" content=\"admin\" \/>\n<meta name=\"twitter:card\" content=\"summary_large_image\" \/>\n<meta name=\"twitter:label1\" content=\"Escrito por\" \/>\n\t<meta name=\"twitter:data1\" content=\"admin\" \/>\n\t<meta name=\"twitter:label2\" content=\"Tempo estimado de leitura\" \/>\n\t<meta name=\"twitter:data2\" content=\"3 minutos\" \/>\n<script type=\"application\/ld+json\" class=\"yoast-schema-graph\">{\"@context\":\"https:\\\/\\\/schema.org\",\"@graph\":[{\"@type\":\"Article\",\"@id\":\"https:\\\/\\\/encompaniastj.org\\\/pt-pt\\\/irma-carmen-r-curiel-12-de-marco-de-2020-avila-residencia\\\/#article\",\"isPartOf\":{\"@id\":\"https:\\\/\\\/encompaniastj.org\\\/pt-pt\\\/irma-carmen-r-curiel-12-de-marco-de-2020-avila-residencia\\\/\"},\"author\":{\"name\":\"admin\",\"@id\":\"https:\\\/\\\/encompaniastj.org\\\/pt-pt\\\/#\\\/schema\\\/person\\\/520e7ecc314793d40091993c2a02b651\"},\"headline\":\"Irm\u00e3 Carmen R. Curiel. 12 de mar\u00e7o de 2020 (Avila-Resid\u00eancia)\",\"datePublished\":\"2020-03-23T08:25:39+00:00\",\"dateModified\":\"2025-07-07T14:21:19+00:00\",\"mainEntityOfPage\":{\"@id\":\"https:\\\/\\\/encompaniastj.org\\\/pt-pt\\\/irma-carmen-r-curiel-12-de-marco-de-2020-avila-residencia\\\/\"},\"wordCount\":546,\"commentCount\":0,\"publisher\":{\"@id\":\"https:\\\/\\\/encompaniastj.org\\\/pt-pt\\\/#organization\"},\"image\":{\"@id\":\"https:\\\/\\\/encompaniastj.org\\\/pt-pt\\\/irma-carmen-r-curiel-12-de-marco-de-2020-avila-residencia\\\/#primaryimage\"},\"thumbnailUrl\":\"https:\\\/\\\/encompaniastj.org\\\/wp-content\\\/uploads\\\/2025\\\/05\\\/r-vela-carmen.jpg\",\"articleSection\":[\"Falecimentos\",\"Fallecimientos\"],\"inLanguage\":\"pt-PT\",\"potentialAction\":[{\"@type\":\"CommentAction\",\"name\":\"Comment\",\"target\":[\"https:\\\/\\\/encompaniastj.org\\\/pt-pt\\\/irma-carmen-r-curiel-12-de-marco-de-2020-avila-residencia\\\/#respond\"]}]},{\"@type\":\"WebPage\",\"@id\":\"https:\\\/\\\/encompaniastj.org\\\/pt-pt\\\/irma-carmen-r-curiel-12-de-marco-de-2020-avila-residencia\\\/\",\"url\":\"https:\\\/\\\/encompaniastj.org\\\/pt-pt\\\/irma-carmen-r-curiel-12-de-marco-de-2020-avila-residencia\\\/\",\"name\":\"Irm\u00e3 Carmen R. Curiel. 12 de mar\u00e7o de 2020 (Avila-Resid\u00eancia) - En Compa\u00f1\u00eda STJ\",\"isPartOf\":{\"@id\":\"https:\\\/\\\/encompaniastj.org\\\/pt-pt\\\/#website\"},\"primaryImageOfPage\":{\"@id\":\"https:\\\/\\\/encompaniastj.org\\\/pt-pt\\\/irma-carmen-r-curiel-12-de-marco-de-2020-avila-residencia\\\/#primaryimage\"},\"image\":{\"@id\":\"https:\\\/\\\/encompaniastj.org\\\/pt-pt\\\/irma-carmen-r-curiel-12-de-marco-de-2020-avila-residencia\\\/#primaryimage\"},\"thumbnailUrl\":\"https:\\\/\\\/encompaniastj.org\\\/wp-content\\\/uploads\\\/2025\\\/05\\\/r-vela-carmen.jpg\",\"datePublished\":\"2020-03-23T08:25:39+00:00\",\"dateModified\":\"2025-07-07T14:21:19+00:00\",\"breadcrumb\":{\"@id\":\"https:\\\/\\\/encompaniastj.org\\\/pt-pt\\\/irma-carmen-r-curiel-12-de-marco-de-2020-avila-residencia\\\/#breadcrumb\"},\"inLanguage\":\"pt-PT\",\"potentialAction\":[{\"@type\":\"ReadAction\",\"target\":[\"https:\\\/\\\/encompaniastj.org\\\/pt-pt\\\/irma-carmen-r-curiel-12-de-marco-de-2020-avila-residencia\\\/\"]}]},{\"@type\":\"ImageObject\",\"inLanguage\":\"pt-PT\",\"@id\":\"https:\\\/\\\/encompaniastj.org\\\/pt-pt\\\/irma-carmen-r-curiel-12-de-marco-de-2020-avila-residencia\\\/#primaryimage\",\"url\":\"https:\\\/\\\/encompaniastj.org\\\/wp-content\\\/uploads\\\/2025\\\/05\\\/r-vela-carmen.jpg\",\"contentUrl\":\"https:\\\/\\\/encompaniastj.org\\\/wp-content\\\/uploads\\\/2025\\\/05\\\/r-vela-carmen.jpg\",\"width\":1891,\"height\":1064},{\"@type\":\"BreadcrumbList\",\"@id\":\"https:\\\/\\\/encompaniastj.org\\\/pt-pt\\\/irma-carmen-r-curiel-12-de-marco-de-2020-avila-residencia\\\/#breadcrumb\",\"itemListElement\":[{\"@type\":\"ListItem\",\"position\":1,\"name\":\"Portada\",\"item\":\"https:\\\/\\\/encompaniastj.org\\\/pt-pt\\\/\"},{\"@type\":\"ListItem\",\"position\":2,\"name\":\"Irm\u00e3 Carmen R. Curiel. 12 de mar\u00e7o de 2020 (Avila-Resid\u00eancia)\"}]},{\"@type\":\"WebSite\",\"@id\":\"https:\\\/\\\/encompaniastj.org\\\/pt-pt\\\/#website\",\"url\":\"https:\\\/\\\/encompaniastj.org\\\/pt-pt\\\/\",\"name\":\"En Compa\u00f1\u00eda STJ\",\"description\":\"Bolet\u00edn de la Compa\u00f1\u00eda de Santa Teresa de Jes\u00fas\",\"publisher\":{\"@id\":\"https:\\\/\\\/encompaniastj.org\\\/pt-pt\\\/#organization\"},\"potentialAction\":[{\"@type\":\"SearchAction\",\"target\":{\"@type\":\"EntryPoint\",\"urlTemplate\":\"https:\\\/\\\/encompaniastj.org\\\/pt-pt\\\/?s={search_term_string}\"},\"query-input\":{\"@type\":\"PropertyValueSpecification\",\"valueRequired\":true,\"valueName\":\"search_term_string\"}}],\"inLanguage\":\"pt-PT\"},{\"@type\":\"Organization\",\"@id\":\"https:\\\/\\\/encompaniastj.org\\\/pt-pt\\\/#organization\",\"name\":\"Compa\u00f1\u00eda de Santa Teresa de Jes\u00fas\",\"url\":\"https:\\\/\\\/encompaniastj.org\\\/pt-pt\\\/\",\"logo\":{\"@type\":\"ImageObject\",\"inLanguage\":\"pt-PT\",\"@id\":\"https:\\\/\\\/encompaniastj.org\\\/pt-pt\\\/#\\\/schema\\\/logo\\\/image\\\/\",\"url\":\"https:\\\/\\\/encompaniastj.org\\\/wp-content\\\/uploads\\\/2025\\\/04\\\/logo_provincias02-1-3.png\",\"contentUrl\":\"https:\\\/\\\/encompaniastj.org\\\/wp-content\\\/uploads\\\/2025\\\/04\\\/logo_provincias02-1-3.png\",\"width\":2368,\"height\":825,\"caption\":\"Compa\u00f1\u00eda de Santa Teresa de Jes\u00fas\"},\"image\":{\"@id\":\"https:\\\/\\\/encompaniastj.org\\\/pt-pt\\\/#\\\/schema\\\/logo\\\/image\\\/\"}},{\"@type\":\"Person\",\"@id\":\"https:\\\/\\\/encompaniastj.org\\\/pt-pt\\\/#\\\/schema\\\/person\\\/520e7ecc314793d40091993c2a02b651\",\"name\":\"admin\",\"image\":{\"@type\":\"ImageObject\",\"inLanguage\":\"pt-PT\",\"@id\":\"https:\\\/\\\/secure.gravatar.com\\\/avatar\\\/948b492cce32b586ac2db0eaa926ee87024f7afe218d73b397ea5ddfc5f43ea1?s=96&d=mm&r=g\",\"url\":\"https:\\\/\\\/secure.gravatar.com\\\/avatar\\\/948b492cce32b586ac2db0eaa926ee87024f7afe218d73b397ea5ddfc5f43ea1?s=96&d=mm&r=g\",\"contentUrl\":\"https:\\\/\\\/secure.gravatar.com\\\/avatar\\\/948b492cce32b586ac2db0eaa926ee87024f7afe218d73b397ea5ddfc5f43ea1?s=96&d=mm&r=g\",\"caption\":\"admin\"},\"sameAs\":[\"https:\\\/\\\/encompaniastj.org\"],\"url\":\"https:\\\/\\\/encompaniastj.org\\\/pt-pt\\\/author\\\/sjdigital\\\/\"}]}<\/script>\n<!-- \/ Yoast SEO plugin. -->","yoast_head_json":{"title":"Irm\u00e3 Carmen R. Curiel. 12 de mar\u00e7o de 2020 (Avila-Resid\u00eancia) - En Compa\u00f1\u00eda STJ","robots":{"index":"index","follow":"follow","max-snippet":"max-snippet:-1","max-image-preview":"max-image-preview:large","max-video-preview":"max-video-preview:-1"},"canonical":"https:\/\/encompaniastj.org\/pt-pt\/irma-carmen-r-curiel-12-de-marco-de-2020-avila-residencia\/","og_locale":"pt_PT","og_type":"article","og_title":"Irm\u00e3 Carmen R. Curiel. 12 de mar\u00e7o de 2020 (Avila-Resid\u00eancia) - En Compa\u00f1\u00eda STJ","og_description":"A nossa Irm\u00e3 C\u00e1rmen Rodr\u00edguez Curiel encontrou-se frente a frente com o Senhor, na manh\u00e3 do dia 12 de mar\u00e7o de 2020. Tinha 96 anos e neste mesmo ano, faria [&hellip;]","og_url":"https:\/\/encompaniastj.org\/pt-pt\/irma-carmen-r-curiel-12-de-marco-de-2020-avila-residencia\/","og_site_name":"En Compa\u00f1\u00eda STJ","article_published_time":"2020-03-23T08:25:39+00:00","article_modified_time":"2025-07-07T14:21:19+00:00","og_image":[{"width":1891,"height":1064,"url":"https:\/\/encompaniastj.org\/wp-content\/uploads\/2025\/05\/r-vela-carmen.jpg","type":"image\/jpeg"}],"author":"admin","twitter_card":"summary_large_image","twitter_misc":{"Escrito por":"admin","Tempo estimado de leitura":"3 minutos"},"schema":{"@context":"https:\/\/schema.org","@graph":[{"@type":"Article","@id":"https:\/\/encompaniastj.org\/pt-pt\/irma-carmen-r-curiel-12-de-marco-de-2020-avila-residencia\/#article","isPartOf":{"@id":"https:\/\/encompaniastj.org\/pt-pt\/irma-carmen-r-curiel-12-de-marco-de-2020-avila-residencia\/"},"author":{"name":"admin","@id":"https:\/\/encompaniastj.org\/pt-pt\/#\/schema\/person\/520e7ecc314793d40091993c2a02b651"},"headline":"Irm\u00e3 Carmen R. Curiel. 12 de mar\u00e7o de 2020 (Avila-Resid\u00eancia)","datePublished":"2020-03-23T08:25:39+00:00","dateModified":"2025-07-07T14:21:19+00:00","mainEntityOfPage":{"@id":"https:\/\/encompaniastj.org\/pt-pt\/irma-carmen-r-curiel-12-de-marco-de-2020-avila-residencia\/"},"wordCount":546,"commentCount":0,"publisher":{"@id":"https:\/\/encompaniastj.org\/pt-pt\/#organization"},"image":{"@id":"https:\/\/encompaniastj.org\/pt-pt\/irma-carmen-r-curiel-12-de-marco-de-2020-avila-residencia\/#primaryimage"},"thumbnailUrl":"https:\/\/encompaniastj.org\/wp-content\/uploads\/2025\/05\/r-vela-carmen.jpg","articleSection":["Falecimentos","Fallecimientos"],"inLanguage":"pt-PT","potentialAction":[{"@type":"CommentAction","name":"Comment","target":["https:\/\/encompaniastj.org\/pt-pt\/irma-carmen-r-curiel-12-de-marco-de-2020-avila-residencia\/#respond"]}]},{"@type":"WebPage","@id":"https:\/\/encompaniastj.org\/pt-pt\/irma-carmen-r-curiel-12-de-marco-de-2020-avila-residencia\/","url":"https:\/\/encompaniastj.org\/pt-pt\/irma-carmen-r-curiel-12-de-marco-de-2020-avila-residencia\/","name":"Irm\u00e3 Carmen R. Curiel. 12 de mar\u00e7o de 2020 (Avila-Resid\u00eancia) - En Compa\u00f1\u00eda STJ","isPartOf":{"@id":"https:\/\/encompaniastj.org\/pt-pt\/#website"},"primaryImageOfPage":{"@id":"https:\/\/encompaniastj.org\/pt-pt\/irma-carmen-r-curiel-12-de-marco-de-2020-avila-residencia\/#primaryimage"},"image":{"@id":"https:\/\/encompaniastj.org\/pt-pt\/irma-carmen-r-curiel-12-de-marco-de-2020-avila-residencia\/#primaryimage"},"thumbnailUrl":"https:\/\/encompaniastj.org\/wp-content\/uploads\/2025\/05\/r-vela-carmen.jpg","datePublished":"2020-03-23T08:25:39+00:00","dateModified":"2025-07-07T14:21:19+00:00","breadcrumb":{"@id":"https:\/\/encompaniastj.org\/pt-pt\/irma-carmen-r-curiel-12-de-marco-de-2020-avila-residencia\/#breadcrumb"},"inLanguage":"pt-PT","potentialAction":[{"@type":"ReadAction","target":["https:\/\/encompaniastj.org\/pt-pt\/irma-carmen-r-curiel-12-de-marco-de-2020-avila-residencia\/"]}]},{"@type":"ImageObject","inLanguage":"pt-PT","@id":"https:\/\/encompaniastj.org\/pt-pt\/irma-carmen-r-curiel-12-de-marco-de-2020-avila-residencia\/#primaryimage","url":"https:\/\/encompaniastj.org\/wp-content\/uploads\/2025\/05\/r-vela-carmen.jpg","contentUrl":"https:\/\/encompaniastj.org\/wp-content\/uploads\/2025\/05\/r-vela-carmen.jpg","width":1891,"height":1064},{"@type":"BreadcrumbList","@id":"https:\/\/encompaniastj.org\/pt-pt\/irma-carmen-r-curiel-12-de-marco-de-2020-avila-residencia\/#breadcrumb","itemListElement":[{"@type":"ListItem","position":1,"name":"Portada","item":"https:\/\/encompaniastj.org\/pt-pt\/"},{"@type":"ListItem","position":2,"name":"Irm\u00e3 Carmen R. Curiel. 12 de mar\u00e7o de 2020 (Avila-Resid\u00eancia)"}]},{"@type":"WebSite","@id":"https:\/\/encompaniastj.org\/pt-pt\/#website","url":"https:\/\/encompaniastj.org\/pt-pt\/","name":"En Compa\u00f1\u00eda STJ","description":"Bolet\u00edn de la Compa\u00f1\u00eda de Santa Teresa de Jes\u00fas","publisher":{"@id":"https:\/\/encompaniastj.org\/pt-pt\/#organization"},"potentialAction":[{"@type":"SearchAction","target":{"@type":"EntryPoint","urlTemplate":"https:\/\/encompaniastj.org\/pt-pt\/?s={search_term_string}"},"query-input":{"@type":"PropertyValueSpecification","valueRequired":true,"valueName":"search_term_string"}}],"inLanguage":"pt-PT"},{"@type":"Organization","@id":"https:\/\/encompaniastj.org\/pt-pt\/#organization","name":"Compa\u00f1\u00eda de Santa Teresa de Jes\u00fas","url":"https:\/\/encompaniastj.org\/pt-pt\/","logo":{"@type":"ImageObject","inLanguage":"pt-PT","@id":"https:\/\/encompaniastj.org\/pt-pt\/#\/schema\/logo\/image\/","url":"https:\/\/encompaniastj.org\/wp-content\/uploads\/2025\/04\/logo_provincias02-1-3.png","contentUrl":"https:\/\/encompaniastj.org\/wp-content\/uploads\/2025\/04\/logo_provincias02-1-3.png","width":2368,"height":825,"caption":"Compa\u00f1\u00eda de Santa Teresa de Jes\u00fas"},"image":{"@id":"https:\/\/encompaniastj.org\/pt-pt\/#\/schema\/logo\/image\/"}},{"@type":"Person","@id":"https:\/\/encompaniastj.org\/pt-pt\/#\/schema\/person\/520e7ecc314793d40091993c2a02b651","name":"admin","image":{"@type":"ImageObject","inLanguage":"pt-PT","@id":"https:\/\/secure.gravatar.com\/avatar\/948b492cce32b586ac2db0eaa926ee87024f7afe218d73b397ea5ddfc5f43ea1?s=96&d=mm&r=g","url":"https:\/\/secure.gravatar.com\/avatar\/948b492cce32b586ac2db0eaa926ee87024f7afe218d73b397ea5ddfc5f43ea1?s=96&d=mm&r=g","contentUrl":"https:\/\/secure.gravatar.com\/avatar\/948b492cce32b586ac2db0eaa926ee87024f7afe218d73b397ea5ddfc5f43ea1?s=96&d=mm&r=g","caption":"admin"},"sameAs":["https:\/\/encompaniastj.org"],"url":"https:\/\/encompaniastj.org\/pt-pt\/author\/sjdigital\/"}]}},"_links":{"self":[{"href":"https:\/\/encompaniastj.org\/pt-pt\/wp-json\/wp\/v2\/posts\/10024","targetHints":{"allow":["GET"]}}],"collection":[{"href":"https:\/\/encompaniastj.org\/pt-pt\/wp-json\/wp\/v2\/posts"}],"about":[{"href":"https:\/\/encompaniastj.org\/pt-pt\/wp-json\/wp\/v2\/types\/post"}],"author":[{"embeddable":true,"href":"https:\/\/encompaniastj.org\/pt-pt\/wp-json\/wp\/v2\/users\/1"}],"replies":[{"embeddable":true,"href":"https:\/\/encompaniastj.org\/pt-pt\/wp-json\/wp\/v2\/comments?post=10024"}],"version-history":[{"count":1,"href":"https:\/\/encompaniastj.org\/pt-pt\/wp-json\/wp\/v2\/posts\/10024\/revisions"}],"predecessor-version":[{"id":10025,"href":"https:\/\/encompaniastj.org\/pt-pt\/wp-json\/wp\/v2\/posts\/10024\/revisions\/10025"}],"wp:featuredmedia":[{"embeddable":true,"href":"https:\/\/encompaniastj.org\/pt-pt\/wp-json\/wp\/v2\/media\/7388"}],"wp:attachment":[{"href":"https:\/\/encompaniastj.org\/pt-pt\/wp-json\/wp\/v2\/media?parent=10024"}],"wp:term":[{"taxonomy":"category","embeddable":true,"href":"https:\/\/encompaniastj.org\/pt-pt\/wp-json\/wp\/v2\/categories?post=10024"},{"taxonomy":"post_tag","embeddable":true,"href":"https:\/\/encompaniastj.org\/pt-pt\/wp-json\/wp\/v2\/tags?post=10024"}],"curies":[{"name":"wp","href":"https:\/\/api.w.org\/{rel}","templated":true}]}}